{"id":643,"date":"2020-04-12T08:11:30","date_gmt":"2020-04-12T11:11:30","guid":{"rendered":"https:\/\/elcanillita.info\/press\/?p=643"},"modified":"2020-04-12T08:12:02","modified_gmt":"2020-04-12T11:12:02","slug":"trump-insiste-acelerar-deportacion-migrantes-irregulares-pandemia","status":"publish","type":"post","link":"https:\/\/elcanillita.info\/press\/2020\/04\/12\/trump-insiste-acelerar-deportacion-migrantes-irregulares-pandemia\/","title":{"rendered":"Trump insiste en acelerar la deportaci\u00f3n de migrantes irregulares durante la pandemia"},"content":{"rendered":"\n<p>Washington, 12.04.2020 &#8211; El presidente Donald Trump orden\u00f3 a los departamentos de Estado y Seguridad Nacional coordinar sus esfuerzos para acelerar la deportaci\u00f3n de ciudadanos extranjeros que supongan un riesgo&nbsp;para el pa\u00eds durante la pandemia de coronavirus y aplicar sanciones a las naciones que se nieguen a aceptarlos.<\/p>\n\n\n\n<p>Una orden ejecutiva firmada el viernes por Trump menciona una directiva anterior del 12 de marzo que subray\u00f3 que los pa\u00edses que se nieguen o dilaten la aceptaci\u00f3n de sus nacionales durante la pandemia \u201ccrean un riesgo de salud p\u00fablica inaceptable para los estadounidenses\u201d.<\/p>\n\n\n\n<p>\u201cEstados Unidos debe ser capaz de efectuar la repatriaci\u00f3n de los nacionales extranjeros que violan las leyes estadounidenses\u201d, dice la orden.<\/p>\n\n\n\n<p>Bajo ese precedente, Trump orden\u00f3 al secretario de Estado adoptar e iniciar un plan para imponer sanciones de visas establecidas en el art\u00edculo 243 de la Ley de Inmigraci\u00f3n y Nacionalidad.<\/p>\n\n\n\n<p><strong>Trump restringe entrada a EE.UU. a viajeros desde Europa<\/strong><\/p>\n\n\n\n<p>Esta iniciativa debe ser iniciada no despu\u00e9s de siete d\u00edas de recibir la orden ejecutiva, dice el documento.<\/p>\n\n\n\n<p>\u201cEl secretario de Seguridad Nacional deber\u00e1 notificar al secretario de Estado si alg\u00fan gobierno o pa\u00eds extranjero se niega o retrasa irrazonablemente la aceptaci\u00f3n de personas que sean ciudadanos, nativos o residente de ese pa\u00eds despu\u00e9s de hab\u00e9rseles solicitado que aceptaran a esas personas, y si esa negativa o retraso est\u00e1 impidiendo operaciones del departamento de Seguridad Nacional necesarias para responder a la pandemia actual causada por el SARS-CoV-2\u201d, agrega la orden de Trump.<\/p>\n\n\n\n<p>En caso de que no se cumplan estas condiciones, a\u00f1ade el documento, &#8220;el secretario de Estado deber\u00e1, de manera tan expeditiva como sea posible, adoptar e iniciar un plan para imponer sanciones en las visas&#8221;.<\/p>\n\n\n\n<p>Sin embargo, seg\u00fan el documento, la orden no altera ni limita la autoridad del secretario de Estado de hacer las excepciones consistentes con los intereses de pol\u00edtica exterior de Estados Unidos.<br><br><small>2020 voanoticias \u2013 salastampa.eu, afiliada a la red Broadcasting Board of Governors \u00a9 2020 BBG<\/small><\/p>\n\n\n\n<p> <\/p>\n\n\n\n<p><\/p>\n","protected":false},"excerpt":{"rendered":"<p>Washington, 12.04.2020 &#8211; El presidente Donald Trump orden\u00f3 a los departamentos de Estado y Seguridad Nacional coordinar sus esfuerzos para acelerar la deportaci\u00f3n de ciudadanos extranjeros que supongan un riesgo para el pa\u00eds durante la pandemia de coronavirus y aplicar sanciones a las naciones que se nieguen a aceptarlos.<\/p>\n","protected":false},"author":1,"featured_media":0,"comment_status":"closed","ping_status":"closed","sticky":false,"template":"","format":"standard","meta":{"footnotes":"","_links_to":"","_links_to_target":""},"categories":[70,9,23,78,25],"tags":[34],"class_list":["post-643","post","type-post","status-publish","format-standard","hentry","category-actualidad","category-america-del-norte","category-politica","category-sanidad","category-sociedad","tag-estados-unidos","entry","double"],"yoast_head":"<!-- This site is optimized with the Yoast SEO plugin v27.5 - https:\/\/yoast.com\/product\/yoast-seo-wordpress\/ -->\n<title>Trump insiste en acelerar la deportaci\u00f3n de migrantes irregulares durante la pandemia - ElCanillita.Info<\/title>\n<meta name=\"robots\" content=\"index, follow, max-snippet:-1, max-image-preview:large, max-video-preview:-1\" \/>\n<link rel=\"canonical\" href=\"https:\/\/elcanillita.info\/press\/2020\/04\/12\/trump-insiste-acelerar-deportacion-migrantes-irregulares-pandemia\/\" \/>\n<meta property=\"og:locale\" content=\"es_ES\" \/>\n<meta property=\"og:type\" content=\"article\" \/>\n<meta property=\"og:title\" content=\"Trump insiste en acelerar la deportaci\u00f3n de migrantes irregulares durante la pandemia - ElCanillita.Info\" \/>\n<meta property=\"og:description\" content=\"Washington, 12.04.2020 - El presidente Donald Trump orden\u00f3 a los departamentos de Estado y Seguridad Nacional coordinar sus esfuerzos para acelerar la deportaci\u00f3n de ciudadanos extranjeros que supongan un riesgo para el pa\u00eds durante la pandemia de coronavirus y aplicar sanciones a las naciones que se nieguen a aceptarlos.\" \/>\n<meta property=\"og:url\" content=\"https:\/\/elcanillita.info\/press\/2020\/04\/12\/trump-insiste-acelerar-deportacion-migrantes-irregulares-pandemia\/\" \/>\n<meta property=\"og:site_name\" content=\"ElCanillita.Info\" \/>\n<meta property=\"article:publisher\" content=\"https:\/\/ar-ar.facebook.com\/ElCanillitainfo-114249515285712\/\" \/>\n<meta property=\"article:published_time\" content=\"2020-04-12T11:11:30+00:00\" \/>\n<meta property=\"article:modified_time\" content=\"2020-04-12T11:12:02+00:00\" \/>\n<meta name=\"author\" content=\"SalaStampa.eu, world press service\" \/>\n<meta name=\"twitter:card\" content=\"summary_large_image\" \/>\n<meta name=\"twitter:label1\" content=\"Escrito por\" \/>\n\t<meta name=\"twitter:data1\" content=\"SalaStampa.eu, world press service\" \/>\n\t<meta name=\"twitter:label2\" content=\"Tiempo de lectura\" \/>\n\t<meta name=\"twitter:data2\" content=\"2 minutos\" \/>\n<script type=\"application\/ld+json\" class=\"yoast-schema-graph\">{\"@context\":\"https:\\\/\\\/schema.org\",\"@graph\":[{\"@type\":\"Article\",\"@id\":\"https:\\\/\\\/elcanillita.info\\\/press\\\/2020\\\/04\\\/12\\\/trump-insiste-acelerar-deportacion-migrantes-irregulares-pandemia\\\/#article\",\"isPartOf\":{\"@id\":\"https:\\\/\\\/elcanillita.info\\\/press\\\/2020\\\/04\\\/12\\\/trump-insiste-acelerar-deportacion-migrantes-irregulares-pandemia\\\/\"},\"author\":{\"name\":\"SalaStampa.eu, world press service\",\"@id\":\"https:\\\/\\\/elcanillita.info\\\/press\\\/#\\\/schema\\\/person\\\/7fcb79f38045700919f7da6d97e71ba0\"},\"headline\":\"Trump insiste en acelerar la deportaci\u00f3n de migrantes irregulares durante la pandemia\",\"datePublished\":\"2020-04-12T11:11:30+00:00\",\"dateModified\":\"2020-04-12T11:12:02+00:00\",\"mainEntityOfPage\":{\"@id\":\"https:\\\/\\\/elcanillita.info\\\/press\\\/2020\\\/04\\\/12\\\/trump-insiste-acelerar-deportacion-migrantes-irregulares-pandemia\\\/\"},\"wordCount\":355,\"publisher\":{\"@id\":\"https:\\\/\\\/elcanillita.info\\\/press\\\/#organization\"},\"keywords\":[\"Estados Unidos\"],\"articleSection\":[\"Actualidad\",\"Am\u00e9rica del Norte\",\"Politica\",\"Sanidad\",\"Sociedad\"],\"inLanguage\":\"es-AR\"},{\"@type\":\"WebPage\",\"@id\":\"https:\\\/\\\/elcanillita.info\\\/press\\\/2020\\\/04\\\/12\\\/trump-insiste-acelerar-deportacion-migrantes-irregulares-pandemia\\\/\",\"url\":\"https:\\\/\\\/elcanillita.info\\\/press\\\/2020\\\/04\\\/12\\\/trump-insiste-acelerar-deportacion-migrantes-irregulares-pandemia\\\/\",\"name\":\"Trump insiste en acelerar la deportaci\u00f3n de migrantes irregulares durante la pandemia - ElCanillita.Info\",\"isPartOf\":{\"@id\":\"https:\\\/\\\/elcanillita.info\\\/press\\\/#website\"},\"datePublished\":\"2020-04-12T11:11:30+00:00\",\"dateModified\":\"2020-04-12T11:12:02+00:00\",\"inLanguage\":\"es-AR\",\"potentialAction\":[{\"@type\":\"ReadAction\",\"target\":[\"https:\\\/\\\/elcanillita.info\\\/press\\\/2020\\\/04\\\/12\\\/trump-insiste-acelerar-deportacion-migrantes-irregulares-pandemia\\\/\"]}]},{\"@type\":\"WebSite\",\"@id\":\"https:\\\/\\\/elcanillita.info\\\/press\\\/#website\",\"url\":\"https:\\\/\\\/elcanillita.info\\\/press\\\/\",\"name\":\"ElCanillita.Info\",\"description\":\"desde los Apeninos a los Andes\",\"publisher\":{\"@id\":\"https:\\\/\\\/elcanillita.info\\\/press\\\/#organization\"},\"potentialAction\":[{\"@type\":\"SearchAction\",\"target\":{\"@type\":\"EntryPoint\",\"urlTemplate\":\"https:\\\/\\\/elcanillita.info\\\/press\\\/?s={search_term_string}\"},\"query-input\":{\"@type\":\"PropertyValueSpecification\",\"valueRequired\":true,\"valueName\":\"search_term_string\"}}],\"inLanguage\":\"es-AR\"},{\"@type\":\"Organization\",\"@id\":\"https:\\\/\\\/elcanillita.info\\\/press\\\/#organization\",\"name\":\"Guzzo Photos & Graphic Publications\",\"url\":\"https:\\\/\\\/elcanillita.info\\\/press\\\/\",\"logo\":{\"@type\":\"ImageObject\",\"inLanguage\":\"es-AR\",\"@id\":\"https:\\\/\\\/elcanillita.info\\\/press\\\/#\\\/schema\\\/logo\\\/image\\\/\",\"url\":\"https:\\\/\\\/elcanillita.info\\\/press\\\/images\\\/2020\\\/01\\\/cropped-cropped-cropped-elcanillitainfo.png\",\"contentUrl\":\"https:\\\/\\\/elcanillita.info\\\/press\\\/images\\\/2020\\\/01\\\/cropped-cropped-cropped-elcanillitainfo.png\",\"width\":460,\"height\":50,\"caption\":\"Guzzo Photos & Graphic Publications\"},\"image\":{\"@id\":\"https:\\\/\\\/elcanillita.info\\\/press\\\/#\\\/schema\\\/logo\\\/image\\\/\"},\"sameAs\":[\"https:\\\/\\\/ar-ar.facebook.com\\\/ElCanillitainfo-114249515285712\\\/\"]},{\"@type\":\"Person\",\"@id\":\"https:\\\/\\\/elcanillita.info\\\/press\\\/#\\\/schema\\\/person\\\/7fcb79f38045700919f7da6d97e71ba0\",\"name\":\"SalaStampa.eu, world press service\",\"image\":{\"@type\":\"ImageObject\",\"inLanguage\":\"es-AR\",\"@id\":\"https:\\\/\\\/secure.gravatar.com\\\/avatar\\\/c2f0e0d515a107624234994507816ca4724c7199cef73fc8bedebf6931d73888?s=96&d=mm&r=g\",\"url\":\"https:\\\/\\\/secure.gravatar.com\\\/avatar\\\/c2f0e0d515a107624234994507816ca4724c7199cef73fc8bedebf6931d73888?s=96&d=mm&r=g\",\"contentUrl\":\"https:\\\/\\\/secure.gravatar.com\\\/avatar\\\/c2f0e0d515a107624234994507816ca4724c7199cef73fc8bedebf6931d73888?s=96&d=mm&r=g\",\"caption\":\"SalaStampa.eu, world press service\"}}]}<\/script>\n<!-- \/ Yoast SEO plugin. -->","yoast_head_json":{"title":"Trump insiste en acelerar la deportaci\u00f3n de migrantes irregulares durante la pandemia - ElCanillita.Info","robots":{"index":"index","follow":"follow","max-snippet":"max-snippet:-1","max-image-preview":"max-image-preview:large","max-video-preview":"max-video-preview:-1"},"canonical":"https:\/\/elcanillita.info\/press\/2020\/04\/12\/trump-insiste-acelerar-deportacion-migrantes-irregulares-pandemia\/","og_locale":"es_ES","og_type":"article","og_title":"Trump insiste en acelerar la deportaci\u00f3n de migrantes irregulares durante la pandemia - ElCanillita.Info","og_description":"Washington, 12.04.2020 - El presidente Donald Trump orden\u00f3 a los departamentos de Estado y Seguridad Nacional coordinar sus esfuerzos para acelerar la deportaci\u00f3n de ciudadanos extranjeros que supongan un riesgo para el pa\u00eds durante la pandemia de coronavirus y aplicar sanciones a las naciones que se nieguen a aceptarlos.","og_url":"https:\/\/elcanillita.info\/press\/2020\/04\/12\/trump-insiste-acelerar-deportacion-migrantes-irregulares-pandemia\/","og_site_name":"ElCanillita.Info","article_publisher":"https:\/\/ar-ar.facebook.com\/ElCanillitainfo-114249515285712\/","article_published_time":"2020-04-12T11:11:30+00:00","article_modified_time":"2020-04-12T11:12:02+00:00","author":"SalaStampa.eu, world press service","twitter_card":"summary_large_image","twitter_misc":{"Escrito por":"SalaStampa.eu, world press service","Tiempo de lectura":"2 minutos"},"schema":{"@context":"https:\/\/schema.org","@graph":[{"@type":"Article","@id":"https:\/\/elcanillita.info\/press\/2020\/04\/12\/trump-insiste-acelerar-deportacion-migrantes-irregulares-pandemia\/#article","isPartOf":{"@id":"https:\/\/elcanillita.info\/press\/2020\/04\/12\/trump-insiste-acelerar-deportacion-migrantes-irregulares-pandemia\/"},"author":{"name":"SalaStampa.eu, world press service","@id":"https:\/\/elcanillita.info\/press\/#\/schema\/person\/7fcb79f38045700919f7da6d97e71ba0"},"headline":"Trump insiste en acelerar la deportaci\u00f3n de migrantes irregulares durante la pandemia","datePublished":"2020-04-12T11:11:30+00:00","dateModified":"2020-04-12T11:12:02+00:00","mainEntityOfPage":{"@id":"https:\/\/elcanillita.info\/press\/2020\/04\/12\/trump-insiste-acelerar-deportacion-migrantes-irregulares-pandemia\/"},"wordCount":355,"publisher":{"@id":"https:\/\/elcanillita.info\/press\/#organization"},"keywords":["Estados Unidos"],"articleSection":["Actualidad","Am\u00e9rica del Norte","Politica","Sanidad","Sociedad"],"inLanguage":"es-AR"},{"@type":"WebPage","@id":"https:\/\/elcanillita.info\/press\/2020\/04\/12\/trump-insiste-acelerar-deportacion-migrantes-irregulares-pandemia\/","url":"https:\/\/elcanillita.info\/press\/2020\/04\/12\/trump-insiste-acelerar-deportacion-migrantes-irregulares-pandemia\/","name":"Trump insiste en acelerar la deportaci\u00f3n de migrantes irregulares durante la pandemia - ElCanillita.Info","isPartOf":{"@id":"https:\/\/elcanillita.info\/press\/#website"},"datePublished":"2020-04-12T11:11:30+00:00","dateModified":"2020-04-12T11:12:02+00:00","inLanguage":"es-AR","potentialAction":[{"@type":"ReadAction","target":["https:\/\/elcanillita.info\/press\/2020\/04\/12\/trump-insiste-acelerar-deportacion-migrantes-irregulares-pandemia\/"]}]},{"@type":"WebSite","@id":"https:\/\/elcanillita.info\/press\/#website","url":"https:\/\/elcanillita.info\/press\/","name":"ElCanillita.Info","description":"desde los Apeninos a los Andes","publisher":{"@id":"https:\/\/elcanillita.info\/press\/#organization"},"potentialAction":[{"@type":"SearchAction","target":{"@type":"EntryPoint","urlTemplate":"https:\/\/elcanillita.info\/press\/?s={search_term_string}"},"query-input":{"@type":"PropertyValueSpecification","valueRequired":true,"valueName":"search_term_string"}}],"inLanguage":"es-AR"},{"@type":"Organization","@id":"https:\/\/elcanillita.info\/press\/#organization","name":"Guzzo Photos & Graphic Publications","url":"https:\/\/elcanillita.info\/press\/","logo":{"@type":"ImageObject","inLanguage":"es-AR","@id":"https:\/\/elcanillita.info\/press\/#\/schema\/logo\/image\/","url":"https:\/\/elcanillita.info\/press\/images\/2020\/01\/cropped-cropped-cropped-elcanillitainfo.png","contentUrl":"https:\/\/elcanillita.info\/press\/images\/2020\/01\/cropped-cropped-cropped-elcanillitainfo.png","width":460,"height":50,"caption":"Guzzo Photos & Graphic Publications"},"image":{"@id":"https:\/\/elcanillita.info\/press\/#\/schema\/logo\/image\/"},"sameAs":["https:\/\/ar-ar.facebook.com\/ElCanillitainfo-114249515285712\/"]},{"@type":"Person","@id":"https:\/\/elcanillita.info\/press\/#\/schema\/person\/7fcb79f38045700919f7da6d97e71ba0","name":"SalaStampa.eu, world press service","image":{"@type":"ImageObject","inLanguage":"es-AR","@id":"https:\/\/secure.gravatar.com\/avatar\/c2f0e0d515a107624234994507816ca4724c7199cef73fc8bedebf6931d73888?s=96&d=mm&r=g","url":"https:\/\/secure.gravatar.com\/avatar\/c2f0e0d515a107624234994507816ca4724c7199cef73fc8bedebf6931d73888?s=96&d=mm&r=g","contentUrl":"https:\/\/secure.gravatar.com\/avatar\/c2f0e0d515a107624234994507816ca4724c7199cef73fc8bedebf6931d73888?s=96&d=mm&r=g","caption":"SalaStampa.eu, world press service"}}]}},"views":645,"_links":{"self":[{"href":"https:\/\/elcanillita.info\/press\/wp-json\/wp\/v2\/posts\/643","targetHints":{"allow":["GET"]}}],"collection":[{"href":"https:\/\/elcanillita.info\/press\/wp-json\/wp\/v2\/posts"}],"about":[{"href":"https:\/\/elcanillita.info\/press\/wp-json\/wp\/v2\/types\/post"}],"author":[{"embeddable":true,"href":"https:\/\/elcanillita.info\/press\/wp-json\/wp\/v2\/users\/1"}],"replies":[{"embeddable":true,"href":"https:\/\/elcanillita.info\/press\/wp-json\/wp\/v2\/comments?post=643"}],"version-history":[{"count":0,"href":"https:\/\/elcanillita.info\/press\/wp-json\/wp\/v2\/posts\/643\/revisions"}],"wp:attachment":[{"href":"https:\/\/elcanillita.info\/press\/wp-json\/wp\/v2\/media?parent=643"}],"wp:term":[{"taxonomy":"category","embeddable":true,"href":"https:\/\/elcanillita.info\/press\/wp-json\/wp\/v2\/categories?post=643"},{"taxonomy":"post_tag","embeddable":true,"href":"https:\/\/elcanillita.info\/press\/wp-json\/wp\/v2\/tags?post=643"}],"curies":[{"name":"wp","href":"https:\/\/api.w.org\/{rel}","templated":true}]}}