{"id":642,"date":"2020-04-12T08:08:16","date_gmt":"2020-04-12T11:08:16","guid":{"rendered":"https:\/\/elcanillita.info\/press\/?p=642"},"modified":"2020-04-12T08:08:19","modified_gmt":"2020-04-12T11:08:19","slug":"activistas-piden-liberacion-periodistas-presos-africa-crisis-coronavirus","status":"publish","type":"post","link":"https:\/\/elcanillita.info\/press\/2020\/04\/12\/activistas-piden-liberacion-periodistas-presos-africa-crisis-coronavirus\/","title":{"rendered":"Activistas piden liberaci\u00f3n de periodistas presos en \u00c1frica ante la crisis del coronavirus"},"content":{"rendered":"\n<p>Mundo, 12.04.2020 &#8211; A medida que el coronavirus se expande a todas partes del continente africano, grupos activistas est\u00e1n haciendo un llamado por la liberaci\u00f3n de personas particularmente vulnerables: los periodistas encarcelados.<\/p>\n\n\n\n<p>En una carta abierta a diez jefes de Estado en \u00c1frica, el Comit\u00e9 para la Protecci\u00f3n de Periodistas, CPJ, y 80 grupos defensores de los derechos humanos y la libertad de prensa pidieron la excarcelaci\u00f3n de los profesionales de la prensa.<\/p>\n\n\n\n<p>&#8220;Est\u00e1n en c\u00e1rceles superpobladas, en condiciones insalubres donde la malaria y la tuberculosis son un problema\u201d, dijo Angela Quintal, coordinadora del programa para \u00c1frica del CPJ.<\/p>\n\n\n\n<p>\u201cSus vidas est\u00e1n en peligro en esos lugares y muchos de ellos ni siquiera han sido sentenciados y llevan a\u00f1os detenidos sin un juicio\u201d, a\u00f1adi\u00f3.<\/p>\n\n\n\n<p>En un sondeo a finales de 2019, el CPJ encontr\u00f3 que al menos 73 periodistas estaban en prisiones en \u00c1frica, de ellos 26 en Egipto, 16 en Eritrea y siete en Camer\u00fan. Algunos de los periodistas eritreos est\u00e1n en prisi\u00f3n desde 2001.<\/p>\n\n\n\n<p>La &#8216;Voz de Am\u00e9rica&#8217; condena expulsi\u00f3n y restricci\u00f3n a medios informativos de EE.UU. en China<\/p>\n\n\n\n<p>Estos periodistas \u201cno est\u00e1n all\u00ed porque cometieron un crimen, sino que se encuentran retenidos por su periodismo\u201d, afirm\u00f3 Quintal.<\/p>\n\n\n\n<p>\u201cEs necesario garantizar que estos periodistas no caigan en lo que llamamos una sentencia de muerte. Su libertad es, en realidad, una cuesti\u00f3n de vida o muerte\u201d, explic\u00f3 la activista.<\/p>\n\n\n\n<p>Una persona que conoce esas dificultades es Mimi Mefo Takambou, una periodista de televisi\u00f3n de Camer\u00fan. En 2018, fue arrestada y acusada de difundir informaci\u00f3n falsa y socavar la seguridad del estado para un reportaje sobre un misionero estadounidense que fue asesinado a tiros en este pa\u00eds de \u00c1frica occidental.<\/p>\n\n\n\n<p>Takambou fue encarcelada cuatro d\u00edas y vio de primera mano las miserables condiciones en que los periodistas son retenidos en el pa\u00eds y la falta de derechos b\u00e1sicos.<\/p>\n\n\n\n<p>\u201cLas condiciones sanitarias no son muy buenas. Es una situaci\u00f3n de prisiones superpobladas. El acceso a un abogado a veces es problem\u00e1tico. Hemos tenido colegas en prisi\u00f3n que han pasado meses esperando tener acceso a un abogado\u201d, explic\u00f3 la periodista a la Voz de Am\u00e9rica.<\/p>\n\n\n\n<p>Takambou considera que esta situaci\u00f3n no es solo inmoral, sino que los periodistas juegan un papel vital para cubrir la crisis del coronavirus.<\/p>\n\n\n\n<p>\u201cEllos tienen un gran papel que jugar en este momento para informar a la poblaci\u00f3n y darle lo que necesita saber para reducir la propagaci\u00f3n del coronavirus. Pero si la mayor\u00eda de estos periodistas est\u00e1n tras las rejas, \u00bfqui\u00e9n va a contar la historia?\u201d, se pregunta.<\/p>\n\n\n\n<p>Dice que conf\u00eda en que su pa\u00eds y otros pa\u00edses que contin\u00faan encarcelando a periodistas comprendan que la informaci\u00f3n y quienes la reportan son parte de la soluci\u00f3n para el coronavirus, no parte del problema.<\/p>\n\n\n\n<p>&#8220;Lib\u00e9renlos para que puedan hacer su trabajo\u201d, agreg\u00f3 Takambou. \u201cEl lugar del periodista no es en una c\u00e1rcel, sino en el campo, relatando una historia, manteniendo informada a la poblaci\u00f3n, y ahora se necesitan m\u00e1s que nunca\u201d.<br><br><small>2020 voanoticias \u2013 salastampa.eu, afiliada a la red Broadcasting Board of Governors \u00a9 2020 BBG<\/small><\/p>\n\n\n\n<p> <\/p>\n","protected":false},"excerpt":{"rendered":"<p>Mundo, 12.04.2020 &#8211; A medida que el coronavirus se expande a todas partes del continente africano, grupos activistas est\u00e1n haciendo un llamado por la liberaci\u00f3n de personas particularmente vulnerables: los periodistas encarcelados.<\/p>\n","protected":false},"author":1,"featured_media":0,"comment_status":"closed","ping_status":"closed","sticky":false,"template":"","format":"standard","meta":{"footnotes":"","_links_to":"","_links_to_target":""},"categories":[70,18,19,78,25],"tags":[35],"class_list":["post-642","post","type-post","status-publish","format-standard","hentry","category-actualidad","category-cosmo","category-cultura","category-sanidad","category-sociedad","tag-mundo","entry","double"],"yoast_head":"<!-- This site is optimized with the Yoast SEO plugin v27.5 - https:\/\/yoast.com\/product\/yoast-seo-wordpress\/ -->\n<title>Activistas piden liberaci\u00f3n de periodistas presos en \u00c1frica ante la crisis del coronavirus - ElCanillita.Info<\/title>\n<meta name=\"robots\" content=\"index, follow, max-snippet:-1, max-image-preview:large, max-video-preview:-1\" \/>\n<link rel=\"canonical\" href=\"https:\/\/elcanillita.info\/press\/2020\/04\/12\/activistas-piden-liberacion-periodistas-presos-africa-crisis-coronavirus\/\" \/>\n<meta property=\"og:locale\" content=\"es_ES\" \/>\n<meta property=\"og:type\" content=\"article\" \/>\n<meta property=\"og:title\" content=\"Activistas piden liberaci\u00f3n de periodistas presos en \u00c1frica ante la crisis del coronavirus - ElCanillita.Info\" \/>\n<meta property=\"og:description\" content=\"Mundo, 12.04.2020 - A medida que el coronavirus se expande a todas partes del continente africano, grupos activistas est\u00e1n haciendo un llamado por la liberaci\u00f3n de personas particularmente vulnerables: los periodistas encarcelados.\" \/>\n<meta property=\"og:url\" content=\"https:\/\/elcanillita.info\/press\/2020\/04\/12\/activistas-piden-liberacion-periodistas-presos-africa-crisis-coronavirus\/\" \/>\n<meta property=\"og:site_name\" content=\"ElCanillita.Info\" \/>\n<meta property=\"article:publisher\" content=\"https:\/\/ar-ar.facebook.com\/ElCanillitainfo-114249515285712\/\" \/>\n<meta property=\"article:published_time\" content=\"2020-04-12T11:08:16+00:00\" \/>\n<meta property=\"article:modified_time\" content=\"2020-04-12T11:08:19+00:00\" \/>\n<meta name=\"author\" content=\"SalaStampa.eu, world press service\" \/>\n<meta name=\"twitter:card\" content=\"summary_large_image\" \/>\n<meta name=\"twitter:label1\" content=\"Escrito por\" \/>\n\t<meta name=\"twitter:data1\" content=\"SalaStampa.eu, world press service\" \/>\n\t<meta name=\"twitter:label2\" content=\"Tiempo de lectura\" \/>\n\t<meta name=\"twitter:data2\" content=\"3 minutos\" \/>\n<script type=\"application\/ld+json\" class=\"yoast-schema-graph\">{\"@context\":\"https:\\\/\\\/schema.org\",\"@graph\":[{\"@type\":\"Article\",\"@id\":\"https:\\\/\\\/elcanillita.info\\\/press\\\/2020\\\/04\\\/12\\\/activistas-piden-liberacion-periodistas-presos-africa-crisis-coronavirus\\\/#article\",\"isPartOf\":{\"@id\":\"https:\\\/\\\/elcanillita.info\\\/press\\\/2020\\\/04\\\/12\\\/activistas-piden-liberacion-periodistas-presos-africa-crisis-coronavirus\\\/\"},\"author\":{\"name\":\"SalaStampa.eu, world press service\",\"@id\":\"https:\\\/\\\/elcanillita.info\\\/press\\\/#\\\/schema\\\/person\\\/7fcb79f38045700919f7da6d97e71ba0\"},\"headline\":\"Activistas piden liberaci\u00f3n de periodistas presos en \u00c1frica ante la crisis del coronavirus\",\"datePublished\":\"2020-04-12T11:08:16+00:00\",\"dateModified\":\"2020-04-12T11:08:19+00:00\",\"mainEntityOfPage\":{\"@id\":\"https:\\\/\\\/elcanillita.info\\\/press\\\/2020\\\/04\\\/12\\\/activistas-piden-liberacion-periodistas-presos-africa-crisis-coronavirus\\\/\"},\"wordCount\":557,\"publisher\":{\"@id\":\"https:\\\/\\\/elcanillita.info\\\/press\\\/#organization\"},\"keywords\":[\"MUNDO\"],\"articleSection\":[\"Actualidad\",\"Cosmo\",\"Cultura\",\"Sanidad\",\"Sociedad\"],\"inLanguage\":\"es-AR\"},{\"@type\":\"WebPage\",\"@id\":\"https:\\\/\\\/elcanillita.info\\\/press\\\/2020\\\/04\\\/12\\\/activistas-piden-liberacion-periodistas-presos-africa-crisis-coronavirus\\\/\",\"url\":\"https:\\\/\\\/elcanillita.info\\\/press\\\/2020\\\/04\\\/12\\\/activistas-piden-liberacion-periodistas-presos-africa-crisis-coronavirus\\\/\",\"name\":\"Activistas piden liberaci\u00f3n de periodistas presos en \u00c1frica ante la crisis del coronavirus - ElCanillita.Info\",\"isPartOf\":{\"@id\":\"https:\\\/\\\/elcanillita.info\\\/press\\\/#website\"},\"datePublished\":\"2020-04-12T11:08:16+00:00\",\"dateModified\":\"2020-04-12T11:08:19+00:00\",\"inLanguage\":\"es-AR\",\"potentialAction\":[{\"@type\":\"ReadAction\",\"target\":[\"https:\\\/\\\/elcanillita.info\\\/press\\\/2020\\\/04\\\/12\\\/activistas-piden-liberacion-periodistas-presos-africa-crisis-coronavirus\\\/\"]}]},{\"@type\":\"WebSite\",\"@id\":\"https:\\\/\\\/elcanillita.info\\\/press\\\/#website\",\"url\":\"https:\\\/\\\/elcanillita.info\\\/press\\\/\",\"name\":\"ElCanillita.Info\",\"description\":\"desde los Apeninos a los Andes\",\"publisher\":{\"@id\":\"https:\\\/\\\/elcanillita.info\\\/press\\\/#organization\"},\"potentialAction\":[{\"@type\":\"SearchAction\",\"target\":{\"@type\":\"EntryPoint\",\"urlTemplate\":\"https:\\\/\\\/elcanillita.info\\\/press\\\/?s={search_term_string}\"},\"query-input\":{\"@type\":\"PropertyValueSpecification\",\"valueRequired\":true,\"valueName\":\"search_term_string\"}}],\"inLanguage\":\"es-AR\"},{\"@type\":\"Organization\",\"@id\":\"https:\\\/\\\/elcanillita.info\\\/press\\\/#organization\",\"name\":\"Guzzo Photos & Graphic Publications\",\"url\":\"https:\\\/\\\/elcanillita.info\\\/press\\\/\",\"logo\":{\"@type\":\"ImageObject\",\"inLanguage\":\"es-AR\",\"@id\":\"https:\\\/\\\/elcanillita.info\\\/press\\\/#\\\/schema\\\/logo\\\/image\\\/\",\"url\":\"https:\\\/\\\/elcanillita.info\\\/press\\\/images\\\/2020\\\/01\\\/cropped-cropped-cropped-elcanillitainfo.png\",\"contentUrl\":\"https:\\\/\\\/elcanillita.info\\\/press\\\/images\\\/2020\\\/01\\\/cropped-cropped-cropped-elcanillitainfo.png\",\"width\":460,\"height\":50,\"caption\":\"Guzzo Photos & Graphic Publications\"},\"image\":{\"@id\":\"https:\\\/\\\/elcanillita.info\\\/press\\\/#\\\/schema\\\/logo\\\/image\\\/\"},\"sameAs\":[\"https:\\\/\\\/ar-ar.facebook.com\\\/ElCanillitainfo-114249515285712\\\/\"]},{\"@type\":\"Person\",\"@id\":\"https:\\\/\\\/elcanillita.info\\\/press\\\/#\\\/schema\\\/person\\\/7fcb79f38045700919f7da6d97e71ba0\",\"name\":\"SalaStampa.eu, world press service\",\"image\":{\"@type\":\"ImageObject\",\"inLanguage\":\"es-AR\",\"@id\":\"https:\\\/\\\/secure.gravatar.com\\\/avatar\\\/c2f0e0d515a107624234994507816ca4724c7199cef73fc8bedebf6931d73888?s=96&d=mm&r=g\",\"url\":\"https:\\\/\\\/secure.gravatar.com\\\/avatar\\\/c2f0e0d515a107624234994507816ca4724c7199cef73fc8bedebf6931d73888?s=96&d=mm&r=g\",\"contentUrl\":\"https:\\\/\\\/secure.gravatar.com\\\/avatar\\\/c2f0e0d515a107624234994507816ca4724c7199cef73fc8bedebf6931d73888?s=96&d=mm&r=g\",\"caption\":\"SalaStampa.eu, world press service\"}}]}<\/script>\n<!-- \/ Yoast SEO plugin. -->","yoast_head_json":{"title":"Activistas piden liberaci\u00f3n de periodistas presos en \u00c1frica ante la crisis del coronavirus - ElCanillita.Info","robots":{"index":"index","follow":"follow","max-snippet":"max-snippet:-1","max-image-preview":"max-image-preview:large","max-video-preview":"max-video-preview:-1"},"canonical":"https:\/\/elcanillita.info\/press\/2020\/04\/12\/activistas-piden-liberacion-periodistas-presos-africa-crisis-coronavirus\/","og_locale":"es_ES","og_type":"article","og_title":"Activistas piden liberaci\u00f3n de periodistas presos en \u00c1frica ante la crisis del coronavirus - ElCanillita.Info","og_description":"Mundo, 12.04.2020 - A medida que el coronavirus se expande a todas partes del continente africano, grupos activistas est\u00e1n haciendo un llamado por la liberaci\u00f3n de personas particularmente vulnerables: los periodistas encarcelados.","og_url":"https:\/\/elcanillita.info\/press\/2020\/04\/12\/activistas-piden-liberacion-periodistas-presos-africa-crisis-coronavirus\/","og_site_name":"ElCanillita.Info","article_publisher":"https:\/\/ar-ar.facebook.com\/ElCanillitainfo-114249515285712\/","article_published_time":"2020-04-12T11:08:16+00:00","article_modified_time":"2020-04-12T11:08:19+00:00","author":"SalaStampa.eu, world press service","twitter_card":"summary_large_image","twitter_misc":{"Escrito por":"SalaStampa.eu, world press service","Tiempo de lectura":"3 minutos"},"schema":{"@context":"https:\/\/schema.org","@graph":[{"@type":"Article","@id":"https:\/\/elcanillita.info\/press\/2020\/04\/12\/activistas-piden-liberacion-periodistas-presos-africa-crisis-coronavirus\/#article","isPartOf":{"@id":"https:\/\/elcanillita.info\/press\/2020\/04\/12\/activistas-piden-liberacion-periodistas-presos-africa-crisis-coronavirus\/"},"author":{"name":"SalaStampa.eu, world press service","@id":"https:\/\/elcanillita.info\/press\/#\/schema\/person\/7fcb79f38045700919f7da6d97e71ba0"},"headline":"Activistas piden liberaci\u00f3n de periodistas presos en \u00c1frica ante la crisis del coronavirus","datePublished":"2020-04-12T11:08:16+00:00","dateModified":"2020-04-12T11:08:19+00:00","mainEntityOfPage":{"@id":"https:\/\/elcanillita.info\/press\/2020\/04\/12\/activistas-piden-liberacion-periodistas-presos-africa-crisis-coronavirus\/"},"wordCount":557,"publisher":{"@id":"https:\/\/elcanillita.info\/press\/#organization"},"keywords":["MUNDO"],"articleSection":["Actualidad","Cosmo","Cultura","Sanidad","Sociedad"],"inLanguage":"es-AR"},{"@type":"WebPage","@id":"https:\/\/elcanillita.info\/press\/2020\/04\/12\/activistas-piden-liberacion-periodistas-presos-africa-crisis-coronavirus\/","url":"https:\/\/elcanillita.info\/press\/2020\/04\/12\/activistas-piden-liberacion-periodistas-presos-africa-crisis-coronavirus\/","name":"Activistas piden liberaci\u00f3n de periodistas presos en \u00c1frica ante la crisis del coronavirus - ElCanillita.Info","isPartOf":{"@id":"https:\/\/elcanillita.info\/press\/#website"},"datePublished":"2020-04-12T11:08:16+00:00","dateModified":"2020-04-12T11:08:19+00:00","inLanguage":"es-AR","potentialAction":[{"@type":"ReadAction","target":["https:\/\/elcanillita.info\/press\/2020\/04\/12\/activistas-piden-liberacion-periodistas-presos-africa-crisis-coronavirus\/"]}]},{"@type":"WebSite","@id":"https:\/\/elcanillita.info\/press\/#website","url":"https:\/\/elcanillita.info\/press\/","name":"ElCanillita.Info","description":"desde los Apeninos a los Andes","publisher":{"@id":"https:\/\/elcanillita.info\/press\/#organization"},"potentialAction":[{"@type":"SearchAction","target":{"@type":"EntryPoint","urlTemplate":"https:\/\/elcanillita.info\/press\/?s={search_term_string}"},"query-input":{"@type":"PropertyValueSpecification","valueRequired":true,"valueName":"search_term_string"}}],"inLanguage":"es-AR"},{"@type":"Organization","@id":"https:\/\/elcanillita.info\/press\/#organization","name":"Guzzo Photos & Graphic Publications","url":"https:\/\/elcanillita.info\/press\/","logo":{"@type":"ImageObject","inLanguage":"es-AR","@id":"https:\/\/elcanillita.info\/press\/#\/schema\/logo\/image\/","url":"https:\/\/elcanillita.info\/press\/images\/2020\/01\/cropped-cropped-cropped-elcanillitainfo.png","contentUrl":"https:\/\/elcanillita.info\/press\/images\/2020\/01\/cropped-cropped-cropped-elcanillitainfo.png","width":460,"height":50,"caption":"Guzzo Photos & Graphic Publications"},"image":{"@id":"https:\/\/elcanillita.info\/press\/#\/schema\/logo\/image\/"},"sameAs":["https:\/\/ar-ar.facebook.com\/ElCanillitainfo-114249515285712\/"]},{"@type":"Person","@id":"https:\/\/elcanillita.info\/press\/#\/schema\/person\/7fcb79f38045700919f7da6d97e71ba0","name":"SalaStampa.eu, world press service","image":{"@type":"ImageObject","inLanguage":"es-AR","@id":"https:\/\/secure.gravatar.com\/avatar\/c2f0e0d515a107624234994507816ca4724c7199cef73fc8bedebf6931d73888?s=96&d=mm&r=g","url":"https:\/\/secure.gravatar.com\/avatar\/c2f0e0d515a107624234994507816ca4724c7199cef73fc8bedebf6931d73888?s=96&d=mm&r=g","contentUrl":"https:\/\/secure.gravatar.com\/avatar\/c2f0e0d515a107624234994507816ca4724c7199cef73fc8bedebf6931d73888?s=96&d=mm&r=g","caption":"SalaStampa.eu, world press service"}}]}},"views":756,"_links":{"self":[{"href":"https:\/\/elcanillita.info\/press\/wp-json\/wp\/v2\/posts\/642","targetHints":{"allow":["GET"]}}],"collection":[{"href":"https:\/\/elcanillita.info\/press\/wp-json\/wp\/v2\/posts"}],"about":[{"href":"https:\/\/elcanillita.info\/press\/wp-json\/wp\/v2\/types\/post"}],"author":[{"embeddable":true,"href":"https:\/\/elcanillita.info\/press\/wp-json\/wp\/v2\/users\/1"}],"replies":[{"embeddable":true,"href":"https:\/\/elcanillita.info\/press\/wp-json\/wp\/v2\/comments?post=642"}],"version-history":[{"count":0,"href":"https:\/\/elcanillita.info\/press\/wp-json\/wp\/v2\/posts\/642\/revisions"}],"wp:attachment":[{"href":"https:\/\/elcanillita.info\/press\/wp-json\/wp\/v2\/media?parent=642"}],"wp:term":[{"taxonomy":"category","embeddable":true,"href":"https:\/\/elcanillita.info\/press\/wp-json\/wp\/v2\/categories?post=642"},{"taxonomy":"post_tag","embeddable":true,"href":"https:\/\/elcanillita.info\/press\/wp-json\/wp\/v2\/tags?post=642"}],"curies":[{"name":"wp","href":"https:\/\/api.w.org\/{rel}","templated":true}]}}