{"id":638,"date":"2020-04-12T07:47:57","date_gmt":"2020-04-12T10:47:57","guid":{"rendered":"https:\/\/elcanillita.info\/press\/?p=638"},"modified":"2020-04-12T07:47:59","modified_gmt":"2020-04-12T10:47:59","slug":"colombia-facilita-retorno-venezolanos-pais","status":"publish","type":"post","link":"https:\/\/elcanillita.info\/press\/2020\/04\/12\/colombia-facilita-retorno-venezolanos-pais\/","title":{"rendered":"Colombia facilita el retorno de venezolanos a su pa\u00eds"},"content":{"rendered":"\n<p>Bogota, 12.04.2020 &#8211; Las autoridades colombianas facilitar\u00e1n el retorno de venezolanos a su pa\u00eds, aunque recuerdan que el pa\u00eds el pa\u00eds se encuentran en un &#8220;per\u00edodo de aislamiento obligatorio&#8221;, inform\u00f3 el Gobierno.<\/p>\n\n\n\n<p>&#8220;El Gobierno Nacional (\u2026) ha coordinado unos procedimientos excepcionales para realizar el paso de personas hacia Venezuela de una manera controlada, buscando que los mismos no representen un riesgo en materia sanitaria para las comunidades&#8221;, se\u00f1al\u00f3 Migraci\u00f3n Colombia en un comunicado divulgado el s\u00e1bado.<\/p>\n\n\n\n<p>Entre estas medidas, destacar\u00edan &#8220;una adecuada gesti\u00f3n migratoria en los departamentos m\u00e1s impactados por dichos movimientos de salida de venezolanos (\u2026), evitando que se genere un embudo migratorio en estas zonas, as\u00ed como cualquier tipo de represamiento de personas que pudiese llegar a poner en riesgo la seguridad de las regiones&#8221;.<\/p>\n\n\n\n<p>La decisi\u00f3n, aclara el despacho, se produce despu\u00e9s de que &#8220;en los \u00faltimos d\u00edas&#8221; se hayan detectado desplazamientos de grupos de ciudadanos venezolanos a trav\u00e9s del pa\u00eds, en direcci\u00f3n a la frontera con la naci\u00f3n petrolera.<br>\nEste flujo coincide, no obstante, con las medidas adoptadas por la Administraci\u00f3n para evitar la propagaci\u00f3n del nuevo coronavirus, que incluyen la restricci\u00f3n de movimientos y el distanciamiento social.<\/p>\n\n\n\n<p>&#8220;Es importante recordar que en estos momentos, tal y como lo orden\u00f3 el se\u00f1or Presidente de la Rep\u00fablica y los decretos expedidos por el Gobierno Nacional y administraciones locales, todo el pa\u00eds se encuentra en un periodo de aislamiento obligatorio, con el fin de evitar la propagaci\u00f3n del COVID-19&#8221;, recalca el comunicado.<\/p>\n\n\n\n<p>Asimismo, el despacho recuerda que la restricci\u00f3n de movimiento no solo afecta a las ciudades, sino que tambi\u00e9n se refiere a los desplazamientos por carretera, &#8220;tanto para ciudadanos nacionales, como extranjeros&#8221;.<\/p>\n\n\n\n<p>&#8220;Los ciudadanos que sean sorprendidos incumpliendo la medida de aislamiento obligatorio, indistintamente a su nacionalidad, ser\u00e1n sujetos de sanciones administrativas y penales por parte de las autoridades colombianas&#8221;, zanja la nota.<\/p>\n\n\n\n<p>Los \u00faltimos datos oficiales indican que residen en Colombia unos 1.825.000 venezolanos, de los cuales un 44%, es decir unos 800.000, se encuentra&nbsp;de forma regular, mientras que los restantes 1.025.000&nbsp;se encontrar\u00eda de forma irregular.<br><br><small>2020 voanoticias \u2013 salastampa.eu, afiliada a la red Broadcasting Board of Governors \u00a9 2020 BBG<\/small><\/p>\n\n\n\n<p><\/p>\n","protected":false},"excerpt":{"rendered":"<p>Bogota, 12.04.2020 &#8211; Las autoridades colombianas facilitar\u00e1n el retorno de venezolanos a su pa\u00eds, aunque recuerdan que el pa\u00eds el pa\u00eds se encuentran en un &#8220;per\u00edodo de aislamiento obligatorio&#8221;, inform\u00f3 el Gobierno.<\/p>\n","protected":false},"author":1,"featured_media":0,"comment_status":"closed","ping_status":"closed","sticky":false,"template":"","format":"standard","meta":{"footnotes":"","_links_to":"","_links_to_target":""},"categories":[70,11,23,78,25],"tags":[44],"class_list":["post-638","post","type-post","status-publish","format-standard","hentry","category-actualidad","category-america-del-sur","category-politica","category-sanidad","category-sociedad","tag-colombia","entry","double"],"yoast_head":"<!-- This site is optimized with the Yoast SEO plugin v27.5 - https:\/\/yoast.com\/product\/yoast-seo-wordpress\/ -->\n<title>Colombia facilita el retorno de venezolanos a su pa\u00eds - ElCanillita.Info<\/title>\n<meta name=\"robots\" content=\"index, follow, max-snippet:-1, max-image-preview:large, max-video-preview:-1\" \/>\n<link rel=\"canonical\" href=\"https:\/\/elcanillita.info\/press\/2020\/04\/12\/colombia-facilita-retorno-venezolanos-pais\/\" \/>\n<meta property=\"og:locale\" content=\"es_ES\" \/>\n<meta property=\"og:type\" content=\"article\" \/>\n<meta property=\"og:title\" content=\"Colombia facilita el retorno de venezolanos a su pa\u00eds - ElCanillita.Info\" \/>\n<meta property=\"og:description\" content=\"Bogota, 12.04.2020 - Las autoridades colombianas facilitar\u00e1n el retorno de venezolanos a su pa\u00eds, aunque recuerdan que el pa\u00eds el pa\u00eds se encuentran en un &quot;per\u00edodo de aislamiento obligatorio&quot;, inform\u00f3 el Gobierno.\" \/>\n<meta property=\"og:url\" content=\"https:\/\/elcanillita.info\/press\/2020\/04\/12\/colombia-facilita-retorno-venezolanos-pais\/\" \/>\n<meta property=\"og:site_name\" content=\"ElCanillita.Info\" \/>\n<meta property=\"article:publisher\" content=\"https:\/\/ar-ar.facebook.com\/ElCanillitainfo-114249515285712\/\" \/>\n<meta property=\"article:published_time\" content=\"2020-04-12T10:47:57+00:00\" \/>\n<meta property=\"article:modified_time\" content=\"2020-04-12T10:47:59+00:00\" \/>\n<meta name=\"author\" content=\"SalaStampa.eu, world press service\" \/>\n<meta name=\"twitter:card\" content=\"summary_large_image\" \/>\n<meta name=\"twitter:label1\" content=\"Escrito por\" \/>\n\t<meta name=\"twitter:data1\" content=\"SalaStampa.eu, world press service\" \/>\n\t<meta name=\"twitter:label2\" content=\"Tiempo de lectura\" \/>\n\t<meta name=\"twitter:data2\" content=\"2 minutos\" \/>\n<script type=\"application\/ld+json\" class=\"yoast-schema-graph\">{\"@context\":\"https:\\\/\\\/schema.org\",\"@graph\":[{\"@type\":\"Article\",\"@id\":\"https:\\\/\\\/elcanillita.info\\\/press\\\/2020\\\/04\\\/12\\\/colombia-facilita-retorno-venezolanos-pais\\\/#article\",\"isPartOf\":{\"@id\":\"https:\\\/\\\/elcanillita.info\\\/press\\\/2020\\\/04\\\/12\\\/colombia-facilita-retorno-venezolanos-pais\\\/\"},\"author\":{\"name\":\"SalaStampa.eu, world press service\",\"@id\":\"https:\\\/\\\/elcanillita.info\\\/press\\\/#\\\/schema\\\/person\\\/7fcb79f38045700919f7da6d97e71ba0\"},\"headline\":\"Colombia facilita el retorno de venezolanos a su pa\u00eds\",\"datePublished\":\"2020-04-12T10:47:57+00:00\",\"dateModified\":\"2020-04-12T10:47:59+00:00\",\"mainEntityOfPage\":{\"@id\":\"https:\\\/\\\/elcanillita.info\\\/press\\\/2020\\\/04\\\/12\\\/colombia-facilita-retorno-venezolanos-pais\\\/\"},\"wordCount\":388,\"publisher\":{\"@id\":\"https:\\\/\\\/elcanillita.info\\\/press\\\/#organization\"},\"keywords\":[\"Colombia\"],\"articleSection\":[\"Actualidad\",\"Am\u00e9rica del Sur\",\"Politica\",\"Sanidad\",\"Sociedad\"],\"inLanguage\":\"es-AR\"},{\"@type\":\"WebPage\",\"@id\":\"https:\\\/\\\/elcanillita.info\\\/press\\\/2020\\\/04\\\/12\\\/colombia-facilita-retorno-venezolanos-pais\\\/\",\"url\":\"https:\\\/\\\/elcanillita.info\\\/press\\\/2020\\\/04\\\/12\\\/colombia-facilita-retorno-venezolanos-pais\\\/\",\"name\":\"Colombia facilita el retorno de venezolanos a su pa\u00eds - ElCanillita.Info\",\"isPartOf\":{\"@id\":\"https:\\\/\\\/elcanillita.info\\\/press\\\/#website\"},\"datePublished\":\"2020-04-12T10:47:57+00:00\",\"dateModified\":\"2020-04-12T10:47:59+00:00\",\"inLanguage\":\"es-AR\",\"potentialAction\":[{\"@type\":\"ReadAction\",\"target\":[\"https:\\\/\\\/elcanillita.info\\\/press\\\/2020\\\/04\\\/12\\\/colombia-facilita-retorno-venezolanos-pais\\\/\"]}]},{\"@type\":\"WebSite\",\"@id\":\"https:\\\/\\\/elcanillita.info\\\/press\\\/#website\",\"url\":\"https:\\\/\\\/elcanillita.info\\\/press\\\/\",\"name\":\"ElCanillita.Info\",\"description\":\"desde los Apeninos a los Andes\",\"publisher\":{\"@id\":\"https:\\\/\\\/elcanillita.info\\\/press\\\/#organization\"},\"potentialAction\":[{\"@type\":\"SearchAction\",\"target\":{\"@type\":\"EntryPoint\",\"urlTemplate\":\"https:\\\/\\\/elcanillita.info\\\/press\\\/?s={search_term_string}\"},\"query-input\":{\"@type\":\"PropertyValueSpecification\",\"valueRequired\":true,\"valueName\":\"search_term_string\"}}],\"inLanguage\":\"es-AR\"},{\"@type\":\"Organization\",\"@id\":\"https:\\\/\\\/elcanillita.info\\\/press\\\/#organization\",\"name\":\"Guzzo Photos & Graphic Publications\",\"url\":\"https:\\\/\\\/elcanillita.info\\\/press\\\/\",\"logo\":{\"@type\":\"ImageObject\",\"inLanguage\":\"es-AR\",\"@id\":\"https:\\\/\\\/elcanillita.info\\\/press\\\/#\\\/schema\\\/logo\\\/image\\\/\",\"url\":\"https:\\\/\\\/elcanillita.info\\\/press\\\/images\\\/2020\\\/01\\\/cropped-cropped-cropped-elcanillitainfo.png\",\"contentUrl\":\"https:\\\/\\\/elcanillita.info\\\/press\\\/images\\\/2020\\\/01\\\/cropped-cropped-cropped-elcanillitainfo.png\",\"width\":460,\"height\":50,\"caption\":\"Guzzo Photos & Graphic Publications\"},\"image\":{\"@id\":\"https:\\\/\\\/elcanillita.info\\\/press\\\/#\\\/schema\\\/logo\\\/image\\\/\"},\"sameAs\":[\"https:\\\/\\\/ar-ar.facebook.com\\\/ElCanillitainfo-114249515285712\\\/\"]},{\"@type\":\"Person\",\"@id\":\"https:\\\/\\\/elcanillita.info\\\/press\\\/#\\\/schema\\\/person\\\/7fcb79f38045700919f7da6d97e71ba0\",\"name\":\"SalaStampa.eu, world press service\",\"image\":{\"@type\":\"ImageObject\",\"inLanguage\":\"es-AR\",\"@id\":\"https:\\\/\\\/secure.gravatar.com\\\/avatar\\\/c2f0e0d515a107624234994507816ca4724c7199cef73fc8bedebf6931d73888?s=96&d=mm&r=g\",\"url\":\"https:\\\/\\\/secure.gravatar.com\\\/avatar\\\/c2f0e0d515a107624234994507816ca4724c7199cef73fc8bedebf6931d73888?s=96&d=mm&r=g\",\"contentUrl\":\"https:\\\/\\\/secure.gravatar.com\\\/avatar\\\/c2f0e0d515a107624234994507816ca4724c7199cef73fc8bedebf6931d73888?s=96&d=mm&r=g\",\"caption\":\"SalaStampa.eu, world press service\"}}]}<\/script>\n<!-- \/ Yoast SEO plugin. -->","yoast_head_json":{"title":"Colombia facilita el retorno de venezolanos a su pa\u00eds - ElCanillita.Info","robots":{"index":"index","follow":"follow","max-snippet":"max-snippet:-1","max-image-preview":"max-image-preview:large","max-video-preview":"max-video-preview:-1"},"canonical":"https:\/\/elcanillita.info\/press\/2020\/04\/12\/colombia-facilita-retorno-venezolanos-pais\/","og_locale":"es_ES","og_type":"article","og_title":"Colombia facilita el retorno de venezolanos a su pa\u00eds - ElCanillita.Info","og_description":"Bogota, 12.04.2020 - Las autoridades colombianas facilitar\u00e1n el retorno de venezolanos a su pa\u00eds, aunque recuerdan que el pa\u00eds el pa\u00eds se encuentran en un \"per\u00edodo de aislamiento obligatorio\", inform\u00f3 el Gobierno.","og_url":"https:\/\/elcanillita.info\/press\/2020\/04\/12\/colombia-facilita-retorno-venezolanos-pais\/","og_site_name":"ElCanillita.Info","article_publisher":"https:\/\/ar-ar.facebook.com\/ElCanillitainfo-114249515285712\/","article_published_time":"2020-04-12T10:47:57+00:00","article_modified_time":"2020-04-12T10:47:59+00:00","author":"SalaStampa.eu, world press service","twitter_card":"summary_large_image","twitter_misc":{"Escrito por":"SalaStampa.eu, world press service","Tiempo de lectura":"2 minutos"},"schema":{"@context":"https:\/\/schema.org","@graph":[{"@type":"Article","@id":"https:\/\/elcanillita.info\/press\/2020\/04\/12\/colombia-facilita-retorno-venezolanos-pais\/#article","isPartOf":{"@id":"https:\/\/elcanillita.info\/press\/2020\/04\/12\/colombia-facilita-retorno-venezolanos-pais\/"},"author":{"name":"SalaStampa.eu, world press service","@id":"https:\/\/elcanillita.info\/press\/#\/schema\/person\/7fcb79f38045700919f7da6d97e71ba0"},"headline":"Colombia facilita el retorno de venezolanos a su pa\u00eds","datePublished":"2020-04-12T10:47:57+00:00","dateModified":"2020-04-12T10:47:59+00:00","mainEntityOfPage":{"@id":"https:\/\/elcanillita.info\/press\/2020\/04\/12\/colombia-facilita-retorno-venezolanos-pais\/"},"wordCount":388,"publisher":{"@id":"https:\/\/elcanillita.info\/press\/#organization"},"keywords":["Colombia"],"articleSection":["Actualidad","Am\u00e9rica del Sur","Politica","Sanidad","Sociedad"],"inLanguage":"es-AR"},{"@type":"WebPage","@id":"https:\/\/elcanillita.info\/press\/2020\/04\/12\/colombia-facilita-retorno-venezolanos-pais\/","url":"https:\/\/elcanillita.info\/press\/2020\/04\/12\/colombia-facilita-retorno-venezolanos-pais\/","name":"Colombia facilita el retorno de venezolanos a su pa\u00eds - ElCanillita.Info","isPartOf":{"@id":"https:\/\/elcanillita.info\/press\/#website"},"datePublished":"2020-04-12T10:47:57+00:00","dateModified":"2020-04-12T10:47:59+00:00","inLanguage":"es-AR","potentialAction":[{"@type":"ReadAction","target":["https:\/\/elcanillita.info\/press\/2020\/04\/12\/colombia-facilita-retorno-venezolanos-pais\/"]}]},{"@type":"WebSite","@id":"https:\/\/elcanillita.info\/press\/#website","url":"https:\/\/elcanillita.info\/press\/","name":"ElCanillita.Info","description":"desde los Apeninos a los Andes","publisher":{"@id":"https:\/\/elcanillita.info\/press\/#organization"},"potentialAction":[{"@type":"SearchAction","target":{"@type":"EntryPoint","urlTemplate":"https:\/\/elcanillita.info\/press\/?s={search_term_string}"},"query-input":{"@type":"PropertyValueSpecification","valueRequired":true,"valueName":"search_term_string"}}],"inLanguage":"es-AR"},{"@type":"Organization","@id":"https:\/\/elcanillita.info\/press\/#organization","name":"Guzzo Photos & Graphic Publications","url":"https:\/\/elcanillita.info\/press\/","logo":{"@type":"ImageObject","inLanguage":"es-AR","@id":"https:\/\/elcanillita.info\/press\/#\/schema\/logo\/image\/","url":"https:\/\/elcanillita.info\/press\/images\/2020\/01\/cropped-cropped-cropped-elcanillitainfo.png","contentUrl":"https:\/\/elcanillita.info\/press\/images\/2020\/01\/cropped-cropped-cropped-elcanillitainfo.png","width":460,"height":50,"caption":"Guzzo Photos & Graphic Publications"},"image":{"@id":"https:\/\/elcanillita.info\/press\/#\/schema\/logo\/image\/"},"sameAs":["https:\/\/ar-ar.facebook.com\/ElCanillitainfo-114249515285712\/"]},{"@type":"Person","@id":"https:\/\/elcanillita.info\/press\/#\/schema\/person\/7fcb79f38045700919f7da6d97e71ba0","name":"SalaStampa.eu, world press service","image":{"@type":"ImageObject","inLanguage":"es-AR","@id":"https:\/\/secure.gravatar.com\/avatar\/c2f0e0d515a107624234994507816ca4724c7199cef73fc8bedebf6931d73888?s=96&d=mm&r=g","url":"https:\/\/secure.gravatar.com\/avatar\/c2f0e0d515a107624234994507816ca4724c7199cef73fc8bedebf6931d73888?s=96&d=mm&r=g","contentUrl":"https:\/\/secure.gravatar.com\/avatar\/c2f0e0d515a107624234994507816ca4724c7199cef73fc8bedebf6931d73888?s=96&d=mm&r=g","caption":"SalaStampa.eu, world press service"}}]}},"views":772,"_links":{"self":[{"href":"https:\/\/elcanillita.info\/press\/wp-json\/wp\/v2\/posts\/638","targetHints":{"allow":["GET"]}}],"collection":[{"href":"https:\/\/elcanillita.info\/press\/wp-json\/wp\/v2\/posts"}],"about":[{"href":"https:\/\/elcanillita.info\/press\/wp-json\/wp\/v2\/types\/post"}],"author":[{"embeddable":true,"href":"https:\/\/elcanillita.info\/press\/wp-json\/wp\/v2\/users\/1"}],"replies":[{"embeddable":true,"href":"https:\/\/elcanillita.info\/press\/wp-json\/wp\/v2\/comments?post=638"}],"version-history":[{"count":0,"href":"https:\/\/elcanillita.info\/press\/wp-json\/wp\/v2\/posts\/638\/revisions"}],"wp:attachment":[{"href":"https:\/\/elcanillita.info\/press\/wp-json\/wp\/v2\/media?parent=638"}],"wp:term":[{"taxonomy":"category","embeddable":true,"href":"https:\/\/elcanillita.info\/press\/wp-json\/wp\/v2\/categories?post=638"},{"taxonomy":"post_tag","embeddable":true,"href":"https:\/\/elcanillita.info\/press\/wp-json\/wp\/v2\/tags?post=638"}],"curies":[{"name":"wp","href":"https:\/\/api.w.org\/{rel}","templated":true}]}}