{"id":633,"date":"2020-04-11T13:56:21","date_gmt":"2020-04-11T16:56:21","guid":{"rendered":"https:\/\/elcanillita.info\/press\/?p=633"},"modified":"2020-04-11T13:56:24","modified_gmt":"2020-04-11T16:56:24","slug":"dimite-secretario-interino-armada-usa-insultar-capitan-portaaviones","status":"publish","type":"post","link":"https:\/\/elcanillita.info\/press\/2020\/04\/11\/dimite-secretario-interino-armada-usa-insultar-capitan-portaaviones\/","title":{"rendered":"Dimite secretario interino de la Armada de EE.UU., tras insultar a capit\u00e1n de un portaaviones"},"content":{"rendered":"\n<p>Washington, 8.04.2020 &#8211; El secretario interino de la Armada de EE.UU., Thomas Modly, present\u00f3 su dimisi\u00f3n tras haber protagonizado en los \u00faltimos d\u00edas una fuerte controversia por insultar al capit\u00e1n de un portaaviones que hab\u00eda pedido el desalojo del buque debido al impacto del coronavirus.<\/p>\n\n\n\n<p>&#8220;Esta ma\u00f1ana acept\u00e9 la dimisi\u00f3n del secretario Modly. Lo hizo en de motu proprio, poniendo a la Armada y a los marineros por encima de s\u00ed mismo, para que tanto el USS Theodore Roosvelt como la Armada puedan seguir adelante&#8221;, anunci\u00f3 el secretario de Defensa, Mark Esper, en un comunicado.<\/p>\n\n\n\n<p>Su puesto ser\u00e1 ocupado, por el momento, por el actual subsecretario de la Armada, Jim McPherson, un almirante retirado con m\u00e1s de 26 a\u00f1os de servicio.<\/p>\n\n\n\n<p>La decisi\u00f3n de Modly se produce poco despu\u00e9s de que tildara de &#8220;demasiado ingenuo o demasiado est\u00fapido&#8221; al capit\u00e1n Brett Crozier, quien hasta el pasado jueves era el oficial al mando del portaaviones nuclear USS Theodore Roosvelt.&nbsp;<\/p>\n\n\n\n<p>Crozier acapar\u00f3 titulares la semana pasada tras salir a la luz una carta en la que el capit\u00e1n instaba a sus superiores a desalojar el barco, que se encontraba en las costas de Guam, debido a que cerca de un centenar de miembros de la tripulaci\u00f3n estaban enfermos de COVID-19.<\/p>\n\n\n\n<p>La misiva gener\u00f3 un acalorado debate que solo acab\u00f3 cuando el alto mando orden\u00f3 que gran parte de la tripulaci\u00f3n desembarcara, mientras que cerca de un millar de militares permanec\u00edan a bordo del buque para garantizar su funcionamiento y su seguridad.<\/p>\n\n\n\n<p>Al menos 173 marineros a bordo del barco hab\u00edan dado positivo por el coronavirus hasta el lunes, y alrededor de 2.000 de los 4.865 miembros de la tripulaci\u00f3n hab\u00edan abandonado el barco para ser examinados.<\/p>\n\n\n\n<p>&#8220;Que el secretario interino de la Armada, Thomas Modly, presentara su dimisi\u00f3n al secretario de Defensa&nbsp;Mark Esper ha sido lo correcto&#8221;, se\u00f1al\u00f3 en un comunicado Adam Smith, presidente del comit\u00e9 de Servicios Armados de la C\u00e1mara de Representantes.<\/p>\n\n\n\n<p>El congresista dem\u00f3crata agreg\u00f3 que: &#8220;Despu\u00e9s de su mala gesti\u00f3n del brote de COVID-19 en el USS Theodore Roosevelt, hab\u00eda quedado claro que el secretario interino Modly hab\u00eda perdido su capacidad de liderar la Armada&#8221;.<\/p>\n\n\n\n<p>El&nbsp;pasado jueves, el departamento de Defensa opt\u00f3 por relevar a Crozier no tanto por su petici\u00f3n, como por haber mostrado &#8220;un juicio extremadamente pobre&#8221; al permitir que la misiva llegara al p\u00fablico, seg\u00fan explic\u00f3 el propio Modly.<\/p>\n\n\n\n<p>El lunes, el secretario interino de la Armada vol\u00f3 a Guam para dirigirse a la tripulaci\u00f3n del portaaviones, que aprovech\u00f3 la ceremonia para despedir a su ya excapit\u00e1n con una cerrada ovaci\u00f3n.<\/p>\n\n\n\n<p>Ese gesto llev\u00f3 al funcionario a reprender a los militares y a criticar abiertamente a Crozier por su gesti\u00f3n de la crisis generada por el coronavirus.<\/p>\n\n\n\n<p>&#8220;En mi opini\u00f3n, si no se imagin\u00f3 que esa informaci\u00f3n iba a llegarle al p\u00fablico, en estos tiempos que corren, en esta era de la informaci\u00f3n, entonces o bien era demasiado ingenuo o demasiado est\u00fapido&#8221;, espet\u00f3 Moldy a los marineros.<\/p>\n\n\n\n<p>Las duras palabras del secretario llegaron a o\u00eddos del presidente Donald Trump, quien calific\u00f3 su mensaje de &#8220;rudo&#8221;.<\/p>\n\n\n\n<p>Finalmente, Modly opt\u00f3 por emitir el lunes un comunicado de disculpa:&nbsp;&#8220;Pido disculpas por cualquier confusi\u00f3n que pueda haber causado esta elecci\u00f3n de palabras (\u2026). Tambi\u00e9n quiero disculparme directamente con el capit\u00e1n Crozier, su familia y toda la tripulaci\u00f3n del Theodore Roosevelt por cualquier dolor que puedan haber causado mis comentarios&#8221;.<\/p>\n\n\n\n<p>Modly ostentaba el cargo de secretario en funciones de la Armada, el puesto de mayor rango que puede ocupar un civil en la marina estadounidense, desde el pasado 24 de noviembre, pero su nombramiento a\u00fan no hab\u00eda sido confirmado por el Senado.<br><br>\n<small>2020 voanoticias \u2013 salastampa.eu, afiliada a la red Broadcasting Board of Governors \u00a9 2020 BBG<\/small><\/p>\n","protected":false},"excerpt":{"rendered":"<p>Washington, 8.04.2020 &#8211; El secretario interino de la Armada de EE.UU., Thomas Modly, present\u00f3 su dimisi\u00f3n tras haber protagonizado en los \u00faltimos d\u00edas una fuerte controversia por insultar al capit\u00e1n de un portaaviones que hab\u00eda pedido el desalojo del buque debido al impacto del coronavirus.<\/p>\n","protected":false},"author":1,"featured_media":0,"comment_status":"closed","ping_status":"closed","sticky":false,"template":"","format":"standard","meta":{"footnotes":"","_links_to":"","_links_to_target":""},"categories":[70,9,23],"tags":[34],"class_list":["post-633","post","type-post","status-publish","format-standard","hentry","category-actualidad","category-america-del-norte","category-politica","tag-estados-unidos","entry","double"],"yoast_head":"<!-- This site is optimized with the Yoast SEO plugin v27.5 - https:\/\/yoast.com\/product\/yoast-seo-wordpress\/ -->\n<title>Dimite secretario interino de la Armada de EE.UU., tras insultar a capit\u00e1n de un portaaviones - ElCanillita.Info<\/title>\n<meta name=\"robots\" content=\"index, follow, max-snippet:-1, max-image-preview:large, max-video-preview:-1\" \/>\n<link rel=\"canonical\" href=\"https:\/\/elcanillita.info\/press\/2020\/04\/11\/dimite-secretario-interino-armada-usa-insultar-capitan-portaaviones\/\" \/>\n<meta property=\"og:locale\" content=\"es_ES\" \/>\n<meta property=\"og:type\" content=\"article\" \/>\n<meta property=\"og:title\" content=\"Dimite secretario interino de la Armada de EE.UU., tras insultar a capit\u00e1n de un portaaviones - ElCanillita.Info\" \/>\n<meta property=\"og:description\" content=\"Washington, 8.04.2020 - El secretario interino de la Armada de EE.UU., Thomas Modly, present\u00f3 su dimisi\u00f3n tras haber protagonizado en los \u00faltimos d\u00edas una fuerte controversia por insultar al capit\u00e1n de un portaaviones que hab\u00eda pedido el desalojo del buque debido al impacto del coronavirus.\" \/>\n<meta property=\"og:url\" content=\"https:\/\/elcanillita.info\/press\/2020\/04\/11\/dimite-secretario-interino-armada-usa-insultar-capitan-portaaviones\/\" \/>\n<meta property=\"og:site_name\" content=\"ElCanillita.Info\" \/>\n<meta property=\"article:publisher\" content=\"https:\/\/ar-ar.facebook.com\/ElCanillitainfo-114249515285712\/\" \/>\n<meta property=\"article:published_time\" content=\"2020-04-11T16:56:21+00:00\" \/>\n<meta property=\"article:modified_time\" content=\"2020-04-11T16:56:24+00:00\" \/>\n<meta name=\"author\" content=\"SalaStampa.eu, world press service\" \/>\n<meta name=\"twitter:card\" content=\"summary_large_image\" \/>\n<meta name=\"twitter:label1\" content=\"Escrito por\" \/>\n\t<meta name=\"twitter:data1\" content=\"SalaStampa.eu, world press service\" \/>\n\t<meta name=\"twitter:label2\" content=\"Tiempo de lectura\" \/>\n\t<meta name=\"twitter:data2\" content=\"3 minutos\" \/>\n<script type=\"application\/ld+json\" class=\"yoast-schema-graph\">{\"@context\":\"https:\\\/\\\/schema.org\",\"@graph\":[{\"@type\":\"Article\",\"@id\":\"https:\\\/\\\/elcanillita.info\\\/press\\\/2020\\\/04\\\/11\\\/dimite-secretario-interino-armada-usa-insultar-capitan-portaaviones\\\/#article\",\"isPartOf\":{\"@id\":\"https:\\\/\\\/elcanillita.info\\\/press\\\/2020\\\/04\\\/11\\\/dimite-secretario-interino-armada-usa-insultar-capitan-portaaviones\\\/\"},\"author\":{\"name\":\"SalaStampa.eu, world press service\",\"@id\":\"https:\\\/\\\/elcanillita.info\\\/press\\\/#\\\/schema\\\/person\\\/7fcb79f38045700919f7da6d97e71ba0\"},\"headline\":\"Dimite secretario interino de la Armada de EE.UU., tras insultar a capit\u00e1n de un portaaviones\",\"datePublished\":\"2020-04-11T16:56:21+00:00\",\"dateModified\":\"2020-04-11T16:56:24+00:00\",\"mainEntityOfPage\":{\"@id\":\"https:\\\/\\\/elcanillita.info\\\/press\\\/2020\\\/04\\\/11\\\/dimite-secretario-interino-armada-usa-insultar-capitan-portaaviones\\\/\"},\"wordCount\":679,\"publisher\":{\"@id\":\"https:\\\/\\\/elcanillita.info\\\/press\\\/#organization\"},\"keywords\":[\"Estados Unidos\"],\"articleSection\":[\"Actualidad\",\"Am\u00e9rica del Norte\",\"Politica\"],\"inLanguage\":\"es-AR\"},{\"@type\":\"WebPage\",\"@id\":\"https:\\\/\\\/elcanillita.info\\\/press\\\/2020\\\/04\\\/11\\\/dimite-secretario-interino-armada-usa-insultar-capitan-portaaviones\\\/\",\"url\":\"https:\\\/\\\/elcanillita.info\\\/press\\\/2020\\\/04\\\/11\\\/dimite-secretario-interino-armada-usa-insultar-capitan-portaaviones\\\/\",\"name\":\"Dimite secretario interino de la Armada de EE.UU., tras insultar a capit\u00e1n de un portaaviones - ElCanillita.Info\",\"isPartOf\":{\"@id\":\"https:\\\/\\\/elcanillita.info\\\/press\\\/#website\"},\"datePublished\":\"2020-04-11T16:56:21+00:00\",\"dateModified\":\"2020-04-11T16:56:24+00:00\",\"inLanguage\":\"es-AR\",\"potentialAction\":[{\"@type\":\"ReadAction\",\"target\":[\"https:\\\/\\\/elcanillita.info\\\/press\\\/2020\\\/04\\\/11\\\/dimite-secretario-interino-armada-usa-insultar-capitan-portaaviones\\\/\"]}]},{\"@type\":\"WebSite\",\"@id\":\"https:\\\/\\\/elcanillita.info\\\/press\\\/#website\",\"url\":\"https:\\\/\\\/elcanillita.info\\\/press\\\/\",\"name\":\"ElCanillita.Info\",\"description\":\"desde los Apeninos a los Andes\",\"publisher\":{\"@id\":\"https:\\\/\\\/elcanillita.info\\\/press\\\/#organization\"},\"potentialAction\":[{\"@type\":\"SearchAction\",\"target\":{\"@type\":\"EntryPoint\",\"urlTemplate\":\"https:\\\/\\\/elcanillita.info\\\/press\\\/?s={search_term_string}\"},\"query-input\":{\"@type\":\"PropertyValueSpecification\",\"valueRequired\":true,\"valueName\":\"search_term_string\"}}],\"inLanguage\":\"es-AR\"},{\"@type\":\"Organization\",\"@id\":\"https:\\\/\\\/elcanillita.info\\\/press\\\/#organization\",\"name\":\"Guzzo Photos & Graphic Publications\",\"url\":\"https:\\\/\\\/elcanillita.info\\\/press\\\/\",\"logo\":{\"@type\":\"ImageObject\",\"inLanguage\":\"es-AR\",\"@id\":\"https:\\\/\\\/elcanillita.info\\\/press\\\/#\\\/schema\\\/logo\\\/image\\\/\",\"url\":\"https:\\\/\\\/elcanillita.info\\\/press\\\/images\\\/2020\\\/01\\\/cropped-cropped-cropped-elcanillitainfo.png\",\"contentUrl\":\"https:\\\/\\\/elcanillita.info\\\/press\\\/images\\\/2020\\\/01\\\/cropped-cropped-cropped-elcanillitainfo.png\",\"width\":460,\"height\":50,\"caption\":\"Guzzo Photos & Graphic Publications\"},\"image\":{\"@id\":\"https:\\\/\\\/elcanillita.info\\\/press\\\/#\\\/schema\\\/logo\\\/image\\\/\"},\"sameAs\":[\"https:\\\/\\\/ar-ar.facebook.com\\\/ElCanillitainfo-114249515285712\\\/\"]},{\"@type\":\"Person\",\"@id\":\"https:\\\/\\\/elcanillita.info\\\/press\\\/#\\\/schema\\\/person\\\/7fcb79f38045700919f7da6d97e71ba0\",\"name\":\"SalaStampa.eu, world press service\",\"image\":{\"@type\":\"ImageObject\",\"inLanguage\":\"es-AR\",\"@id\":\"https:\\\/\\\/secure.gravatar.com\\\/avatar\\\/c2f0e0d515a107624234994507816ca4724c7199cef73fc8bedebf6931d73888?s=96&d=mm&r=g\",\"url\":\"https:\\\/\\\/secure.gravatar.com\\\/avatar\\\/c2f0e0d515a107624234994507816ca4724c7199cef73fc8bedebf6931d73888?s=96&d=mm&r=g\",\"contentUrl\":\"https:\\\/\\\/secure.gravatar.com\\\/avatar\\\/c2f0e0d515a107624234994507816ca4724c7199cef73fc8bedebf6931d73888?s=96&d=mm&r=g\",\"caption\":\"SalaStampa.eu, world press service\"}}]}<\/script>\n<!-- \/ Yoast SEO plugin. -->","yoast_head_json":{"title":"Dimite secretario interino de la Armada de EE.UU., tras insultar a capit\u00e1n de un portaaviones - ElCanillita.Info","robots":{"index":"index","follow":"follow","max-snippet":"max-snippet:-1","max-image-preview":"max-image-preview:large","max-video-preview":"max-video-preview:-1"},"canonical":"https:\/\/elcanillita.info\/press\/2020\/04\/11\/dimite-secretario-interino-armada-usa-insultar-capitan-portaaviones\/","og_locale":"es_ES","og_type":"article","og_title":"Dimite secretario interino de la Armada de EE.UU., tras insultar a capit\u00e1n de un portaaviones - ElCanillita.Info","og_description":"Washington, 8.04.2020 - El secretario interino de la Armada de EE.UU., Thomas Modly, present\u00f3 su dimisi\u00f3n tras haber protagonizado en los \u00faltimos d\u00edas una fuerte controversia por insultar al capit\u00e1n de un portaaviones que hab\u00eda pedido el desalojo del buque debido al impacto del coronavirus.","og_url":"https:\/\/elcanillita.info\/press\/2020\/04\/11\/dimite-secretario-interino-armada-usa-insultar-capitan-portaaviones\/","og_site_name":"ElCanillita.Info","article_publisher":"https:\/\/ar-ar.facebook.com\/ElCanillitainfo-114249515285712\/","article_published_time":"2020-04-11T16:56:21+00:00","article_modified_time":"2020-04-11T16:56:24+00:00","author":"SalaStampa.eu, world press service","twitter_card":"summary_large_image","twitter_misc":{"Escrito por":"SalaStampa.eu, world press service","Tiempo de lectura":"3 minutos"},"schema":{"@context":"https:\/\/schema.org","@graph":[{"@type":"Article","@id":"https:\/\/elcanillita.info\/press\/2020\/04\/11\/dimite-secretario-interino-armada-usa-insultar-capitan-portaaviones\/#article","isPartOf":{"@id":"https:\/\/elcanillita.info\/press\/2020\/04\/11\/dimite-secretario-interino-armada-usa-insultar-capitan-portaaviones\/"},"author":{"name":"SalaStampa.eu, world press service","@id":"https:\/\/elcanillita.info\/press\/#\/schema\/person\/7fcb79f38045700919f7da6d97e71ba0"},"headline":"Dimite secretario interino de la Armada de EE.UU., tras insultar a capit\u00e1n de un portaaviones","datePublished":"2020-04-11T16:56:21+00:00","dateModified":"2020-04-11T16:56:24+00:00","mainEntityOfPage":{"@id":"https:\/\/elcanillita.info\/press\/2020\/04\/11\/dimite-secretario-interino-armada-usa-insultar-capitan-portaaviones\/"},"wordCount":679,"publisher":{"@id":"https:\/\/elcanillita.info\/press\/#organization"},"keywords":["Estados Unidos"],"articleSection":["Actualidad","Am\u00e9rica del Norte","Politica"],"inLanguage":"es-AR"},{"@type":"WebPage","@id":"https:\/\/elcanillita.info\/press\/2020\/04\/11\/dimite-secretario-interino-armada-usa-insultar-capitan-portaaviones\/","url":"https:\/\/elcanillita.info\/press\/2020\/04\/11\/dimite-secretario-interino-armada-usa-insultar-capitan-portaaviones\/","name":"Dimite secretario interino de la Armada de EE.UU., tras insultar a capit\u00e1n de un portaaviones - ElCanillita.Info","isPartOf":{"@id":"https:\/\/elcanillita.info\/press\/#website"},"datePublished":"2020-04-11T16:56:21+00:00","dateModified":"2020-04-11T16:56:24+00:00","inLanguage":"es-AR","potentialAction":[{"@type":"ReadAction","target":["https:\/\/elcanillita.info\/press\/2020\/04\/11\/dimite-secretario-interino-armada-usa-insultar-capitan-portaaviones\/"]}]},{"@type":"WebSite","@id":"https:\/\/elcanillita.info\/press\/#website","url":"https:\/\/elcanillita.info\/press\/","name":"ElCanillita.Info","description":"desde los Apeninos a los Andes","publisher":{"@id":"https:\/\/elcanillita.info\/press\/#organization"},"potentialAction":[{"@type":"SearchAction","target":{"@type":"EntryPoint","urlTemplate":"https:\/\/elcanillita.info\/press\/?s={search_term_string}"},"query-input":{"@type":"PropertyValueSpecification","valueRequired":true,"valueName":"search_term_string"}}],"inLanguage":"es-AR"},{"@type":"Organization","@id":"https:\/\/elcanillita.info\/press\/#organization","name":"Guzzo Photos & Graphic Publications","url":"https:\/\/elcanillita.info\/press\/","logo":{"@type":"ImageObject","inLanguage":"es-AR","@id":"https:\/\/elcanillita.info\/press\/#\/schema\/logo\/image\/","url":"https:\/\/elcanillita.info\/press\/images\/2020\/01\/cropped-cropped-cropped-elcanillitainfo.png","contentUrl":"https:\/\/elcanillita.info\/press\/images\/2020\/01\/cropped-cropped-cropped-elcanillitainfo.png","width":460,"height":50,"caption":"Guzzo Photos & Graphic Publications"},"image":{"@id":"https:\/\/elcanillita.info\/press\/#\/schema\/logo\/image\/"},"sameAs":["https:\/\/ar-ar.facebook.com\/ElCanillitainfo-114249515285712\/"]},{"@type":"Person","@id":"https:\/\/elcanillita.info\/press\/#\/schema\/person\/7fcb79f38045700919f7da6d97e71ba0","name":"SalaStampa.eu, world press service","image":{"@type":"ImageObject","inLanguage":"es-AR","@id":"https:\/\/secure.gravatar.com\/avatar\/c2f0e0d515a107624234994507816ca4724c7199cef73fc8bedebf6931d73888?s=96&d=mm&r=g","url":"https:\/\/secure.gravatar.com\/avatar\/c2f0e0d515a107624234994507816ca4724c7199cef73fc8bedebf6931d73888?s=96&d=mm&r=g","contentUrl":"https:\/\/secure.gravatar.com\/avatar\/c2f0e0d515a107624234994507816ca4724c7199cef73fc8bedebf6931d73888?s=96&d=mm&r=g","caption":"SalaStampa.eu, world press service"}}]}},"views":575,"_links":{"self":[{"href":"https:\/\/elcanillita.info\/press\/wp-json\/wp\/v2\/posts\/633","targetHints":{"allow":["GET"]}}],"collection":[{"href":"https:\/\/elcanillita.info\/press\/wp-json\/wp\/v2\/posts"}],"about":[{"href":"https:\/\/elcanillita.info\/press\/wp-json\/wp\/v2\/types\/post"}],"author":[{"embeddable":true,"href":"https:\/\/elcanillita.info\/press\/wp-json\/wp\/v2\/users\/1"}],"replies":[{"embeddable":true,"href":"https:\/\/elcanillita.info\/press\/wp-json\/wp\/v2\/comments?post=633"}],"version-history":[{"count":0,"href":"https:\/\/elcanillita.info\/press\/wp-json\/wp\/v2\/posts\/633\/revisions"}],"wp:attachment":[{"href":"https:\/\/elcanillita.info\/press\/wp-json\/wp\/v2\/media?parent=633"}],"wp:term":[{"taxonomy":"category","embeddable":true,"href":"https:\/\/elcanillita.info\/press\/wp-json\/wp\/v2\/categories?post=633"},{"taxonomy":"post_tag","embeddable":true,"href":"https:\/\/elcanillita.info\/press\/wp-json\/wp\/v2\/tags?post=633"}],"curies":[{"name":"wp","href":"https:\/\/api.w.org\/{rel}","templated":true}]}}