{"id":623,"date":"2020-04-09T13:07:03","date_gmt":"2020-04-09T16:07:03","guid":{"rendered":"https:\/\/elcanillita.info\/press\/?p=623"},"modified":"2020-04-09T13:07:38","modified_gmt":"2020-04-09T16:07:38","slug":"director-oms-advierte-politizar-crisis-coronavirus","status":"publish","type":"post","link":"https:\/\/elcanillita.info\/press\/2020\/04\/09\/director-oms-advierte-politizar-crisis-coronavirus\/","title":{"rendered":"Director de la OMS advierte no politizar la crisis del coronavirus"},"content":{"rendered":"\n<p>Ginebra, 09.04.2020 &#8211; El director general de la Organizaci\u00f3n Mundial de la Salud (OMS), Tedros Adhanom Ghebreyesus, advirti\u00f3 a los pa\u00edses, el mi\u00e9rcoles, que politizar la crisis mundial de coronavirus podr\u00eda provocar m\u00e1s muertes&nbsp;despu\u00e9s de que el presidente de&nbsp;Estados Unidos, Donald Trump, criticara a la OMS y amenazara con cortar los fondos para la organizaci\u00f3n internacional de salud p\u00fablica.<\/p>\n\n\n\n<p>Tedros Adhanom hizo una defensa contundente del manejo de su agencia de la pandemia del coronavirus e inst\u00f3 a los pa\u00edses a evitar politizar la situaci\u00f3n &#8220;si no desean tener m\u00e1s bolsas para cad\u00e1veres&#8221;.<br>\n&#8220;Ahora es el momento de la unidad, de que la comunidad internacional trabaje en solidaridad para detener este virus y sus devastadoras consecuencias&#8221;, agreg\u00f3 Tedros.<\/p>\n\n\n\n<p>El presidente Trump, quien ha sido duramente criticado por no reaccionar de manera m\u00e1s r\u00e1pida y agresiva para combatir la propagaci\u00f3n del virus en Estados Unidos, tuite\u00f3 el martes que &#8220;la OMS realmente lo arruin\u00f3&#8221; y acus\u00f3 a la organizaci\u00f3n de estar &#8220;muy centrada en China&#8221;. Tambi\u00e9n agreg\u00f3 que considerar\u00e1 cortar millones en la ayuda de EE.UU. a la OMS.<br>\nPor su parte Tedros dijo que esperaba que los fondos estadounidenses contin\u00faen con el apoyo tradicional bipartidista.<\/p>\n\n\n\n<p>Estados Unidos proporcion\u00f3 m\u00e1s de $ 400 millones a la agencia con sede en Ginebra en 2019, seg\u00fan cifras de la administraci\u00f3n Trump. El sitio web de la OMS muestra a EE.UU. como su principal donante, contribuyendo con casi el 15% del presupuesto.<\/p>\n\n\n\n<p>&#8220;Hemos mantenido al mundo informado sobre los \u00faltimos datos, informaci\u00f3n y pruebas&#8221;, dijo Tedros, y se\u00f1al\u00f3 que el jueves se cumplir\u00edan 100 d\u00edas desde que China notific\u00f3 por primera vez a la organizaci\u00f3n los casos de &#8220;neumon\u00eda con causa desconocida&#8221; el 31 de diciembre.<\/p>\n\n\n\n<p>Tedros, un excanciller de Etiop\u00eda, tambi\u00e9n rechaz\u00f3 la sugerencia de Trump de que la OMS estaba &#8220;centrada en China&#8221; y dijo: &#8220;Estamos cerca de todas las naciones, somos dalt\u00f3nicos&#8221;.<\/p>\n\n\n\n<p>Hasta el mi\u00e9rcoles EE.UU. report\u00f3 cerca de 13 mil muertes, solo detr\u00e1s de Italia y Espa\u00f1a, seg\u00fan las estad\u00edsticas de la Universidad Johns Hopkins. S\u00f3lo en Nueva York, los n\u00fameros apuntan a 779 muertes, la cifra m\u00e1s alta de muertes en un solo un d\u00eda en el estado hasta la fecha.<\/p>\n\n\n\n<p>El gobernador Andrew Cuomo dijo en conferencia de prensa el mi\u00e9rcoles que el distanciamiento social parec\u00eda estar funcionando ya que la cantidad de pacientes hospitalizados ha disminuido en los \u00faltimos d\u00edas.<br><br>\n\n<small>2020 voanoticias \u2013 salastampa.eu, afiliada a la red Broadcasting Board of Governors \u00a9 2020 BBG<\/small><\/p>\n","protected":false},"excerpt":{"rendered":"<p>Ginebra, 09.04.2020 &#8211; El director general de la Organizaci\u00f3n Mundial de la Salud (OMS), Tedros Adhanom Ghebreyesus, advirti\u00f3 a los pa\u00edses, el mi\u00e9rcoles, que politizar la crisis mundial de coronavirus podr\u00eda provocar m\u00e1s muertes despu\u00e9s de que el presidente de Estados Unidos, Donald Trump, criticara a la OMS y amenazara con cortar los fondos para la organizaci\u00f3n internacional de salud p\u00fablica.<\/p>\n","protected":false},"author":1,"featured_media":0,"comment_status":"closed","ping_status":"closed","sticky":false,"template":"","format":"standard","meta":{"footnotes":"","_links_to":"","_links_to_target":""},"categories":[5,78,25],"tags":[],"class_list":["post-623","post","type-post","status-publish","format-standard","hentry","category-europa","category-sanidad","category-sociedad","entry","double"],"yoast_head":"<!-- This site is optimized with the Yoast SEO plugin v27.5 - https:\/\/yoast.com\/product\/yoast-seo-wordpress\/ -->\n<title>Director de la OMS advierte no politizar la crisis del coronavirus - ElCanillita.Info<\/title>\n<meta name=\"robots\" content=\"index, follow, max-snippet:-1, max-image-preview:large, max-video-preview:-1\" \/>\n<link rel=\"canonical\" href=\"https:\/\/elcanillita.info\/press\/2020\/04\/09\/director-oms-advierte-politizar-crisis-coronavirus\/\" \/>\n<meta property=\"og:locale\" content=\"es_ES\" \/>\n<meta property=\"og:type\" content=\"article\" \/>\n<meta property=\"og:title\" content=\"Director de la OMS advierte no politizar la crisis del coronavirus - ElCanillita.Info\" \/>\n<meta property=\"og:description\" content=\"Ginebra, 09.04.2020 - El director general de la Organizaci\u00f3n Mundial de la Salud (OMS), Tedros Adhanom Ghebreyesus, advirti\u00f3 a los pa\u00edses, el mi\u00e9rcoles, que politizar la crisis mundial de coronavirus podr\u00eda provocar m\u00e1s muertes despu\u00e9s de que el presidente de Estados Unidos, Donald Trump, criticara a la OMS y amenazara con cortar los fondos para la organizaci\u00f3n internacional de salud p\u00fablica.\" \/>\n<meta property=\"og:url\" content=\"https:\/\/elcanillita.info\/press\/2020\/04\/09\/director-oms-advierte-politizar-crisis-coronavirus\/\" \/>\n<meta property=\"og:site_name\" content=\"ElCanillita.Info\" \/>\n<meta property=\"article:publisher\" content=\"https:\/\/ar-ar.facebook.com\/ElCanillitainfo-114249515285712\/\" \/>\n<meta property=\"article:published_time\" content=\"2020-04-09T16:07:03+00:00\" \/>\n<meta property=\"article:modified_time\" content=\"2020-04-09T16:07:38+00:00\" \/>\n<meta name=\"author\" content=\"SalaStampa.eu, world press service\" \/>\n<meta name=\"twitter:card\" content=\"summary_large_image\" \/>\n<meta name=\"twitter:label1\" content=\"Escrito por\" \/>\n\t<meta name=\"twitter:data1\" content=\"SalaStampa.eu, world press service\" \/>\n\t<meta name=\"twitter:label2\" content=\"Tiempo de lectura\" \/>\n\t<meta name=\"twitter:data2\" content=\"2 minutos\" \/>\n<script type=\"application\/ld+json\" class=\"yoast-schema-graph\">{\"@context\":\"https:\\\/\\\/schema.org\",\"@graph\":[{\"@type\":\"Article\",\"@id\":\"https:\\\/\\\/elcanillita.info\\\/press\\\/2020\\\/04\\\/09\\\/director-oms-advierte-politizar-crisis-coronavirus\\\/#article\",\"isPartOf\":{\"@id\":\"https:\\\/\\\/elcanillita.info\\\/press\\\/2020\\\/04\\\/09\\\/director-oms-advierte-politizar-crisis-coronavirus\\\/\"},\"author\":{\"name\":\"SalaStampa.eu, world press service\",\"@id\":\"https:\\\/\\\/elcanillita.info\\\/press\\\/#\\\/schema\\\/person\\\/7fcb79f38045700919f7da6d97e71ba0\"},\"headline\":\"Director de la OMS advierte no politizar la crisis del coronavirus\",\"datePublished\":\"2020-04-09T16:07:03+00:00\",\"dateModified\":\"2020-04-09T16:07:38+00:00\",\"mainEntityOfPage\":{\"@id\":\"https:\\\/\\\/elcanillita.info\\\/press\\\/2020\\\/04\\\/09\\\/director-oms-advierte-politizar-crisis-coronavirus\\\/\"},\"wordCount\":456,\"publisher\":{\"@id\":\"https:\\\/\\\/elcanillita.info\\\/press\\\/#organization\"},\"articleSection\":[\"Europa\",\"Sanidad\",\"Sociedad\"],\"inLanguage\":\"es-AR\"},{\"@type\":\"WebPage\",\"@id\":\"https:\\\/\\\/elcanillita.info\\\/press\\\/2020\\\/04\\\/09\\\/director-oms-advierte-politizar-crisis-coronavirus\\\/\",\"url\":\"https:\\\/\\\/elcanillita.info\\\/press\\\/2020\\\/04\\\/09\\\/director-oms-advierte-politizar-crisis-coronavirus\\\/\",\"name\":\"Director de la OMS advierte no politizar la crisis del coronavirus - ElCanillita.Info\",\"isPartOf\":{\"@id\":\"https:\\\/\\\/elcanillita.info\\\/press\\\/#website\"},\"datePublished\":\"2020-04-09T16:07:03+00:00\",\"dateModified\":\"2020-04-09T16:07:38+00:00\",\"inLanguage\":\"es-AR\",\"potentialAction\":[{\"@type\":\"ReadAction\",\"target\":[\"https:\\\/\\\/elcanillita.info\\\/press\\\/2020\\\/04\\\/09\\\/director-oms-advierte-politizar-crisis-coronavirus\\\/\"]}]},{\"@type\":\"WebSite\",\"@id\":\"https:\\\/\\\/elcanillita.info\\\/press\\\/#website\",\"url\":\"https:\\\/\\\/elcanillita.info\\\/press\\\/\",\"name\":\"ElCanillita.Info\",\"description\":\"desde los Apeninos a los Andes\",\"publisher\":{\"@id\":\"https:\\\/\\\/elcanillita.info\\\/press\\\/#organization\"},\"potentialAction\":[{\"@type\":\"SearchAction\",\"target\":{\"@type\":\"EntryPoint\",\"urlTemplate\":\"https:\\\/\\\/elcanillita.info\\\/press\\\/?s={search_term_string}\"},\"query-input\":{\"@type\":\"PropertyValueSpecification\",\"valueRequired\":true,\"valueName\":\"search_term_string\"}}],\"inLanguage\":\"es-AR\"},{\"@type\":\"Organization\",\"@id\":\"https:\\\/\\\/elcanillita.info\\\/press\\\/#organization\",\"name\":\"Guzzo Photos & Graphic Publications\",\"url\":\"https:\\\/\\\/elcanillita.info\\\/press\\\/\",\"logo\":{\"@type\":\"ImageObject\",\"inLanguage\":\"es-AR\",\"@id\":\"https:\\\/\\\/elcanillita.info\\\/press\\\/#\\\/schema\\\/logo\\\/image\\\/\",\"url\":\"https:\\\/\\\/elcanillita.info\\\/press\\\/images\\\/2020\\\/01\\\/cropped-cropped-cropped-elcanillitainfo.png\",\"contentUrl\":\"https:\\\/\\\/elcanillita.info\\\/press\\\/images\\\/2020\\\/01\\\/cropped-cropped-cropped-elcanillitainfo.png\",\"width\":460,\"height\":50,\"caption\":\"Guzzo Photos & Graphic Publications\"},\"image\":{\"@id\":\"https:\\\/\\\/elcanillita.info\\\/press\\\/#\\\/schema\\\/logo\\\/image\\\/\"},\"sameAs\":[\"https:\\\/\\\/ar-ar.facebook.com\\\/ElCanillitainfo-114249515285712\\\/\"]},{\"@type\":\"Person\",\"@id\":\"https:\\\/\\\/elcanillita.info\\\/press\\\/#\\\/schema\\\/person\\\/7fcb79f38045700919f7da6d97e71ba0\",\"name\":\"SalaStampa.eu, world press service\",\"image\":{\"@type\":\"ImageObject\",\"inLanguage\":\"es-AR\",\"@id\":\"https:\\\/\\\/secure.gravatar.com\\\/avatar\\\/c2f0e0d515a107624234994507816ca4724c7199cef73fc8bedebf6931d73888?s=96&d=mm&r=g\",\"url\":\"https:\\\/\\\/secure.gravatar.com\\\/avatar\\\/c2f0e0d515a107624234994507816ca4724c7199cef73fc8bedebf6931d73888?s=96&d=mm&r=g\",\"contentUrl\":\"https:\\\/\\\/secure.gravatar.com\\\/avatar\\\/c2f0e0d515a107624234994507816ca4724c7199cef73fc8bedebf6931d73888?s=96&d=mm&r=g\",\"caption\":\"SalaStampa.eu, world press service\"}}]}<\/script>\n<!-- \/ Yoast SEO plugin. -->","yoast_head_json":{"title":"Director de la OMS advierte no politizar la crisis del coronavirus - ElCanillita.Info","robots":{"index":"index","follow":"follow","max-snippet":"max-snippet:-1","max-image-preview":"max-image-preview:large","max-video-preview":"max-video-preview:-1"},"canonical":"https:\/\/elcanillita.info\/press\/2020\/04\/09\/director-oms-advierte-politizar-crisis-coronavirus\/","og_locale":"es_ES","og_type":"article","og_title":"Director de la OMS advierte no politizar la crisis del coronavirus - ElCanillita.Info","og_description":"Ginebra, 09.04.2020 - El director general de la Organizaci\u00f3n Mundial de la Salud (OMS), Tedros Adhanom Ghebreyesus, advirti\u00f3 a los pa\u00edses, el mi\u00e9rcoles, que politizar la crisis mundial de coronavirus podr\u00eda provocar m\u00e1s muertes despu\u00e9s de que el presidente de Estados Unidos, Donald Trump, criticara a la OMS y amenazara con cortar los fondos para la organizaci\u00f3n internacional de salud p\u00fablica.","og_url":"https:\/\/elcanillita.info\/press\/2020\/04\/09\/director-oms-advierte-politizar-crisis-coronavirus\/","og_site_name":"ElCanillita.Info","article_publisher":"https:\/\/ar-ar.facebook.com\/ElCanillitainfo-114249515285712\/","article_published_time":"2020-04-09T16:07:03+00:00","article_modified_time":"2020-04-09T16:07:38+00:00","author":"SalaStampa.eu, world press service","twitter_card":"summary_large_image","twitter_misc":{"Escrito por":"SalaStampa.eu, world press service","Tiempo de lectura":"2 minutos"},"schema":{"@context":"https:\/\/schema.org","@graph":[{"@type":"Article","@id":"https:\/\/elcanillita.info\/press\/2020\/04\/09\/director-oms-advierte-politizar-crisis-coronavirus\/#article","isPartOf":{"@id":"https:\/\/elcanillita.info\/press\/2020\/04\/09\/director-oms-advierte-politizar-crisis-coronavirus\/"},"author":{"name":"SalaStampa.eu, world press service","@id":"https:\/\/elcanillita.info\/press\/#\/schema\/person\/7fcb79f38045700919f7da6d97e71ba0"},"headline":"Director de la OMS advierte no politizar la crisis del coronavirus","datePublished":"2020-04-09T16:07:03+00:00","dateModified":"2020-04-09T16:07:38+00:00","mainEntityOfPage":{"@id":"https:\/\/elcanillita.info\/press\/2020\/04\/09\/director-oms-advierte-politizar-crisis-coronavirus\/"},"wordCount":456,"publisher":{"@id":"https:\/\/elcanillita.info\/press\/#organization"},"articleSection":["Europa","Sanidad","Sociedad"],"inLanguage":"es-AR"},{"@type":"WebPage","@id":"https:\/\/elcanillita.info\/press\/2020\/04\/09\/director-oms-advierte-politizar-crisis-coronavirus\/","url":"https:\/\/elcanillita.info\/press\/2020\/04\/09\/director-oms-advierte-politizar-crisis-coronavirus\/","name":"Director de la OMS advierte no politizar la crisis del coronavirus - ElCanillita.Info","isPartOf":{"@id":"https:\/\/elcanillita.info\/press\/#website"},"datePublished":"2020-04-09T16:07:03+00:00","dateModified":"2020-04-09T16:07:38+00:00","inLanguage":"es-AR","potentialAction":[{"@type":"ReadAction","target":["https:\/\/elcanillita.info\/press\/2020\/04\/09\/director-oms-advierte-politizar-crisis-coronavirus\/"]}]},{"@type":"WebSite","@id":"https:\/\/elcanillita.info\/press\/#website","url":"https:\/\/elcanillita.info\/press\/","name":"ElCanillita.Info","description":"desde los Apeninos a los Andes","publisher":{"@id":"https:\/\/elcanillita.info\/press\/#organization"},"potentialAction":[{"@type":"SearchAction","target":{"@type":"EntryPoint","urlTemplate":"https:\/\/elcanillita.info\/press\/?s={search_term_string}"},"query-input":{"@type":"PropertyValueSpecification","valueRequired":true,"valueName":"search_term_string"}}],"inLanguage":"es-AR"},{"@type":"Organization","@id":"https:\/\/elcanillita.info\/press\/#organization","name":"Guzzo Photos & Graphic Publications","url":"https:\/\/elcanillita.info\/press\/","logo":{"@type":"ImageObject","inLanguage":"es-AR","@id":"https:\/\/elcanillita.info\/press\/#\/schema\/logo\/image\/","url":"https:\/\/elcanillita.info\/press\/images\/2020\/01\/cropped-cropped-cropped-elcanillitainfo.png","contentUrl":"https:\/\/elcanillita.info\/press\/images\/2020\/01\/cropped-cropped-cropped-elcanillitainfo.png","width":460,"height":50,"caption":"Guzzo Photos & Graphic Publications"},"image":{"@id":"https:\/\/elcanillita.info\/press\/#\/schema\/logo\/image\/"},"sameAs":["https:\/\/ar-ar.facebook.com\/ElCanillitainfo-114249515285712\/"]},{"@type":"Person","@id":"https:\/\/elcanillita.info\/press\/#\/schema\/person\/7fcb79f38045700919f7da6d97e71ba0","name":"SalaStampa.eu, world press service","image":{"@type":"ImageObject","inLanguage":"es-AR","@id":"https:\/\/secure.gravatar.com\/avatar\/c2f0e0d515a107624234994507816ca4724c7199cef73fc8bedebf6931d73888?s=96&d=mm&r=g","url":"https:\/\/secure.gravatar.com\/avatar\/c2f0e0d515a107624234994507816ca4724c7199cef73fc8bedebf6931d73888?s=96&d=mm&r=g","contentUrl":"https:\/\/secure.gravatar.com\/avatar\/c2f0e0d515a107624234994507816ca4724c7199cef73fc8bedebf6931d73888?s=96&d=mm&r=g","caption":"SalaStampa.eu, world press service"}}]}},"views":626,"_links":{"self":[{"href":"https:\/\/elcanillita.info\/press\/wp-json\/wp\/v2\/posts\/623","targetHints":{"allow":["GET"]}}],"collection":[{"href":"https:\/\/elcanillita.info\/press\/wp-json\/wp\/v2\/posts"}],"about":[{"href":"https:\/\/elcanillita.info\/press\/wp-json\/wp\/v2\/types\/post"}],"author":[{"embeddable":true,"href":"https:\/\/elcanillita.info\/press\/wp-json\/wp\/v2\/users\/1"}],"replies":[{"embeddable":true,"href":"https:\/\/elcanillita.info\/press\/wp-json\/wp\/v2\/comments?post=623"}],"version-history":[{"count":0,"href":"https:\/\/elcanillita.info\/press\/wp-json\/wp\/v2\/posts\/623\/revisions"}],"wp:attachment":[{"href":"https:\/\/elcanillita.info\/press\/wp-json\/wp\/v2\/media?parent=623"}],"wp:term":[{"taxonomy":"category","embeddable":true,"href":"https:\/\/elcanillita.info\/press\/wp-json\/wp\/v2\/categories?post=623"},{"taxonomy":"post_tag","embeddable":true,"href":"https:\/\/elcanillita.info\/press\/wp-json\/wp\/v2\/tags?post=623"}],"curies":[{"name":"wp","href":"https:\/\/api.w.org\/{rel}","templated":true}]}}