{"id":6194,"date":"2026-03-17T16:59:53","date_gmt":"2026-03-17T19:59:53","guid":{"rendered":"https:\/\/elcanillita.info\/press\/?p=6194"},"modified":"2026-03-17T17:00:44","modified_gmt":"2026-03-17T20:00:44","slug":"libra-avanza","status":"publish","type":"post","link":"https:\/\/elcanillita.info\/press\/2026\/03\/17\/libra-avanza\/","title":{"rendered":"$LIBRA AVANZA"},"content":{"rendered":"<div class=\"wp-block-image\">\n<figure class=\"alignleft size-full is-resized\"><img loading=\"lazy\" decoding=\"async\" width=\"400\" height=\"600\" src=\"https:\/\/elcanillita.info\/press\/images\/2026\/03\/covlibrpage_20260317.jpg\" alt=\"\" class=\"wp-image-6195\" style=\"width:339px;height:auto\" srcset=\"https:\/\/elcanillita.info\/press\/images\/2026\/03\/covlibrpage_20260317.jpg 400w, https:\/\/elcanillita.info\/press\/images\/2026\/03\/covlibrpage_20260317-200x300.jpg 200w\" sizes=\"auto, (max-width: 400px) 100vw, 400px\" \/><\/figure>\n<\/div>\n\n\n<p>En los \u00faltimos d\u00edas, lo que antes circulaba en susurros empez\u00f3 a vibrar en los tel\u00e9fonos. Y no en cualquiera: en el de Mauricio Novelli, el intermediario entre los Milei y Hayden Davis, se\u00f1alado como el arquitecto de esta criptomoneda que oscila entre negocio ambicioso y estafa con marketing.<\/p>\n\n\n\n<p>La novedad no es menor. Aparecieron documentos. Y no papeles sueltos: borradores comprometedores que, de confirmarse, rozan directamente al c\u00edrculo \u00edntimo del poder. Entre ellos, uno particularmente inc\u00f3modo: un supuesto contrato que establecer\u00eda un pago de 5 millones de d\u00f3lares a Javier Milei por participar en el lanzamiento de la moneda.<\/p>\n\n\n\n<p>El Gobierno, fiel a su estilo cuando el terreno se vuelve resbaladizo, eligi\u00f3 el silencio. Ni confirmaci\u00f3n ni desmentida. Una estrategia que, en pol\u00edtica, rara vez apaga incendios: m\u00e1s bien los deja arder sin c\u00e1mara.<\/p>\n\n\n\n<p>La pregunta que sobrevuela \u2014y que nadie logra aterrizar\u2014 es simple: \u00bfcu\u00e1nto sab\u00edan? \u00bfSe trataba de un proyecto financiero leg\u00edtimo con mala ejecuci\u00f3n, o de una estructura pensada desde el inicio con protagonistas bien definidos?<\/p>\n\n\n\n<p>El nombre de Novelli no aparece por casualidad. La relaci\u00f3n con Milei no es nueva. Ya en 2021, cuando el hoy presidente era diputado, particip\u00f3 en otro lanzamiento cripto que termin\u00f3 en fracaso. En aquel entonces, tambi\u00e9n hubo denuncias, tambi\u00e9n se habl\u00f3 de estafa, y tambi\u00e9n la causa judicial tuvo un destino curioso: avanz\u00f3 sin rozar al protagonista principal.<\/p>\n\n\n\n<p>El juez de aquella causa era Ariel Lijo. Un detalle que, visto con perspectiva, adquiere otro peso. Porque el mismo Lijo fue posteriormente designado por decreto por el propio Milei como juez de la Corte Suprema, en una jugada que tens\u00f3 la cuerda institucional hasta casi romperla.<\/p>\n\n\n\n<p>El decreto, firmado el 25 de febrero de 2025, fue presentado como una respuesta a la par\u00e1lisis del Senado. Pero m\u00e1s all\u00e1 de la letra constitucional, la decisi\u00f3n dej\u00f3 una sensaci\u00f3n persistente: en Argentina, las trayectorias no siempre son casuales, y los v\u00ednculos rara vez son inocentes.<\/p>\n\n\n\n<p>As\u00ed, el caso $LIBRA deja de ser solo un episodio financiero para transformarse en una radiograf\u00eda del poder: negocios, pol\u00edtica y justicia orbitando en el mismo sistema, a veces sin gravedad que los ordene.<\/p>\n\n\n\n<p>Mientras tanto, la historia sigue escribi\u00e9ndose en tiempo real. Con documentos que aparecen, preguntas que se acumulan y respuestas que no llegan.<\/p>\n\n\n\n<p>Y como dir\u00eda Giulio Andreotti, con esa iron\u00eda que envejeci\u00f3 mejor que muchos discursos: pensar mal es un pecado\u2026 pero, a veces, se adivina.<\/p>\n\n\n<p>\u270d\ufe0f \u00a92026  El Broker del Porvenir &#8211; Derechos reservados<\/p>\n<hr style=\"border: none; height: 1px; background-color: #ccc; margin: 2em 0;\" \/>\n<small>\u00a9 2026 SalaStampa.eu, world press service &#8211; All Rights Reserved &#8211;  Guzzo Photos &#038; Graphic  Publications \u2013 Registro Editori e Stampatori n. 1441 Turin, Italy<\/small><\/p>","protected":false},"excerpt":{"rendered":"<p>Entre contratos en borrador, silencios oficiales y viejas amistades que resisten el paso del tiempo, el caso $LIBRA empieza a parecer menos una innovaci\u00f3n financiera y m\u00e1s un d\u00e9j\u00e0 vu con olor a expediente.<\/p>\n","protected":false},"author":14,"featured_media":6196,"comment_status":"closed","ping_status":"closed","sticky":false,"template":"","format":"standard","meta":{"footnotes":"","_links_to":"","_links_to_target":""},"categories":[108,121,70,11,118,23,137],"tags":[29],"class_list":["post-6194","post","type-post","status-publish","format-standard","has-post-thumbnail","hentry","category-blogdiario","category-dc24","category-actualidad","category-america-del-sur","category-corrupcion","category-politica","category-sociedad-y-valores","tag-argentina","entry","double"],"yoast_head":"<!-- This site is optimized with the Yoast SEO plugin v27.5 - https:\/\/yoast.com\/product\/yoast-seo-wordpress\/ -->\n<title>$LIBRA AVANZA - ElCanillita.Info<\/title>\n<meta name=\"robots\" content=\"index, follow, max-snippet:-1, max-image-preview:large, max-video-preview:-1\" \/>\n<link rel=\"canonical\" href=\"https:\/\/elcanillita.info\/press\/2026\/03\/17\/libra-avanza\/\" \/>\n<meta property=\"og:locale\" content=\"es_ES\" \/>\n<meta property=\"og:type\" content=\"article\" \/>\n<meta property=\"og:title\" content=\"$LIBRA AVANZA - ElCanillita.Info\" \/>\n<meta property=\"og:description\" content=\"Entre contratos en borrador, silencios oficiales y viejas amistades que resisten el paso del tiempo, el caso $LIBRA empieza a parecer menos una innovaci\u00f3n financiera y m\u00e1s un d\u00e9j\u00e0 vu con olor a expediente.\" \/>\n<meta property=\"og:url\" content=\"https:\/\/elcanillita.info\/press\/2026\/03\/17\/libra-avanza\/\" \/>\n<meta property=\"og:site_name\" content=\"ElCanillita.Info\" \/>\n<meta property=\"article:publisher\" content=\"https:\/\/ar-ar.facebook.com\/ElCanillitainfo-114249515285712\/\" \/>\n<meta property=\"article:published_time\" content=\"2026-03-17T19:59:53+00:00\" \/>\n<meta property=\"article:modified_time\" content=\"2026-03-17T20:00:44+00:00\" \/>\n<meta property=\"og:image\" content=\"https:\/\/elcanillita.info\/press\/images\/2026\/03\/covlibrEd_20260317.jpg\" \/>\n\t<meta property=\"og:image:width\" content=\"500\" \/>\n\t<meta property=\"og:image:height\" content=\"334\" \/>\n\t<meta property=\"og:image:type\" content=\"image\/jpeg\" \/>\n<meta name=\"author\" content=\"ElCanillita.info Guzzo Photos &amp; Graphic Publications\" \/>\n<meta name=\"twitter:card\" content=\"summary_large_image\" \/>\n<meta name=\"twitter:label1\" content=\"Escrito por\" \/>\n\t<meta name=\"twitter:data1\" content=\"ElCanillita.info Guzzo Photos &amp; Graphic Publications\" \/>\n\t<meta name=\"twitter:label2\" content=\"Tiempo de lectura\" \/>\n\t<meta name=\"twitter:data2\" content=\"3 minutos\" \/>\n<script type=\"application\/ld+json\" class=\"yoast-schema-graph\">{\"@context\":\"https:\\\/\\\/schema.org\",\"@graph\":[{\"@type\":\"Article\",\"@id\":\"https:\\\/\\\/elcanillita.info\\\/press\\\/2026\\\/03\\\/17\\\/libra-avanza\\\/#article\",\"isPartOf\":{\"@id\":\"https:\\\/\\\/elcanillita.info\\\/press\\\/2026\\\/03\\\/17\\\/libra-avanza\\\/\"},\"author\":{\"name\":\"ElCanillita.info Guzzo Photos &amp; Graphic Publications\",\"@id\":\"https:\\\/\\\/elcanillita.info\\\/press\\\/#\\\/schema\\\/person\\\/e37a550cff8f5f3407ed112e4cc619cb\"},\"headline\":\"$LIBRA AVANZA\",\"datePublished\":\"2026-03-17T19:59:53+00:00\",\"dateModified\":\"2026-03-17T20:00:44+00:00\",\"mainEntityOfPage\":{\"@id\":\"https:\\\/\\\/elcanillita.info\\\/press\\\/2026\\\/03\\\/17\\\/libra-avanza\\\/\"},\"wordCount\":458,\"publisher\":{\"@id\":\"https:\\\/\\\/elcanillita.info\\\/press\\\/#organization\"},\"image\":{\"@id\":\"https:\\\/\\\/elcanillita.info\\\/press\\\/2026\\\/03\\\/17\\\/libra-avanza\\\/#primaryimage\"},\"thumbnailUrl\":\"https:\\\/\\\/elcanillita.info\\\/press\\\/images\\\/2026\\\/03\\\/covlibrEd_20260317.jpg\",\"keywords\":[\"Argentina\"],\"articleSection\":[\".\",\".\",\"Actualidad\",\"Am\u00e9rica del Sur\",\"Corrupci\u00f3n\",\"Politica\",\"Sociedad y valores\"],\"inLanguage\":\"es-AR\"},{\"@type\":\"WebPage\",\"@id\":\"https:\\\/\\\/elcanillita.info\\\/press\\\/2026\\\/03\\\/17\\\/libra-avanza\\\/\",\"url\":\"https:\\\/\\\/elcanillita.info\\\/press\\\/2026\\\/03\\\/17\\\/libra-avanza\\\/\",\"name\":\"$LIBRA AVANZA - ElCanillita.Info\",\"isPartOf\":{\"@id\":\"https:\\\/\\\/elcanillita.info\\\/press\\\/#website\"},\"primaryImageOfPage\":{\"@id\":\"https:\\\/\\\/elcanillita.info\\\/press\\\/2026\\\/03\\\/17\\\/libra-avanza\\\/#primaryimage\"},\"image\":{\"@id\":\"https:\\\/\\\/elcanillita.info\\\/press\\\/2026\\\/03\\\/17\\\/libra-avanza\\\/#primaryimage\"},\"thumbnailUrl\":\"https:\\\/\\\/elcanillita.info\\\/press\\\/images\\\/2026\\\/03\\\/covlibrEd_20260317.jpg\",\"datePublished\":\"2026-03-17T19:59:53+00:00\",\"dateModified\":\"2026-03-17T20:00:44+00:00\",\"inLanguage\":\"es-AR\",\"potentialAction\":[{\"@type\":\"ReadAction\",\"target\":[\"https:\\\/\\\/elcanillita.info\\\/press\\\/2026\\\/03\\\/17\\\/libra-avanza\\\/\"]}]},{\"@type\":\"ImageObject\",\"inLanguage\":\"es-AR\",\"@id\":\"https:\\\/\\\/elcanillita.info\\\/press\\\/2026\\\/03\\\/17\\\/libra-avanza\\\/#primaryimage\",\"url\":\"https:\\\/\\\/elcanillita.info\\\/press\\\/images\\\/2026\\\/03\\\/covlibrEd_20260317.jpg\",\"contentUrl\":\"https:\\\/\\\/elcanillita.info\\\/press\\\/images\\\/2026\\\/03\\\/covlibrEd_20260317.jpg\",\"width\":500,\"height\":334},{\"@type\":\"WebSite\",\"@id\":\"https:\\\/\\\/elcanillita.info\\\/press\\\/#website\",\"url\":\"https:\\\/\\\/elcanillita.info\\\/press\\\/\",\"name\":\"ElCanillita.Info\",\"description\":\"desde los Apeninos a los Andes\",\"publisher\":{\"@id\":\"https:\\\/\\\/elcanillita.info\\\/press\\\/#organization\"},\"potentialAction\":[{\"@type\":\"SearchAction\",\"target\":{\"@type\":\"EntryPoint\",\"urlTemplate\":\"https:\\\/\\\/elcanillita.info\\\/press\\\/?s={search_term_string}\"},\"query-input\":{\"@type\":\"PropertyValueSpecification\",\"valueRequired\":true,\"valueName\":\"search_term_string\"}}],\"inLanguage\":\"es-AR\"},{\"@type\":\"Organization\",\"@id\":\"https:\\\/\\\/elcanillita.info\\\/press\\\/#organization\",\"name\":\"Guzzo Photos & Graphic Publications\",\"url\":\"https:\\\/\\\/elcanillita.info\\\/press\\\/\",\"logo\":{\"@type\":\"ImageObject\",\"inLanguage\":\"es-AR\",\"@id\":\"https:\\\/\\\/elcanillita.info\\\/press\\\/#\\\/schema\\\/logo\\\/image\\\/\",\"url\":\"https:\\\/\\\/elcanillita.info\\\/press\\\/images\\\/2020\\\/01\\\/cropped-cropped-cropped-elcanillitainfo.png\",\"contentUrl\":\"https:\\\/\\\/elcanillita.info\\\/press\\\/images\\\/2020\\\/01\\\/cropped-cropped-cropped-elcanillitainfo.png\",\"width\":460,\"height\":50,\"caption\":\"Guzzo Photos & Graphic Publications\"},\"image\":{\"@id\":\"https:\\\/\\\/elcanillita.info\\\/press\\\/#\\\/schema\\\/logo\\\/image\\\/\"},\"sameAs\":[\"https:\\\/\\\/ar-ar.facebook.com\\\/ElCanillitainfo-114249515285712\\\/\"]},{\"@type\":\"Person\",\"@id\":\"https:\\\/\\\/elcanillita.info\\\/press\\\/#\\\/schema\\\/person\\\/e37a550cff8f5f3407ed112e4cc619cb\",\"name\":\"ElCanillita.info Guzzo Photos &amp; Graphic Publications\",\"image\":{\"@type\":\"ImageObject\",\"inLanguage\":\"es-AR\",\"@id\":\"https:\\\/\\\/secure.gravatar.com\\\/avatar\\\/8914fbe0ef09248907e331ab93dfa89c7f76decf6b51cd1b2f8444e6260db772?s=96&d=mm&r=g\",\"url\":\"https:\\\/\\\/secure.gravatar.com\\\/avatar\\\/8914fbe0ef09248907e331ab93dfa89c7f76decf6b51cd1b2f8444e6260db772?s=96&d=mm&r=g\",\"contentUrl\":\"https:\\\/\\\/secure.gravatar.com\\\/avatar\\\/8914fbe0ef09248907e331ab93dfa89c7f76decf6b51cd1b2f8444e6260db772?s=96&d=mm&r=g\",\"caption\":\"ElCanillita.info Guzzo Photos &amp; Graphic Publications\"},\"sameAs\":[\"http:\\\/\\\/guzzophotos.com\"]}]}<\/script>\n<!-- \/ Yoast SEO plugin. -->","yoast_head_json":{"title":"$LIBRA AVANZA - ElCanillita.Info","robots":{"index":"index","follow":"follow","max-snippet":"max-snippet:-1","max-image-preview":"max-image-preview:large","max-video-preview":"max-video-preview:-1"},"canonical":"https:\/\/elcanillita.info\/press\/2026\/03\/17\/libra-avanza\/","og_locale":"es_ES","og_type":"article","og_title":"$LIBRA AVANZA - ElCanillita.Info","og_description":"Entre contratos en borrador, silencios oficiales y viejas amistades que resisten el paso del tiempo, el caso $LIBRA empieza a parecer menos una innovaci\u00f3n financiera y m\u00e1s un d\u00e9j\u00e0 vu con olor a expediente.","og_url":"https:\/\/elcanillita.info\/press\/2026\/03\/17\/libra-avanza\/","og_site_name":"ElCanillita.Info","article_publisher":"https:\/\/ar-ar.facebook.com\/ElCanillitainfo-114249515285712\/","article_published_time":"2026-03-17T19:59:53+00:00","article_modified_time":"2026-03-17T20:00:44+00:00","og_image":[{"width":500,"height":334,"url":"https:\/\/elcanillita.info\/press\/images\/2026\/03\/covlibrEd_20260317.jpg","type":"image\/jpeg"}],"author":"ElCanillita.info Guzzo Photos &amp; Graphic Publications","twitter_card":"summary_large_image","twitter_misc":{"Escrito por":"ElCanillita.info Guzzo Photos &amp; Graphic Publications","Tiempo de lectura":"3 minutos"},"schema":{"@context":"https:\/\/schema.org","@graph":[{"@type":"Article","@id":"https:\/\/elcanillita.info\/press\/2026\/03\/17\/libra-avanza\/#article","isPartOf":{"@id":"https:\/\/elcanillita.info\/press\/2026\/03\/17\/libra-avanza\/"},"author":{"name":"ElCanillita.info Guzzo Photos &amp; Graphic Publications","@id":"https:\/\/elcanillita.info\/press\/#\/schema\/person\/e37a550cff8f5f3407ed112e4cc619cb"},"headline":"$LIBRA AVANZA","datePublished":"2026-03-17T19:59:53+00:00","dateModified":"2026-03-17T20:00:44+00:00","mainEntityOfPage":{"@id":"https:\/\/elcanillita.info\/press\/2026\/03\/17\/libra-avanza\/"},"wordCount":458,"publisher":{"@id":"https:\/\/elcanillita.info\/press\/#organization"},"image":{"@id":"https:\/\/elcanillita.info\/press\/2026\/03\/17\/libra-avanza\/#primaryimage"},"thumbnailUrl":"https:\/\/elcanillita.info\/press\/images\/2026\/03\/covlibrEd_20260317.jpg","keywords":["Argentina"],"articleSection":[".",".","Actualidad","Am\u00e9rica del Sur","Corrupci\u00f3n","Politica","Sociedad y valores"],"inLanguage":"es-AR"},{"@type":"WebPage","@id":"https:\/\/elcanillita.info\/press\/2026\/03\/17\/libra-avanza\/","url":"https:\/\/elcanillita.info\/press\/2026\/03\/17\/libra-avanza\/","name":"$LIBRA AVANZA - ElCanillita.Info","isPartOf":{"@id":"https:\/\/elcanillita.info\/press\/#website"},"primaryImageOfPage":{"@id":"https:\/\/elcanillita.info\/press\/2026\/03\/17\/libra-avanza\/#primaryimage"},"image":{"@id":"https:\/\/elcanillita.info\/press\/2026\/03\/17\/libra-avanza\/#primaryimage"},"thumbnailUrl":"https:\/\/elcanillita.info\/press\/images\/2026\/03\/covlibrEd_20260317.jpg","datePublished":"2026-03-17T19:59:53+00:00","dateModified":"2026-03-17T20:00:44+00:00","inLanguage":"es-AR","potentialAction":[{"@type":"ReadAction","target":["https:\/\/elcanillita.info\/press\/2026\/03\/17\/libra-avanza\/"]}]},{"@type":"ImageObject","inLanguage":"es-AR","@id":"https:\/\/elcanillita.info\/press\/2026\/03\/17\/libra-avanza\/#primaryimage","url":"https:\/\/elcanillita.info\/press\/images\/2026\/03\/covlibrEd_20260317.jpg","contentUrl":"https:\/\/elcanillita.info\/press\/images\/2026\/03\/covlibrEd_20260317.jpg","width":500,"height":334},{"@type":"WebSite","@id":"https:\/\/elcanillita.info\/press\/#website","url":"https:\/\/elcanillita.info\/press\/","name":"ElCanillita.Info","description":"desde los Apeninos a los Andes","publisher":{"@id":"https:\/\/elcanillita.info\/press\/#organization"},"potentialAction":[{"@type":"SearchAction","target":{"@type":"EntryPoint","urlTemplate":"https:\/\/elcanillita.info\/press\/?s={search_term_string}"},"query-input":{"@type":"PropertyValueSpecification","valueRequired":true,"valueName":"search_term_string"}}],"inLanguage":"es-AR"},{"@type":"Organization","@id":"https:\/\/elcanillita.info\/press\/#organization","name":"Guzzo Photos & Graphic Publications","url":"https:\/\/elcanillita.info\/press\/","logo":{"@type":"ImageObject","inLanguage":"es-AR","@id":"https:\/\/elcanillita.info\/press\/#\/schema\/logo\/image\/","url":"https:\/\/elcanillita.info\/press\/images\/2020\/01\/cropped-cropped-cropped-elcanillitainfo.png","contentUrl":"https:\/\/elcanillita.info\/press\/images\/2020\/01\/cropped-cropped-cropped-elcanillitainfo.png","width":460,"height":50,"caption":"Guzzo Photos & Graphic Publications"},"image":{"@id":"https:\/\/elcanillita.info\/press\/#\/schema\/logo\/image\/"},"sameAs":["https:\/\/ar-ar.facebook.com\/ElCanillitainfo-114249515285712\/"]},{"@type":"Person","@id":"https:\/\/elcanillita.info\/press\/#\/schema\/person\/e37a550cff8f5f3407ed112e4cc619cb","name":"ElCanillita.info Guzzo Photos &amp; Graphic Publications","image":{"@type":"ImageObject","inLanguage":"es-AR","@id":"https:\/\/secure.gravatar.com\/avatar\/8914fbe0ef09248907e331ab93dfa89c7f76decf6b51cd1b2f8444e6260db772?s=96&d=mm&r=g","url":"https:\/\/secure.gravatar.com\/avatar\/8914fbe0ef09248907e331ab93dfa89c7f76decf6b51cd1b2f8444e6260db772?s=96&d=mm&r=g","contentUrl":"https:\/\/secure.gravatar.com\/avatar\/8914fbe0ef09248907e331ab93dfa89c7f76decf6b51cd1b2f8444e6260db772?s=96&d=mm&r=g","caption":"ElCanillita.info Guzzo Photos &amp; Graphic Publications"},"sameAs":["http:\/\/guzzophotos.com"]}]}},"views":53,"_links":{"self":[{"href":"https:\/\/elcanillita.info\/press\/wp-json\/wp\/v2\/posts\/6194","targetHints":{"allow":["GET"]}}],"collection":[{"href":"https:\/\/elcanillita.info\/press\/wp-json\/wp\/v2\/posts"}],"about":[{"href":"https:\/\/elcanillita.info\/press\/wp-json\/wp\/v2\/types\/post"}],"author":[{"embeddable":true,"href":"https:\/\/elcanillita.info\/press\/wp-json\/wp\/v2\/users\/14"}],"replies":[{"embeddable":true,"href":"https:\/\/elcanillita.info\/press\/wp-json\/wp\/v2\/comments?post=6194"}],"version-history":[{"count":0,"href":"https:\/\/elcanillita.info\/press\/wp-json\/wp\/v2\/posts\/6194\/revisions"}],"wp:featuredmedia":[{"embeddable":true,"href":"https:\/\/elcanillita.info\/press\/wp-json\/wp\/v2\/media\/6196"}],"wp:attachment":[{"href":"https:\/\/elcanillita.info\/press\/wp-json\/wp\/v2\/media?parent=6194"}],"wp:term":[{"taxonomy":"category","embeddable":true,"href":"https:\/\/elcanillita.info\/press\/wp-json\/wp\/v2\/categories?post=6194"},{"taxonomy":"post_tag","embeddable":true,"href":"https:\/\/elcanillita.info\/press\/wp-json\/wp\/v2\/tags?post=6194"}],"curies":[{"name":"wp","href":"https:\/\/api.w.org\/{rel}","templated":true}]}}