{"id":618,"date":"2020-04-09T12:44:48","date_gmt":"2020-04-09T15:44:48","guid":{"rendered":"https:\/\/elcanillita.info\/press\/?p=618"},"modified":"2020-04-09T14:07:23","modified_gmt":"2020-04-09T17:07:23","slug":"aumentan-muertos-coronavirus-venezuela","status":"publish","type":"post","link":"https:\/\/elcanillita.info\/press\/2020\/04\/09\/aumentan-muertos-coronavirus-venezuela\/","title":{"rendered":"Aumentan a 9 los muertos por coronavirus en Venezuela"},"content":{"rendered":"\n<p>Caracas, 09.04.2020 &#8211; El presidente del gobierno en disputa, Nicol\u00e1s Maduro, inform\u00f3 que el numero de fallecidos como consecuencia de la COVID-19 se elev\u00f3 a 9, tras la muerte de dos personas durante la tarde del mi\u00e9rcoles y que actualmente se registran 167 casos en el pa\u00eds.<\/p>\n\n\n\n<p>Maduro reiter\u00f3 que dio la orden de llevar a todos los contagiados de coronavirus a centros hospitalarios e hizo un llamado a quienes \u201cse niegan a salir de su casa\u201d, para pasar la cuarentena en el hospital.<\/p>\n\n\n\n<p>El presidente del gobierno en disputa agradeci\u00f3 por la ayuda proveniente de Rusia, as\u00ed como de la Organizaci\u00f3n Panamericana de la Salud (OPS) y la UNICEF.<\/p>\n\n\n\n<p><strong>Llega a Venezuela env\u00edo humanitario de la ONU para prevenci\u00f3n del coronavirus<\/strong><br>Maduro tambi\u00e9n dio un espaldarazo al director de la Organizaci\u00f3n Mundial de la Salud, Tedros Adhanom, quien a su juicio,&nbsp;recibi\u00f3 \u201cun ataque infame por parte de Donald Trump\u201d, a quien se\u00f1al\u00f3 de improvisar en la contenci\u00f3n del coronavirus.<\/p>\n\n\n\n<p>\u201cEs un extorsionador profesional, un chantajista profesional, chantajea con el dinero que EE.UU. tiene la obligaci\u00f3n de donar, en el momento preciso que m\u00e1s apoyo necesita la OMS (\u2026) Venezuela rechaza los ataques contra la OMS y pide el apoyo de todo el mundo al director general Tedros\u201d, dijo durante una reuni\u00f3n de la comisi\u00f3n presidencial para la prevenci\u00f3n y control del coronavirus con el equipo m\u00e9dico proveniente de China. \u00a0<br><br> <strong>Nota Relacionada<\/strong>:  <a href=\"https:\/\/elcanillita.info\/press\/2020\/04\/09\/trump-vuelve-cargar-contra-oms\/\">Trump vuelve a cargar contra la OMS<\/a><br><br><small>2020 voanoticias \u2013 salastampa.eu, afiliada a la red Broadcasting Board of Governors \u00a9 2020 BBG<\/small><br><br>  <\/p>\n","protected":false},"excerpt":{"rendered":"<p>Caracas, 09.04.2020 &#8211; El presidente del gobierno en disputa, Nicol\u00e1s Maduro, inform\u00f3 que el numero de fallecidos como consecuencia de la COVID-19 se elev\u00f3 a 9, tras la muerte de dos personas durante la tarde del mi\u00e9rcoles y que actualmente se registran 167 casos en el pa\u00eds.<\/p>\n","protected":false},"author":1,"featured_media":0,"comment_status":"closed","ping_status":"closed","sticky":false,"template":"","format":"standard","meta":{"footnotes":"","_links_to":"","_links_to_target":""},"categories":[11,23,25],"tags":[],"class_list":["post-618","post","type-post","status-publish","format-standard","hentry","category-america-del-sur","category-politica","category-sociedad","entry","double"],"yoast_head":"<!-- This site is optimized with the Yoast SEO plugin v27.5 - https:\/\/yoast.com\/product\/yoast-seo-wordpress\/ -->\n<title>Aumentan a 9 los muertos por coronavirus en Venezuela - ElCanillita.Info<\/title>\n<meta name=\"robots\" content=\"index, follow, max-snippet:-1, max-image-preview:large, max-video-preview:-1\" \/>\n<link rel=\"canonical\" href=\"https:\/\/elcanillita.info\/press\/2020\/04\/09\/aumentan-muertos-coronavirus-venezuela\/\" \/>\n<meta property=\"og:locale\" content=\"es_ES\" \/>\n<meta property=\"og:type\" content=\"article\" \/>\n<meta property=\"og:title\" content=\"Aumentan a 9 los muertos por coronavirus en Venezuela - ElCanillita.Info\" \/>\n<meta property=\"og:description\" content=\"Caracas, 09.04.2020 - El presidente del gobierno en disputa, Nicol\u00e1s Maduro, inform\u00f3 que el numero de fallecidos como consecuencia de la COVID-19 se elev\u00f3 a 9, tras la muerte de dos personas durante la tarde del mi\u00e9rcoles y que actualmente se registran 167 casos en el pa\u00eds.\" \/>\n<meta property=\"og:url\" content=\"https:\/\/elcanillita.info\/press\/2020\/04\/09\/aumentan-muertos-coronavirus-venezuela\/\" \/>\n<meta property=\"og:site_name\" content=\"ElCanillita.Info\" \/>\n<meta property=\"article:publisher\" content=\"https:\/\/ar-ar.facebook.com\/ElCanillitainfo-114249515285712\/\" \/>\n<meta property=\"article:published_time\" content=\"2020-04-09T15:44:48+00:00\" \/>\n<meta property=\"article:modified_time\" content=\"2020-04-09T17:07:23+00:00\" \/>\n<meta name=\"author\" content=\"SalaStampa.eu, world press service\" \/>\n<meta name=\"twitter:card\" content=\"summary_large_image\" \/>\n<meta name=\"twitter:label1\" content=\"Escrito por\" \/>\n\t<meta name=\"twitter:data1\" content=\"SalaStampa.eu, world press service\" \/>\n\t<meta name=\"twitter:label2\" content=\"Tiempo de lectura\" \/>\n\t<meta name=\"twitter:data2\" content=\"1 minuto\" \/>\n<script type=\"application\/ld+json\" class=\"yoast-schema-graph\">{\"@context\":\"https:\\\/\\\/schema.org\",\"@graph\":[{\"@type\":\"Article\",\"@id\":\"https:\\\/\\\/elcanillita.info\\\/press\\\/2020\\\/04\\\/09\\\/aumentan-muertos-coronavirus-venezuela\\\/#article\",\"isPartOf\":{\"@id\":\"https:\\\/\\\/elcanillita.info\\\/press\\\/2020\\\/04\\\/09\\\/aumentan-muertos-coronavirus-venezuela\\\/\"},\"author\":{\"name\":\"SalaStampa.eu, world press service\",\"@id\":\"https:\\\/\\\/elcanillita.info\\\/press\\\/#\\\/schema\\\/person\\\/7fcb79f38045700919f7da6d97e71ba0\"},\"headline\":\"Aumentan a 9 los muertos por coronavirus en Venezuela\",\"datePublished\":\"2020-04-09T15:44:48+00:00\",\"dateModified\":\"2020-04-09T17:07:23+00:00\",\"mainEntityOfPage\":{\"@id\":\"https:\\\/\\\/elcanillita.info\\\/press\\\/2020\\\/04\\\/09\\\/aumentan-muertos-coronavirus-venezuela\\\/\"},\"wordCount\":274,\"publisher\":{\"@id\":\"https:\\\/\\\/elcanillita.info\\\/press\\\/#organization\"},\"articleSection\":[\"Am\u00e9rica del Sur\",\"Politica\",\"Sociedad\"],\"inLanguage\":\"es-AR\"},{\"@type\":\"WebPage\",\"@id\":\"https:\\\/\\\/elcanillita.info\\\/press\\\/2020\\\/04\\\/09\\\/aumentan-muertos-coronavirus-venezuela\\\/\",\"url\":\"https:\\\/\\\/elcanillita.info\\\/press\\\/2020\\\/04\\\/09\\\/aumentan-muertos-coronavirus-venezuela\\\/\",\"name\":\"Aumentan a 9 los muertos por coronavirus en Venezuela - ElCanillita.Info\",\"isPartOf\":{\"@id\":\"https:\\\/\\\/elcanillita.info\\\/press\\\/#website\"},\"datePublished\":\"2020-04-09T15:44:48+00:00\",\"dateModified\":\"2020-04-09T17:07:23+00:00\",\"inLanguage\":\"es-AR\",\"potentialAction\":[{\"@type\":\"ReadAction\",\"target\":[\"https:\\\/\\\/elcanillita.info\\\/press\\\/2020\\\/04\\\/09\\\/aumentan-muertos-coronavirus-venezuela\\\/\"]}]},{\"@type\":\"WebSite\",\"@id\":\"https:\\\/\\\/elcanillita.info\\\/press\\\/#website\",\"url\":\"https:\\\/\\\/elcanillita.info\\\/press\\\/\",\"name\":\"ElCanillita.Info\",\"description\":\"desde los Apeninos a los Andes\",\"publisher\":{\"@id\":\"https:\\\/\\\/elcanillita.info\\\/press\\\/#organization\"},\"potentialAction\":[{\"@type\":\"SearchAction\",\"target\":{\"@type\":\"EntryPoint\",\"urlTemplate\":\"https:\\\/\\\/elcanillita.info\\\/press\\\/?s={search_term_string}\"},\"query-input\":{\"@type\":\"PropertyValueSpecification\",\"valueRequired\":true,\"valueName\":\"search_term_string\"}}],\"inLanguage\":\"es-AR\"},{\"@type\":\"Organization\",\"@id\":\"https:\\\/\\\/elcanillita.info\\\/press\\\/#organization\",\"name\":\"Guzzo Photos & Graphic Publications\",\"url\":\"https:\\\/\\\/elcanillita.info\\\/press\\\/\",\"logo\":{\"@type\":\"ImageObject\",\"inLanguage\":\"es-AR\",\"@id\":\"https:\\\/\\\/elcanillita.info\\\/press\\\/#\\\/schema\\\/logo\\\/image\\\/\",\"url\":\"https:\\\/\\\/elcanillita.info\\\/press\\\/images\\\/2020\\\/01\\\/cropped-cropped-cropped-elcanillitainfo.png\",\"contentUrl\":\"https:\\\/\\\/elcanillita.info\\\/press\\\/images\\\/2020\\\/01\\\/cropped-cropped-cropped-elcanillitainfo.png\",\"width\":460,\"height\":50,\"caption\":\"Guzzo Photos & Graphic Publications\"},\"image\":{\"@id\":\"https:\\\/\\\/elcanillita.info\\\/press\\\/#\\\/schema\\\/logo\\\/image\\\/\"},\"sameAs\":[\"https:\\\/\\\/ar-ar.facebook.com\\\/ElCanillitainfo-114249515285712\\\/\"]},{\"@type\":\"Person\",\"@id\":\"https:\\\/\\\/elcanillita.info\\\/press\\\/#\\\/schema\\\/person\\\/7fcb79f38045700919f7da6d97e71ba0\",\"name\":\"SalaStampa.eu, world press service\",\"image\":{\"@type\":\"ImageObject\",\"inLanguage\":\"es-AR\",\"@id\":\"https:\\\/\\\/secure.gravatar.com\\\/avatar\\\/c2f0e0d515a107624234994507816ca4724c7199cef73fc8bedebf6931d73888?s=96&d=mm&r=g\",\"url\":\"https:\\\/\\\/secure.gravatar.com\\\/avatar\\\/c2f0e0d515a107624234994507816ca4724c7199cef73fc8bedebf6931d73888?s=96&d=mm&r=g\",\"contentUrl\":\"https:\\\/\\\/secure.gravatar.com\\\/avatar\\\/c2f0e0d515a107624234994507816ca4724c7199cef73fc8bedebf6931d73888?s=96&d=mm&r=g\",\"caption\":\"SalaStampa.eu, world press service\"}}]}<\/script>\n<!-- \/ Yoast SEO plugin. -->","yoast_head_json":{"title":"Aumentan a 9 los muertos por coronavirus en Venezuela - ElCanillita.Info","robots":{"index":"index","follow":"follow","max-snippet":"max-snippet:-1","max-image-preview":"max-image-preview:large","max-video-preview":"max-video-preview:-1"},"canonical":"https:\/\/elcanillita.info\/press\/2020\/04\/09\/aumentan-muertos-coronavirus-venezuela\/","og_locale":"es_ES","og_type":"article","og_title":"Aumentan a 9 los muertos por coronavirus en Venezuela - ElCanillita.Info","og_description":"Caracas, 09.04.2020 - El presidente del gobierno en disputa, Nicol\u00e1s Maduro, inform\u00f3 que el numero de fallecidos como consecuencia de la COVID-19 se elev\u00f3 a 9, tras la muerte de dos personas durante la tarde del mi\u00e9rcoles y que actualmente se registran 167 casos en el pa\u00eds.","og_url":"https:\/\/elcanillita.info\/press\/2020\/04\/09\/aumentan-muertos-coronavirus-venezuela\/","og_site_name":"ElCanillita.Info","article_publisher":"https:\/\/ar-ar.facebook.com\/ElCanillitainfo-114249515285712\/","article_published_time":"2020-04-09T15:44:48+00:00","article_modified_time":"2020-04-09T17:07:23+00:00","author":"SalaStampa.eu, world press service","twitter_card":"summary_large_image","twitter_misc":{"Escrito por":"SalaStampa.eu, world press service","Tiempo de lectura":"1 minuto"},"schema":{"@context":"https:\/\/schema.org","@graph":[{"@type":"Article","@id":"https:\/\/elcanillita.info\/press\/2020\/04\/09\/aumentan-muertos-coronavirus-venezuela\/#article","isPartOf":{"@id":"https:\/\/elcanillita.info\/press\/2020\/04\/09\/aumentan-muertos-coronavirus-venezuela\/"},"author":{"name":"SalaStampa.eu, world press service","@id":"https:\/\/elcanillita.info\/press\/#\/schema\/person\/7fcb79f38045700919f7da6d97e71ba0"},"headline":"Aumentan a 9 los muertos por coronavirus en Venezuela","datePublished":"2020-04-09T15:44:48+00:00","dateModified":"2020-04-09T17:07:23+00:00","mainEntityOfPage":{"@id":"https:\/\/elcanillita.info\/press\/2020\/04\/09\/aumentan-muertos-coronavirus-venezuela\/"},"wordCount":274,"publisher":{"@id":"https:\/\/elcanillita.info\/press\/#organization"},"articleSection":["Am\u00e9rica del Sur","Politica","Sociedad"],"inLanguage":"es-AR"},{"@type":"WebPage","@id":"https:\/\/elcanillita.info\/press\/2020\/04\/09\/aumentan-muertos-coronavirus-venezuela\/","url":"https:\/\/elcanillita.info\/press\/2020\/04\/09\/aumentan-muertos-coronavirus-venezuela\/","name":"Aumentan a 9 los muertos por coronavirus en Venezuela - ElCanillita.Info","isPartOf":{"@id":"https:\/\/elcanillita.info\/press\/#website"},"datePublished":"2020-04-09T15:44:48+00:00","dateModified":"2020-04-09T17:07:23+00:00","inLanguage":"es-AR","potentialAction":[{"@type":"ReadAction","target":["https:\/\/elcanillita.info\/press\/2020\/04\/09\/aumentan-muertos-coronavirus-venezuela\/"]}]},{"@type":"WebSite","@id":"https:\/\/elcanillita.info\/press\/#website","url":"https:\/\/elcanillita.info\/press\/","name":"ElCanillita.Info","description":"desde los Apeninos a los Andes","publisher":{"@id":"https:\/\/elcanillita.info\/press\/#organization"},"potentialAction":[{"@type":"SearchAction","target":{"@type":"EntryPoint","urlTemplate":"https:\/\/elcanillita.info\/press\/?s={search_term_string}"},"query-input":{"@type":"PropertyValueSpecification","valueRequired":true,"valueName":"search_term_string"}}],"inLanguage":"es-AR"},{"@type":"Organization","@id":"https:\/\/elcanillita.info\/press\/#organization","name":"Guzzo Photos & Graphic Publications","url":"https:\/\/elcanillita.info\/press\/","logo":{"@type":"ImageObject","inLanguage":"es-AR","@id":"https:\/\/elcanillita.info\/press\/#\/schema\/logo\/image\/","url":"https:\/\/elcanillita.info\/press\/images\/2020\/01\/cropped-cropped-cropped-elcanillitainfo.png","contentUrl":"https:\/\/elcanillita.info\/press\/images\/2020\/01\/cropped-cropped-cropped-elcanillitainfo.png","width":460,"height":50,"caption":"Guzzo Photos & Graphic Publications"},"image":{"@id":"https:\/\/elcanillita.info\/press\/#\/schema\/logo\/image\/"},"sameAs":["https:\/\/ar-ar.facebook.com\/ElCanillitainfo-114249515285712\/"]},{"@type":"Person","@id":"https:\/\/elcanillita.info\/press\/#\/schema\/person\/7fcb79f38045700919f7da6d97e71ba0","name":"SalaStampa.eu, world press service","image":{"@type":"ImageObject","inLanguage":"es-AR","@id":"https:\/\/secure.gravatar.com\/avatar\/c2f0e0d515a107624234994507816ca4724c7199cef73fc8bedebf6931d73888?s=96&d=mm&r=g","url":"https:\/\/secure.gravatar.com\/avatar\/c2f0e0d515a107624234994507816ca4724c7199cef73fc8bedebf6931d73888?s=96&d=mm&r=g","contentUrl":"https:\/\/secure.gravatar.com\/avatar\/c2f0e0d515a107624234994507816ca4724c7199cef73fc8bedebf6931d73888?s=96&d=mm&r=g","caption":"SalaStampa.eu, world press service"}}]}},"views":616,"_links":{"self":[{"href":"https:\/\/elcanillita.info\/press\/wp-json\/wp\/v2\/posts\/618","targetHints":{"allow":["GET"]}}],"collection":[{"href":"https:\/\/elcanillita.info\/press\/wp-json\/wp\/v2\/posts"}],"about":[{"href":"https:\/\/elcanillita.info\/press\/wp-json\/wp\/v2\/types\/post"}],"author":[{"embeddable":true,"href":"https:\/\/elcanillita.info\/press\/wp-json\/wp\/v2\/users\/1"}],"replies":[{"embeddable":true,"href":"https:\/\/elcanillita.info\/press\/wp-json\/wp\/v2\/comments?post=618"}],"version-history":[{"count":0,"href":"https:\/\/elcanillita.info\/press\/wp-json\/wp\/v2\/posts\/618\/revisions"}],"wp:attachment":[{"href":"https:\/\/elcanillita.info\/press\/wp-json\/wp\/v2\/media?parent=618"}],"wp:term":[{"taxonomy":"category","embeddable":true,"href":"https:\/\/elcanillita.info\/press\/wp-json\/wp\/v2\/categories?post=618"},{"taxonomy":"post_tag","embeddable":true,"href":"https:\/\/elcanillita.info\/press\/wp-json\/wp\/v2\/tags?post=618"}],"curies":[{"name":"wp","href":"https:\/\/api.w.org\/{rel}","templated":true}]}}