{"id":6178,"date":"2026-03-15T13:18:10","date_gmt":"2026-03-15T16:18:10","guid":{"rendered":"https:\/\/elcanillita.info\/press\/?p=6178"},"modified":"2026-03-15T13:19:55","modified_gmt":"2026-03-15T16:19:55","slug":"noche-libertina","status":"publish","type":"post","link":"https:\/\/elcanillita.info\/press\/2026\/03\/15\/noche-libertina\/","title":{"rendered":"Noche Libertina"},"content":{"rendered":"<div class=\"wp-block-image\">\n<figure class=\"alignleft size-full is-resized\"><img loading=\"lazy\" decoding=\"async\" width=\"367\" height=\"550\" src=\"https:\/\/elcanillita.info\/press\/images\/2026\/03\/libpagcov.jpg\" alt=\"\" class=\"wp-image-6179\" style=\"width:307px;height:auto\" srcset=\"https:\/\/elcanillita.info\/press\/images\/2026\/03\/libpagcov.jpg 367w, https:\/\/elcanillita.info\/press\/images\/2026\/03\/libpagcov-200x300.jpg 200w\" sizes=\"auto, (max-width: 367px) 100vw, 367px\" \/><\/figure>\n<\/div>\n\n\n<p>Buenos Aires volvi\u00f3 a confirmar que en la pol\u00edtica argentina la noche siempre llega con espect\u00e1culo. Esta vez, el protagonista no es un decreto ni un discurso incendiario, sino una criptomoneda con nombre de balanza y aroma a tormenta: <strong>$LIBRA<\/strong>. La moneda meme que promet\u00eda libertad financiera termin\u00f3 dejando una sombra inc\u00f3moda sobre el poder.<\/p>\n\n\n\n<p>En el centro del ruido aparece un celular. No cualquier celular, sino el del lobista <strong>Mauricio Novelli<\/strong>, el puente entre el mundo cripto y los pasillos del gobierno. Seg\u00fan peritajes judiciales, el dispositivo guardaba un \u201cmemo\u201d que hablaba de un presunto acuerdo por <strong>US$ 5 millones<\/strong> ligado al respaldo presidencial al proyecto $LIBRA.<\/p>\n\n\n\n<p>El documento, recuperado tras un intento de borrado \u2014detalle que siempre le da sabor a novela\u2014 describir\u00eda tres pagos: un adelanto, otro condicionado a un tuit presidencial y un tercero vinculado a un contrato de asesor\u00eda tecnol\u00f3gica en blockchain e inteligencia artificial.<\/p>\n\n\n\n<p>El texto habr\u00eda sido redactado entre octubre y noviembre de 2024, antes de la visita a Buenos Aires del empresario estadounidense <strong>Mark Hayden Davis<\/strong>, una figura que ahora aparece orbitando en esta constelaci\u00f3n de criptos, pol\u00edtica y promesas digitales.<\/p>\n\n\n\n<p>En la trama tambi\u00e9n aparecen comunicaciones intensas: m\u00e1s de veinte contactos entre Novelli y <strong>Karina Milei<\/strong>, al menos catorce llamadas con el asesor presidencial <strong>Santiago Caputo<\/strong>, y v\u00ednculos con el economista <strong>Demian Reidel<\/strong>. Todo alrededor del lanzamiento y posterior derrumbe del token.<\/p>\n\n\n\n<p>La escena clave, seg\u00fan la reconstrucci\u00f3n judicial, ocurri\u00f3 el <strong>14 de febrero de 2025<\/strong>. Mientras desde Dallas Novelli intentaba comunicarse con la c\u00fapula presidencial, el proyecto <strong>VivaLaLibertadProject<\/strong> se activaba en l\u00ednea para recibir inversiones.<\/p>\n\n\n\n<p>Minutos despu\u00e9s lleg\u00f3 el movimiento decisivo: a las <strong>19:01<\/strong>, el presidente <strong>Javier Milei<\/strong> public\u00f3 en X un mensaje respaldando $LIBRA. El tuit inclu\u00eda el contrato necesario para invertir, representado por un c\u00f3digo alfanum\u00e9rico que hasta ese momento no circulaba p\u00fablicamente.<\/p>\n\n\n\n<p>En cuesti\u00f3n de horas, la moneda meme capt\u00f3 atenci\u00f3n y dinero. Y luego, como suele ocurrir con estas criaturas digitales nacidas del entusiasmo y la especulaci\u00f3n, el valor se desplom\u00f3 dejando una estela de p\u00e9rdidas millonarias.<\/p>\n\n\n\n<p>Ahora la justicia intenta reconstruir si aquello fue solo otro episodio del salvaje oeste cripto o algo m\u00e1s cercano a un experimento pol\u00edtico-financiero con patrocinio de alto nivel.<\/p>\n\n\n\n<p>Mientras tanto, en Buenos Aires la escena tiene sabor conocido: tecnolog\u00eda del siglo XXI, m\u00e9todos del siglo XX y un viejo cl\u00e1sico nacional \u2014el esc\u00e1ndalo que llega justo cuando la noche empieza a ponerse interesante.<br><br>\u270d\ufe0f \u00a92026 El Tasador del Relato &#8211; Derechos reservados<\/p>\n\n\n<hr style=\"border: none; height: 1px; background-color: #ccc; margin: 2em 0;\" \/>\n<p><small>\u00a9 2026 SalaStampa.eu, world press service &#8211; All Rights Reserved &#8211;  Guzzo Photos &#038; Graphic  Publications \u2013 Registro Editori e Stampatori n. 1441 Turin, Italy<\/small><\/p>","protected":false},"excerpt":{"rendered":"<p>$OMBRA$ de la $LIBRA: el cripto-susurro que sacude la Rosada<\/p>\n","protected":false},"author":1,"featured_media":6179,"comment_status":"closed","ping_status":"closed","sticky":false,"template":"","format":"standard","meta":{"footnotes":"","_links_to":"","_links_to_target":""},"categories":[108,121,70,11,118,23,137],"tags":[29],"class_list":["post-6178","post","type-post","status-publish","format-standard","has-post-thumbnail","hentry","category-blogdiario","category-dc24","category-actualidad","category-america-del-sur","category-corrupcion","category-politica","category-sociedad-y-valores","tag-argentina","entry","double"],"yoast_head":"<!-- This site is optimized with the Yoast SEO plugin v27.4 - https:\/\/yoast.com\/product\/yoast-seo-wordpress\/ -->\n<title>Noche Libertina - ElCanillita.Info<\/title>\n<meta name=\"robots\" content=\"index, follow, max-snippet:-1, max-image-preview:large, max-video-preview:-1\" \/>\n<link rel=\"canonical\" href=\"https:\/\/elcanillita.info\/press\/2026\/03\/15\/noche-libertina\/\" \/>\n<meta property=\"og:locale\" content=\"es_ES\" \/>\n<meta property=\"og:type\" content=\"article\" \/>\n<meta property=\"og:title\" content=\"Noche Libertina - ElCanillita.Info\" \/>\n<meta property=\"og:description\" content=\"$OMBRA$ de la $LIBRA: el cripto-susurro que sacude la Rosada\" \/>\n<meta property=\"og:url\" content=\"https:\/\/elcanillita.info\/press\/2026\/03\/15\/noche-libertina\/\" \/>\n<meta property=\"og:site_name\" content=\"ElCanillita.Info\" \/>\n<meta property=\"article:publisher\" content=\"https:\/\/ar-ar.facebook.com\/ElCanillitainfo-114249515285712\/\" \/>\n<meta property=\"article:published_time\" content=\"2026-03-15T16:18:10+00:00\" \/>\n<meta property=\"article:modified_time\" content=\"2026-03-15T16:19:55+00:00\" \/>\n<meta property=\"og:image\" content=\"https:\/\/elcanillita.info\/press\/images\/2026\/03\/libpagcov.jpg\" \/>\n\t<meta property=\"og:image:width\" content=\"367\" \/>\n\t<meta property=\"og:image:height\" content=\"550\" \/>\n\t<meta property=\"og:image:type\" content=\"image\/jpeg\" \/>\n<meta name=\"author\" content=\"SalaStampa.eu, world press service\" \/>\n<meta name=\"twitter:card\" content=\"summary_large_image\" \/>\n<meta name=\"twitter:label1\" content=\"Escrito por\" \/>\n\t<meta name=\"twitter:data1\" content=\"SalaStampa.eu, world press service\" \/>\n\t<meta name=\"twitter:label2\" content=\"Tiempo de lectura\" \/>\n\t<meta name=\"twitter:data2\" content=\"3 minutos\" \/>\n<script type=\"application\/ld+json\" class=\"yoast-schema-graph\">{\"@context\":\"https:\\\/\\\/schema.org\",\"@graph\":[{\"@type\":\"Article\",\"@id\":\"https:\\\/\\\/elcanillita.info\\\/press\\\/2026\\\/03\\\/15\\\/noche-libertina\\\/#article\",\"isPartOf\":{\"@id\":\"https:\\\/\\\/elcanillita.info\\\/press\\\/2026\\\/03\\\/15\\\/noche-libertina\\\/\"},\"author\":{\"name\":\"SalaStampa.eu, world press service\",\"@id\":\"https:\\\/\\\/elcanillita.info\\\/press\\\/#\\\/schema\\\/person\\\/7fcb79f38045700919f7da6d97e71ba0\"},\"headline\":\"Noche Libertina\",\"datePublished\":\"2026-03-15T16:18:10+00:00\",\"dateModified\":\"2026-03-15T16:19:55+00:00\",\"mainEntityOfPage\":{\"@id\":\"https:\\\/\\\/elcanillita.info\\\/press\\\/2026\\\/03\\\/15\\\/noche-libertina\\\/\"},\"wordCount\":462,\"publisher\":{\"@id\":\"https:\\\/\\\/elcanillita.info\\\/press\\\/#organization\"},\"image\":{\"@id\":\"https:\\\/\\\/elcanillita.info\\\/press\\\/2026\\\/03\\\/15\\\/noche-libertina\\\/#primaryimage\"},\"thumbnailUrl\":\"https:\\\/\\\/elcanillita.info\\\/press\\\/images\\\/2026\\\/03\\\/libpagcov.jpg\",\"keywords\":[\"Argentina\"],\"articleSection\":[\".\",\".\",\"Actualidad\",\"Am\u00e9rica del Sur\",\"Corrupci\u00f3n\",\"Politica\",\"Sociedad y valores\"],\"inLanguage\":\"es-AR\"},{\"@type\":\"WebPage\",\"@id\":\"https:\\\/\\\/elcanillita.info\\\/press\\\/2026\\\/03\\\/15\\\/noche-libertina\\\/\",\"url\":\"https:\\\/\\\/elcanillita.info\\\/press\\\/2026\\\/03\\\/15\\\/noche-libertina\\\/\",\"name\":\"Noche Libertina - ElCanillita.Info\",\"isPartOf\":{\"@id\":\"https:\\\/\\\/elcanillita.info\\\/press\\\/#website\"},\"primaryImageOfPage\":{\"@id\":\"https:\\\/\\\/elcanillita.info\\\/press\\\/2026\\\/03\\\/15\\\/noche-libertina\\\/#primaryimage\"},\"image\":{\"@id\":\"https:\\\/\\\/elcanillita.info\\\/press\\\/2026\\\/03\\\/15\\\/noche-libertina\\\/#primaryimage\"},\"thumbnailUrl\":\"https:\\\/\\\/elcanillita.info\\\/press\\\/images\\\/2026\\\/03\\\/libpagcov.jpg\",\"datePublished\":\"2026-03-15T16:18:10+00:00\",\"dateModified\":\"2026-03-15T16:19:55+00:00\",\"inLanguage\":\"es-AR\",\"potentialAction\":[{\"@type\":\"ReadAction\",\"target\":[\"https:\\\/\\\/elcanillita.info\\\/press\\\/2026\\\/03\\\/15\\\/noche-libertina\\\/\"]}]},{\"@type\":\"ImageObject\",\"inLanguage\":\"es-AR\",\"@id\":\"https:\\\/\\\/elcanillita.info\\\/press\\\/2026\\\/03\\\/15\\\/noche-libertina\\\/#primaryimage\",\"url\":\"https:\\\/\\\/elcanillita.info\\\/press\\\/images\\\/2026\\\/03\\\/libpagcov.jpg\",\"contentUrl\":\"https:\\\/\\\/elcanillita.info\\\/press\\\/images\\\/2026\\\/03\\\/libpagcov.jpg\",\"width\":367,\"height\":550},{\"@type\":\"WebSite\",\"@id\":\"https:\\\/\\\/elcanillita.info\\\/press\\\/#website\",\"url\":\"https:\\\/\\\/elcanillita.info\\\/press\\\/\",\"name\":\"ElCanillita.Info\",\"description\":\"desde los Apeninos a los Andes\",\"publisher\":{\"@id\":\"https:\\\/\\\/elcanillita.info\\\/press\\\/#organization\"},\"potentialAction\":[{\"@type\":\"SearchAction\",\"target\":{\"@type\":\"EntryPoint\",\"urlTemplate\":\"https:\\\/\\\/elcanillita.info\\\/press\\\/?s={search_term_string}\"},\"query-input\":{\"@type\":\"PropertyValueSpecification\",\"valueRequired\":true,\"valueName\":\"search_term_string\"}}],\"inLanguage\":\"es-AR\"},{\"@type\":\"Organization\",\"@id\":\"https:\\\/\\\/elcanillita.info\\\/press\\\/#organization\",\"name\":\"Guzzo Photos & Graphic Publications\",\"url\":\"https:\\\/\\\/elcanillita.info\\\/press\\\/\",\"logo\":{\"@type\":\"ImageObject\",\"inLanguage\":\"es-AR\",\"@id\":\"https:\\\/\\\/elcanillita.info\\\/press\\\/#\\\/schema\\\/logo\\\/image\\\/\",\"url\":\"https:\\\/\\\/elcanillita.info\\\/press\\\/images\\\/2020\\\/01\\\/cropped-cropped-cropped-elcanillitainfo.png\",\"contentUrl\":\"https:\\\/\\\/elcanillita.info\\\/press\\\/images\\\/2020\\\/01\\\/cropped-cropped-cropped-elcanillitainfo.png\",\"width\":460,\"height\":50,\"caption\":\"Guzzo Photos & Graphic Publications\"},\"image\":{\"@id\":\"https:\\\/\\\/elcanillita.info\\\/press\\\/#\\\/schema\\\/logo\\\/image\\\/\"},\"sameAs\":[\"https:\\\/\\\/ar-ar.facebook.com\\\/ElCanillitainfo-114249515285712\\\/\"]},{\"@type\":\"Person\",\"@id\":\"https:\\\/\\\/elcanillita.info\\\/press\\\/#\\\/schema\\\/person\\\/7fcb79f38045700919f7da6d97e71ba0\",\"name\":\"SalaStampa.eu, world press service\",\"image\":{\"@type\":\"ImageObject\",\"inLanguage\":\"es-AR\",\"@id\":\"https:\\\/\\\/secure.gravatar.com\\\/avatar\\\/c2f0e0d515a107624234994507816ca4724c7199cef73fc8bedebf6931d73888?s=96&d=mm&r=g\",\"url\":\"https:\\\/\\\/secure.gravatar.com\\\/avatar\\\/c2f0e0d515a107624234994507816ca4724c7199cef73fc8bedebf6931d73888?s=96&d=mm&r=g\",\"contentUrl\":\"https:\\\/\\\/secure.gravatar.com\\\/avatar\\\/c2f0e0d515a107624234994507816ca4724c7199cef73fc8bedebf6931d73888?s=96&d=mm&r=g\",\"caption\":\"SalaStampa.eu, world press service\"}}]}<\/script>\n<!-- \/ Yoast SEO plugin. -->","yoast_head_json":{"title":"Noche Libertina - ElCanillita.Info","robots":{"index":"index","follow":"follow","max-snippet":"max-snippet:-1","max-image-preview":"max-image-preview:large","max-video-preview":"max-video-preview:-1"},"canonical":"https:\/\/elcanillita.info\/press\/2026\/03\/15\/noche-libertina\/","og_locale":"es_ES","og_type":"article","og_title":"Noche Libertina - ElCanillita.Info","og_description":"$OMBRA$ de la $LIBRA: el cripto-susurro que sacude la Rosada","og_url":"https:\/\/elcanillita.info\/press\/2026\/03\/15\/noche-libertina\/","og_site_name":"ElCanillita.Info","article_publisher":"https:\/\/ar-ar.facebook.com\/ElCanillitainfo-114249515285712\/","article_published_time":"2026-03-15T16:18:10+00:00","article_modified_time":"2026-03-15T16:19:55+00:00","og_image":[{"width":367,"height":550,"url":"https:\/\/elcanillita.info\/press\/images\/2026\/03\/libpagcov.jpg","type":"image\/jpeg"}],"author":"SalaStampa.eu, world press service","twitter_card":"summary_large_image","twitter_misc":{"Escrito por":"SalaStampa.eu, world press service","Tiempo de lectura":"3 minutos"},"schema":{"@context":"https:\/\/schema.org","@graph":[{"@type":"Article","@id":"https:\/\/elcanillita.info\/press\/2026\/03\/15\/noche-libertina\/#article","isPartOf":{"@id":"https:\/\/elcanillita.info\/press\/2026\/03\/15\/noche-libertina\/"},"author":{"name":"SalaStampa.eu, world press service","@id":"https:\/\/elcanillita.info\/press\/#\/schema\/person\/7fcb79f38045700919f7da6d97e71ba0"},"headline":"Noche Libertina","datePublished":"2026-03-15T16:18:10+00:00","dateModified":"2026-03-15T16:19:55+00:00","mainEntityOfPage":{"@id":"https:\/\/elcanillita.info\/press\/2026\/03\/15\/noche-libertina\/"},"wordCount":462,"publisher":{"@id":"https:\/\/elcanillita.info\/press\/#organization"},"image":{"@id":"https:\/\/elcanillita.info\/press\/2026\/03\/15\/noche-libertina\/#primaryimage"},"thumbnailUrl":"https:\/\/elcanillita.info\/press\/images\/2026\/03\/libpagcov.jpg","keywords":["Argentina"],"articleSection":[".",".","Actualidad","Am\u00e9rica del Sur","Corrupci\u00f3n","Politica","Sociedad y valores"],"inLanguage":"es-AR"},{"@type":"WebPage","@id":"https:\/\/elcanillita.info\/press\/2026\/03\/15\/noche-libertina\/","url":"https:\/\/elcanillita.info\/press\/2026\/03\/15\/noche-libertina\/","name":"Noche Libertina - ElCanillita.Info","isPartOf":{"@id":"https:\/\/elcanillita.info\/press\/#website"},"primaryImageOfPage":{"@id":"https:\/\/elcanillita.info\/press\/2026\/03\/15\/noche-libertina\/#primaryimage"},"image":{"@id":"https:\/\/elcanillita.info\/press\/2026\/03\/15\/noche-libertina\/#primaryimage"},"thumbnailUrl":"https:\/\/elcanillita.info\/press\/images\/2026\/03\/libpagcov.jpg","datePublished":"2026-03-15T16:18:10+00:00","dateModified":"2026-03-15T16:19:55+00:00","inLanguage":"es-AR","potentialAction":[{"@type":"ReadAction","target":["https:\/\/elcanillita.info\/press\/2026\/03\/15\/noche-libertina\/"]}]},{"@type":"ImageObject","inLanguage":"es-AR","@id":"https:\/\/elcanillita.info\/press\/2026\/03\/15\/noche-libertina\/#primaryimage","url":"https:\/\/elcanillita.info\/press\/images\/2026\/03\/libpagcov.jpg","contentUrl":"https:\/\/elcanillita.info\/press\/images\/2026\/03\/libpagcov.jpg","width":367,"height":550},{"@type":"WebSite","@id":"https:\/\/elcanillita.info\/press\/#website","url":"https:\/\/elcanillita.info\/press\/","name":"ElCanillita.Info","description":"desde los Apeninos a los Andes","publisher":{"@id":"https:\/\/elcanillita.info\/press\/#organization"},"potentialAction":[{"@type":"SearchAction","target":{"@type":"EntryPoint","urlTemplate":"https:\/\/elcanillita.info\/press\/?s={search_term_string}"},"query-input":{"@type":"PropertyValueSpecification","valueRequired":true,"valueName":"search_term_string"}}],"inLanguage":"es-AR"},{"@type":"Organization","@id":"https:\/\/elcanillita.info\/press\/#organization","name":"Guzzo Photos & Graphic Publications","url":"https:\/\/elcanillita.info\/press\/","logo":{"@type":"ImageObject","inLanguage":"es-AR","@id":"https:\/\/elcanillita.info\/press\/#\/schema\/logo\/image\/","url":"https:\/\/elcanillita.info\/press\/images\/2020\/01\/cropped-cropped-cropped-elcanillitainfo.png","contentUrl":"https:\/\/elcanillita.info\/press\/images\/2020\/01\/cropped-cropped-cropped-elcanillitainfo.png","width":460,"height":50,"caption":"Guzzo Photos & Graphic Publications"},"image":{"@id":"https:\/\/elcanillita.info\/press\/#\/schema\/logo\/image\/"},"sameAs":["https:\/\/ar-ar.facebook.com\/ElCanillitainfo-114249515285712\/"]},{"@type":"Person","@id":"https:\/\/elcanillita.info\/press\/#\/schema\/person\/7fcb79f38045700919f7da6d97e71ba0","name":"SalaStampa.eu, world press service","image":{"@type":"ImageObject","inLanguage":"es-AR","@id":"https:\/\/secure.gravatar.com\/avatar\/c2f0e0d515a107624234994507816ca4724c7199cef73fc8bedebf6931d73888?s=96&d=mm&r=g","url":"https:\/\/secure.gravatar.com\/avatar\/c2f0e0d515a107624234994507816ca4724c7199cef73fc8bedebf6931d73888?s=96&d=mm&r=g","contentUrl":"https:\/\/secure.gravatar.com\/avatar\/c2f0e0d515a107624234994507816ca4724c7199cef73fc8bedebf6931d73888?s=96&d=mm&r=g","caption":"SalaStampa.eu, world press service"}}]}},"views":56,"_links":{"self":[{"href":"https:\/\/elcanillita.info\/press\/wp-json\/wp\/v2\/posts\/6178","targetHints":{"allow":["GET"]}}],"collection":[{"href":"https:\/\/elcanillita.info\/press\/wp-json\/wp\/v2\/posts"}],"about":[{"href":"https:\/\/elcanillita.info\/press\/wp-json\/wp\/v2\/types\/post"}],"author":[{"embeddable":true,"href":"https:\/\/elcanillita.info\/press\/wp-json\/wp\/v2\/users\/1"}],"replies":[{"embeddable":true,"href":"https:\/\/elcanillita.info\/press\/wp-json\/wp\/v2\/comments?post=6178"}],"version-history":[{"count":0,"href":"https:\/\/elcanillita.info\/press\/wp-json\/wp\/v2\/posts\/6178\/revisions"}],"wp:featuredmedia":[{"embeddable":true,"href":"https:\/\/elcanillita.info\/press\/wp-json\/wp\/v2\/media\/6179"}],"wp:attachment":[{"href":"https:\/\/elcanillita.info\/press\/wp-json\/wp\/v2\/media?parent=6178"}],"wp:term":[{"taxonomy":"category","embeddable":true,"href":"https:\/\/elcanillita.info\/press\/wp-json\/wp\/v2\/categories?post=6178"},{"taxonomy":"post_tag","embeddable":true,"href":"https:\/\/elcanillita.info\/press\/wp-json\/wp\/v2\/tags?post=6178"}],"curies":[{"name":"wp","href":"https:\/\/api.w.org\/{rel}","templated":true}]}}