{"id":6175,"date":"2026-03-14T17:37:49","date_gmt":"2026-03-14T20:37:49","guid":{"rendered":"https:\/\/elcanillita.info\/press\/?p=6175"},"modified":"2026-03-14T17:37:50","modified_gmt":"2026-03-14T20:37:50","slug":"jubilados-livianos-para-atravesar-la-puerta-del-cielo","status":"publish","type":"post","link":"https:\/\/elcanillita.info\/press\/2026\/03\/14\/jubilados-livianos-para-atravesar-la-puerta-del-cielo\/","title":{"rendered":"Jubilados livianos para atravesar la puerta del cielo"},"content":{"rendered":"\n<figure class=\"wp-block-image size-full\"><img loading=\"lazy\" decoding=\"async\" width=\"600\" height=\"400\" src=\"https:\/\/elcanillita.info\/press\/images\/2026\/03\/jubcov_20260314.jpg\" alt=\"\" class=\"wp-image-6176\" srcset=\"https:\/\/elcanillita.info\/press\/images\/2026\/03\/jubcov_20260314.jpg 600w, https:\/\/elcanillita.info\/press\/images\/2026\/03\/jubcov_20260314-300x200.jpg 300w\" sizes=\"auto, (max-width: 600px) 100vw, 600px\" \/><\/figure>\n\n\n\n<p>En la Argentina siempre hay dos velocidades para la econom\u00eda: la de los que gobiernan\u2026 y la de los que sobreviven. Mientras el Senado se prepara para otra sesi\u00f3n despu\u00e9s de las extraordinarias, los legisladores ya tienen garantizada una noticia que jam\u00e1s llega tarde: un nuevo aumento en sus dietas.<\/p>\n\n\n\n<p>Desde marzo, los senadores pasar\u00e1n a cobrar m\u00e1s de <strong>11,6 millones de pesos por mes<\/strong>. El ajuste surge del acuerdo paritario firmado por los gremios legislativos \u2014APL, ATE y UPCN\u2014 y, como suele ocurrir en el Palacio, la inflaci\u00f3n parece doler menos cuando la factura se paga con fondos p\u00fablicos.<\/p>\n\n\n\n<p>Del otro lado del mostrador, el universo jubilado vuelve a practicar el antiguo arte nacional de hacer milagros con monedas. En abril, la jubilaci\u00f3n m\u00ednima alcanzar\u00e1 <strong>380.286 pesos<\/strong>, tras aplicarse el aumento del <strong>2,9%<\/strong> correspondiente a la inflaci\u00f3n de febrero.<\/p>\n\n\n\n<p>Si el bono extraordinario de 70 mil pesos contin\u00faa, el haber podr\u00eda trepar a <strong>450.286 pesos<\/strong>. \u201cTrepar\u201d es una forma elegante de decir que sigue siendo una cifra que apenas alcanza para mirar los precios desde la vereda de enfrente.<\/p>\n\n\n\n<p>El nuevo esquema de movilidad \u2014establecido por el Decreto 274\/2024\u2014 promete actualizar los haberes todos los meses seg\u00fan el \u00edndice de precios. Una idea razonable en los papeles, aunque en la pr\u00e1ctica la inflaci\u00f3n siempre parece correr m\u00e1s r\u00e1pido que la jubilaci\u00f3n, como un perro detr\u00e1s de un colectivo que nunca alcanza.<\/p>\n\n\n\n<p>Mientras tanto, el Senado ajusta sus propios ingresos con una precisi\u00f3n quir\u00fargica. En la pol\u00edtica argentina hay algo admirable: cuando se trata de mejorar el sueldo propio, las diferencias ideol\u00f3gicas desaparecen con una rapidez casi milagrosa.<\/p>\n\n\n\n<p>La brecha entre una dieta legislativa y una jubilaci\u00f3n m\u00ednima ya no es una grieta: es un ca\u00f1\u00f3n. Un senador puede ganar en un mes lo que un jubilado tardar\u00eda <strong>m\u00e1s de dos a\u00f1os<\/strong> en cobrar\u2026 suponiendo que en ese tiempo no vuelva a aumentar la inflaci\u00f3n, lo cual en Argentina ya entra en el terreno de la fantas\u00eda.<\/p>\n\n\n\n<p>As\u00ed, el sistema sigue funcionando con una l\u00f3gica peculiar: los jubilados reciben aumentos microsc\u00f3picos para no perder del todo contra los precios, mientras la pol\u00edtica se asegura ajustes que jam\u00e1s necesitan rezago estad\u00edstico.<\/p>\n\n\n\n<p>Tal vez sea parte de una filosof\u00eda nacional todav\u00eda no declarada. Despu\u00e9s de todo, con ingresos tan livianos, los jubilados argentinos estar\u00e1n perfectamente preparados para atravesar \u2014sin equipaje y sin escalas\u2014 las puertas estrechas del cielo.<\/p>\n\n\n<p>\u270d\ufe0f <small>\u00a92026 Pulso C\u00edvico &#8211; Derechos reservados<\/small><\/p>\n<hr style=\"border: none; height: 1px; background-color: #ccc; margin: 2em 0;\" \/>\n<p><small>\u00a9 2026 SalaStampa.eu, world press service &#8211; All Rights Reserved &#8211;  Guzzo Photos &#038; Graphic  Publications \u2013 Registro Editori e Stampatori n. 1441 Turin, Italy<\/small><\/p>\n\n\n<p> <br><br><br><br><br><\/p>\n","protected":false},"excerpt":{"rendered":"<p>En la Argentina siempre hay dos velocidades para la econom\u00eda: la de los que gobiernan\u2026 y la de los que sobreviven. Mientras el Senado se&#8230;<\/p>\n","protected":false},"author":1,"featured_media":6176,"comment_status":"closed","ping_status":"closed","sticky":false,"template":"","format":"standard","meta":{"footnotes":"","_links_to":"","_links_to_target":""},"categories":[121,108,70,11,20,23,137],"tags":[29],"class_list":["post-6175","post","type-post","status-publish","format-standard","has-post-thumbnail","hentry","category-dc24","category-blogdiario","category-actualidad","category-america-del-sur","category-economia","category-politica","category-sociedad-y-valores","tag-argentina","entry","double"],"yoast_head":"<!-- This site is optimized with the Yoast SEO plugin v27.4 - https:\/\/yoast.com\/product\/yoast-seo-wordpress\/ -->\n<title>Jubilados livianos para atravesar la puerta del cielo - ElCanillita.Info<\/title>\n<meta name=\"robots\" content=\"index, follow, max-snippet:-1, max-image-preview:large, max-video-preview:-1\" \/>\n<link rel=\"canonical\" href=\"https:\/\/elcanillita.info\/press\/2026\/03\/14\/jubilados-livianos-para-atravesar-la-puerta-del-cielo\/\" \/>\n<meta property=\"og:locale\" content=\"es_ES\" \/>\n<meta property=\"og:type\" content=\"article\" \/>\n<meta property=\"og:title\" content=\"Jubilados livianos para atravesar la puerta del cielo - ElCanillita.Info\" \/>\n<meta property=\"og:description\" content=\"En la Argentina siempre hay dos velocidades para la econom\u00eda: la de los que gobiernan\u2026 y la de los que sobreviven. Mientras el Senado se&#8230;\" \/>\n<meta property=\"og:url\" content=\"https:\/\/elcanillita.info\/press\/2026\/03\/14\/jubilados-livianos-para-atravesar-la-puerta-del-cielo\/\" \/>\n<meta property=\"og:site_name\" content=\"ElCanillita.Info\" \/>\n<meta property=\"article:publisher\" content=\"https:\/\/ar-ar.facebook.com\/ElCanillitainfo-114249515285712\/\" \/>\n<meta property=\"article:published_time\" content=\"2026-03-14T20:37:49+00:00\" \/>\n<meta property=\"article:modified_time\" content=\"2026-03-14T20:37:50+00:00\" \/>\n<meta property=\"og:image\" content=\"https:\/\/elcanillita.info\/press\/images\/2026\/03\/jubcov_20260314.jpg\" \/>\n\t<meta property=\"og:image:width\" content=\"600\" \/>\n\t<meta property=\"og:image:height\" content=\"400\" \/>\n\t<meta property=\"og:image:type\" content=\"image\/jpeg\" \/>\n<meta name=\"author\" content=\"SalaStampa.eu, world press service\" \/>\n<meta name=\"twitter:card\" content=\"summary_large_image\" \/>\n<meta name=\"twitter:label1\" content=\"Escrito por\" \/>\n\t<meta name=\"twitter:data1\" content=\"SalaStampa.eu, world press service\" \/>\n\t<meta name=\"twitter:label2\" content=\"Tiempo de lectura\" \/>\n\t<meta name=\"twitter:data2\" content=\"3 minutos\" \/>\n<script type=\"application\/ld+json\" class=\"yoast-schema-graph\">{\"@context\":\"https:\\\/\\\/schema.org\",\"@graph\":[{\"@type\":\"Article\",\"@id\":\"https:\\\/\\\/elcanillita.info\\\/press\\\/2026\\\/03\\\/14\\\/jubilados-livianos-para-atravesar-la-puerta-del-cielo\\\/#article\",\"isPartOf\":{\"@id\":\"https:\\\/\\\/elcanillita.info\\\/press\\\/2026\\\/03\\\/14\\\/jubilados-livianos-para-atravesar-la-puerta-del-cielo\\\/\"},\"author\":{\"name\":\"SalaStampa.eu, world press service\",\"@id\":\"https:\\\/\\\/elcanillita.info\\\/press\\\/#\\\/schema\\\/person\\\/7fcb79f38045700919f7da6d97e71ba0\"},\"headline\":\"Jubilados livianos para atravesar la puerta del cielo\",\"datePublished\":\"2026-03-14T20:37:49+00:00\",\"dateModified\":\"2026-03-14T20:37:50+00:00\",\"mainEntityOfPage\":{\"@id\":\"https:\\\/\\\/elcanillita.info\\\/press\\\/2026\\\/03\\\/14\\\/jubilados-livianos-para-atravesar-la-puerta-del-cielo\\\/\"},\"wordCount\":466,\"publisher\":{\"@id\":\"https:\\\/\\\/elcanillita.info\\\/press\\\/#organization\"},\"image\":{\"@id\":\"https:\\\/\\\/elcanillita.info\\\/press\\\/2026\\\/03\\\/14\\\/jubilados-livianos-para-atravesar-la-puerta-del-cielo\\\/#primaryimage\"},\"thumbnailUrl\":\"https:\\\/\\\/elcanillita.info\\\/press\\\/images\\\/2026\\\/03\\\/jubcov_20260314.jpg\",\"keywords\":[\"Argentina\"],\"articleSection\":[\".\",\".\",\"Actualidad\",\"Am\u00e9rica del Sur\",\"Economia\",\"Politica\",\"Sociedad y valores\"],\"inLanguage\":\"es-AR\"},{\"@type\":\"WebPage\",\"@id\":\"https:\\\/\\\/elcanillita.info\\\/press\\\/2026\\\/03\\\/14\\\/jubilados-livianos-para-atravesar-la-puerta-del-cielo\\\/\",\"url\":\"https:\\\/\\\/elcanillita.info\\\/press\\\/2026\\\/03\\\/14\\\/jubilados-livianos-para-atravesar-la-puerta-del-cielo\\\/\",\"name\":\"Jubilados livianos para atravesar la puerta del cielo - ElCanillita.Info\",\"isPartOf\":{\"@id\":\"https:\\\/\\\/elcanillita.info\\\/press\\\/#website\"},\"primaryImageOfPage\":{\"@id\":\"https:\\\/\\\/elcanillita.info\\\/press\\\/2026\\\/03\\\/14\\\/jubilados-livianos-para-atravesar-la-puerta-del-cielo\\\/#primaryimage\"},\"image\":{\"@id\":\"https:\\\/\\\/elcanillita.info\\\/press\\\/2026\\\/03\\\/14\\\/jubilados-livianos-para-atravesar-la-puerta-del-cielo\\\/#primaryimage\"},\"thumbnailUrl\":\"https:\\\/\\\/elcanillita.info\\\/press\\\/images\\\/2026\\\/03\\\/jubcov_20260314.jpg\",\"datePublished\":\"2026-03-14T20:37:49+00:00\",\"dateModified\":\"2026-03-14T20:37:50+00:00\",\"inLanguage\":\"es-AR\",\"potentialAction\":[{\"@type\":\"ReadAction\",\"target\":[\"https:\\\/\\\/elcanillita.info\\\/press\\\/2026\\\/03\\\/14\\\/jubilados-livianos-para-atravesar-la-puerta-del-cielo\\\/\"]}]},{\"@type\":\"ImageObject\",\"inLanguage\":\"es-AR\",\"@id\":\"https:\\\/\\\/elcanillita.info\\\/press\\\/2026\\\/03\\\/14\\\/jubilados-livianos-para-atravesar-la-puerta-del-cielo\\\/#primaryimage\",\"url\":\"https:\\\/\\\/elcanillita.info\\\/press\\\/images\\\/2026\\\/03\\\/jubcov_20260314.jpg\",\"contentUrl\":\"https:\\\/\\\/elcanillita.info\\\/press\\\/images\\\/2026\\\/03\\\/jubcov_20260314.jpg\",\"width\":600,\"height\":400},{\"@type\":\"WebSite\",\"@id\":\"https:\\\/\\\/elcanillita.info\\\/press\\\/#website\",\"url\":\"https:\\\/\\\/elcanillita.info\\\/press\\\/\",\"name\":\"ElCanillita.Info\",\"description\":\"desde los Apeninos a los Andes\",\"publisher\":{\"@id\":\"https:\\\/\\\/elcanillita.info\\\/press\\\/#organization\"},\"potentialAction\":[{\"@type\":\"SearchAction\",\"target\":{\"@type\":\"EntryPoint\",\"urlTemplate\":\"https:\\\/\\\/elcanillita.info\\\/press\\\/?s={search_term_string}\"},\"query-input\":{\"@type\":\"PropertyValueSpecification\",\"valueRequired\":true,\"valueName\":\"search_term_string\"}}],\"inLanguage\":\"es-AR\"},{\"@type\":\"Organization\",\"@id\":\"https:\\\/\\\/elcanillita.info\\\/press\\\/#organization\",\"name\":\"Guzzo Photos & Graphic Publications\",\"url\":\"https:\\\/\\\/elcanillita.info\\\/press\\\/\",\"logo\":{\"@type\":\"ImageObject\",\"inLanguage\":\"es-AR\",\"@id\":\"https:\\\/\\\/elcanillita.info\\\/press\\\/#\\\/schema\\\/logo\\\/image\\\/\",\"url\":\"https:\\\/\\\/elcanillita.info\\\/press\\\/images\\\/2020\\\/01\\\/cropped-cropped-cropped-elcanillitainfo.png\",\"contentUrl\":\"https:\\\/\\\/elcanillita.info\\\/press\\\/images\\\/2020\\\/01\\\/cropped-cropped-cropped-elcanillitainfo.png\",\"width\":460,\"height\":50,\"caption\":\"Guzzo Photos & Graphic Publications\"},\"image\":{\"@id\":\"https:\\\/\\\/elcanillita.info\\\/press\\\/#\\\/schema\\\/logo\\\/image\\\/\"},\"sameAs\":[\"https:\\\/\\\/ar-ar.facebook.com\\\/ElCanillitainfo-114249515285712\\\/\"]},{\"@type\":\"Person\",\"@id\":\"https:\\\/\\\/elcanillita.info\\\/press\\\/#\\\/schema\\\/person\\\/7fcb79f38045700919f7da6d97e71ba0\",\"name\":\"SalaStampa.eu, world press service\",\"image\":{\"@type\":\"ImageObject\",\"inLanguage\":\"es-AR\",\"@id\":\"https:\\\/\\\/secure.gravatar.com\\\/avatar\\\/c2f0e0d515a107624234994507816ca4724c7199cef73fc8bedebf6931d73888?s=96&d=mm&r=g\",\"url\":\"https:\\\/\\\/secure.gravatar.com\\\/avatar\\\/c2f0e0d515a107624234994507816ca4724c7199cef73fc8bedebf6931d73888?s=96&d=mm&r=g\",\"contentUrl\":\"https:\\\/\\\/secure.gravatar.com\\\/avatar\\\/c2f0e0d515a107624234994507816ca4724c7199cef73fc8bedebf6931d73888?s=96&d=mm&r=g\",\"caption\":\"SalaStampa.eu, world press service\"}}]}<\/script>\n<!-- \/ Yoast SEO plugin. -->","yoast_head_json":{"title":"Jubilados livianos para atravesar la puerta del cielo - ElCanillita.Info","robots":{"index":"index","follow":"follow","max-snippet":"max-snippet:-1","max-image-preview":"max-image-preview:large","max-video-preview":"max-video-preview:-1"},"canonical":"https:\/\/elcanillita.info\/press\/2026\/03\/14\/jubilados-livianos-para-atravesar-la-puerta-del-cielo\/","og_locale":"es_ES","og_type":"article","og_title":"Jubilados livianos para atravesar la puerta del cielo - ElCanillita.Info","og_description":"En la Argentina siempre hay dos velocidades para la econom\u00eda: la de los que gobiernan\u2026 y la de los que sobreviven. Mientras el Senado se&#8230;","og_url":"https:\/\/elcanillita.info\/press\/2026\/03\/14\/jubilados-livianos-para-atravesar-la-puerta-del-cielo\/","og_site_name":"ElCanillita.Info","article_publisher":"https:\/\/ar-ar.facebook.com\/ElCanillitainfo-114249515285712\/","article_published_time":"2026-03-14T20:37:49+00:00","article_modified_time":"2026-03-14T20:37:50+00:00","og_image":[{"width":600,"height":400,"url":"https:\/\/elcanillita.info\/press\/images\/2026\/03\/jubcov_20260314.jpg","type":"image\/jpeg"}],"author":"SalaStampa.eu, world press service","twitter_card":"summary_large_image","twitter_misc":{"Escrito por":"SalaStampa.eu, world press service","Tiempo de lectura":"3 minutos"},"schema":{"@context":"https:\/\/schema.org","@graph":[{"@type":"Article","@id":"https:\/\/elcanillita.info\/press\/2026\/03\/14\/jubilados-livianos-para-atravesar-la-puerta-del-cielo\/#article","isPartOf":{"@id":"https:\/\/elcanillita.info\/press\/2026\/03\/14\/jubilados-livianos-para-atravesar-la-puerta-del-cielo\/"},"author":{"name":"SalaStampa.eu, world press service","@id":"https:\/\/elcanillita.info\/press\/#\/schema\/person\/7fcb79f38045700919f7da6d97e71ba0"},"headline":"Jubilados livianos para atravesar la puerta del cielo","datePublished":"2026-03-14T20:37:49+00:00","dateModified":"2026-03-14T20:37:50+00:00","mainEntityOfPage":{"@id":"https:\/\/elcanillita.info\/press\/2026\/03\/14\/jubilados-livianos-para-atravesar-la-puerta-del-cielo\/"},"wordCount":466,"publisher":{"@id":"https:\/\/elcanillita.info\/press\/#organization"},"image":{"@id":"https:\/\/elcanillita.info\/press\/2026\/03\/14\/jubilados-livianos-para-atravesar-la-puerta-del-cielo\/#primaryimage"},"thumbnailUrl":"https:\/\/elcanillita.info\/press\/images\/2026\/03\/jubcov_20260314.jpg","keywords":["Argentina"],"articleSection":[".",".","Actualidad","Am\u00e9rica del Sur","Economia","Politica","Sociedad y valores"],"inLanguage":"es-AR"},{"@type":"WebPage","@id":"https:\/\/elcanillita.info\/press\/2026\/03\/14\/jubilados-livianos-para-atravesar-la-puerta-del-cielo\/","url":"https:\/\/elcanillita.info\/press\/2026\/03\/14\/jubilados-livianos-para-atravesar-la-puerta-del-cielo\/","name":"Jubilados livianos para atravesar la puerta del cielo - ElCanillita.Info","isPartOf":{"@id":"https:\/\/elcanillita.info\/press\/#website"},"primaryImageOfPage":{"@id":"https:\/\/elcanillita.info\/press\/2026\/03\/14\/jubilados-livianos-para-atravesar-la-puerta-del-cielo\/#primaryimage"},"image":{"@id":"https:\/\/elcanillita.info\/press\/2026\/03\/14\/jubilados-livianos-para-atravesar-la-puerta-del-cielo\/#primaryimage"},"thumbnailUrl":"https:\/\/elcanillita.info\/press\/images\/2026\/03\/jubcov_20260314.jpg","datePublished":"2026-03-14T20:37:49+00:00","dateModified":"2026-03-14T20:37:50+00:00","inLanguage":"es-AR","potentialAction":[{"@type":"ReadAction","target":["https:\/\/elcanillita.info\/press\/2026\/03\/14\/jubilados-livianos-para-atravesar-la-puerta-del-cielo\/"]}]},{"@type":"ImageObject","inLanguage":"es-AR","@id":"https:\/\/elcanillita.info\/press\/2026\/03\/14\/jubilados-livianos-para-atravesar-la-puerta-del-cielo\/#primaryimage","url":"https:\/\/elcanillita.info\/press\/images\/2026\/03\/jubcov_20260314.jpg","contentUrl":"https:\/\/elcanillita.info\/press\/images\/2026\/03\/jubcov_20260314.jpg","width":600,"height":400},{"@type":"WebSite","@id":"https:\/\/elcanillita.info\/press\/#website","url":"https:\/\/elcanillita.info\/press\/","name":"ElCanillita.Info","description":"desde los Apeninos a los Andes","publisher":{"@id":"https:\/\/elcanillita.info\/press\/#organization"},"potentialAction":[{"@type":"SearchAction","target":{"@type":"EntryPoint","urlTemplate":"https:\/\/elcanillita.info\/press\/?s={search_term_string}"},"query-input":{"@type":"PropertyValueSpecification","valueRequired":true,"valueName":"search_term_string"}}],"inLanguage":"es-AR"},{"@type":"Organization","@id":"https:\/\/elcanillita.info\/press\/#organization","name":"Guzzo Photos & Graphic Publications","url":"https:\/\/elcanillita.info\/press\/","logo":{"@type":"ImageObject","inLanguage":"es-AR","@id":"https:\/\/elcanillita.info\/press\/#\/schema\/logo\/image\/","url":"https:\/\/elcanillita.info\/press\/images\/2020\/01\/cropped-cropped-cropped-elcanillitainfo.png","contentUrl":"https:\/\/elcanillita.info\/press\/images\/2020\/01\/cropped-cropped-cropped-elcanillitainfo.png","width":460,"height":50,"caption":"Guzzo Photos & Graphic Publications"},"image":{"@id":"https:\/\/elcanillita.info\/press\/#\/schema\/logo\/image\/"},"sameAs":["https:\/\/ar-ar.facebook.com\/ElCanillitainfo-114249515285712\/"]},{"@type":"Person","@id":"https:\/\/elcanillita.info\/press\/#\/schema\/person\/7fcb79f38045700919f7da6d97e71ba0","name":"SalaStampa.eu, world press service","image":{"@type":"ImageObject","inLanguage":"es-AR","@id":"https:\/\/secure.gravatar.com\/avatar\/c2f0e0d515a107624234994507816ca4724c7199cef73fc8bedebf6931d73888?s=96&d=mm&r=g","url":"https:\/\/secure.gravatar.com\/avatar\/c2f0e0d515a107624234994507816ca4724c7199cef73fc8bedebf6931d73888?s=96&d=mm&r=g","contentUrl":"https:\/\/secure.gravatar.com\/avatar\/c2f0e0d515a107624234994507816ca4724c7199cef73fc8bedebf6931d73888?s=96&d=mm&r=g","caption":"SalaStampa.eu, world press service"}}]}},"views":85,"_links":{"self":[{"href":"https:\/\/elcanillita.info\/press\/wp-json\/wp\/v2\/posts\/6175","targetHints":{"allow":["GET"]}}],"collection":[{"href":"https:\/\/elcanillita.info\/press\/wp-json\/wp\/v2\/posts"}],"about":[{"href":"https:\/\/elcanillita.info\/press\/wp-json\/wp\/v2\/types\/post"}],"author":[{"embeddable":true,"href":"https:\/\/elcanillita.info\/press\/wp-json\/wp\/v2\/users\/1"}],"replies":[{"embeddable":true,"href":"https:\/\/elcanillita.info\/press\/wp-json\/wp\/v2\/comments?post=6175"}],"version-history":[{"count":0,"href":"https:\/\/elcanillita.info\/press\/wp-json\/wp\/v2\/posts\/6175\/revisions"}],"wp:featuredmedia":[{"embeddable":true,"href":"https:\/\/elcanillita.info\/press\/wp-json\/wp\/v2\/media\/6176"}],"wp:attachment":[{"href":"https:\/\/elcanillita.info\/press\/wp-json\/wp\/v2\/media?parent=6175"}],"wp:term":[{"taxonomy":"category","embeddable":true,"href":"https:\/\/elcanillita.info\/press\/wp-json\/wp\/v2\/categories?post=6175"},{"taxonomy":"post_tag","embeddable":true,"href":"https:\/\/elcanillita.info\/press\/wp-json\/wp\/v2\/tags?post=6175"}],"curies":[{"name":"wp","href":"https:\/\/api.w.org\/{rel}","templated":true}]}}