{"id":6156,"date":"2026-03-12T18:28:54","date_gmt":"2026-03-12T21:28:54","guid":{"rendered":"https:\/\/elcanillita.info\/press\/?p=6156"},"modified":"2026-03-13T07:07:56","modified_gmt":"2026-03-13T10:07:56","slug":"la-hucha-rota","status":"publish","type":"post","link":"https:\/\/elcanillita.info\/press\/2026\/03\/12\/la-hucha-rota\/","title":{"rendered":"La hucha rota"},"content":{"rendered":"<div class=\"wp-block-image\">\n<figure class=\"alignleft size-full is-resized\"><img loading=\"lazy\" decoding=\"async\" width=\"400\" height=\"600\" src=\"https:\/\/elcanillita.info\/press\/images\/2026\/02\/guill_cov_600.jpg\" alt=\"\" class=\"wp-image-5914\" style=\"width:356px;height:auto\" srcset=\"https:\/\/elcanillita.info\/press\/images\/2026\/02\/guill_cov_600.jpg 400w, https:\/\/elcanillita.info\/press\/images\/2026\/02\/guill_cov_600-200x300.jpg 200w\" sizes=\"auto, (max-width: 400px) 100vw, 400px\" \/><\/figure>\n<\/div>\n\n\n<p>La pol\u00edtica argentina tiene esa rara capacidad de romperse sola mientras todav\u00eda dice estar gobernando. Esta vez el ruido vino desde adentro: la vicepresidente llev\u00f3 a la Justicia a un diputado de su propio espacio y el oficialismo volvi\u00f3 a demostrar que su principal oposici\u00f3n suele vivir en casa.<\/p>\n\n\n\n<p>La vicepresidente <strong>Victoria Villarruel<\/strong> denunci\u00f3 penalmente al diputado libertario y exministro de Defensa <strong>Luis Petri<\/strong> en Comodoro Py. La causa incluye cargos por \u201ccalumnias e injurias\u201d, \u201catentado contra el orden p\u00fablico\u201d y hasta \u201camenaza de rebeli\u00f3n\u201d. Todo despu\u00e9s de que Petri la llamara p\u00fablicamente \u201cgolpista\u201d.<\/p>\n\n\n\n<p>La escena, por supuesto, comenz\u00f3 donde hoy se dirime casi toda la pol\u00edtica: en redes sociales. Un intercambio de mensajes, iron\u00edas y acusaciones termin\u00f3 en expediente judicial. Argentina versi\u00f3n siglo XXI: del tuit al juzgado en menos de un d\u00eda.<\/p>\n\n\n\n<p>Villarruel no se qued\u00f3 en la denuncia. Tambi\u00e9n record\u00f3 el supuesto vaciamiento del Instituto de Obra Social de las Fuerzas Armadas (IOSFA) durante la gesti\u00f3n de Petri y lo acus\u00f3 de haber dejado a miles de militares y sus familias sin cobertura m\u00e9dica.<\/p>\n\n\n\n<p>La frase fue neta: \u201cdej\u00f3 a cientos de miles de militares sin atenci\u00f3n m\u00e9dica en los confines del pa\u00eds\u201d. Una acusaci\u00f3n que, m\u00e1s que un tuit picante, suena a dossier pol\u00edtico.<\/p>\n\n\n\n<p>La vicepresidente incluso se permiti\u00f3 un golpe de sarcasmo: dijo conocer a Petri \u201cpor sus cosplays y por los trencitos de la alegr\u00eda con el Presidente\u201d. Traducido al dialecto pol\u00edtico: cuando se terminan los argumentos, empiezan las caricaturas.<\/p>\n\n\n\n<p>Mientras tanto, el esc\u00e1ndalo del IOSFA vuelve a emerger como un fantasma inc\u00f3modo. En varias ciudades del pa\u00eds, hospitales privados reclaman deudas y afiliados denuncian falta de cobertura m\u00e9dica para miles de efectivos y sus familias.<\/p>\n\n\n\n<p>El problema es que el oficialismo discute responsabilidades como si la gesti\u00f3n hubiese ocurrido en otro planeta. Pero no: ocurri\u00f3 dentro del mismo gobierno que hoy se acusa a s\u00ed mismo.<\/p>\n\n\n\n<p>El expediente cay\u00f3 en el Juzgado Criminal y Correccional Federal N.\u00ba 2, a cargo del juez Sebasti\u00e1n Ramos. La Justicia tendr\u00e1 ahora la tarea de ordenar lo que la pol\u00edtica convirti\u00f3 en un duelo de acusaciones.<\/p>\n\n\n\n<p>Pero m\u00e1s all\u00e1 de los tribunales, el mensaje es otro: cuando un gobierno empieza a judicializar sus peleas internas, la pol\u00edtica deja de ser conducci\u00f3n y pasa a ser ring.<\/p>\n\n\n\n<p>En s\u00edntesis: mientras el pa\u00eds intenta entender qui\u00e9n gobierna, el oficialismo se dedica a decidir qui\u00e9n insult\u00f3 primero. Y as\u00ed, entre denuncias, tuitazos y obras sociales vaciadas, la hucha del poder termina rota por dentro.<\/p>\n\n\n<p>\u270d\ufe0f <small>\u00a92026  El Escriba de la Rep\u00fablica &#8211; Derechos reservados<br \/ <small>Apuntes del poder para la memoria de la Rep\u00fablica <\/small><\/p>\n<hr style=\"border: none; height: 1px; background-color: #ccc; margin: 2em 0;\" \/>\n<p><small>\u00a9 2026 SalaStampa.eu, world press service &#8211; All Rights Reserved &#8211;  Guzzo Photos &#038; Graphic  Publications \u2013 Registro Editori e Stampatori n. 1441 Turin, Italy<\/small><\/p>","protected":false},"excerpt":{"rendered":"<p>La guerra interna entre Villarruel y Petri destapa algo m\u00e1s que insultos: detr\u00e1s aparece el agujero del IOSFA y el costo lo pagan los militares.<\/p>\n","protected":false},"author":1,"featured_media":5914,"comment_status":"closed","ping_status":"closed","sticky":false,"template":"","format":"standard","meta":{"footnotes":"","_links_to":"","_links_to_target":""},"categories":[121,108,70,11,118,23,137],"tags":[29],"class_list":["post-6156","post","type-post","status-publish","format-standard","has-post-thumbnail","hentry","category-dc24","category-blogdiario","category-actualidad","category-america-del-sur","category-corrupcion","category-politica","category-sociedad-y-valores","tag-argentina","entry","double"],"yoast_head":"<!-- This site is optimized with the Yoast SEO plugin v27.4 - https:\/\/yoast.com\/product\/yoast-seo-wordpress\/ -->\n<title>La hucha rota - ElCanillita.Info<\/title>\n<meta name=\"robots\" content=\"index, follow, max-snippet:-1, max-image-preview:large, max-video-preview:-1\" \/>\n<link rel=\"canonical\" href=\"https:\/\/elcanillita.info\/press\/2026\/03\/12\/la-hucha-rota\/\" \/>\n<meta property=\"og:locale\" content=\"es_ES\" \/>\n<meta property=\"og:type\" content=\"article\" \/>\n<meta property=\"og:title\" content=\"La hucha rota - ElCanillita.Info\" \/>\n<meta property=\"og:description\" content=\"La guerra interna entre Villarruel y Petri destapa algo m\u00e1s que insultos: detr\u00e1s aparece el agujero del IOSFA y el costo lo pagan los militares.\" \/>\n<meta property=\"og:url\" content=\"https:\/\/elcanillita.info\/press\/2026\/03\/12\/la-hucha-rota\/\" \/>\n<meta property=\"og:site_name\" content=\"ElCanillita.Info\" \/>\n<meta property=\"article:publisher\" content=\"https:\/\/ar-ar.facebook.com\/ElCanillitainfo-114249515285712\/\" \/>\n<meta property=\"article:published_time\" content=\"2026-03-12T21:28:54+00:00\" \/>\n<meta property=\"article:modified_time\" content=\"2026-03-13T10:07:56+00:00\" \/>\n<meta property=\"og:image\" content=\"https:\/\/elcanillita.info\/press\/images\/2026\/02\/guill_cov_600.jpg\" \/>\n\t<meta property=\"og:image:width\" content=\"400\" \/>\n\t<meta property=\"og:image:height\" content=\"600\" \/>\n\t<meta property=\"og:image:type\" content=\"image\/jpeg\" \/>\n<meta name=\"author\" content=\"SalaStampa.eu, world press service\" \/>\n<meta name=\"twitter:card\" content=\"summary_large_image\" \/>\n<meta name=\"twitter:label1\" content=\"Escrito por\" \/>\n\t<meta name=\"twitter:data1\" content=\"SalaStampa.eu, world press service\" \/>\n\t<meta name=\"twitter:label2\" content=\"Tiempo de lectura\" \/>\n\t<meta name=\"twitter:data2\" content=\"3 minutos\" \/>\n<script type=\"application\/ld+json\" class=\"yoast-schema-graph\">{\"@context\":\"https:\\\/\\\/schema.org\",\"@graph\":[{\"@type\":\"Article\",\"@id\":\"https:\\\/\\\/elcanillita.info\\\/press\\\/2026\\\/03\\\/12\\\/la-hucha-rota\\\/#article\",\"isPartOf\":{\"@id\":\"https:\\\/\\\/elcanillita.info\\\/press\\\/2026\\\/03\\\/12\\\/la-hucha-rota\\\/\"},\"author\":{\"name\":\"SalaStampa.eu, world press service\",\"@id\":\"https:\\\/\\\/elcanillita.info\\\/press\\\/#\\\/schema\\\/person\\\/7fcb79f38045700919f7da6d97e71ba0\"},\"headline\":\"La hucha rota\",\"datePublished\":\"2026-03-12T21:28:54+00:00\",\"dateModified\":\"2026-03-13T10:07:56+00:00\",\"mainEntityOfPage\":{\"@id\":\"https:\\\/\\\/elcanillita.info\\\/press\\\/2026\\\/03\\\/12\\\/la-hucha-rota\\\/\"},\"wordCount\":461,\"publisher\":{\"@id\":\"https:\\\/\\\/elcanillita.info\\\/press\\\/#organization\"},\"image\":{\"@id\":\"https:\\\/\\\/elcanillita.info\\\/press\\\/2026\\\/03\\\/12\\\/la-hucha-rota\\\/#primaryimage\"},\"thumbnailUrl\":\"https:\\\/\\\/elcanillita.info\\\/press\\\/images\\\/2026\\\/02\\\/guill_cov_600.jpg\",\"keywords\":[\"Argentina\"],\"articleSection\":[\".\",\".\",\"Actualidad\",\"Am\u00e9rica del Sur\",\"Corrupci\u00f3n\",\"Politica\",\"Sociedad y valores\"],\"inLanguage\":\"es-AR\"},{\"@type\":\"WebPage\",\"@id\":\"https:\\\/\\\/elcanillita.info\\\/press\\\/2026\\\/03\\\/12\\\/la-hucha-rota\\\/\",\"url\":\"https:\\\/\\\/elcanillita.info\\\/press\\\/2026\\\/03\\\/12\\\/la-hucha-rota\\\/\",\"name\":\"La hucha rota - ElCanillita.Info\",\"isPartOf\":{\"@id\":\"https:\\\/\\\/elcanillita.info\\\/press\\\/#website\"},\"primaryImageOfPage\":{\"@id\":\"https:\\\/\\\/elcanillita.info\\\/press\\\/2026\\\/03\\\/12\\\/la-hucha-rota\\\/#primaryimage\"},\"image\":{\"@id\":\"https:\\\/\\\/elcanillita.info\\\/press\\\/2026\\\/03\\\/12\\\/la-hucha-rota\\\/#primaryimage\"},\"thumbnailUrl\":\"https:\\\/\\\/elcanillita.info\\\/press\\\/images\\\/2026\\\/02\\\/guill_cov_600.jpg\",\"datePublished\":\"2026-03-12T21:28:54+00:00\",\"dateModified\":\"2026-03-13T10:07:56+00:00\",\"inLanguage\":\"es-AR\",\"potentialAction\":[{\"@type\":\"ReadAction\",\"target\":[\"https:\\\/\\\/elcanillita.info\\\/press\\\/2026\\\/03\\\/12\\\/la-hucha-rota\\\/\"]}]},{\"@type\":\"ImageObject\",\"inLanguage\":\"es-AR\",\"@id\":\"https:\\\/\\\/elcanillita.info\\\/press\\\/2026\\\/03\\\/12\\\/la-hucha-rota\\\/#primaryimage\",\"url\":\"https:\\\/\\\/elcanillita.info\\\/press\\\/images\\\/2026\\\/02\\\/guill_cov_600.jpg\",\"contentUrl\":\"https:\\\/\\\/elcanillita.info\\\/press\\\/images\\\/2026\\\/02\\\/guill_cov_600.jpg\",\"width\":400,\"height\":600},{\"@type\":\"WebSite\",\"@id\":\"https:\\\/\\\/elcanillita.info\\\/press\\\/#website\",\"url\":\"https:\\\/\\\/elcanillita.info\\\/press\\\/\",\"name\":\"ElCanillita.Info\",\"description\":\"desde los Apeninos a los Andes\",\"publisher\":{\"@id\":\"https:\\\/\\\/elcanillita.info\\\/press\\\/#organization\"},\"potentialAction\":[{\"@type\":\"SearchAction\",\"target\":{\"@type\":\"EntryPoint\",\"urlTemplate\":\"https:\\\/\\\/elcanillita.info\\\/press\\\/?s={search_term_string}\"},\"query-input\":{\"@type\":\"PropertyValueSpecification\",\"valueRequired\":true,\"valueName\":\"search_term_string\"}}],\"inLanguage\":\"es-AR\"},{\"@type\":\"Organization\",\"@id\":\"https:\\\/\\\/elcanillita.info\\\/press\\\/#organization\",\"name\":\"Guzzo Photos & Graphic Publications\",\"url\":\"https:\\\/\\\/elcanillita.info\\\/press\\\/\",\"logo\":{\"@type\":\"ImageObject\",\"inLanguage\":\"es-AR\",\"@id\":\"https:\\\/\\\/elcanillita.info\\\/press\\\/#\\\/schema\\\/logo\\\/image\\\/\",\"url\":\"https:\\\/\\\/elcanillita.info\\\/press\\\/images\\\/2020\\\/01\\\/cropped-cropped-cropped-elcanillitainfo.png\",\"contentUrl\":\"https:\\\/\\\/elcanillita.info\\\/press\\\/images\\\/2020\\\/01\\\/cropped-cropped-cropped-elcanillitainfo.png\",\"width\":460,\"height\":50,\"caption\":\"Guzzo Photos & Graphic Publications\"},\"image\":{\"@id\":\"https:\\\/\\\/elcanillita.info\\\/press\\\/#\\\/schema\\\/logo\\\/image\\\/\"},\"sameAs\":[\"https:\\\/\\\/ar-ar.facebook.com\\\/ElCanillitainfo-114249515285712\\\/\"]},{\"@type\":\"Person\",\"@id\":\"https:\\\/\\\/elcanillita.info\\\/press\\\/#\\\/schema\\\/person\\\/7fcb79f38045700919f7da6d97e71ba0\",\"name\":\"SalaStampa.eu, world press service\",\"image\":{\"@type\":\"ImageObject\",\"inLanguage\":\"es-AR\",\"@id\":\"https:\\\/\\\/secure.gravatar.com\\\/avatar\\\/c2f0e0d515a107624234994507816ca4724c7199cef73fc8bedebf6931d73888?s=96&d=mm&r=g\",\"url\":\"https:\\\/\\\/secure.gravatar.com\\\/avatar\\\/c2f0e0d515a107624234994507816ca4724c7199cef73fc8bedebf6931d73888?s=96&d=mm&r=g\",\"contentUrl\":\"https:\\\/\\\/secure.gravatar.com\\\/avatar\\\/c2f0e0d515a107624234994507816ca4724c7199cef73fc8bedebf6931d73888?s=96&d=mm&r=g\",\"caption\":\"SalaStampa.eu, world press service\"}}]}<\/script>\n<!-- \/ Yoast SEO plugin. -->","yoast_head_json":{"title":"La hucha rota - ElCanillita.Info","robots":{"index":"index","follow":"follow","max-snippet":"max-snippet:-1","max-image-preview":"max-image-preview:large","max-video-preview":"max-video-preview:-1"},"canonical":"https:\/\/elcanillita.info\/press\/2026\/03\/12\/la-hucha-rota\/","og_locale":"es_ES","og_type":"article","og_title":"La hucha rota - ElCanillita.Info","og_description":"La guerra interna entre Villarruel y Petri destapa algo m\u00e1s que insultos: detr\u00e1s aparece el agujero del IOSFA y el costo lo pagan los militares.","og_url":"https:\/\/elcanillita.info\/press\/2026\/03\/12\/la-hucha-rota\/","og_site_name":"ElCanillita.Info","article_publisher":"https:\/\/ar-ar.facebook.com\/ElCanillitainfo-114249515285712\/","article_published_time":"2026-03-12T21:28:54+00:00","article_modified_time":"2026-03-13T10:07:56+00:00","og_image":[{"width":400,"height":600,"url":"https:\/\/elcanillita.info\/press\/images\/2026\/02\/guill_cov_600.jpg","type":"image\/jpeg"}],"author":"SalaStampa.eu, world press service","twitter_card":"summary_large_image","twitter_misc":{"Escrito por":"SalaStampa.eu, world press service","Tiempo de lectura":"3 minutos"},"schema":{"@context":"https:\/\/schema.org","@graph":[{"@type":"Article","@id":"https:\/\/elcanillita.info\/press\/2026\/03\/12\/la-hucha-rota\/#article","isPartOf":{"@id":"https:\/\/elcanillita.info\/press\/2026\/03\/12\/la-hucha-rota\/"},"author":{"name":"SalaStampa.eu, world press service","@id":"https:\/\/elcanillita.info\/press\/#\/schema\/person\/7fcb79f38045700919f7da6d97e71ba0"},"headline":"La hucha rota","datePublished":"2026-03-12T21:28:54+00:00","dateModified":"2026-03-13T10:07:56+00:00","mainEntityOfPage":{"@id":"https:\/\/elcanillita.info\/press\/2026\/03\/12\/la-hucha-rota\/"},"wordCount":461,"publisher":{"@id":"https:\/\/elcanillita.info\/press\/#organization"},"image":{"@id":"https:\/\/elcanillita.info\/press\/2026\/03\/12\/la-hucha-rota\/#primaryimage"},"thumbnailUrl":"https:\/\/elcanillita.info\/press\/images\/2026\/02\/guill_cov_600.jpg","keywords":["Argentina"],"articleSection":[".",".","Actualidad","Am\u00e9rica del Sur","Corrupci\u00f3n","Politica","Sociedad y valores"],"inLanguage":"es-AR"},{"@type":"WebPage","@id":"https:\/\/elcanillita.info\/press\/2026\/03\/12\/la-hucha-rota\/","url":"https:\/\/elcanillita.info\/press\/2026\/03\/12\/la-hucha-rota\/","name":"La hucha rota - ElCanillita.Info","isPartOf":{"@id":"https:\/\/elcanillita.info\/press\/#website"},"primaryImageOfPage":{"@id":"https:\/\/elcanillita.info\/press\/2026\/03\/12\/la-hucha-rota\/#primaryimage"},"image":{"@id":"https:\/\/elcanillita.info\/press\/2026\/03\/12\/la-hucha-rota\/#primaryimage"},"thumbnailUrl":"https:\/\/elcanillita.info\/press\/images\/2026\/02\/guill_cov_600.jpg","datePublished":"2026-03-12T21:28:54+00:00","dateModified":"2026-03-13T10:07:56+00:00","inLanguage":"es-AR","potentialAction":[{"@type":"ReadAction","target":["https:\/\/elcanillita.info\/press\/2026\/03\/12\/la-hucha-rota\/"]}]},{"@type":"ImageObject","inLanguage":"es-AR","@id":"https:\/\/elcanillita.info\/press\/2026\/03\/12\/la-hucha-rota\/#primaryimage","url":"https:\/\/elcanillita.info\/press\/images\/2026\/02\/guill_cov_600.jpg","contentUrl":"https:\/\/elcanillita.info\/press\/images\/2026\/02\/guill_cov_600.jpg","width":400,"height":600},{"@type":"WebSite","@id":"https:\/\/elcanillita.info\/press\/#website","url":"https:\/\/elcanillita.info\/press\/","name":"ElCanillita.Info","description":"desde los Apeninos a los Andes","publisher":{"@id":"https:\/\/elcanillita.info\/press\/#organization"},"potentialAction":[{"@type":"SearchAction","target":{"@type":"EntryPoint","urlTemplate":"https:\/\/elcanillita.info\/press\/?s={search_term_string}"},"query-input":{"@type":"PropertyValueSpecification","valueRequired":true,"valueName":"search_term_string"}}],"inLanguage":"es-AR"},{"@type":"Organization","@id":"https:\/\/elcanillita.info\/press\/#organization","name":"Guzzo Photos & Graphic Publications","url":"https:\/\/elcanillita.info\/press\/","logo":{"@type":"ImageObject","inLanguage":"es-AR","@id":"https:\/\/elcanillita.info\/press\/#\/schema\/logo\/image\/","url":"https:\/\/elcanillita.info\/press\/images\/2020\/01\/cropped-cropped-cropped-elcanillitainfo.png","contentUrl":"https:\/\/elcanillita.info\/press\/images\/2020\/01\/cropped-cropped-cropped-elcanillitainfo.png","width":460,"height":50,"caption":"Guzzo Photos & Graphic Publications"},"image":{"@id":"https:\/\/elcanillita.info\/press\/#\/schema\/logo\/image\/"},"sameAs":["https:\/\/ar-ar.facebook.com\/ElCanillitainfo-114249515285712\/"]},{"@type":"Person","@id":"https:\/\/elcanillita.info\/press\/#\/schema\/person\/7fcb79f38045700919f7da6d97e71ba0","name":"SalaStampa.eu, world press service","image":{"@type":"ImageObject","inLanguage":"es-AR","@id":"https:\/\/secure.gravatar.com\/avatar\/c2f0e0d515a107624234994507816ca4724c7199cef73fc8bedebf6931d73888?s=96&d=mm&r=g","url":"https:\/\/secure.gravatar.com\/avatar\/c2f0e0d515a107624234994507816ca4724c7199cef73fc8bedebf6931d73888?s=96&d=mm&r=g","contentUrl":"https:\/\/secure.gravatar.com\/avatar\/c2f0e0d515a107624234994507816ca4724c7199cef73fc8bedebf6931d73888?s=96&d=mm&r=g","caption":"SalaStampa.eu, world press service"}}]}},"views":79,"_links":{"self":[{"href":"https:\/\/elcanillita.info\/press\/wp-json\/wp\/v2\/posts\/6156","targetHints":{"allow":["GET"]}}],"collection":[{"href":"https:\/\/elcanillita.info\/press\/wp-json\/wp\/v2\/posts"}],"about":[{"href":"https:\/\/elcanillita.info\/press\/wp-json\/wp\/v2\/types\/post"}],"author":[{"embeddable":true,"href":"https:\/\/elcanillita.info\/press\/wp-json\/wp\/v2\/users\/1"}],"replies":[{"embeddable":true,"href":"https:\/\/elcanillita.info\/press\/wp-json\/wp\/v2\/comments?post=6156"}],"version-history":[{"count":0,"href":"https:\/\/elcanillita.info\/press\/wp-json\/wp\/v2\/posts\/6156\/revisions"}],"wp:featuredmedia":[{"embeddable":true,"href":"https:\/\/elcanillita.info\/press\/wp-json\/wp\/v2\/media\/5914"}],"wp:attachment":[{"href":"https:\/\/elcanillita.info\/press\/wp-json\/wp\/v2\/media?parent=6156"}],"wp:term":[{"taxonomy":"category","embeddable":true,"href":"https:\/\/elcanillita.info\/press\/wp-json\/wp\/v2\/categories?post=6156"},{"taxonomy":"post_tag","embeddable":true,"href":"https:\/\/elcanillita.info\/press\/wp-json\/wp\/v2\/tags?post=6156"}],"curies":[{"name":"wp","href":"https:\/\/api.w.org\/{rel}","templated":true}]}}