{"id":614,"date":"2020-04-09T11:52:48","date_gmt":"2020-04-09T14:52:48","guid":{"rendered":"https:\/\/elcanillita.info\/press\/?p=614"},"modified":"2020-04-11T13:48:49","modified_gmt":"2020-04-11T16:48:49","slug":"trump-vuelve-cargar-contra-oms","status":"publish","type":"post","link":"https:\/\/elcanillita.info\/press\/2020\/04\/09\/trump-vuelve-cargar-contra-oms\/","title":{"rendered":"Trump vuelve a cargar contra la OMS: &#8220;Tiene\u00a0que tener claras sus prioridades&#8221;"},"content":{"rendered":"\n<p>Washington, 09.04.2020 &#8211; El presidente de Estados Unidos, Donald Trump, volvi\u00f3 a criticar este mi\u00e9rcoles a la&nbsp;Organizaci\u00f3n Mundial de la Salud (OMS) a la que acus\u00f3 de &#8220;minimizar&#8221; el impacto de la pandemia&nbsp;y le inst\u00f3 a tener claras sus &#8220;prioridades&#8221;.<\/p>\n\n\n\n<p>&#8220;Creo que tiene&nbsp;que tener claras sus prioridades&#8221;, dijo el mandatario durante su rueda de prensa diaria desde la Casa Blanca.<\/p>\n\n\n\n<p>El mandatario volvi\u00f3 a insinuar que la organizaci\u00f3n siente una cierta predilecci\u00f3n por China y detall\u00f3 c\u00f3mo, en los \u00faltimos a\u00f1os, Washington ha aportado a la OMS unas diez veces m\u00e1s que Pek\u00edn.<\/p>\n\n\n\n<p>&#8220;La OMS se equivoc\u00f3, se equivoc\u00f3 mucho en muchos aspectos. Y adem\u00e1s minimiz\u00f3 notablemente la amenaza&#8221;, fustig\u00f3 el mandatario.&nbsp;Hasta hace poco m\u00e1s de dos semanas, Trump insist\u00eda en comparar a la COVID-19 con la gripe com\u00fan y se resist\u00eda a decretar una cuarentena para no da\u00f1ar la econom\u00eda.<\/p>\n\n\n\n<p>Trump no dud\u00f3 en contestar al director de la OMS,&nbsp;Tedros Adhanom Ghebreyesus, quien este mismo mi\u00e9rcoles pidi\u00f3 no politizar&nbsp;la actual crisis sanitaria.<\/p>\n\n\n\n<p>&#8220;Pongan en cuarentena la politizaci\u00f3n del COVID19 (\u2026), si no quieren m\u00e1s bolsas para cad\u00e1veres, no lo politicen&#8221;, dijo Tedros por la ma\u00f1ana, despu\u00e9s de que Trump atacara el martes a la organizaci\u00f3n por su gesti\u00f3n de la pandemia.<br>\n&#8220;Cuando habla de pol\u00edtica, no me puedo creer que \u00e9l hable de pol\u00edtica\u2026 mira&nbsp;la relaci\u00f3n que tienen con China. As\u00ed que China se gasta 42 millones (de d\u00f3lares), nosotros nos gastamos 450 millones y todo parece hacerse a la manera china. Eso no est\u00e1 bien y no es justo para nosotros&#8221;, clam\u00f3.&nbsp;<\/p>\n\n\n\n<p><strong>Un mensaje de aliento<\/strong><\/p>\n\n\n\n<p>Por otro lado, Trump aprovech\u00f3 la comparecencia para transmitir un mensaje de optimismo: &#8220;Estamos cada vez m\u00e1s cerca de que el pa\u00eds vuelva a ser lo que era&#8221;, dijo apenas unas horas despu\u00e9s de que EE.UU. superara la cifra de 14.000 fallecidos por la COVID-19.<\/p>\n\n\n\n<p>Al igual que otras actividades p\u00fablicas, la Casa Blanca confirm\u00f3 que las celebraciones de Semana Santa han sido suspendidas por la pandemia de coronavirus.<\/p>\n\n\n\n<p>El presidente Trump inform\u00f3 que &#8220;10.000 l\u00edderes de la fe van a estar f\u00edsicamente aislados de sus iglesias&#8221;, pero, asegur\u00f3, van a acompa\u00f1ar de alg\u00fan modo a los feligreses.<\/p>\n\n\n\n<p>&#8220;Vamos a tener muchas Pascuas juntos en el futuro&#8221;, alent\u00f3 el mandatario.<\/p>\n\n\n\n<p>Trump dedic\u00f3 nuevamente palabras de aliento para su hom\u00f3logo, el primer ministro de Reino Unido, Boris Johnson, quien pasar\u00e1 este mi\u00e9rcoles su tercera noche en cuidados intensivos por coronavirus.<\/p>\n\n\n\n<p>&#8220;Habl\u00e9 con el representante de Reino Unido y dijo que su l\u00edder esta en franca recuperaci\u00f3n, se encuentra mucho mejor hoy&#8221;, inform\u00f3 Trump.<\/p>\n\n\n\n<p><strong>Repatriaci\u00f3n &#8216;expr\u00e9s&#8217;<\/strong><\/p>\n\n\n\n<p>En la sesi\u00f3n de este mi\u00e9rcoles de conferencia de prensa de la Casa Blanca, Trump invit\u00f3 al secretario de Estado, Mike Pompeo, que habl\u00f3 sobre el Equipo de Repatriaci\u00f3n, un grupo formado para traer a estadounidenses que quedaron varados en el extranjero cuando varios pa\u00edses cerraron sus fronteras y las aerol\u00edneas suspendieron vuelos comerciales.<\/p>\n\n\n\n<p>Pompeo anunci\u00f3 que hasta la fecha \u201c50.000 estadounidenses en m\u00e1s de 90 pa\u00edses han sido repatriados\u201d.&nbsp;El alto funcionario dijo que \u201cnunca hab\u00eda participado en una repatriaci\u00f3n de este nivel\u201d.<\/p>\n\n\n\n<p>Estados Unidos repatriar\u00e1 a sus ciudadanos en crucero aislado en Jap\u00f3n<\/p>\n\n\n\n<p>Pompeo puso el ejemplo de una estadounidense que estaba en un lugar remoto, en el Amazonas: \u201cestaba contagiada, tuvimos que darle medicaci\u00f3n para traerla a EE.UU. El Equipo de Repatriaci\u00f3n est\u00e1 trabajando para traer a estas personas de vuelta\u201d.<\/p>\n\n\n\n<p>Asimismo, el secretario Pompeo asegur\u00f3 que la Administraci\u00f3n estadounidense contin\u00faa ayudando &#8220;a muchos pa\u00edses&#8221; para que sus econom\u00edas se recuperen lo antes posible.<\/p>\n\n\n\n<p>A una pregunta sobre si China deber\u00eda afrontar alg\u00fan tipo de consecuencia por haber ocultado informaci\u00f3n sobre la realidad del brote de coronavirus, Pompeo declin\u00f3 hacer comentarios y sostuvo: \u201cNo es momento de venganzas, sino de claridad y transparencia\u201d.<\/p>\n\n\n\n<p>\u201cChina tiene que ser transparente con el n\u00famero de personas que est\u00e1n contagiadas (\u2026) Necesitamos que la informaci\u00f3n sea a tiempo, asentada\u201d, zanj\u00f3 el secretario de Estado.<br><br><small>2020 voanoticias \u2013 salastampa.eu, afiliada a la red Broadcasting Board of Governors \u00a9 2020 BBG<\/small><\/p>\n","protected":false},"excerpt":{"rendered":"<p>Washington, 09.04.2020 &#8211; El presidente de Estados Unidos, Donald Trump, volvi\u00f3 a criticar este mi\u00e9rcoles a la Organizaci\u00f3n Mundial de la Salud (OMS) a la que acus\u00f3 de &#8220;minimizar&#8221; el impacto de la pandemia y le inst\u00f3 a tener claras sus &#8220;prioridades&#8221;.<\/p>\n","protected":false},"author":1,"featured_media":0,"comment_status":"closed","ping_status":"closed","sticky":false,"template":"","format":"standard","meta":{"footnotes":"","_links_to":"","_links_to_target":""},"categories":[9,23,78,25],"tags":[],"class_list":["post-614","post","type-post","status-publish","format-standard","hentry","category-america-del-norte","category-politica","category-sanidad","category-sociedad","entry","double"],"yoast_head":"<!-- This site is optimized with the Yoast SEO plugin v27.5 - https:\/\/yoast.com\/product\/yoast-seo-wordpress\/ -->\n<title>Trump vuelve a cargar contra la OMS: &quot;Tiene\u00a0que tener claras sus prioridades&quot; - ElCanillita.Info<\/title>\n<meta name=\"robots\" content=\"index, follow, max-snippet:-1, max-image-preview:large, max-video-preview:-1\" \/>\n<link rel=\"canonical\" href=\"https:\/\/elcanillita.info\/press\/2020\/04\/09\/trump-vuelve-cargar-contra-oms\/\" \/>\n<meta property=\"og:locale\" content=\"es_ES\" \/>\n<meta property=\"og:type\" content=\"article\" \/>\n<meta property=\"og:title\" content=\"Trump vuelve a cargar contra la OMS: &quot;Tiene\u00a0que tener claras sus prioridades&quot; - ElCanillita.Info\" \/>\n<meta property=\"og:description\" content=\"Washington, 09.04.2020 - El presidente de Estados Unidos, Donald Trump, volvi\u00f3 a criticar este mi\u00e9rcoles a la Organizaci\u00f3n Mundial de la Salud (OMS) a la que acus\u00f3 de &quot;minimizar&quot; el impacto de la pandemia y le inst\u00f3 a tener claras sus &quot;prioridades&quot;.\" \/>\n<meta property=\"og:url\" content=\"https:\/\/elcanillita.info\/press\/2020\/04\/09\/trump-vuelve-cargar-contra-oms\/\" \/>\n<meta property=\"og:site_name\" content=\"ElCanillita.Info\" \/>\n<meta property=\"article:publisher\" content=\"https:\/\/ar-ar.facebook.com\/ElCanillitainfo-114249515285712\/\" \/>\n<meta property=\"article:published_time\" content=\"2020-04-09T14:52:48+00:00\" \/>\n<meta property=\"article:modified_time\" content=\"2020-04-11T16:48:49+00:00\" \/>\n<meta name=\"author\" content=\"SalaStampa.eu, world press service\" \/>\n<meta name=\"twitter:card\" content=\"summary_large_image\" \/>\n<meta name=\"twitter:label1\" content=\"Escrito por\" \/>\n\t<meta name=\"twitter:data1\" content=\"SalaStampa.eu, world press service\" \/>\n\t<meta name=\"twitter:label2\" content=\"Tiempo de lectura\" \/>\n\t<meta name=\"twitter:data2\" content=\"4 minutos\" \/>\n<script type=\"application\/ld+json\" class=\"yoast-schema-graph\">{\"@context\":\"https:\\\/\\\/schema.org\",\"@graph\":[{\"@type\":\"Article\",\"@id\":\"https:\\\/\\\/elcanillita.info\\\/press\\\/2020\\\/04\\\/09\\\/trump-vuelve-cargar-contra-oms\\\/#article\",\"isPartOf\":{\"@id\":\"https:\\\/\\\/elcanillita.info\\\/press\\\/2020\\\/04\\\/09\\\/trump-vuelve-cargar-contra-oms\\\/\"},\"author\":{\"name\":\"SalaStampa.eu, world press service\",\"@id\":\"https:\\\/\\\/elcanillita.info\\\/press\\\/#\\\/schema\\\/person\\\/7fcb79f38045700919f7da6d97e71ba0\"},\"headline\":\"Trump vuelve a cargar contra la OMS: &#8220;Tiene\u00a0que tener claras sus prioridades&#8221;\",\"datePublished\":\"2020-04-09T14:52:48+00:00\",\"dateModified\":\"2020-04-11T16:48:49+00:00\",\"mainEntityOfPage\":{\"@id\":\"https:\\\/\\\/elcanillita.info\\\/press\\\/2020\\\/04\\\/09\\\/trump-vuelve-cargar-contra-oms\\\/\"},\"wordCount\":742,\"publisher\":{\"@id\":\"https:\\\/\\\/elcanillita.info\\\/press\\\/#organization\"},\"articleSection\":[\"Am\u00e9rica del Norte\",\"Politica\",\"Sanidad\",\"Sociedad\"],\"inLanguage\":\"es-AR\"},{\"@type\":\"WebPage\",\"@id\":\"https:\\\/\\\/elcanillita.info\\\/press\\\/2020\\\/04\\\/09\\\/trump-vuelve-cargar-contra-oms\\\/\",\"url\":\"https:\\\/\\\/elcanillita.info\\\/press\\\/2020\\\/04\\\/09\\\/trump-vuelve-cargar-contra-oms\\\/\",\"name\":\"Trump vuelve a cargar contra la OMS: \\\"Tiene\u00a0que tener claras sus prioridades\\\" - ElCanillita.Info\",\"isPartOf\":{\"@id\":\"https:\\\/\\\/elcanillita.info\\\/press\\\/#website\"},\"datePublished\":\"2020-04-09T14:52:48+00:00\",\"dateModified\":\"2020-04-11T16:48:49+00:00\",\"inLanguage\":\"es-AR\",\"potentialAction\":[{\"@type\":\"ReadAction\",\"target\":[\"https:\\\/\\\/elcanillita.info\\\/press\\\/2020\\\/04\\\/09\\\/trump-vuelve-cargar-contra-oms\\\/\"]}]},{\"@type\":\"WebSite\",\"@id\":\"https:\\\/\\\/elcanillita.info\\\/press\\\/#website\",\"url\":\"https:\\\/\\\/elcanillita.info\\\/press\\\/\",\"name\":\"ElCanillita.Info\",\"description\":\"desde los Apeninos a los Andes\",\"publisher\":{\"@id\":\"https:\\\/\\\/elcanillita.info\\\/press\\\/#organization\"},\"potentialAction\":[{\"@type\":\"SearchAction\",\"target\":{\"@type\":\"EntryPoint\",\"urlTemplate\":\"https:\\\/\\\/elcanillita.info\\\/press\\\/?s={search_term_string}\"},\"query-input\":{\"@type\":\"PropertyValueSpecification\",\"valueRequired\":true,\"valueName\":\"search_term_string\"}}],\"inLanguage\":\"es-AR\"},{\"@type\":\"Organization\",\"@id\":\"https:\\\/\\\/elcanillita.info\\\/press\\\/#organization\",\"name\":\"Guzzo Photos & Graphic Publications\",\"url\":\"https:\\\/\\\/elcanillita.info\\\/press\\\/\",\"logo\":{\"@type\":\"ImageObject\",\"inLanguage\":\"es-AR\",\"@id\":\"https:\\\/\\\/elcanillita.info\\\/press\\\/#\\\/schema\\\/logo\\\/image\\\/\",\"url\":\"https:\\\/\\\/elcanillita.info\\\/press\\\/images\\\/2020\\\/01\\\/cropped-cropped-cropped-elcanillitainfo.png\",\"contentUrl\":\"https:\\\/\\\/elcanillita.info\\\/press\\\/images\\\/2020\\\/01\\\/cropped-cropped-cropped-elcanillitainfo.png\",\"width\":460,\"height\":50,\"caption\":\"Guzzo Photos & Graphic Publications\"},\"image\":{\"@id\":\"https:\\\/\\\/elcanillita.info\\\/press\\\/#\\\/schema\\\/logo\\\/image\\\/\"},\"sameAs\":[\"https:\\\/\\\/ar-ar.facebook.com\\\/ElCanillitainfo-114249515285712\\\/\"]},{\"@type\":\"Person\",\"@id\":\"https:\\\/\\\/elcanillita.info\\\/press\\\/#\\\/schema\\\/person\\\/7fcb79f38045700919f7da6d97e71ba0\",\"name\":\"SalaStampa.eu, world press service\",\"image\":{\"@type\":\"ImageObject\",\"inLanguage\":\"es-AR\",\"@id\":\"https:\\\/\\\/secure.gravatar.com\\\/avatar\\\/c2f0e0d515a107624234994507816ca4724c7199cef73fc8bedebf6931d73888?s=96&d=mm&r=g\",\"url\":\"https:\\\/\\\/secure.gravatar.com\\\/avatar\\\/c2f0e0d515a107624234994507816ca4724c7199cef73fc8bedebf6931d73888?s=96&d=mm&r=g\",\"contentUrl\":\"https:\\\/\\\/secure.gravatar.com\\\/avatar\\\/c2f0e0d515a107624234994507816ca4724c7199cef73fc8bedebf6931d73888?s=96&d=mm&r=g\",\"caption\":\"SalaStampa.eu, world press service\"}}]}<\/script>\n<!-- \/ Yoast SEO plugin. -->","yoast_head_json":{"title":"Trump vuelve a cargar contra la OMS: \"Tiene\u00a0que tener claras sus prioridades\" - ElCanillita.Info","robots":{"index":"index","follow":"follow","max-snippet":"max-snippet:-1","max-image-preview":"max-image-preview:large","max-video-preview":"max-video-preview:-1"},"canonical":"https:\/\/elcanillita.info\/press\/2020\/04\/09\/trump-vuelve-cargar-contra-oms\/","og_locale":"es_ES","og_type":"article","og_title":"Trump vuelve a cargar contra la OMS: \"Tiene\u00a0que tener claras sus prioridades\" - ElCanillita.Info","og_description":"Washington, 09.04.2020 - El presidente de Estados Unidos, Donald Trump, volvi\u00f3 a criticar este mi\u00e9rcoles a la Organizaci\u00f3n Mundial de la Salud (OMS) a la que acus\u00f3 de \"minimizar\" el impacto de la pandemia y le inst\u00f3 a tener claras sus \"prioridades\".","og_url":"https:\/\/elcanillita.info\/press\/2020\/04\/09\/trump-vuelve-cargar-contra-oms\/","og_site_name":"ElCanillita.Info","article_publisher":"https:\/\/ar-ar.facebook.com\/ElCanillitainfo-114249515285712\/","article_published_time":"2020-04-09T14:52:48+00:00","article_modified_time":"2020-04-11T16:48:49+00:00","author":"SalaStampa.eu, world press service","twitter_card":"summary_large_image","twitter_misc":{"Escrito por":"SalaStampa.eu, world press service","Tiempo de lectura":"4 minutos"},"schema":{"@context":"https:\/\/schema.org","@graph":[{"@type":"Article","@id":"https:\/\/elcanillita.info\/press\/2020\/04\/09\/trump-vuelve-cargar-contra-oms\/#article","isPartOf":{"@id":"https:\/\/elcanillita.info\/press\/2020\/04\/09\/trump-vuelve-cargar-contra-oms\/"},"author":{"name":"SalaStampa.eu, world press service","@id":"https:\/\/elcanillita.info\/press\/#\/schema\/person\/7fcb79f38045700919f7da6d97e71ba0"},"headline":"Trump vuelve a cargar contra la OMS: &#8220;Tiene\u00a0que tener claras sus prioridades&#8221;","datePublished":"2020-04-09T14:52:48+00:00","dateModified":"2020-04-11T16:48:49+00:00","mainEntityOfPage":{"@id":"https:\/\/elcanillita.info\/press\/2020\/04\/09\/trump-vuelve-cargar-contra-oms\/"},"wordCount":742,"publisher":{"@id":"https:\/\/elcanillita.info\/press\/#organization"},"articleSection":["Am\u00e9rica del Norte","Politica","Sanidad","Sociedad"],"inLanguage":"es-AR"},{"@type":"WebPage","@id":"https:\/\/elcanillita.info\/press\/2020\/04\/09\/trump-vuelve-cargar-contra-oms\/","url":"https:\/\/elcanillita.info\/press\/2020\/04\/09\/trump-vuelve-cargar-contra-oms\/","name":"Trump vuelve a cargar contra la OMS: \"Tiene\u00a0que tener claras sus prioridades\" - ElCanillita.Info","isPartOf":{"@id":"https:\/\/elcanillita.info\/press\/#website"},"datePublished":"2020-04-09T14:52:48+00:00","dateModified":"2020-04-11T16:48:49+00:00","inLanguage":"es-AR","potentialAction":[{"@type":"ReadAction","target":["https:\/\/elcanillita.info\/press\/2020\/04\/09\/trump-vuelve-cargar-contra-oms\/"]}]},{"@type":"WebSite","@id":"https:\/\/elcanillita.info\/press\/#website","url":"https:\/\/elcanillita.info\/press\/","name":"ElCanillita.Info","description":"desde los Apeninos a los Andes","publisher":{"@id":"https:\/\/elcanillita.info\/press\/#organization"},"potentialAction":[{"@type":"SearchAction","target":{"@type":"EntryPoint","urlTemplate":"https:\/\/elcanillita.info\/press\/?s={search_term_string}"},"query-input":{"@type":"PropertyValueSpecification","valueRequired":true,"valueName":"search_term_string"}}],"inLanguage":"es-AR"},{"@type":"Organization","@id":"https:\/\/elcanillita.info\/press\/#organization","name":"Guzzo Photos & Graphic Publications","url":"https:\/\/elcanillita.info\/press\/","logo":{"@type":"ImageObject","inLanguage":"es-AR","@id":"https:\/\/elcanillita.info\/press\/#\/schema\/logo\/image\/","url":"https:\/\/elcanillita.info\/press\/images\/2020\/01\/cropped-cropped-cropped-elcanillitainfo.png","contentUrl":"https:\/\/elcanillita.info\/press\/images\/2020\/01\/cropped-cropped-cropped-elcanillitainfo.png","width":460,"height":50,"caption":"Guzzo Photos & Graphic Publications"},"image":{"@id":"https:\/\/elcanillita.info\/press\/#\/schema\/logo\/image\/"},"sameAs":["https:\/\/ar-ar.facebook.com\/ElCanillitainfo-114249515285712\/"]},{"@type":"Person","@id":"https:\/\/elcanillita.info\/press\/#\/schema\/person\/7fcb79f38045700919f7da6d97e71ba0","name":"SalaStampa.eu, world press service","image":{"@type":"ImageObject","inLanguage":"es-AR","@id":"https:\/\/secure.gravatar.com\/avatar\/c2f0e0d515a107624234994507816ca4724c7199cef73fc8bedebf6931d73888?s=96&d=mm&r=g","url":"https:\/\/secure.gravatar.com\/avatar\/c2f0e0d515a107624234994507816ca4724c7199cef73fc8bedebf6931d73888?s=96&d=mm&r=g","contentUrl":"https:\/\/secure.gravatar.com\/avatar\/c2f0e0d515a107624234994507816ca4724c7199cef73fc8bedebf6931d73888?s=96&d=mm&r=g","caption":"SalaStampa.eu, world press service"}}]}},"views":663,"_links":{"self":[{"href":"https:\/\/elcanillita.info\/press\/wp-json\/wp\/v2\/posts\/614","targetHints":{"allow":["GET"]}}],"collection":[{"href":"https:\/\/elcanillita.info\/press\/wp-json\/wp\/v2\/posts"}],"about":[{"href":"https:\/\/elcanillita.info\/press\/wp-json\/wp\/v2\/types\/post"}],"author":[{"embeddable":true,"href":"https:\/\/elcanillita.info\/press\/wp-json\/wp\/v2\/users\/1"}],"replies":[{"embeddable":true,"href":"https:\/\/elcanillita.info\/press\/wp-json\/wp\/v2\/comments?post=614"}],"version-history":[{"count":0,"href":"https:\/\/elcanillita.info\/press\/wp-json\/wp\/v2\/posts\/614\/revisions"}],"wp:attachment":[{"href":"https:\/\/elcanillita.info\/press\/wp-json\/wp\/v2\/media?parent=614"}],"wp:term":[{"taxonomy":"category","embeddable":true,"href":"https:\/\/elcanillita.info\/press\/wp-json\/wp\/v2\/categories?post=614"},{"taxonomy":"post_tag","embeddable":true,"href":"https:\/\/elcanillita.info\/press\/wp-json\/wp\/v2\/tags?post=614"}],"curies":[{"name":"wp","href":"https:\/\/api.w.org\/{rel}","templated":true}]}}