{"id":6139,"date":"2026-03-12T06:19:57","date_gmt":"2026-03-12T09:19:57","guid":{"rendered":"https:\/\/elcanillita.info\/press\/?p=6139"},"modified":"2026-03-12T17:35:21","modified_gmt":"2026-03-12T20:35:21","slug":"dieta-argentina-la-unica-que-engorda-en-el-senado","status":"publish","type":"post","link":"https:\/\/elcanillita.info\/press\/2026\/03\/12\/dieta-argentina-la-unica-que-engorda-en-el-senado\/","title":{"rendered":"Dieta argentina: la \u00fanica que engorda en el Senado"},"content":{"rendered":"\n<figure class=\"wp-block-image size-full\"><img loading=\"lazy\" decoding=\"async\" width=\"600\" height=\"400\" src=\"https:\/\/elcanillita.info\/press\/images\/2026\/03\/cover_20260312.jpg\" alt=\"\" class=\"wp-image-6140\" srcset=\"https:\/\/elcanillita.info\/press\/images\/2026\/03\/cover_20260312.jpg 600w, https:\/\/elcanillita.info\/press\/images\/2026\/03\/cover_20260312-300x200.jpg 300w\" sizes=\"auto, (max-width: 600px) 100vw, 600px\" \/><\/figure>\n\n\n\n<p>Mientras la Argentina discute c\u00f3mo estirar el sueldo hasta fin de mes, el Senado encontr\u00f3 otra soluci\u00f3n: estirar la dieta. Desde marzo, los se\u00f1ores legisladores pasar\u00e1n a cobrar m\u00e1s de 11 millones de pesos brutos. No es magia ni productividad repentina. Es simplemente el noble arte de acoplarse a una paritaria que ellos mismos miran desde el balc\u00f3n.<\/p>\n\n\n\n<p>El mecanismo es elegante: cada vez que los trabajadores del Congreso logran un aumento, los senadores reciben el eco amplificado. Un sistema autom\u00e1tico, solidario y muy eficiente\u2026 siempre que uno est\u00e9 sentado en una banca.<\/p>\n\n\n\n<p>As\u00ed, lo que hasta noviembre era una dieta de 10,2 millones saltar\u00e1 en marzo a 11 millones y en mayo a 11,5. Un aumento progresivo, prolijo y perfectamente sincronizado con la inflaci\u00f3n\u2026 pero s\u00f3lo del lado de adentro del palacio.<\/p>\n\n\n\n<p>La f\u00f3rmula tiene su historia. En abril de 2024, los senadores decidieron volver a enganchar sus ingresos a la paritaria legislativa. La votaci\u00f3n fue a mano alzada, un gesto democr\u00e1tico que tiene la ventaja de que la mano sube r\u00e1pido cuando el tema es el propio bolsillo.<\/p>\n\n\n\n<p>Algunos dijeron que no estaban de acuerdo. Pero ya se sabe: en pol\u00edtica, la disidencia suele ser muy vocal\u2026 hasta que llega el recibo de sueldo.<\/p>\n\n\n\n<p>Mientras tanto, los diputados miran desde otra vereda presupuestaria. Sus ingresos rondan los seis millones de pesos, porque en su caso los aumentos dependen de decisiones administrativas y no del autom\u00e1tico salarial. Es decir, el Senado descubri\u00f3 el piloto autom\u00e1tico; Diputados todav\u00eda usa la palanca manual.<\/p>\n\n\n\n<p>El sistema de m\u00f3dulos completa la arquitectura: 2.500 por dieta, 1.000 por representaci\u00f3n y 500 por desarraigo. Una matem\u00e1tica institucional que convierte la pol\u00edtica en una ecuaci\u00f3n bastante rentable.<\/p>\n\n\n\n<p>Claro que hay excepciones. Los senadores de la Ciudad de Buenos Aires no cobran desarraigo \u2014dif\u00edcil alegar nostalgia cuando se vive en el mismo distrito\u2014 y Alicia Kirchner renunci\u00f3 a la dieta para quedarse con su jubilaci\u00f3n como exgobernadora. Un raro gesto de austeridad en un ecosistema donde la palabra suele cotizar poco.<\/p>\n\n\n\n<p>Todo esto ocurre mientras los gremios legislativos celebran un aumento acumulado del 12,5% entre diciembre y mayo. Para los trabajadores, dicen, es apenas un alivio. Para los senadores, en cambio, parece haber sido una inspiraci\u00f3n.<\/p>\n\n\n\n<p>Porque en la Argentina siempre hay dos inflaciones: la que sufren los ciudadanos\u2026 y la que impulsa los salarios del poder. Y esa, curiosamente, nunca pierde contra los precios.<\/p>\n\n\n\n<p>\u270d\ufe0f \u00a92026 El Tasador del Relato Oficial \u2014 Cable &#8211; Derechos reservados<\/p>\n\n\n<hr style=\"border: none; height: 1px; background-color: #ccc; margin: 2em 0;\" \/>\n<small>\u00a9 2026 SalaStampa.eu, world press service &#8211; All Rights Reserved &#8211;  Guzzo Photos &#038; Graphic  Publications \u2013 Registro Editori e Stampatori n. 1441 Turin, Italy<\/small><\/p>","protected":false},"excerpt":{"rendered":"<p>Senadores: cuando la inflaci\u00f3n aprieta, el Congreso se afloja<\/p>\n","protected":false},"author":1,"featured_media":6140,"comment_status":"closed","ping_status":"closed","sticky":false,"template":"","format":"standard","meta":{"footnotes":"","_links_to":"","_links_to_target":""},"categories":[108,121,70,11,20,23,137],"tags":[],"class_list":["post-6139","post","type-post","status-publish","format-standard","has-post-thumbnail","hentry","category-blogdiario","category-dc24","category-actualidad","category-america-del-sur","category-economia","category-politica","category-sociedad-y-valores","entry","double"],"yoast_head":"<!-- This site is optimized with the Yoast SEO plugin v27.4 - https:\/\/yoast.com\/product\/yoast-seo-wordpress\/ -->\n<title>Dieta argentina: la \u00fanica que engorda en el Senado - ElCanillita.Info<\/title>\n<meta name=\"robots\" content=\"index, follow, max-snippet:-1, max-image-preview:large, max-video-preview:-1\" \/>\n<link rel=\"canonical\" href=\"https:\/\/elcanillita.info\/press\/2026\/03\/12\/dieta-argentina-la-unica-que-engorda-en-el-senado\/\" \/>\n<meta property=\"og:locale\" content=\"es_ES\" \/>\n<meta property=\"og:type\" content=\"article\" \/>\n<meta property=\"og:title\" content=\"Dieta argentina: la \u00fanica que engorda en el Senado - ElCanillita.Info\" \/>\n<meta property=\"og:description\" content=\"Senadores: cuando la inflaci\u00f3n aprieta, el Congreso se afloja\" \/>\n<meta property=\"og:url\" content=\"https:\/\/elcanillita.info\/press\/2026\/03\/12\/dieta-argentina-la-unica-que-engorda-en-el-senado\/\" \/>\n<meta property=\"og:site_name\" content=\"ElCanillita.Info\" \/>\n<meta property=\"article:publisher\" content=\"https:\/\/ar-ar.facebook.com\/ElCanillitainfo-114249515285712\/\" \/>\n<meta property=\"article:published_time\" content=\"2026-03-12T09:19:57+00:00\" \/>\n<meta property=\"article:modified_time\" content=\"2026-03-12T20:35:21+00:00\" \/>\n<meta property=\"og:image\" content=\"https:\/\/elcanillita.info\/press\/images\/2026\/03\/cover_20260312.jpg\" \/>\n\t<meta property=\"og:image:width\" content=\"600\" \/>\n\t<meta property=\"og:image:height\" content=\"400\" \/>\n\t<meta property=\"og:image:type\" content=\"image\/jpeg\" \/>\n<meta name=\"author\" content=\"SalaStampa.eu, world press service\" \/>\n<meta name=\"twitter:card\" content=\"summary_large_image\" \/>\n<meta name=\"twitter:label1\" content=\"Escrito por\" \/>\n\t<meta name=\"twitter:data1\" content=\"SalaStampa.eu, world press service\" \/>\n\t<meta name=\"twitter:label2\" content=\"Tiempo de lectura\" \/>\n\t<meta name=\"twitter:data2\" content=\"3 minutos\" \/>\n<script type=\"application\/ld+json\" class=\"yoast-schema-graph\">{\"@context\":\"https:\\\/\\\/schema.org\",\"@graph\":[{\"@type\":\"Article\",\"@id\":\"https:\\\/\\\/elcanillita.info\\\/press\\\/2026\\\/03\\\/12\\\/dieta-argentina-la-unica-que-engorda-en-el-senado\\\/#article\",\"isPartOf\":{\"@id\":\"https:\\\/\\\/elcanillita.info\\\/press\\\/2026\\\/03\\\/12\\\/dieta-argentina-la-unica-que-engorda-en-el-senado\\\/\"},\"author\":{\"name\":\"SalaStampa.eu, world press service\",\"@id\":\"https:\\\/\\\/elcanillita.info\\\/press\\\/#\\\/schema\\\/person\\\/7fcb79f38045700919f7da6d97e71ba0\"},\"headline\":\"Dieta argentina: la \u00fanica que engorda en el Senado\",\"datePublished\":\"2026-03-12T09:19:57+00:00\",\"dateModified\":\"2026-03-12T20:35:21+00:00\",\"mainEntityOfPage\":{\"@id\":\"https:\\\/\\\/elcanillita.info\\\/press\\\/2026\\\/03\\\/12\\\/dieta-argentina-la-unica-que-engorda-en-el-senado\\\/\"},\"wordCount\":453,\"publisher\":{\"@id\":\"https:\\\/\\\/elcanillita.info\\\/press\\\/#organization\"},\"image\":{\"@id\":\"https:\\\/\\\/elcanillita.info\\\/press\\\/2026\\\/03\\\/12\\\/dieta-argentina-la-unica-que-engorda-en-el-senado\\\/#primaryimage\"},\"thumbnailUrl\":\"https:\\\/\\\/elcanillita.info\\\/press\\\/images\\\/2026\\\/03\\\/cover_20260312.jpg\",\"articleSection\":[\".\",\".\",\"Actualidad\",\"Am\u00e9rica del Sur\",\"Economia\",\"Politica\",\"Sociedad y valores\"],\"inLanguage\":\"es-AR\"},{\"@type\":\"WebPage\",\"@id\":\"https:\\\/\\\/elcanillita.info\\\/press\\\/2026\\\/03\\\/12\\\/dieta-argentina-la-unica-que-engorda-en-el-senado\\\/\",\"url\":\"https:\\\/\\\/elcanillita.info\\\/press\\\/2026\\\/03\\\/12\\\/dieta-argentina-la-unica-que-engorda-en-el-senado\\\/\",\"name\":\"Dieta argentina: la \u00fanica que engorda en el Senado - ElCanillita.Info\",\"isPartOf\":{\"@id\":\"https:\\\/\\\/elcanillita.info\\\/press\\\/#website\"},\"primaryImageOfPage\":{\"@id\":\"https:\\\/\\\/elcanillita.info\\\/press\\\/2026\\\/03\\\/12\\\/dieta-argentina-la-unica-que-engorda-en-el-senado\\\/#primaryimage\"},\"image\":{\"@id\":\"https:\\\/\\\/elcanillita.info\\\/press\\\/2026\\\/03\\\/12\\\/dieta-argentina-la-unica-que-engorda-en-el-senado\\\/#primaryimage\"},\"thumbnailUrl\":\"https:\\\/\\\/elcanillita.info\\\/press\\\/images\\\/2026\\\/03\\\/cover_20260312.jpg\",\"datePublished\":\"2026-03-12T09:19:57+00:00\",\"dateModified\":\"2026-03-12T20:35:21+00:00\",\"inLanguage\":\"es-AR\",\"potentialAction\":[{\"@type\":\"ReadAction\",\"target\":[\"https:\\\/\\\/elcanillita.info\\\/press\\\/2026\\\/03\\\/12\\\/dieta-argentina-la-unica-que-engorda-en-el-senado\\\/\"]}]},{\"@type\":\"ImageObject\",\"inLanguage\":\"es-AR\",\"@id\":\"https:\\\/\\\/elcanillita.info\\\/press\\\/2026\\\/03\\\/12\\\/dieta-argentina-la-unica-que-engorda-en-el-senado\\\/#primaryimage\",\"url\":\"https:\\\/\\\/elcanillita.info\\\/press\\\/images\\\/2026\\\/03\\\/cover_20260312.jpg\",\"contentUrl\":\"https:\\\/\\\/elcanillita.info\\\/press\\\/images\\\/2026\\\/03\\\/cover_20260312.jpg\",\"width\":600,\"height\":400},{\"@type\":\"WebSite\",\"@id\":\"https:\\\/\\\/elcanillita.info\\\/press\\\/#website\",\"url\":\"https:\\\/\\\/elcanillita.info\\\/press\\\/\",\"name\":\"ElCanillita.Info\",\"description\":\"desde los Apeninos a los Andes\",\"publisher\":{\"@id\":\"https:\\\/\\\/elcanillita.info\\\/press\\\/#organization\"},\"potentialAction\":[{\"@type\":\"SearchAction\",\"target\":{\"@type\":\"EntryPoint\",\"urlTemplate\":\"https:\\\/\\\/elcanillita.info\\\/press\\\/?s={search_term_string}\"},\"query-input\":{\"@type\":\"PropertyValueSpecification\",\"valueRequired\":true,\"valueName\":\"search_term_string\"}}],\"inLanguage\":\"es-AR\"},{\"@type\":\"Organization\",\"@id\":\"https:\\\/\\\/elcanillita.info\\\/press\\\/#organization\",\"name\":\"Guzzo Photos & Graphic Publications\",\"url\":\"https:\\\/\\\/elcanillita.info\\\/press\\\/\",\"logo\":{\"@type\":\"ImageObject\",\"inLanguage\":\"es-AR\",\"@id\":\"https:\\\/\\\/elcanillita.info\\\/press\\\/#\\\/schema\\\/logo\\\/image\\\/\",\"url\":\"https:\\\/\\\/elcanillita.info\\\/press\\\/images\\\/2020\\\/01\\\/cropped-cropped-cropped-elcanillitainfo.png\",\"contentUrl\":\"https:\\\/\\\/elcanillita.info\\\/press\\\/images\\\/2020\\\/01\\\/cropped-cropped-cropped-elcanillitainfo.png\",\"width\":460,\"height\":50,\"caption\":\"Guzzo Photos & Graphic Publications\"},\"image\":{\"@id\":\"https:\\\/\\\/elcanillita.info\\\/press\\\/#\\\/schema\\\/logo\\\/image\\\/\"},\"sameAs\":[\"https:\\\/\\\/ar-ar.facebook.com\\\/ElCanillitainfo-114249515285712\\\/\"]},{\"@type\":\"Person\",\"@id\":\"https:\\\/\\\/elcanillita.info\\\/press\\\/#\\\/schema\\\/person\\\/7fcb79f38045700919f7da6d97e71ba0\",\"name\":\"SalaStampa.eu, world press service\",\"image\":{\"@type\":\"ImageObject\",\"inLanguage\":\"es-AR\",\"@id\":\"https:\\\/\\\/secure.gravatar.com\\\/avatar\\\/c2f0e0d515a107624234994507816ca4724c7199cef73fc8bedebf6931d73888?s=96&d=mm&r=g\",\"url\":\"https:\\\/\\\/secure.gravatar.com\\\/avatar\\\/c2f0e0d515a107624234994507816ca4724c7199cef73fc8bedebf6931d73888?s=96&d=mm&r=g\",\"contentUrl\":\"https:\\\/\\\/secure.gravatar.com\\\/avatar\\\/c2f0e0d515a107624234994507816ca4724c7199cef73fc8bedebf6931d73888?s=96&d=mm&r=g\",\"caption\":\"SalaStampa.eu, world press service\"}}]}<\/script>\n<!-- \/ Yoast SEO plugin. -->","yoast_head_json":{"title":"Dieta argentina: la \u00fanica que engorda en el Senado - ElCanillita.Info","robots":{"index":"index","follow":"follow","max-snippet":"max-snippet:-1","max-image-preview":"max-image-preview:large","max-video-preview":"max-video-preview:-1"},"canonical":"https:\/\/elcanillita.info\/press\/2026\/03\/12\/dieta-argentina-la-unica-que-engorda-en-el-senado\/","og_locale":"es_ES","og_type":"article","og_title":"Dieta argentina: la \u00fanica que engorda en el Senado - ElCanillita.Info","og_description":"Senadores: cuando la inflaci\u00f3n aprieta, el Congreso se afloja","og_url":"https:\/\/elcanillita.info\/press\/2026\/03\/12\/dieta-argentina-la-unica-que-engorda-en-el-senado\/","og_site_name":"ElCanillita.Info","article_publisher":"https:\/\/ar-ar.facebook.com\/ElCanillitainfo-114249515285712\/","article_published_time":"2026-03-12T09:19:57+00:00","article_modified_time":"2026-03-12T20:35:21+00:00","og_image":[{"width":600,"height":400,"url":"https:\/\/elcanillita.info\/press\/images\/2026\/03\/cover_20260312.jpg","type":"image\/jpeg"}],"author":"SalaStampa.eu, world press service","twitter_card":"summary_large_image","twitter_misc":{"Escrito por":"SalaStampa.eu, world press service","Tiempo de lectura":"3 minutos"},"schema":{"@context":"https:\/\/schema.org","@graph":[{"@type":"Article","@id":"https:\/\/elcanillita.info\/press\/2026\/03\/12\/dieta-argentina-la-unica-que-engorda-en-el-senado\/#article","isPartOf":{"@id":"https:\/\/elcanillita.info\/press\/2026\/03\/12\/dieta-argentina-la-unica-que-engorda-en-el-senado\/"},"author":{"name":"SalaStampa.eu, world press service","@id":"https:\/\/elcanillita.info\/press\/#\/schema\/person\/7fcb79f38045700919f7da6d97e71ba0"},"headline":"Dieta argentina: la \u00fanica que engorda en el Senado","datePublished":"2026-03-12T09:19:57+00:00","dateModified":"2026-03-12T20:35:21+00:00","mainEntityOfPage":{"@id":"https:\/\/elcanillita.info\/press\/2026\/03\/12\/dieta-argentina-la-unica-que-engorda-en-el-senado\/"},"wordCount":453,"publisher":{"@id":"https:\/\/elcanillita.info\/press\/#organization"},"image":{"@id":"https:\/\/elcanillita.info\/press\/2026\/03\/12\/dieta-argentina-la-unica-que-engorda-en-el-senado\/#primaryimage"},"thumbnailUrl":"https:\/\/elcanillita.info\/press\/images\/2026\/03\/cover_20260312.jpg","articleSection":[".",".","Actualidad","Am\u00e9rica del Sur","Economia","Politica","Sociedad y valores"],"inLanguage":"es-AR"},{"@type":"WebPage","@id":"https:\/\/elcanillita.info\/press\/2026\/03\/12\/dieta-argentina-la-unica-que-engorda-en-el-senado\/","url":"https:\/\/elcanillita.info\/press\/2026\/03\/12\/dieta-argentina-la-unica-que-engorda-en-el-senado\/","name":"Dieta argentina: la \u00fanica que engorda en el Senado - ElCanillita.Info","isPartOf":{"@id":"https:\/\/elcanillita.info\/press\/#website"},"primaryImageOfPage":{"@id":"https:\/\/elcanillita.info\/press\/2026\/03\/12\/dieta-argentina-la-unica-que-engorda-en-el-senado\/#primaryimage"},"image":{"@id":"https:\/\/elcanillita.info\/press\/2026\/03\/12\/dieta-argentina-la-unica-que-engorda-en-el-senado\/#primaryimage"},"thumbnailUrl":"https:\/\/elcanillita.info\/press\/images\/2026\/03\/cover_20260312.jpg","datePublished":"2026-03-12T09:19:57+00:00","dateModified":"2026-03-12T20:35:21+00:00","inLanguage":"es-AR","potentialAction":[{"@type":"ReadAction","target":["https:\/\/elcanillita.info\/press\/2026\/03\/12\/dieta-argentina-la-unica-que-engorda-en-el-senado\/"]}]},{"@type":"ImageObject","inLanguage":"es-AR","@id":"https:\/\/elcanillita.info\/press\/2026\/03\/12\/dieta-argentina-la-unica-que-engorda-en-el-senado\/#primaryimage","url":"https:\/\/elcanillita.info\/press\/images\/2026\/03\/cover_20260312.jpg","contentUrl":"https:\/\/elcanillita.info\/press\/images\/2026\/03\/cover_20260312.jpg","width":600,"height":400},{"@type":"WebSite","@id":"https:\/\/elcanillita.info\/press\/#website","url":"https:\/\/elcanillita.info\/press\/","name":"ElCanillita.Info","description":"desde los Apeninos a los Andes","publisher":{"@id":"https:\/\/elcanillita.info\/press\/#organization"},"potentialAction":[{"@type":"SearchAction","target":{"@type":"EntryPoint","urlTemplate":"https:\/\/elcanillita.info\/press\/?s={search_term_string}"},"query-input":{"@type":"PropertyValueSpecification","valueRequired":true,"valueName":"search_term_string"}}],"inLanguage":"es-AR"},{"@type":"Organization","@id":"https:\/\/elcanillita.info\/press\/#organization","name":"Guzzo Photos & Graphic Publications","url":"https:\/\/elcanillita.info\/press\/","logo":{"@type":"ImageObject","inLanguage":"es-AR","@id":"https:\/\/elcanillita.info\/press\/#\/schema\/logo\/image\/","url":"https:\/\/elcanillita.info\/press\/images\/2020\/01\/cropped-cropped-cropped-elcanillitainfo.png","contentUrl":"https:\/\/elcanillita.info\/press\/images\/2020\/01\/cropped-cropped-cropped-elcanillitainfo.png","width":460,"height":50,"caption":"Guzzo Photos & Graphic Publications"},"image":{"@id":"https:\/\/elcanillita.info\/press\/#\/schema\/logo\/image\/"},"sameAs":["https:\/\/ar-ar.facebook.com\/ElCanillitainfo-114249515285712\/"]},{"@type":"Person","@id":"https:\/\/elcanillita.info\/press\/#\/schema\/person\/7fcb79f38045700919f7da6d97e71ba0","name":"SalaStampa.eu, world press service","image":{"@type":"ImageObject","inLanguage":"es-AR","@id":"https:\/\/secure.gravatar.com\/avatar\/c2f0e0d515a107624234994507816ca4724c7199cef73fc8bedebf6931d73888?s=96&d=mm&r=g","url":"https:\/\/secure.gravatar.com\/avatar\/c2f0e0d515a107624234994507816ca4724c7199cef73fc8bedebf6931d73888?s=96&d=mm&r=g","contentUrl":"https:\/\/secure.gravatar.com\/avatar\/c2f0e0d515a107624234994507816ca4724c7199cef73fc8bedebf6931d73888?s=96&d=mm&r=g","caption":"SalaStampa.eu, world press service"}}]}},"views":75,"_links":{"self":[{"href":"https:\/\/elcanillita.info\/press\/wp-json\/wp\/v2\/posts\/6139","targetHints":{"allow":["GET"]}}],"collection":[{"href":"https:\/\/elcanillita.info\/press\/wp-json\/wp\/v2\/posts"}],"about":[{"href":"https:\/\/elcanillita.info\/press\/wp-json\/wp\/v2\/types\/post"}],"author":[{"embeddable":true,"href":"https:\/\/elcanillita.info\/press\/wp-json\/wp\/v2\/users\/1"}],"replies":[{"embeddable":true,"href":"https:\/\/elcanillita.info\/press\/wp-json\/wp\/v2\/comments?post=6139"}],"version-history":[{"count":0,"href":"https:\/\/elcanillita.info\/press\/wp-json\/wp\/v2\/posts\/6139\/revisions"}],"wp:featuredmedia":[{"embeddable":true,"href":"https:\/\/elcanillita.info\/press\/wp-json\/wp\/v2\/media\/6140"}],"wp:attachment":[{"href":"https:\/\/elcanillita.info\/press\/wp-json\/wp\/v2\/media?parent=6139"}],"wp:term":[{"taxonomy":"category","embeddable":true,"href":"https:\/\/elcanillita.info\/press\/wp-json\/wp\/v2\/categories?post=6139"},{"taxonomy":"post_tag","embeddable":true,"href":"https:\/\/elcanillita.info\/press\/wp-json\/wp\/v2\/tags?post=6139"}],"curies":[{"name":"wp","href":"https:\/\/api.w.org\/{rel}","templated":true}]}}