{"id":6115,"date":"2026-03-09T11:09:35","date_gmt":"2026-03-09T14:09:35","guid":{"rendered":"https:\/\/elcanillita.info\/press\/?p=6115"},"modified":"2026-03-09T11:10:25","modified_gmt":"2026-03-09T14:10:25","slug":"en-nombre-del-padre","status":"publish","type":"post","link":"https:\/\/elcanillita.info\/press\/2026\/03\/09\/en-nombre-del-padre\/","title":{"rendered":"En Nombre del Padre"},"content":{"rendered":"<div class=\"wp-block-image\">\n<figure class=\"aligncenter size-full\"><img loading=\"lazy\" decoding=\"async\" width=\"465\" height=\"310\" src=\"https:\/\/elcanillita.info\/press\/images\/2026\/03\/mapagecv-1.jpg\" alt=\"\" class=\"wp-image-6119\" srcset=\"https:\/\/elcanillita.info\/press\/images\/2026\/03\/mapagecv-1.jpg 465w, https:\/\/elcanillita.info\/press\/images\/2026\/03\/mapagecv-1-300x200.jpg 300w\" sizes=\"auto, (max-width: 465px) 100vw, 465px\" \/><\/figure>\n<\/div>\n\n\n<p>La Rep\u00fablica Isl\u00e1mica de Ir\u00e1n, fundada para erradicar monarqu\u00edas, acaba de perfeccionar una. La Asamblea de Expertos anunci\u00f3 pasada la medianoche en Teher\u00e1n que Mojtaba Jamenei, hijo del fallecido ayatol\u00e1 Ali Jamenei, se convertir\u00e1 en el nuevo l\u00edder supremo del pa\u00eds. El sistema que promet\u00eda liderazgo divino por m\u00e9rito teol\u00f3gico acaba de resolver la sucesi\u00f3n con un gesto que recuerda sospechosamente a la vieja costumbre de heredar el trono en familia.<\/p>\n\n\n\n<p>La proclamaci\u00f3n fue presentada con solemnidad religiosa. \u201cPor votaci\u00f3n decisiva\u201d, comunic\u00f3 el \u00f3rgano clerical encargado de elegir al l\u00edder supremo, Mojtaba Jamenei fue designado como \u201ctercer l\u00edder del sistema sagrado de la Rep\u00fablica Isl\u00e1mica\u201d. Traducido del lenguaje ceremonial: el poder encontr\u00f3 continuidad sin necesidad de experimentar con caras nuevas.<\/p>\n\n\n\n<p>El nuevo ayatol\u00e1 no llega solo. Lo respalda el sector m\u00e1s duro del establishment religioso y, sobre todo, el poderoso Cuerpo de la Guardia Revolucionaria Isl\u00e1mica, verdadero m\u00fasculo del r\u00e9gimen. En Teher\u00e1n nadie ignora que la supervivencia pol\u00edtica en la Rep\u00fablica Isl\u00e1mica depende tanto de la fe como de los hombres armados que la custodian.<\/p>\n\n\n\n<p>La elecci\u00f3n tiene adem\u00e1s un valor simb\u00f3lico que en Ir\u00e1n se exhibe sin pudor: irritar a Washington. Donald Trump hab\u00eda dejado claro que Mojtaba Jamenei ser\u00eda un sucesor \u201cinaceptable\u201d. El comentario, lejos de perjudicarlo, termin\u00f3 funcionando como una recomendaci\u00f3n involuntaria.<\/p>\n\n\n\n<p>Uno de los miembros de la Asamblea de Expertos, el ayatol\u00e1 Mohsen Heidari Alekasir, lo explic\u00f3 con una franqueza que roza la iron\u00eda: seg\u00fan dijo, el propio Ali Jamenei aconsejaba que el l\u00edder de Ir\u00e1n deb\u00eda ser \u201codiado por el enemigo\u201d antes que elogiado. En esa l\u00f3gica revolucionaria, si el \u201cGran Sat\u00e1n\u201d protesta, la decisi\u00f3n debe ser correcta.<\/p>\n\n\n\n<p>La televisi\u00f3n estatal iran\u00ed difundi\u00f3 la noticia como si se tratara de una coronaci\u00f3n religiosa. El presidente del parlamento, Mohammad Bagher Ghalibaf, celebr\u00f3 el nombramiento y record\u00f3 que seguir al nuevo l\u00edder es un \u201cdeber religioso y nacional\u201d. En otras palabras: obediencia espiritual y disciplina pol\u00edtica, todo en el mismo paquete.<\/p>\n\n\n\n<p>La Guardia Revolucionaria no tard\u00f3 en sumarse al coro. En un comunicado, la organizaci\u00f3n asegur\u00f3 estar \u201clista para la obediencia completa y el autosacrificio\u201d para cumplir las \u00f3rdenes del nuevo l\u00edder. En el vocabulario oficial iran\u00ed, esa frase significa algo muy concreto: el aparato militar ya eligi\u00f3 a qui\u00e9n responder.<\/p>\n\n\n\n<p>Del otro lado del tablero, Trump volvi\u00f3 a hablar. En una entrevista con ABC News insisti\u00f3 en que Estados Unidos deber\u00eda tener voz sobre qui\u00e9n gobierna Ir\u00e1n. \u201cSi no obtiene nuestra aprobaci\u00f3n, no durar\u00e1 mucho\u201d, dijo. Es una forma curiosa de practicar la diplomacia: decidir qui\u00e9n manda en otro pa\u00eds\u2026 desde un estudio de televisi\u00f3n.<\/p>\n\n\n\n<p>Mientras tanto, la guerra no espera a que se resuelvan las ceremonias pol\u00edticas. Estados Unidos e Israel intensificaron los ataques contra infraestructura iran\u00ed, alcanzando por primera vez instalaciones clave del sector energ\u00e9tico y una planta desalinizadora.<\/p>\n\n\n\n<p>Uno de los bombardeos israel\u00edes golpe\u00f3 un gran dep\u00f3sito de combustible en Teher\u00e1n y provoc\u00f3 incendios masivos visibles desde distintos puntos de la capital. La explosi\u00f3n liber\u00f3 una nube de humo qu\u00edmico que se extendi\u00f3 sobre la ciudad y despert\u00f3 temores de lluvia \u00e1cida, un recordatorio desagradable de que la guerra moderna tambi\u00e9n puede caer del cielo en forma de contaminaci\u00f3n.<\/p>\n\n\n\n<p>El contexto es brutalmente claro: Israel mat\u00f3 al ayatol\u00e1 Ali Jamenei, de 86 a\u00f1os, al comienzo de la actual campa\u00f1a a\u00e9rea y ha advertido que podr\u00eda hacer lo mismo con quien ocupe su lugar. La sucesi\u00f3n, por lo tanto, no es s\u00f3lo una cuesti\u00f3n religiosa o pol\u00edtica. Tambi\u00e9n es una cuesti\u00f3n de supervivencia.<\/p>\n\n\n\n<p>As\u00ed, en medio de bombardeos, amenazas y discursos inflamados, Ir\u00e1n acaba de consagrar a su nuevo l\u00edder supremo. El detalle inc\u00f3modo es que la revoluci\u00f3n que promet\u00eda acabar con los linajes termin\u00f3 pronunciando la f\u00f3rmula m\u00e1s antigua del poder: en nombre del Padre\u2026 y ahora del hijo.<\/p>\n\n\n<p>\u270d\ufe0f <small>\u00a92026 Cronista del Viejo Mapa &#8211; All Rights Reserved<\/small><br \/>\n<small> Donde la geograf\u00eda explica la historia y la historia anticipa el mundo<\/small><\/p>\n<hr style=\"border: none; height: 1px; background-color: #ccc; margin: 2em 0;\" \/>\n<p><small>\u00a9 2026 SalaStampa.eu, world press service &#8211; All Rights Reserved &#8211;  Guzzo Photos &#038; Graphic  Publications \u2013 Registro Editori e Stampatori n. 1441 Turin, Italy<\/small><\/p>","protected":false},"excerpt":{"rendered":"<p>La c\u00fapula clerical iran\u00ed consagra a Mojtaba Jamenei como nuevo l\u00edder supremo tras la muerte de su padre. Mientras Trump protesta desde Washington y las bombas caen sobre Teher\u00e1n, la Rep\u00fablica Isl\u00e1mica ensaya una sucesi\u00f3n que huele m\u00e1s a dinast\u00eda que a revoluci\u00f3n.<\/p>\n","protected":false},"author":1,"featured_media":6119,"comment_status":"closed","ping_status":"closed","sticky":false,"template":"","format":"standard","meta":{"footnotes":"","_links_to":"","_links_to_target":""},"categories":[108,121,70,119,15,23],"tags":[111],"class_list":["post-6115","post","type-post","status-publish","format-standard","has-post-thumbnail","hentry","category-blogdiario","category-dc24","category-actualidad","category-guerra","category-medio-oriente","category-politica","tag-iran-2","entry","double"],"yoast_head":"<!-- This site is optimized with the Yoast SEO plugin v27.4 - https:\/\/yoast.com\/product\/yoast-seo-wordpress\/ -->\n<title>En Nombre del Padre - ElCanillita.Info<\/title>\n<meta name=\"robots\" content=\"index, follow, max-snippet:-1, max-image-preview:large, max-video-preview:-1\" \/>\n<link rel=\"canonical\" href=\"https:\/\/elcanillita.info\/press\/2026\/03\/09\/en-nombre-del-padre\/\" \/>\n<meta property=\"og:locale\" content=\"es_ES\" \/>\n<meta property=\"og:type\" content=\"article\" \/>\n<meta property=\"og:title\" content=\"En Nombre del Padre - ElCanillita.Info\" \/>\n<meta property=\"og:description\" content=\"La c\u00fapula clerical iran\u00ed consagra a Mojtaba Jamenei como nuevo l\u00edder supremo tras la muerte de su padre. Mientras Trump protesta desde Washington y las bombas caen sobre Teher\u00e1n, la Rep\u00fablica Isl\u00e1mica ensaya una sucesi\u00f3n que huele m\u00e1s a dinast\u00eda que a revoluci\u00f3n.\" \/>\n<meta property=\"og:url\" content=\"https:\/\/elcanillita.info\/press\/2026\/03\/09\/en-nombre-del-padre\/\" \/>\n<meta property=\"og:site_name\" content=\"ElCanillita.Info\" \/>\n<meta property=\"article:publisher\" content=\"https:\/\/ar-ar.facebook.com\/ElCanillitainfo-114249515285712\/\" \/>\n<meta property=\"article:published_time\" content=\"2026-03-09T14:09:35+00:00\" \/>\n<meta property=\"article:modified_time\" content=\"2026-03-09T14:10:25+00:00\" \/>\n<meta property=\"og:image\" content=\"https:\/\/elcanillita.info\/press\/images\/2026\/03\/mapagecv-1.jpg\" \/>\n\t<meta property=\"og:image:width\" content=\"465\" \/>\n\t<meta property=\"og:image:height\" content=\"310\" \/>\n\t<meta property=\"og:image:type\" content=\"image\/jpeg\" \/>\n<meta name=\"author\" content=\"SalaStampa.eu, world press service\" \/>\n<meta name=\"twitter:card\" content=\"summary_large_image\" \/>\n<meta name=\"twitter:label1\" content=\"Escrito por\" \/>\n\t<meta name=\"twitter:data1\" content=\"SalaStampa.eu, world press service\" \/>\n\t<meta name=\"twitter:label2\" content=\"Tiempo de lectura\" \/>\n\t<meta name=\"twitter:data2\" content=\"4 minutos\" \/>\n<script type=\"application\/ld+json\" class=\"yoast-schema-graph\">{\"@context\":\"https:\\\/\\\/schema.org\",\"@graph\":[{\"@type\":\"Article\",\"@id\":\"https:\\\/\\\/elcanillita.info\\\/press\\\/2026\\\/03\\\/09\\\/en-nombre-del-padre\\\/#article\",\"isPartOf\":{\"@id\":\"https:\\\/\\\/elcanillita.info\\\/press\\\/2026\\\/03\\\/09\\\/en-nombre-del-padre\\\/\"},\"author\":{\"name\":\"SalaStampa.eu, world press service\",\"@id\":\"https:\\\/\\\/elcanillita.info\\\/press\\\/#\\\/schema\\\/person\\\/7fcb79f38045700919f7da6d97e71ba0\"},\"headline\":\"En Nombre del Padre\",\"datePublished\":\"2026-03-09T14:09:35+00:00\",\"dateModified\":\"2026-03-09T14:10:25+00:00\",\"mainEntityOfPage\":{\"@id\":\"https:\\\/\\\/elcanillita.info\\\/press\\\/2026\\\/03\\\/09\\\/en-nombre-del-padre\\\/\"},\"wordCount\":751,\"publisher\":{\"@id\":\"https:\\\/\\\/elcanillita.info\\\/press\\\/#organization\"},\"image\":{\"@id\":\"https:\\\/\\\/elcanillita.info\\\/press\\\/2026\\\/03\\\/09\\\/en-nombre-del-padre\\\/#primaryimage\"},\"thumbnailUrl\":\"https:\\\/\\\/elcanillita.info\\\/press\\\/images\\\/2026\\\/03\\\/mapagecv-1.jpg\",\"keywords\":[\"Iran\"],\"articleSection\":[\".\",\".\",\"Actualidad\",\"Guerra\",\"Medio Oriente\",\"Politica\"],\"inLanguage\":\"es-AR\"},{\"@type\":\"WebPage\",\"@id\":\"https:\\\/\\\/elcanillita.info\\\/press\\\/2026\\\/03\\\/09\\\/en-nombre-del-padre\\\/\",\"url\":\"https:\\\/\\\/elcanillita.info\\\/press\\\/2026\\\/03\\\/09\\\/en-nombre-del-padre\\\/\",\"name\":\"En Nombre del Padre - ElCanillita.Info\",\"isPartOf\":{\"@id\":\"https:\\\/\\\/elcanillita.info\\\/press\\\/#website\"},\"primaryImageOfPage\":{\"@id\":\"https:\\\/\\\/elcanillita.info\\\/press\\\/2026\\\/03\\\/09\\\/en-nombre-del-padre\\\/#primaryimage\"},\"image\":{\"@id\":\"https:\\\/\\\/elcanillita.info\\\/press\\\/2026\\\/03\\\/09\\\/en-nombre-del-padre\\\/#primaryimage\"},\"thumbnailUrl\":\"https:\\\/\\\/elcanillita.info\\\/press\\\/images\\\/2026\\\/03\\\/mapagecv-1.jpg\",\"datePublished\":\"2026-03-09T14:09:35+00:00\",\"dateModified\":\"2026-03-09T14:10:25+00:00\",\"inLanguage\":\"es-AR\",\"potentialAction\":[{\"@type\":\"ReadAction\",\"target\":[\"https:\\\/\\\/elcanillita.info\\\/press\\\/2026\\\/03\\\/09\\\/en-nombre-del-padre\\\/\"]}]},{\"@type\":\"ImageObject\",\"inLanguage\":\"es-AR\",\"@id\":\"https:\\\/\\\/elcanillita.info\\\/press\\\/2026\\\/03\\\/09\\\/en-nombre-del-padre\\\/#primaryimage\",\"url\":\"https:\\\/\\\/elcanillita.info\\\/press\\\/images\\\/2026\\\/03\\\/mapagecv-1.jpg\",\"contentUrl\":\"https:\\\/\\\/elcanillita.info\\\/press\\\/images\\\/2026\\\/03\\\/mapagecv-1.jpg\",\"width\":465,\"height\":310},{\"@type\":\"WebSite\",\"@id\":\"https:\\\/\\\/elcanillita.info\\\/press\\\/#website\",\"url\":\"https:\\\/\\\/elcanillita.info\\\/press\\\/\",\"name\":\"ElCanillita.Info\",\"description\":\"desde los Apeninos a los Andes\",\"publisher\":{\"@id\":\"https:\\\/\\\/elcanillita.info\\\/press\\\/#organization\"},\"potentialAction\":[{\"@type\":\"SearchAction\",\"target\":{\"@type\":\"EntryPoint\",\"urlTemplate\":\"https:\\\/\\\/elcanillita.info\\\/press\\\/?s={search_term_string}\"},\"query-input\":{\"@type\":\"PropertyValueSpecification\",\"valueRequired\":true,\"valueName\":\"search_term_string\"}}],\"inLanguage\":\"es-AR\"},{\"@type\":\"Organization\",\"@id\":\"https:\\\/\\\/elcanillita.info\\\/press\\\/#organization\",\"name\":\"Guzzo Photos & Graphic Publications\",\"url\":\"https:\\\/\\\/elcanillita.info\\\/press\\\/\",\"logo\":{\"@type\":\"ImageObject\",\"inLanguage\":\"es-AR\",\"@id\":\"https:\\\/\\\/elcanillita.info\\\/press\\\/#\\\/schema\\\/logo\\\/image\\\/\",\"url\":\"https:\\\/\\\/elcanillita.info\\\/press\\\/images\\\/2020\\\/01\\\/cropped-cropped-cropped-elcanillitainfo.png\",\"contentUrl\":\"https:\\\/\\\/elcanillita.info\\\/press\\\/images\\\/2020\\\/01\\\/cropped-cropped-cropped-elcanillitainfo.png\",\"width\":460,\"height\":50,\"caption\":\"Guzzo Photos & Graphic Publications\"},\"image\":{\"@id\":\"https:\\\/\\\/elcanillita.info\\\/press\\\/#\\\/schema\\\/logo\\\/image\\\/\"},\"sameAs\":[\"https:\\\/\\\/ar-ar.facebook.com\\\/ElCanillitainfo-114249515285712\\\/\"]},{\"@type\":\"Person\",\"@id\":\"https:\\\/\\\/elcanillita.info\\\/press\\\/#\\\/schema\\\/person\\\/7fcb79f38045700919f7da6d97e71ba0\",\"name\":\"SalaStampa.eu, world press service\",\"image\":{\"@type\":\"ImageObject\",\"inLanguage\":\"es-AR\",\"@id\":\"https:\\\/\\\/secure.gravatar.com\\\/avatar\\\/c2f0e0d515a107624234994507816ca4724c7199cef73fc8bedebf6931d73888?s=96&d=mm&r=g\",\"url\":\"https:\\\/\\\/secure.gravatar.com\\\/avatar\\\/c2f0e0d515a107624234994507816ca4724c7199cef73fc8bedebf6931d73888?s=96&d=mm&r=g\",\"contentUrl\":\"https:\\\/\\\/secure.gravatar.com\\\/avatar\\\/c2f0e0d515a107624234994507816ca4724c7199cef73fc8bedebf6931d73888?s=96&d=mm&r=g\",\"caption\":\"SalaStampa.eu, world press service\"}}]}<\/script>\n<!-- \/ Yoast SEO plugin. -->","yoast_head_json":{"title":"En Nombre del Padre - ElCanillita.Info","robots":{"index":"index","follow":"follow","max-snippet":"max-snippet:-1","max-image-preview":"max-image-preview:large","max-video-preview":"max-video-preview:-1"},"canonical":"https:\/\/elcanillita.info\/press\/2026\/03\/09\/en-nombre-del-padre\/","og_locale":"es_ES","og_type":"article","og_title":"En Nombre del Padre - ElCanillita.Info","og_description":"La c\u00fapula clerical iran\u00ed consagra a Mojtaba Jamenei como nuevo l\u00edder supremo tras la muerte de su padre. Mientras Trump protesta desde Washington y las bombas caen sobre Teher\u00e1n, la Rep\u00fablica Isl\u00e1mica ensaya una sucesi\u00f3n que huele m\u00e1s a dinast\u00eda que a revoluci\u00f3n.","og_url":"https:\/\/elcanillita.info\/press\/2026\/03\/09\/en-nombre-del-padre\/","og_site_name":"ElCanillita.Info","article_publisher":"https:\/\/ar-ar.facebook.com\/ElCanillitainfo-114249515285712\/","article_published_time":"2026-03-09T14:09:35+00:00","article_modified_time":"2026-03-09T14:10:25+00:00","og_image":[{"width":465,"height":310,"url":"https:\/\/elcanillita.info\/press\/images\/2026\/03\/mapagecv-1.jpg","type":"image\/jpeg"}],"author":"SalaStampa.eu, world press service","twitter_card":"summary_large_image","twitter_misc":{"Escrito por":"SalaStampa.eu, world press service","Tiempo de lectura":"4 minutos"},"schema":{"@context":"https:\/\/schema.org","@graph":[{"@type":"Article","@id":"https:\/\/elcanillita.info\/press\/2026\/03\/09\/en-nombre-del-padre\/#article","isPartOf":{"@id":"https:\/\/elcanillita.info\/press\/2026\/03\/09\/en-nombre-del-padre\/"},"author":{"name":"SalaStampa.eu, world press service","@id":"https:\/\/elcanillita.info\/press\/#\/schema\/person\/7fcb79f38045700919f7da6d97e71ba0"},"headline":"En Nombre del Padre","datePublished":"2026-03-09T14:09:35+00:00","dateModified":"2026-03-09T14:10:25+00:00","mainEntityOfPage":{"@id":"https:\/\/elcanillita.info\/press\/2026\/03\/09\/en-nombre-del-padre\/"},"wordCount":751,"publisher":{"@id":"https:\/\/elcanillita.info\/press\/#organization"},"image":{"@id":"https:\/\/elcanillita.info\/press\/2026\/03\/09\/en-nombre-del-padre\/#primaryimage"},"thumbnailUrl":"https:\/\/elcanillita.info\/press\/images\/2026\/03\/mapagecv-1.jpg","keywords":["Iran"],"articleSection":[".",".","Actualidad","Guerra","Medio Oriente","Politica"],"inLanguage":"es-AR"},{"@type":"WebPage","@id":"https:\/\/elcanillita.info\/press\/2026\/03\/09\/en-nombre-del-padre\/","url":"https:\/\/elcanillita.info\/press\/2026\/03\/09\/en-nombre-del-padre\/","name":"En Nombre del Padre - ElCanillita.Info","isPartOf":{"@id":"https:\/\/elcanillita.info\/press\/#website"},"primaryImageOfPage":{"@id":"https:\/\/elcanillita.info\/press\/2026\/03\/09\/en-nombre-del-padre\/#primaryimage"},"image":{"@id":"https:\/\/elcanillita.info\/press\/2026\/03\/09\/en-nombre-del-padre\/#primaryimage"},"thumbnailUrl":"https:\/\/elcanillita.info\/press\/images\/2026\/03\/mapagecv-1.jpg","datePublished":"2026-03-09T14:09:35+00:00","dateModified":"2026-03-09T14:10:25+00:00","inLanguage":"es-AR","potentialAction":[{"@type":"ReadAction","target":["https:\/\/elcanillita.info\/press\/2026\/03\/09\/en-nombre-del-padre\/"]}]},{"@type":"ImageObject","inLanguage":"es-AR","@id":"https:\/\/elcanillita.info\/press\/2026\/03\/09\/en-nombre-del-padre\/#primaryimage","url":"https:\/\/elcanillita.info\/press\/images\/2026\/03\/mapagecv-1.jpg","contentUrl":"https:\/\/elcanillita.info\/press\/images\/2026\/03\/mapagecv-1.jpg","width":465,"height":310},{"@type":"WebSite","@id":"https:\/\/elcanillita.info\/press\/#website","url":"https:\/\/elcanillita.info\/press\/","name":"ElCanillita.Info","description":"desde los Apeninos a los Andes","publisher":{"@id":"https:\/\/elcanillita.info\/press\/#organization"},"potentialAction":[{"@type":"SearchAction","target":{"@type":"EntryPoint","urlTemplate":"https:\/\/elcanillita.info\/press\/?s={search_term_string}"},"query-input":{"@type":"PropertyValueSpecification","valueRequired":true,"valueName":"search_term_string"}}],"inLanguage":"es-AR"},{"@type":"Organization","@id":"https:\/\/elcanillita.info\/press\/#organization","name":"Guzzo Photos & Graphic Publications","url":"https:\/\/elcanillita.info\/press\/","logo":{"@type":"ImageObject","inLanguage":"es-AR","@id":"https:\/\/elcanillita.info\/press\/#\/schema\/logo\/image\/","url":"https:\/\/elcanillita.info\/press\/images\/2020\/01\/cropped-cropped-cropped-elcanillitainfo.png","contentUrl":"https:\/\/elcanillita.info\/press\/images\/2020\/01\/cropped-cropped-cropped-elcanillitainfo.png","width":460,"height":50,"caption":"Guzzo Photos & Graphic Publications"},"image":{"@id":"https:\/\/elcanillita.info\/press\/#\/schema\/logo\/image\/"},"sameAs":["https:\/\/ar-ar.facebook.com\/ElCanillitainfo-114249515285712\/"]},{"@type":"Person","@id":"https:\/\/elcanillita.info\/press\/#\/schema\/person\/7fcb79f38045700919f7da6d97e71ba0","name":"SalaStampa.eu, world press service","image":{"@type":"ImageObject","inLanguage":"es-AR","@id":"https:\/\/secure.gravatar.com\/avatar\/c2f0e0d515a107624234994507816ca4724c7199cef73fc8bedebf6931d73888?s=96&d=mm&r=g","url":"https:\/\/secure.gravatar.com\/avatar\/c2f0e0d515a107624234994507816ca4724c7199cef73fc8bedebf6931d73888?s=96&d=mm&r=g","contentUrl":"https:\/\/secure.gravatar.com\/avatar\/c2f0e0d515a107624234994507816ca4724c7199cef73fc8bedebf6931d73888?s=96&d=mm&r=g","caption":"SalaStampa.eu, world press service"}}]}},"views":99,"_links":{"self":[{"href":"https:\/\/elcanillita.info\/press\/wp-json\/wp\/v2\/posts\/6115","targetHints":{"allow":["GET"]}}],"collection":[{"href":"https:\/\/elcanillita.info\/press\/wp-json\/wp\/v2\/posts"}],"about":[{"href":"https:\/\/elcanillita.info\/press\/wp-json\/wp\/v2\/types\/post"}],"author":[{"embeddable":true,"href":"https:\/\/elcanillita.info\/press\/wp-json\/wp\/v2\/users\/1"}],"replies":[{"embeddable":true,"href":"https:\/\/elcanillita.info\/press\/wp-json\/wp\/v2\/comments?post=6115"}],"version-history":[{"count":0,"href":"https:\/\/elcanillita.info\/press\/wp-json\/wp\/v2\/posts\/6115\/revisions"}],"wp:featuredmedia":[{"embeddable":true,"href":"https:\/\/elcanillita.info\/press\/wp-json\/wp\/v2\/media\/6119"}],"wp:attachment":[{"href":"https:\/\/elcanillita.info\/press\/wp-json\/wp\/v2\/media?parent=6115"}],"wp:term":[{"taxonomy":"category","embeddable":true,"href":"https:\/\/elcanillita.info\/press\/wp-json\/wp\/v2\/categories?post=6115"},{"taxonomy":"post_tag","embeddable":true,"href":"https:\/\/elcanillita.info\/press\/wp-json\/wp\/v2\/tags?post=6115"}],"curies":[{"name":"wp","href":"https:\/\/api.w.org\/{rel}","templated":true}]}}