{"id":6101,"date":"2026-03-08T07:55:15","date_gmt":"2026-03-08T10:55:15","guid":{"rendered":"https:\/\/elcanillita.info\/press\/?p=6101"},"modified":"2026-03-08T08:01:23","modified_gmt":"2026-03-08T11:01:23","slug":"la-ruta-libertaria","status":"publish","type":"post","link":"https:\/\/elcanillita.info\/press\/2026\/03\/08\/la-ruta-libertaria\/","title":{"rendered":"La ruta libertaria"},"content":{"rendered":"<div class=\"wp-block-image\">\n<figure class=\"alignleft size-full is-resized\"><img loading=\"lazy\" decoding=\"async\" width=\"400\" height=\"600\" src=\"https:\/\/elcanillita.info\/press\/images\/2026\/03\/polo_600_cov.jpg\" alt=\"\" class=\"wp-image-6102\" style=\"width:308px;height:auto\" srcset=\"https:\/\/elcanillita.info\/press\/images\/2026\/03\/polo_600_cov.jpg 400w, https:\/\/elcanillita.info\/press\/images\/2026\/03\/polo_600_cov-200x300.jpg 200w\" sizes=\"auto, (max-width: 400px) 100vw, 400px\" \/><\/figure>\n<\/div>\n\n\n<p class=\"p1\">Nueva York recibe otra vez a Javier Milei, viajero frecuente del hemisferio norte y protagonista de una gira que ya parece m\u00e1s un puente a\u00e9reo que una agenda diplom\u00e1tica. Quince visitas a Estados Unidos desde que asumi\u00f3: una frecuencia que ni las aerol\u00edneas promocionan.<\/p>\n\n\n\n<p class=\"p1\">Antes de llegar a Manhattan, Milei pas\u00f3 por Miami para alinearse con entusiasmo en la flamante coalici\u00f3n continental impulsada por Donald Trump: el \u201cEscudo de las Am\u00e9ricas\u201d. Una iniciativa que promete combatir narcotr\u00e1fico y terrorismo con una mezcla de fuerza militar y coordinaci\u00f3n financiera. <br>Traducido al lenguaje de la geopol\u00edtica: helic\u00f3pteros arriba, contadores abajo. <br>El Presidente argentino particip\u00f3 del lanzamiento junto a otros l\u00edderes regionales, en una escena que mezcla seguridad hemisf\u00e9rica, estrategia militar y la inevitable foto de familia con Washington en el centro del encuadre. Milei, que nunca ocult\u00f3 su admiraci\u00f3n por la pol\u00edtica exterior estadounidense, jug\u00f3 all\u00ed el papel que mejor le calza: aliado entusiasta.<\/p>\n\n\n\n<p class=\"p1\">Las se\u00f1ales fueron bien recibidas en la capital del poder financiero. Desde el Tesoro norteamericano llegaron elogios al programa econ\u00f3mico argentino, en especial por la acumulaci\u00f3n de reservas y la ca\u00edda del riesgo pa\u00eds. Wall Street suele escuchar con atenci\u00f3n cuando un pa\u00eds promete reformas, disciplina fiscal y un Estado m\u00e1s liviano que sus propias deudas.<\/p>\n\n\n\n<p class=\"p1\">Pero la agenda presidencial en Nueva York no empieza con balances ni presentaciones para inversores. Empieza con espiritualidad. Milei visitar\u00e1 el Ohel, en Queens, el santuario del rabino Menachem Mendel Schneerson, figura central del movimiento Jabad Lubavitch y referencia espiritual del mandatario en momentos de decisi\u00f3n pol\u00edtica.<\/p>\n\n\n\n<p class=\"p1\">En la narrativa personal del Presidente, fe y econom\u00eda no compiten: se complementan. La m\u00edstica aparece como combustible de una cruzada liberal que pretende transformar el Estado argentino con bistur\u00ed ideol\u00f3gico y motosierra administrativa.<\/p>\n\n\n\n<p class=\"p1\">Despu\u00e9s llegar\u00e1 el turno del evangelio econ\u00f3mico. La llamada \u201cArgentina Week\u201d busca seducir a inversores con la promesa de un pa\u00eds que dej\u00f3 atr\u00e1s el populismo y ahora ofrece estabilidad, reformas y oportunidades. En t\u00e9rminos m\u00e1s simples: la nueva narrativa de exportaci\u00f3n del gobierno libertario.<\/p>\n\n\n\n<p class=\"p1\">El momento m\u00e1s esperado ser\u00e1 la reuni\u00f3n con Jamie Dimon, CEO de JP Morgan. En el lenguaje silencioso de las finanzas globales, ese tipo de encuentros funciona tanto como se\u00f1al pol\u00edtica como se\u00f1al de mercado. Cuando Wall Street escucha, los capitales toman nota.<\/p>\n\n\n\n<p class=\"p1\">Milei llega acompa\u00f1ado por su n\u00facleo duro: Karina Milei, Luis Caputo, Santiago Bausili, Federico Sturzenegger y otros nombres que conforman el laboratorio de la nueva ingenier\u00eda econ\u00f3mica argentina. Un equipo que mezcla tecnocracia financiera, desregulaci\u00f3n intensiva y una dosis considerable de audacia pol\u00edtica.<\/p>\n\n\n\n<p class=\"p1\">Mientras tanto, gobernadores provinciales se suman a la comitiva con la esperanza de atraer inversiones hacia sus distritos. El federalismo, en esta versi\u00f3n, tambi\u00e9n hace su propia gira por Manhattan.<\/p>\n\n\n\n<p class=\"p1\">La traves\u00eda cerrar\u00e1 en Santiago de Chile, donde Milei asistir\u00e1 a la asunci\u00f3n presidencial de Jos\u00e9 Antonio Kast. Con ese gesto se completa el mapa ideol\u00f3gico de la gira: Washington, Wall Street y un nuevo aliado pol\u00edtico en la regi\u00f3n.<\/p>\n\n\n\n<p>As\u00ed avanza la ruta libertaria: de Miami a Nueva York y de all\u00ed a Santiago, con escalas en la fe, en las finanzas y en la geopol\u00edtica. En la nueva br\u00fajula libertaria, el Norte dej\u00f3 de ser met\u00e1fora. Un itinerario que revela una certeza del nuevo poder argentino: en la era Milei, el sur tambi\u00e9n mira al Norte.<\/p>\n\n\n\n<p><\/p>\n\n\n\n<p>&nbsp;\u270d\ufe0f \u00a9 Scriptorium Rustichello \u2013 Derechos reservados<\/p>\n\n\n<hr style=\"\n    border: none;\n    height: 1px;\n    background: linear-gradient(to right, transparent, #ccc, transparent);\n    margin: 0;\n\" \/>\n<\/p>\n<p><small>\u00a9\ufe0f2026  Guzzo Photos  &#038; Graphic Publications \u2013 All Rights Reserved \u2013 Copyright \u00a9\ufe0f 2026 SalaStampa.eu, world press service \u2013 Guzzo Photos &#038; Graphic Publications \u2013 Registro Editori e Stampatori n. 1441 Turin, Italy<\/small><\/p>\n\n\n<p><\/p>\n","protected":false},"excerpt":{"rendered":"<p>Entre rezos en Queens y banqueros en Manhattan, Milei vuelve a Nueva York para vender el experimento econ\u00f3mico argentino en el coraz\u00f3n de Wall Street.<\/p>\n","protected":false},"author":1,"featured_media":6102,"comment_status":"closed","ping_status":"closed","sticky":false,"template":"","format":"standard","meta":{"footnotes":"","_links_to":"","_links_to_target":""},"categories":[108,121,70,11,23],"tags":[152,29],"class_list":["post-6101","post","type-post","status-publish","format-standard","has-post-thumbnail","hentry","category-blogdiario","category-dc24","category-actualidad","category-america-del-sur","category-politica","tag-america-latina","tag-argentina","entry","double"],"yoast_head":"<!-- This site is optimized with the Yoast SEO plugin v27.4 - https:\/\/yoast.com\/product\/yoast-seo-wordpress\/ -->\n<title>La ruta libertaria - ElCanillita.Info<\/title>\n<meta name=\"robots\" content=\"index, follow, max-snippet:-1, max-image-preview:large, max-video-preview:-1\" \/>\n<link rel=\"canonical\" href=\"https:\/\/elcanillita.info\/press\/2026\/03\/08\/la-ruta-libertaria\/\" \/>\n<meta property=\"og:locale\" content=\"es_ES\" \/>\n<meta property=\"og:type\" content=\"article\" \/>\n<meta property=\"og:title\" content=\"La ruta libertaria - ElCanillita.Info\" \/>\n<meta property=\"og:description\" content=\"Entre rezos en Queens y banqueros en Manhattan, Milei vuelve a Nueva York para vender el experimento econ\u00f3mico argentino en el coraz\u00f3n de Wall Street.\" \/>\n<meta property=\"og:url\" content=\"https:\/\/elcanillita.info\/press\/2026\/03\/08\/la-ruta-libertaria\/\" \/>\n<meta property=\"og:site_name\" content=\"ElCanillita.Info\" \/>\n<meta property=\"article:publisher\" content=\"https:\/\/ar-ar.facebook.com\/ElCanillitainfo-114249515285712\/\" \/>\n<meta property=\"article:published_time\" content=\"2026-03-08T10:55:15+00:00\" \/>\n<meta property=\"article:modified_time\" content=\"2026-03-08T11:01:23+00:00\" \/>\n<meta property=\"og:image\" content=\"https:\/\/elcanillita.info\/press\/images\/2026\/03\/polo_600_cov.jpg\" \/>\n\t<meta property=\"og:image:width\" content=\"400\" \/>\n\t<meta property=\"og:image:height\" content=\"600\" \/>\n\t<meta property=\"og:image:type\" content=\"image\/jpeg\" \/>\n<meta name=\"author\" content=\"SalaStampa.eu, world press service\" \/>\n<meta name=\"twitter:card\" content=\"summary_large_image\" \/>\n<meta name=\"twitter:label1\" content=\"Escrito por\" \/>\n\t<meta name=\"twitter:data1\" content=\"SalaStampa.eu, world press service\" \/>\n\t<meta name=\"twitter:label2\" content=\"Tiempo de lectura\" \/>\n\t<meta name=\"twitter:data2\" content=\"4 minutos\" \/>\n<script type=\"application\/ld+json\" class=\"yoast-schema-graph\">{\"@context\":\"https:\\\/\\\/schema.org\",\"@graph\":[{\"@type\":\"Article\",\"@id\":\"https:\\\/\\\/elcanillita.info\\\/press\\\/2026\\\/03\\\/08\\\/la-ruta-libertaria\\\/#article\",\"isPartOf\":{\"@id\":\"https:\\\/\\\/elcanillita.info\\\/press\\\/2026\\\/03\\\/08\\\/la-ruta-libertaria\\\/\"},\"author\":{\"name\":\"SalaStampa.eu, world press service\",\"@id\":\"https:\\\/\\\/elcanillita.info\\\/press\\\/#\\\/schema\\\/person\\\/7fcb79f38045700919f7da6d97e71ba0\"},\"headline\":\"La ruta libertaria\",\"datePublished\":\"2026-03-08T10:55:15+00:00\",\"dateModified\":\"2026-03-08T11:01:23+00:00\",\"mainEntityOfPage\":{\"@id\":\"https:\\\/\\\/elcanillita.info\\\/press\\\/2026\\\/03\\\/08\\\/la-ruta-libertaria\\\/\"},\"wordCount\":636,\"publisher\":{\"@id\":\"https:\\\/\\\/elcanillita.info\\\/press\\\/#organization\"},\"image\":{\"@id\":\"https:\\\/\\\/elcanillita.info\\\/press\\\/2026\\\/03\\\/08\\\/la-ruta-libertaria\\\/#primaryimage\"},\"thumbnailUrl\":\"https:\\\/\\\/elcanillita.info\\\/press\\\/images\\\/2026\\\/03\\\/polo_600_cov.jpg\",\"keywords\":[\"Am\u00e9rica Latina\",\"Argentina\"],\"articleSection\":[\".\",\".\",\"Actualidad\",\"Am\u00e9rica del Sur\",\"Politica\"],\"inLanguage\":\"es-AR\"},{\"@type\":\"WebPage\",\"@id\":\"https:\\\/\\\/elcanillita.info\\\/press\\\/2026\\\/03\\\/08\\\/la-ruta-libertaria\\\/\",\"url\":\"https:\\\/\\\/elcanillita.info\\\/press\\\/2026\\\/03\\\/08\\\/la-ruta-libertaria\\\/\",\"name\":\"La ruta libertaria - ElCanillita.Info\",\"isPartOf\":{\"@id\":\"https:\\\/\\\/elcanillita.info\\\/press\\\/#website\"},\"primaryImageOfPage\":{\"@id\":\"https:\\\/\\\/elcanillita.info\\\/press\\\/2026\\\/03\\\/08\\\/la-ruta-libertaria\\\/#primaryimage\"},\"image\":{\"@id\":\"https:\\\/\\\/elcanillita.info\\\/press\\\/2026\\\/03\\\/08\\\/la-ruta-libertaria\\\/#primaryimage\"},\"thumbnailUrl\":\"https:\\\/\\\/elcanillita.info\\\/press\\\/images\\\/2026\\\/03\\\/polo_600_cov.jpg\",\"datePublished\":\"2026-03-08T10:55:15+00:00\",\"dateModified\":\"2026-03-08T11:01:23+00:00\",\"inLanguage\":\"es-AR\",\"potentialAction\":[{\"@type\":\"ReadAction\",\"target\":[\"https:\\\/\\\/elcanillita.info\\\/press\\\/2026\\\/03\\\/08\\\/la-ruta-libertaria\\\/\"]}]},{\"@type\":\"ImageObject\",\"inLanguage\":\"es-AR\",\"@id\":\"https:\\\/\\\/elcanillita.info\\\/press\\\/2026\\\/03\\\/08\\\/la-ruta-libertaria\\\/#primaryimage\",\"url\":\"https:\\\/\\\/elcanillita.info\\\/press\\\/images\\\/2026\\\/03\\\/polo_600_cov.jpg\",\"contentUrl\":\"https:\\\/\\\/elcanillita.info\\\/press\\\/images\\\/2026\\\/03\\\/polo_600_cov.jpg\",\"width\":400,\"height\":600},{\"@type\":\"WebSite\",\"@id\":\"https:\\\/\\\/elcanillita.info\\\/press\\\/#website\",\"url\":\"https:\\\/\\\/elcanillita.info\\\/press\\\/\",\"name\":\"ElCanillita.Info\",\"description\":\"desde los Apeninos a los Andes\",\"publisher\":{\"@id\":\"https:\\\/\\\/elcanillita.info\\\/press\\\/#organization\"},\"potentialAction\":[{\"@type\":\"SearchAction\",\"target\":{\"@type\":\"EntryPoint\",\"urlTemplate\":\"https:\\\/\\\/elcanillita.info\\\/press\\\/?s={search_term_string}\"},\"query-input\":{\"@type\":\"PropertyValueSpecification\",\"valueRequired\":true,\"valueName\":\"search_term_string\"}}],\"inLanguage\":\"es-AR\"},{\"@type\":\"Organization\",\"@id\":\"https:\\\/\\\/elcanillita.info\\\/press\\\/#organization\",\"name\":\"Guzzo Photos & Graphic Publications\",\"url\":\"https:\\\/\\\/elcanillita.info\\\/press\\\/\",\"logo\":{\"@type\":\"ImageObject\",\"inLanguage\":\"es-AR\",\"@id\":\"https:\\\/\\\/elcanillita.info\\\/press\\\/#\\\/schema\\\/logo\\\/image\\\/\",\"url\":\"https:\\\/\\\/elcanillita.info\\\/press\\\/images\\\/2020\\\/01\\\/cropped-cropped-cropped-elcanillitainfo.png\",\"contentUrl\":\"https:\\\/\\\/elcanillita.info\\\/press\\\/images\\\/2020\\\/01\\\/cropped-cropped-cropped-elcanillitainfo.png\",\"width\":460,\"height\":50,\"caption\":\"Guzzo Photos & Graphic Publications\"},\"image\":{\"@id\":\"https:\\\/\\\/elcanillita.info\\\/press\\\/#\\\/schema\\\/logo\\\/image\\\/\"},\"sameAs\":[\"https:\\\/\\\/ar-ar.facebook.com\\\/ElCanillitainfo-114249515285712\\\/\"]},{\"@type\":\"Person\",\"@id\":\"https:\\\/\\\/elcanillita.info\\\/press\\\/#\\\/schema\\\/person\\\/7fcb79f38045700919f7da6d97e71ba0\",\"name\":\"SalaStampa.eu, world press service\",\"image\":{\"@type\":\"ImageObject\",\"inLanguage\":\"es-AR\",\"@id\":\"https:\\\/\\\/secure.gravatar.com\\\/avatar\\\/c2f0e0d515a107624234994507816ca4724c7199cef73fc8bedebf6931d73888?s=96&d=mm&r=g\",\"url\":\"https:\\\/\\\/secure.gravatar.com\\\/avatar\\\/c2f0e0d515a107624234994507816ca4724c7199cef73fc8bedebf6931d73888?s=96&d=mm&r=g\",\"contentUrl\":\"https:\\\/\\\/secure.gravatar.com\\\/avatar\\\/c2f0e0d515a107624234994507816ca4724c7199cef73fc8bedebf6931d73888?s=96&d=mm&r=g\",\"caption\":\"SalaStampa.eu, world press service\"}}]}<\/script>\n<!-- \/ Yoast SEO plugin. -->","yoast_head_json":{"title":"La ruta libertaria - ElCanillita.Info","robots":{"index":"index","follow":"follow","max-snippet":"max-snippet:-1","max-image-preview":"max-image-preview:large","max-video-preview":"max-video-preview:-1"},"canonical":"https:\/\/elcanillita.info\/press\/2026\/03\/08\/la-ruta-libertaria\/","og_locale":"es_ES","og_type":"article","og_title":"La ruta libertaria - ElCanillita.Info","og_description":"Entre rezos en Queens y banqueros en Manhattan, Milei vuelve a Nueva York para vender el experimento econ\u00f3mico argentino en el coraz\u00f3n de Wall Street.","og_url":"https:\/\/elcanillita.info\/press\/2026\/03\/08\/la-ruta-libertaria\/","og_site_name":"ElCanillita.Info","article_publisher":"https:\/\/ar-ar.facebook.com\/ElCanillitainfo-114249515285712\/","article_published_time":"2026-03-08T10:55:15+00:00","article_modified_time":"2026-03-08T11:01:23+00:00","og_image":[{"width":400,"height":600,"url":"https:\/\/elcanillita.info\/press\/images\/2026\/03\/polo_600_cov.jpg","type":"image\/jpeg"}],"author":"SalaStampa.eu, world press service","twitter_card":"summary_large_image","twitter_misc":{"Escrito por":"SalaStampa.eu, world press service","Tiempo de lectura":"4 minutos"},"schema":{"@context":"https:\/\/schema.org","@graph":[{"@type":"Article","@id":"https:\/\/elcanillita.info\/press\/2026\/03\/08\/la-ruta-libertaria\/#article","isPartOf":{"@id":"https:\/\/elcanillita.info\/press\/2026\/03\/08\/la-ruta-libertaria\/"},"author":{"name":"SalaStampa.eu, world press service","@id":"https:\/\/elcanillita.info\/press\/#\/schema\/person\/7fcb79f38045700919f7da6d97e71ba0"},"headline":"La ruta libertaria","datePublished":"2026-03-08T10:55:15+00:00","dateModified":"2026-03-08T11:01:23+00:00","mainEntityOfPage":{"@id":"https:\/\/elcanillita.info\/press\/2026\/03\/08\/la-ruta-libertaria\/"},"wordCount":636,"publisher":{"@id":"https:\/\/elcanillita.info\/press\/#organization"},"image":{"@id":"https:\/\/elcanillita.info\/press\/2026\/03\/08\/la-ruta-libertaria\/#primaryimage"},"thumbnailUrl":"https:\/\/elcanillita.info\/press\/images\/2026\/03\/polo_600_cov.jpg","keywords":["Am\u00e9rica Latina","Argentina"],"articleSection":[".",".","Actualidad","Am\u00e9rica del Sur","Politica"],"inLanguage":"es-AR"},{"@type":"WebPage","@id":"https:\/\/elcanillita.info\/press\/2026\/03\/08\/la-ruta-libertaria\/","url":"https:\/\/elcanillita.info\/press\/2026\/03\/08\/la-ruta-libertaria\/","name":"La ruta libertaria - ElCanillita.Info","isPartOf":{"@id":"https:\/\/elcanillita.info\/press\/#website"},"primaryImageOfPage":{"@id":"https:\/\/elcanillita.info\/press\/2026\/03\/08\/la-ruta-libertaria\/#primaryimage"},"image":{"@id":"https:\/\/elcanillita.info\/press\/2026\/03\/08\/la-ruta-libertaria\/#primaryimage"},"thumbnailUrl":"https:\/\/elcanillita.info\/press\/images\/2026\/03\/polo_600_cov.jpg","datePublished":"2026-03-08T10:55:15+00:00","dateModified":"2026-03-08T11:01:23+00:00","inLanguage":"es-AR","potentialAction":[{"@type":"ReadAction","target":["https:\/\/elcanillita.info\/press\/2026\/03\/08\/la-ruta-libertaria\/"]}]},{"@type":"ImageObject","inLanguage":"es-AR","@id":"https:\/\/elcanillita.info\/press\/2026\/03\/08\/la-ruta-libertaria\/#primaryimage","url":"https:\/\/elcanillita.info\/press\/images\/2026\/03\/polo_600_cov.jpg","contentUrl":"https:\/\/elcanillita.info\/press\/images\/2026\/03\/polo_600_cov.jpg","width":400,"height":600},{"@type":"WebSite","@id":"https:\/\/elcanillita.info\/press\/#website","url":"https:\/\/elcanillita.info\/press\/","name":"ElCanillita.Info","description":"desde los Apeninos a los Andes","publisher":{"@id":"https:\/\/elcanillita.info\/press\/#organization"},"potentialAction":[{"@type":"SearchAction","target":{"@type":"EntryPoint","urlTemplate":"https:\/\/elcanillita.info\/press\/?s={search_term_string}"},"query-input":{"@type":"PropertyValueSpecification","valueRequired":true,"valueName":"search_term_string"}}],"inLanguage":"es-AR"},{"@type":"Organization","@id":"https:\/\/elcanillita.info\/press\/#organization","name":"Guzzo Photos & Graphic Publications","url":"https:\/\/elcanillita.info\/press\/","logo":{"@type":"ImageObject","inLanguage":"es-AR","@id":"https:\/\/elcanillita.info\/press\/#\/schema\/logo\/image\/","url":"https:\/\/elcanillita.info\/press\/images\/2020\/01\/cropped-cropped-cropped-elcanillitainfo.png","contentUrl":"https:\/\/elcanillita.info\/press\/images\/2020\/01\/cropped-cropped-cropped-elcanillitainfo.png","width":460,"height":50,"caption":"Guzzo Photos & Graphic Publications"},"image":{"@id":"https:\/\/elcanillita.info\/press\/#\/schema\/logo\/image\/"},"sameAs":["https:\/\/ar-ar.facebook.com\/ElCanillitainfo-114249515285712\/"]},{"@type":"Person","@id":"https:\/\/elcanillita.info\/press\/#\/schema\/person\/7fcb79f38045700919f7da6d97e71ba0","name":"SalaStampa.eu, world press service","image":{"@type":"ImageObject","inLanguage":"es-AR","@id":"https:\/\/secure.gravatar.com\/avatar\/c2f0e0d515a107624234994507816ca4724c7199cef73fc8bedebf6931d73888?s=96&d=mm&r=g","url":"https:\/\/secure.gravatar.com\/avatar\/c2f0e0d515a107624234994507816ca4724c7199cef73fc8bedebf6931d73888?s=96&d=mm&r=g","contentUrl":"https:\/\/secure.gravatar.com\/avatar\/c2f0e0d515a107624234994507816ca4724c7199cef73fc8bedebf6931d73888?s=96&d=mm&r=g","caption":"SalaStampa.eu, world press service"}}]}},"views":72,"_links":{"self":[{"href":"https:\/\/elcanillita.info\/press\/wp-json\/wp\/v2\/posts\/6101","targetHints":{"allow":["GET"]}}],"collection":[{"href":"https:\/\/elcanillita.info\/press\/wp-json\/wp\/v2\/posts"}],"about":[{"href":"https:\/\/elcanillita.info\/press\/wp-json\/wp\/v2\/types\/post"}],"author":[{"embeddable":true,"href":"https:\/\/elcanillita.info\/press\/wp-json\/wp\/v2\/users\/1"}],"replies":[{"embeddable":true,"href":"https:\/\/elcanillita.info\/press\/wp-json\/wp\/v2\/comments?post=6101"}],"version-history":[{"count":0,"href":"https:\/\/elcanillita.info\/press\/wp-json\/wp\/v2\/posts\/6101\/revisions"}],"wp:featuredmedia":[{"embeddable":true,"href":"https:\/\/elcanillita.info\/press\/wp-json\/wp\/v2\/media\/6102"}],"wp:attachment":[{"href":"https:\/\/elcanillita.info\/press\/wp-json\/wp\/v2\/media?parent=6101"}],"wp:term":[{"taxonomy":"category","embeddable":true,"href":"https:\/\/elcanillita.info\/press\/wp-json\/wp\/v2\/categories?post=6101"},{"taxonomy":"post_tag","embeddable":true,"href":"https:\/\/elcanillita.info\/press\/wp-json\/wp\/v2\/tags?post=6101"}],"curies":[{"name":"wp","href":"https:\/\/api.w.org\/{rel}","templated":true}]}}