{"id":610,"date":"2020-03-05T06:56:52","date_gmt":"2020-03-05T09:56:52","guid":{"rendered":"https:\/\/elcanillita.info\/press\/?p=610"},"modified":"2020-04-09T12:05:20","modified_gmt":"2020-04-09T15:05:20","slug":"italia-mayor-crisis-desde-guerra","status":"publish","type":"post","link":"https:\/\/elcanillita.info\/press\/2020\/03\/05\/italia-mayor-crisis-desde-guerra\/","title":{"rendered":"Italia: &#8220;Es la mayor crisis desde la guerra&#8221;"},"content":{"rendered":"\n<p>El mundo de la cultura luchando con el coronavirus.   El Establecimiento de Tur\u00edn es el primero en cancelar los espect\u00e1culos. <\/p>\n\n\n\n<p>TUR\u00cdN, 05,03.2020. Las nuevas medidas de contenci\u00f3n del coronavirus han derribado clubes, salas de conciertos y teatros, justo cuando intentaban levantarse: cerraron de nuevo los Establecimientos, cancelaron el &#8220;Macbeth&#8221; en Carignano y &#8220;Asuntos del coraz\u00f3n&#8221; en Gobetti.<br><br>La Orquesta Rai cancela los conciertos de hoy y ma\u00f1ana y la gira por Espa\u00f1a.  No tendr\u00e1 lugar la Symphonieorchester Stuttgart en el Auditorio Agnelli. El s\u00e1bado, canceladas las presentaciones en el Club de Lectores.<\/p>\n\n\n\n<p>Imponer esa medida equivale a cerrar: &#8220;Tambi\u00e9n hemos hecho una simulaci\u00f3n -explica Filippo Fonsatti, director del Establecimiento y presidente de Federvivo-: en el Carignano significar\u00eda reducir en un tercio del p\u00fablico&#8221;. S\u00f3lo pod\u00edan sentarse en 200 de los 600 asientos disponibles. Y, de nuevo, \u00bfc\u00f3mo podemos seleccionar a los admitidos? &#8220;As\u00ed, es imposible.<\/p>\n\n\n\n<p>Muchos espectadores han pagado la suscripci\u00f3n, pero entonces cualquier elecci\u00f3n arbitraria ser\u00eda discutible&#8221;. Sin mencionar que levantar el tel\u00f3n con el Teatro medio vac\u00edo tambi\u00e9n significar\u00eda un costo econ\u00f3mico insostenible. En la incertidumbre de un decreto que a\u00fan no se promulg\u00f3 anoche, muchas personas se basaron en el proyecto y decidieron independientemente. <br><br> &#8220;Si tal decisi\u00f3n viniera promulgada con el espect\u00e1culo actual, el teatro violar\u00eda una disposici\u00f3n relativa a la salud p\u00fablica porque se encontrar\u00eda  en un establecimiento superpoblado, o tendr\u00eda que enviar a personas a casa, muchos de los cuales son  abonados que llegan de las afueras de Tur\u00edn&#8221; explic\u00f3 ayer.  <\/p>\n\n\n\n<p>De ah\u00ed la elecci\u00f3n &#8220;de la responsabilidad&#8221;: &#8220;Cerramos y nos vamos tan pronto como podemos&#8221; dice Fonsatti, quien mientras tanto, junto y de acuerdo con las otras asociaciones culturales contin\u00faa su batalla por amortiguar el golpe.<br>Sin embargo, consciente de la emergencia y respetando las normas de seguridad, el mundo de la cultura ha recibido un golpe de gracia.<br><br>La Federcultura estima una p\u00e9rdida de 3 mil millones de euros gastados en toda Italia, los museos de Tur\u00edn informaron de un 85% menos de ingresos en los \u00faltimos d\u00edas (el museo egipcio habl\u00f3 de medio mill\u00f3n de euros perdidos en una semana). Estamos ante una &#8220;crisis de posguerra sin precedentes&#8221;.<br><br> Mientras tanto, hoy hay una nueva mesa con el Mibact, a la que 20 instituciones culturales han enviado una carta para reiterar las graves dificultades del sector y la necesidad de proteger a los trabajadores (con amortiguadores sociales) y las empresas. El objetivo, una vez contenido el coronavirus, ser\u00e1 recuperar la confianza del p\u00fablico, a\u00fan conmocionado y desconfiado.<\/p>\n\n\n\n<p><small>2020 &#8211; ElCanillita.Info<\/small><\/p>\n","protected":false},"excerpt":{"rendered":"<p>TUR\u00cdN, 05,03.2020. Las nuevas medidas de contenci\u00f3n del coronavirus han derribado clubes, salas de conciertos y teatros, justo cuando intentaban levantarse: cerraron de nuevo los Establecimientos, cancelaron el &#8220;Macbeth&#8221; en Carignano y &#8220;Asuntos del coraz\u00f3n&#8221; en Gobetti.  La Orquesta Rai cancela los conciertos de hoy y ma\u00f1ana y la gira por Espa\u00f1a.<\/p>\n","protected":false},"author":1,"featured_media":0,"comment_status":"closed","ping_status":"closed","sticky":false,"template":"","format":"standard","meta":{"footnotes":"","_links_to":"","_links_to_target":""},"categories":[70,20,5,78,25],"tags":[60],"class_list":["post-610","post","type-post","status-publish","format-standard","hentry","category-actualidad","category-economia","category-europa","category-sanidad","category-sociedad","tag-italia","entry","double"],"yoast_head":"<!-- This site is optimized with the Yoast SEO plugin v27.5 - https:\/\/yoast.com\/product\/yoast-seo-wordpress\/ -->\n<title>Italia: &quot;Es la mayor crisis desde la guerra&quot; - ElCanillita.Info<\/title>\n<meta name=\"robots\" content=\"index, follow, max-snippet:-1, max-image-preview:large, max-video-preview:-1\" \/>\n<link rel=\"canonical\" href=\"https:\/\/elcanillita.info\/press\/2020\/03\/05\/italia-mayor-crisis-desde-guerra\/\" \/>\n<meta property=\"og:locale\" content=\"es_ES\" \/>\n<meta property=\"og:type\" content=\"article\" \/>\n<meta property=\"og:title\" content=\"Italia: &quot;Es la mayor crisis desde la guerra&quot; - ElCanillita.Info\" \/>\n<meta property=\"og:description\" content=\"TUR\u00cdN, 05,03.2020. Las nuevas medidas de contenci\u00f3n del coronavirus han derribado clubes, salas de conciertos y teatros, justo cuando intentaban levantarse: cerraron de nuevo los Establecimientos, cancelaron el &quot;Macbeth&quot; en Carignano y &quot;Asuntos del coraz\u00f3n&quot; en Gobetti. La Orquesta Rai cancela los conciertos de hoy y ma\u00f1ana y la gira por Espa\u00f1a.\" \/>\n<meta property=\"og:url\" content=\"https:\/\/elcanillita.info\/press\/2020\/03\/05\/italia-mayor-crisis-desde-guerra\/\" \/>\n<meta property=\"og:site_name\" content=\"ElCanillita.Info\" \/>\n<meta property=\"article:publisher\" content=\"https:\/\/ar-ar.facebook.com\/ElCanillitainfo-114249515285712\/\" \/>\n<meta property=\"article:published_time\" content=\"2020-03-05T09:56:52+00:00\" \/>\n<meta property=\"article:modified_time\" content=\"2020-04-09T15:05:20+00:00\" \/>\n<meta name=\"author\" content=\"SalaStampa.eu, world press service\" \/>\n<meta name=\"twitter:card\" content=\"summary_large_image\" \/>\n<meta name=\"twitter:label1\" content=\"Escrito por\" \/>\n\t<meta name=\"twitter:data1\" content=\"SalaStampa.eu, world press service\" \/>\n\t<meta name=\"twitter:label2\" content=\"Tiempo de lectura\" \/>\n\t<meta name=\"twitter:data2\" content=\"2 minutos\" \/>\n<script type=\"application\/ld+json\" class=\"yoast-schema-graph\">{\"@context\":\"https:\\\/\\\/schema.org\",\"@graph\":[{\"@type\":\"Article\",\"@id\":\"https:\\\/\\\/elcanillita.info\\\/press\\\/2020\\\/03\\\/05\\\/italia-mayor-crisis-desde-guerra\\\/#article\",\"isPartOf\":{\"@id\":\"https:\\\/\\\/elcanillita.info\\\/press\\\/2020\\\/03\\\/05\\\/italia-mayor-crisis-desde-guerra\\\/\"},\"author\":{\"name\":\"SalaStampa.eu, world press service\",\"@id\":\"https:\\\/\\\/elcanillita.info\\\/press\\\/#\\\/schema\\\/person\\\/7fcb79f38045700919f7da6d97e71ba0\"},\"headline\":\"Italia: &#8220;Es la mayor crisis desde la guerra&#8221;\",\"datePublished\":\"2020-03-05T09:56:52+00:00\",\"dateModified\":\"2020-04-09T15:05:20+00:00\",\"mainEntityOfPage\":{\"@id\":\"https:\\\/\\\/elcanillita.info\\\/press\\\/2020\\\/03\\\/05\\\/italia-mayor-crisis-desde-guerra\\\/\"},\"wordCount\":459,\"publisher\":{\"@id\":\"https:\\\/\\\/elcanillita.info\\\/press\\\/#organization\"},\"keywords\":[\"Italia\"],\"articleSection\":[\"Actualidad\",\"Economia\",\"Europa\",\"Sanidad\",\"Sociedad\"],\"inLanguage\":\"es-AR\"},{\"@type\":\"WebPage\",\"@id\":\"https:\\\/\\\/elcanillita.info\\\/press\\\/2020\\\/03\\\/05\\\/italia-mayor-crisis-desde-guerra\\\/\",\"url\":\"https:\\\/\\\/elcanillita.info\\\/press\\\/2020\\\/03\\\/05\\\/italia-mayor-crisis-desde-guerra\\\/\",\"name\":\"Italia: \\\"Es la mayor crisis desde la guerra\\\" - ElCanillita.Info\",\"isPartOf\":{\"@id\":\"https:\\\/\\\/elcanillita.info\\\/press\\\/#website\"},\"datePublished\":\"2020-03-05T09:56:52+00:00\",\"dateModified\":\"2020-04-09T15:05:20+00:00\",\"inLanguage\":\"es-AR\",\"potentialAction\":[{\"@type\":\"ReadAction\",\"target\":[\"https:\\\/\\\/elcanillita.info\\\/press\\\/2020\\\/03\\\/05\\\/italia-mayor-crisis-desde-guerra\\\/\"]}]},{\"@type\":\"WebSite\",\"@id\":\"https:\\\/\\\/elcanillita.info\\\/press\\\/#website\",\"url\":\"https:\\\/\\\/elcanillita.info\\\/press\\\/\",\"name\":\"ElCanillita.Info\",\"description\":\"desde los Apeninos a los Andes\",\"publisher\":{\"@id\":\"https:\\\/\\\/elcanillita.info\\\/press\\\/#organization\"},\"potentialAction\":[{\"@type\":\"SearchAction\",\"target\":{\"@type\":\"EntryPoint\",\"urlTemplate\":\"https:\\\/\\\/elcanillita.info\\\/press\\\/?s={search_term_string}\"},\"query-input\":{\"@type\":\"PropertyValueSpecification\",\"valueRequired\":true,\"valueName\":\"search_term_string\"}}],\"inLanguage\":\"es-AR\"},{\"@type\":\"Organization\",\"@id\":\"https:\\\/\\\/elcanillita.info\\\/press\\\/#organization\",\"name\":\"Guzzo Photos & Graphic Publications\",\"url\":\"https:\\\/\\\/elcanillita.info\\\/press\\\/\",\"logo\":{\"@type\":\"ImageObject\",\"inLanguage\":\"es-AR\",\"@id\":\"https:\\\/\\\/elcanillita.info\\\/press\\\/#\\\/schema\\\/logo\\\/image\\\/\",\"url\":\"https:\\\/\\\/elcanillita.info\\\/press\\\/images\\\/2020\\\/01\\\/cropped-cropped-cropped-elcanillitainfo.png\",\"contentUrl\":\"https:\\\/\\\/elcanillita.info\\\/press\\\/images\\\/2020\\\/01\\\/cropped-cropped-cropped-elcanillitainfo.png\",\"width\":460,\"height\":50,\"caption\":\"Guzzo Photos & Graphic Publications\"},\"image\":{\"@id\":\"https:\\\/\\\/elcanillita.info\\\/press\\\/#\\\/schema\\\/logo\\\/image\\\/\"},\"sameAs\":[\"https:\\\/\\\/ar-ar.facebook.com\\\/ElCanillitainfo-114249515285712\\\/\"]},{\"@type\":\"Person\",\"@id\":\"https:\\\/\\\/elcanillita.info\\\/press\\\/#\\\/schema\\\/person\\\/7fcb79f38045700919f7da6d97e71ba0\",\"name\":\"SalaStampa.eu, world press service\",\"image\":{\"@type\":\"ImageObject\",\"inLanguage\":\"es-AR\",\"@id\":\"https:\\\/\\\/secure.gravatar.com\\\/avatar\\\/c2f0e0d515a107624234994507816ca4724c7199cef73fc8bedebf6931d73888?s=96&d=mm&r=g\",\"url\":\"https:\\\/\\\/secure.gravatar.com\\\/avatar\\\/c2f0e0d515a107624234994507816ca4724c7199cef73fc8bedebf6931d73888?s=96&d=mm&r=g\",\"contentUrl\":\"https:\\\/\\\/secure.gravatar.com\\\/avatar\\\/c2f0e0d515a107624234994507816ca4724c7199cef73fc8bedebf6931d73888?s=96&d=mm&r=g\",\"caption\":\"SalaStampa.eu, world press service\"}}]}<\/script>\n<!-- \/ Yoast SEO plugin. -->","yoast_head_json":{"title":"Italia: \"Es la mayor crisis desde la guerra\" - ElCanillita.Info","robots":{"index":"index","follow":"follow","max-snippet":"max-snippet:-1","max-image-preview":"max-image-preview:large","max-video-preview":"max-video-preview:-1"},"canonical":"https:\/\/elcanillita.info\/press\/2020\/03\/05\/italia-mayor-crisis-desde-guerra\/","og_locale":"es_ES","og_type":"article","og_title":"Italia: \"Es la mayor crisis desde la guerra\" - ElCanillita.Info","og_description":"TUR\u00cdN, 05,03.2020. Las nuevas medidas de contenci\u00f3n del coronavirus han derribado clubes, salas de conciertos y teatros, justo cuando intentaban levantarse: cerraron de nuevo los Establecimientos, cancelaron el \"Macbeth\" en Carignano y \"Asuntos del coraz\u00f3n\" en Gobetti. La Orquesta Rai cancela los conciertos de hoy y ma\u00f1ana y la gira por Espa\u00f1a.","og_url":"https:\/\/elcanillita.info\/press\/2020\/03\/05\/italia-mayor-crisis-desde-guerra\/","og_site_name":"ElCanillita.Info","article_publisher":"https:\/\/ar-ar.facebook.com\/ElCanillitainfo-114249515285712\/","article_published_time":"2020-03-05T09:56:52+00:00","article_modified_time":"2020-04-09T15:05:20+00:00","author":"SalaStampa.eu, world press service","twitter_card":"summary_large_image","twitter_misc":{"Escrito por":"SalaStampa.eu, world press service","Tiempo de lectura":"2 minutos"},"schema":{"@context":"https:\/\/schema.org","@graph":[{"@type":"Article","@id":"https:\/\/elcanillita.info\/press\/2020\/03\/05\/italia-mayor-crisis-desde-guerra\/#article","isPartOf":{"@id":"https:\/\/elcanillita.info\/press\/2020\/03\/05\/italia-mayor-crisis-desde-guerra\/"},"author":{"name":"SalaStampa.eu, world press service","@id":"https:\/\/elcanillita.info\/press\/#\/schema\/person\/7fcb79f38045700919f7da6d97e71ba0"},"headline":"Italia: &#8220;Es la mayor crisis desde la guerra&#8221;","datePublished":"2020-03-05T09:56:52+00:00","dateModified":"2020-04-09T15:05:20+00:00","mainEntityOfPage":{"@id":"https:\/\/elcanillita.info\/press\/2020\/03\/05\/italia-mayor-crisis-desde-guerra\/"},"wordCount":459,"publisher":{"@id":"https:\/\/elcanillita.info\/press\/#organization"},"keywords":["Italia"],"articleSection":["Actualidad","Economia","Europa","Sanidad","Sociedad"],"inLanguage":"es-AR"},{"@type":"WebPage","@id":"https:\/\/elcanillita.info\/press\/2020\/03\/05\/italia-mayor-crisis-desde-guerra\/","url":"https:\/\/elcanillita.info\/press\/2020\/03\/05\/italia-mayor-crisis-desde-guerra\/","name":"Italia: \"Es la mayor crisis desde la guerra\" - ElCanillita.Info","isPartOf":{"@id":"https:\/\/elcanillita.info\/press\/#website"},"datePublished":"2020-03-05T09:56:52+00:00","dateModified":"2020-04-09T15:05:20+00:00","inLanguage":"es-AR","potentialAction":[{"@type":"ReadAction","target":["https:\/\/elcanillita.info\/press\/2020\/03\/05\/italia-mayor-crisis-desde-guerra\/"]}]},{"@type":"WebSite","@id":"https:\/\/elcanillita.info\/press\/#website","url":"https:\/\/elcanillita.info\/press\/","name":"ElCanillita.Info","description":"desde los Apeninos a los Andes","publisher":{"@id":"https:\/\/elcanillita.info\/press\/#organization"},"potentialAction":[{"@type":"SearchAction","target":{"@type":"EntryPoint","urlTemplate":"https:\/\/elcanillita.info\/press\/?s={search_term_string}"},"query-input":{"@type":"PropertyValueSpecification","valueRequired":true,"valueName":"search_term_string"}}],"inLanguage":"es-AR"},{"@type":"Organization","@id":"https:\/\/elcanillita.info\/press\/#organization","name":"Guzzo Photos & Graphic Publications","url":"https:\/\/elcanillita.info\/press\/","logo":{"@type":"ImageObject","inLanguage":"es-AR","@id":"https:\/\/elcanillita.info\/press\/#\/schema\/logo\/image\/","url":"https:\/\/elcanillita.info\/press\/images\/2020\/01\/cropped-cropped-cropped-elcanillitainfo.png","contentUrl":"https:\/\/elcanillita.info\/press\/images\/2020\/01\/cropped-cropped-cropped-elcanillitainfo.png","width":460,"height":50,"caption":"Guzzo Photos & Graphic Publications"},"image":{"@id":"https:\/\/elcanillita.info\/press\/#\/schema\/logo\/image\/"},"sameAs":["https:\/\/ar-ar.facebook.com\/ElCanillitainfo-114249515285712\/"]},{"@type":"Person","@id":"https:\/\/elcanillita.info\/press\/#\/schema\/person\/7fcb79f38045700919f7da6d97e71ba0","name":"SalaStampa.eu, world press service","image":{"@type":"ImageObject","inLanguage":"es-AR","@id":"https:\/\/secure.gravatar.com\/avatar\/c2f0e0d515a107624234994507816ca4724c7199cef73fc8bedebf6931d73888?s=96&d=mm&r=g","url":"https:\/\/secure.gravatar.com\/avatar\/c2f0e0d515a107624234994507816ca4724c7199cef73fc8bedebf6931d73888?s=96&d=mm&r=g","contentUrl":"https:\/\/secure.gravatar.com\/avatar\/c2f0e0d515a107624234994507816ca4724c7199cef73fc8bedebf6931d73888?s=96&d=mm&r=g","caption":"SalaStampa.eu, world press service"}}]}},"views":756,"_links":{"self":[{"href":"https:\/\/elcanillita.info\/press\/wp-json\/wp\/v2\/posts\/610","targetHints":{"allow":["GET"]}}],"collection":[{"href":"https:\/\/elcanillita.info\/press\/wp-json\/wp\/v2\/posts"}],"about":[{"href":"https:\/\/elcanillita.info\/press\/wp-json\/wp\/v2\/types\/post"}],"author":[{"embeddable":true,"href":"https:\/\/elcanillita.info\/press\/wp-json\/wp\/v2\/users\/1"}],"replies":[{"embeddable":true,"href":"https:\/\/elcanillita.info\/press\/wp-json\/wp\/v2\/comments?post=610"}],"version-history":[{"count":0,"href":"https:\/\/elcanillita.info\/press\/wp-json\/wp\/v2\/posts\/610\/revisions"}],"wp:attachment":[{"href":"https:\/\/elcanillita.info\/press\/wp-json\/wp\/v2\/media?parent=610"}],"wp:term":[{"taxonomy":"category","embeddable":true,"href":"https:\/\/elcanillita.info\/press\/wp-json\/wp\/v2\/categories?post=610"},{"taxonomy":"post_tag","embeddable":true,"href":"https:\/\/elcanillita.info\/press\/wp-json\/wp\/v2\/tags?post=610"}],"curies":[{"name":"wp","href":"https:\/\/api.w.org\/{rel}","templated":true}]}}