{"id":6099,"date":"2026-03-07T04:03:08","date_gmt":"2026-03-07T07:03:08","guid":{"rendered":"https:\/\/elcanillita.info\/press\/?p=6099"},"modified":"2026-03-07T08:27:36","modified_gmt":"2026-03-07T11:27:36","slug":"la-factura-de-los-tokens","status":"publish","type":"post","link":"https:\/\/elcanillita.info\/press\/2026\/03\/07\/la-factura-de-los-tokens\/","title":{"rendered":"La factura de los tokens"},"content":{"rendered":"<div class=\"wp-block-image\">\n<figure class=\"alignleft size-large\"><img loading=\"lazy\" decoding=\"async\" width=\"350\" height=\"350\" src=\"https:\/\/elcanillita.info\/press\/images\/2025\/06\/Justicia-o-politica_txt-1.png\" alt=\"\" class=\"wp-image-4792\" srcset=\"https:\/\/elcanillita.info\/press\/images\/2025\/06\/Justicia-o-politica_txt-1.png 350w, https:\/\/elcanillita.info\/press\/images\/2025\/06\/Justicia-o-politica_txt-1-300x300.png 300w, https:\/\/elcanillita.info\/press\/images\/2025\/06\/Justicia-o-politica_txt-1-150x150.png 150w\" sizes=\"auto, (max-width: 350px) 100vw, 350px\" \/><\/figure>\n<\/div>\n\n\n<p class=\"p1\">La novela del caso $Libra acaba de sumar un cap\u00edtulo que incomoda seriamente a la Casa Rosada. Nuevas pruebas documentales halladas por peritos inform\u00e1ticos en el celular del operador cripto Mauricio Novelli apuntan a un presunto acuerdo confidencial entre el empresario estadounidense Hayden Davis y el presidente Javier Milei, fechado apenas dos semanas antes del lanzamiento de la criptomoneda que termin\u00f3 en esc\u00e1ndalo.<\/p>\n\n\n\n<p class=\"p1\">Los documentos, que ya est\u00e1n en manos de la Justicia, fueron recuperados por la Direcci\u00f3n de Apoyo Tecnol\u00f3gico a la Investigaci\u00f3n Penal (DATIP) por orden del fiscal federal Eduardo Taiano. All\u00ed aparecen borradores de contratos, facturas y comunicaciones que dibujan algo m\u00e1s que una simple coincidencia entre reuniones pol\u00edticas y movimientos millonarios de dinero.<\/p>\n\n\n\n<p class=\"p1\">Entre las piezas m\u00e1s delicadas figura una carta de intenci\u00f3n del 30 de enero de 2025. Ese mismo d\u00eda, y a la hora exacta en que Milei recib\u00eda a Davis en la Casa Rosada, se registr\u00f3 una transferencia de 499.999 d\u00f3lares desde una billetera vinculada al empresario extranjero. Cuarenta y dos minutos despu\u00e9s, sali\u00f3 otro giro similar.<\/p>\n\n\n\n<p class=\"p1\">El detalle no termina ah\u00ed. Durante esa jornada se habr\u00edan movido cerca de 3,9 millones de d\u00f3lares que terminaron en cuentas vinculadas a Novelli y a Manuel Terrones Godoy, dos nombres que aparecen repetidamente como intermediarios del negocio.<\/p>\n\n\n\n<p class=\"p1\">La investigaci\u00f3n period\u00edstica de la abogada y periodista Natalia Volosin, que reconstruy\u00f3 partes del expediente judicial, tambi\u00e9n revela que Davis se jactaba en \u00e1mbitos internacionales de tener \u201ccontrol\u201d sobre Milei y de enviar dinero a su hermana Karina, pieza clave en el acceso de empresarios al despacho presidencial.<\/p>\n\n\n\n<p class=\"p1\">Como si el men\u00fa no fuera suficiente, en el tel\u00e9fono de Novelli apareci\u00f3 una factura por 250.000 d\u00f3lares emitida a nombre de su hermana, P\u00eda Novelli, la misma que d\u00edas antes del lanzamiento de $Libra vaci\u00f3 cajas de seguridad en una sucursal del Banco Galicia.<\/p>\n\n\n\n<p class=\"p1\">El expediente tambi\u00e9n incluye un contrato entre una empresa de Davis y el fundador de Cardano, Charles Hoskinson. El acuerdo promet\u00eda acceso a una reuni\u00f3n privada con el presidente argentino a cambio de un pago inicial de 300.000 d\u00f3lares y cuotas mensuales de 250.000.<\/p>\n\n\n\n<p class=\"p1\">Hoskinson ya hab\u00eda advertido p\u00fablicamente que le pidieron dinero para facilitar un encuentro con Milei. Ahora, los documentos recuperados por los peritos parecen darle contexto a aquellas denuncias que en su momento fueron tratadas como exageraciones del mundo cripto.<\/p>\n\n\n\n<p class=\"p1\">El diputado Maximiliano Ferraro, de la Coalici\u00f3n C\u00edvica, tom\u00f3 la posta pol\u00edtica y reclam\u00f3 que la Justicia avance sin rodeos. Sostuvo que con esta evidencia el fiscal y el juez \u201cya no tienen excusas para mirar para otro lado\u201d.<\/p>\n\n\n\n<p class=\"p1\">El detonante p\u00fablico del caso fue el famoso tuit presidencial del 14 de febrero, cuando Milei promocion\u00f3 la criptomoneda Libra como parte de un supuesto proyecto para financiar pymes argentinas. En pocas horas el activo se infl\u00f3 artificialmente y luego se desplom\u00f3, dejando p\u00e9rdidas millonarias para miles de inversores.<\/p>\n\n\n\n<p class=\"p1\">La defensa oficial fue simple: el Presidente dijo que s\u00f3lo difundi\u00f3 informaci\u00f3n p\u00fablica y que desconoc\u00eda los detalles del proyecto. Pero cada documento nuevo parece agregarle peso a la pregunta que sobrevuela el expediente.<\/p>\n\n\n\n<p class=\"p1\">Porque cuando las transferencias coinciden con las reuniones, cuando aparecen borradores de contratos y cuando los intermediarios cuentan billetes mientras los inversores cuentan p\u00e9rdidas, la explicaci\u00f3n del \u201cno sab\u00eda nada\u201d empieza a sonar menos a defensa y m\u00e1s a coartada pol\u00edtica.<\/p>\n\n\n\n<p><\/p>\n\n\n\n<p>\u270d\ufe0f \u00a9 El Tasador del Relato&nbsp;| 2026 &#8211; derechos reservados<\/p>\n\n\n\n<p><\/p>\n\n\n<hr style=\"\n    border: none;\n    height: 1px;\n    background: linear-gradient(to right, transparent, #ccc, transparent);\n    margin: 0;\n\" \/>\n<\/p>\n<p><small>\u00a9\ufe0f2026  Guzzo Photos  &#038; Graphic Publications \u2013 All Rights Reserved \u2013 Copyright \u00a9\ufe0f 2026 SalaStampa.eu, world press service \u2013 Guzzo Photos &#038; Graphic Publications \u2013 Registro Editori e Stampatori n. 1441 Turin, Italy<\/small><\/p>\n\n\n<p><\/p>\n","protected":false},"excerpt":{"rendered":"<p>Caso $Libra: contratos, transferencias y el ruido que ya no se puede tapar<\/p>\n","protected":false},"author":1,"featured_media":4792,"comment_status":"closed","ping_status":"closed","sticky":false,"template":"","format":"standard","meta":{"footnotes":"","_links_to":"","_links_to_target":""},"categories":[108,121,70,11,118,23,137],"tags":[29],"class_list":["post-6099","post","type-post","status-publish","format-standard","has-post-thumbnail","hentry","category-blogdiario","category-dc24","category-actualidad","category-america-del-sur","category-corrupcion","category-politica","category-sociedad-y-valores","tag-argentina","entry","double"],"yoast_head":"<!-- This site is optimized with the Yoast SEO plugin v27.4 - https:\/\/yoast.com\/product\/yoast-seo-wordpress\/ -->\n<title>La factura de los tokens - ElCanillita.Info<\/title>\n<meta name=\"robots\" content=\"index, follow, max-snippet:-1, max-image-preview:large, max-video-preview:-1\" \/>\n<link rel=\"canonical\" href=\"https:\/\/elcanillita.info\/press\/2026\/03\/07\/la-factura-de-los-tokens\/\" \/>\n<meta property=\"og:locale\" content=\"es_ES\" \/>\n<meta property=\"og:type\" content=\"article\" \/>\n<meta property=\"og:title\" content=\"La factura de los tokens - ElCanillita.Info\" \/>\n<meta property=\"og:description\" content=\"Caso $Libra: contratos, transferencias y el ruido que ya no se puede tapar\" \/>\n<meta property=\"og:url\" content=\"https:\/\/elcanillita.info\/press\/2026\/03\/07\/la-factura-de-los-tokens\/\" \/>\n<meta property=\"og:site_name\" content=\"ElCanillita.Info\" \/>\n<meta property=\"article:publisher\" content=\"https:\/\/ar-ar.facebook.com\/ElCanillitainfo-114249515285712\/\" \/>\n<meta property=\"article:published_time\" content=\"2026-03-07T07:03:08+00:00\" \/>\n<meta property=\"article:modified_time\" content=\"2026-03-07T11:27:36+00:00\" \/>\n<meta property=\"og:image\" content=\"https:\/\/elcanillita.info\/press\/images\/2025\/06\/Justicia-o-politica_txt-1.png\" \/>\n\t<meta property=\"og:image:width\" content=\"350\" \/>\n\t<meta property=\"og:image:height\" content=\"350\" \/>\n\t<meta property=\"og:image:type\" content=\"image\/png\" \/>\n<meta name=\"author\" content=\"SalaStampa.eu, world press service\" \/>\n<meta name=\"twitter:card\" content=\"summary_large_image\" \/>\n<meta name=\"twitter:label1\" content=\"Escrito por\" \/>\n\t<meta name=\"twitter:data1\" content=\"SalaStampa.eu, world press service\" \/>\n\t<meta name=\"twitter:label2\" content=\"Tiempo de lectura\" \/>\n\t<meta name=\"twitter:data2\" content=\"4 minutos\" \/>\n<script type=\"application\/ld+json\" class=\"yoast-schema-graph\">{\"@context\":\"https:\\\/\\\/schema.org\",\"@graph\":[{\"@type\":\"Article\",\"@id\":\"https:\\\/\\\/elcanillita.info\\\/press\\\/2026\\\/03\\\/07\\\/la-factura-de-los-tokens\\\/#article\",\"isPartOf\":{\"@id\":\"https:\\\/\\\/elcanillita.info\\\/press\\\/2026\\\/03\\\/07\\\/la-factura-de-los-tokens\\\/\"},\"author\":{\"name\":\"SalaStampa.eu, world press service\",\"@id\":\"https:\\\/\\\/elcanillita.info\\\/press\\\/#\\\/schema\\\/person\\\/7fcb79f38045700919f7da6d97e71ba0\"},\"headline\":\"La factura de los tokens\",\"datePublished\":\"2026-03-07T07:03:08+00:00\",\"dateModified\":\"2026-03-07T11:27:36+00:00\",\"mainEntityOfPage\":{\"@id\":\"https:\\\/\\\/elcanillita.info\\\/press\\\/2026\\\/03\\\/07\\\/la-factura-de-los-tokens\\\/\"},\"wordCount\":624,\"publisher\":{\"@id\":\"https:\\\/\\\/elcanillita.info\\\/press\\\/#organization\"},\"image\":{\"@id\":\"https:\\\/\\\/elcanillita.info\\\/press\\\/2026\\\/03\\\/07\\\/la-factura-de-los-tokens\\\/#primaryimage\"},\"thumbnailUrl\":\"https:\\\/\\\/elcanillita.info\\\/press\\\/images\\\/2025\\\/06\\\/Justicia-o-politica_txt-1.png\",\"keywords\":[\"Argentina\"],\"articleSection\":[\".\",\".\",\"Actualidad\",\"Am\u00e9rica del Sur\",\"Corrupci\u00f3n\",\"Politica\",\"Sociedad y valores\"],\"inLanguage\":\"es-AR\"},{\"@type\":\"WebPage\",\"@id\":\"https:\\\/\\\/elcanillita.info\\\/press\\\/2026\\\/03\\\/07\\\/la-factura-de-los-tokens\\\/\",\"url\":\"https:\\\/\\\/elcanillita.info\\\/press\\\/2026\\\/03\\\/07\\\/la-factura-de-los-tokens\\\/\",\"name\":\"La factura de los tokens - ElCanillita.Info\",\"isPartOf\":{\"@id\":\"https:\\\/\\\/elcanillita.info\\\/press\\\/#website\"},\"primaryImageOfPage\":{\"@id\":\"https:\\\/\\\/elcanillita.info\\\/press\\\/2026\\\/03\\\/07\\\/la-factura-de-los-tokens\\\/#primaryimage\"},\"image\":{\"@id\":\"https:\\\/\\\/elcanillita.info\\\/press\\\/2026\\\/03\\\/07\\\/la-factura-de-los-tokens\\\/#primaryimage\"},\"thumbnailUrl\":\"https:\\\/\\\/elcanillita.info\\\/press\\\/images\\\/2025\\\/06\\\/Justicia-o-politica_txt-1.png\",\"datePublished\":\"2026-03-07T07:03:08+00:00\",\"dateModified\":\"2026-03-07T11:27:36+00:00\",\"inLanguage\":\"es-AR\",\"potentialAction\":[{\"@type\":\"ReadAction\",\"target\":[\"https:\\\/\\\/elcanillita.info\\\/press\\\/2026\\\/03\\\/07\\\/la-factura-de-los-tokens\\\/\"]}]},{\"@type\":\"ImageObject\",\"inLanguage\":\"es-AR\",\"@id\":\"https:\\\/\\\/elcanillita.info\\\/press\\\/2026\\\/03\\\/07\\\/la-factura-de-los-tokens\\\/#primaryimage\",\"url\":\"https:\\\/\\\/elcanillita.info\\\/press\\\/images\\\/2025\\\/06\\\/Justicia-o-politica_txt-1.png\",\"contentUrl\":\"https:\\\/\\\/elcanillita.info\\\/press\\\/images\\\/2025\\\/06\\\/Justicia-o-politica_txt-1.png\",\"width\":350,\"height\":350},{\"@type\":\"WebSite\",\"@id\":\"https:\\\/\\\/elcanillita.info\\\/press\\\/#website\",\"url\":\"https:\\\/\\\/elcanillita.info\\\/press\\\/\",\"name\":\"ElCanillita.Info\",\"description\":\"desde los Apeninos a los Andes\",\"publisher\":{\"@id\":\"https:\\\/\\\/elcanillita.info\\\/press\\\/#organization\"},\"potentialAction\":[{\"@type\":\"SearchAction\",\"target\":{\"@type\":\"EntryPoint\",\"urlTemplate\":\"https:\\\/\\\/elcanillita.info\\\/press\\\/?s={search_term_string}\"},\"query-input\":{\"@type\":\"PropertyValueSpecification\",\"valueRequired\":true,\"valueName\":\"search_term_string\"}}],\"inLanguage\":\"es-AR\"},{\"@type\":\"Organization\",\"@id\":\"https:\\\/\\\/elcanillita.info\\\/press\\\/#organization\",\"name\":\"Guzzo Photos & Graphic Publications\",\"url\":\"https:\\\/\\\/elcanillita.info\\\/press\\\/\",\"logo\":{\"@type\":\"ImageObject\",\"inLanguage\":\"es-AR\",\"@id\":\"https:\\\/\\\/elcanillita.info\\\/press\\\/#\\\/schema\\\/logo\\\/image\\\/\",\"url\":\"https:\\\/\\\/elcanillita.info\\\/press\\\/images\\\/2020\\\/01\\\/cropped-cropped-cropped-elcanillitainfo.png\",\"contentUrl\":\"https:\\\/\\\/elcanillita.info\\\/press\\\/images\\\/2020\\\/01\\\/cropped-cropped-cropped-elcanillitainfo.png\",\"width\":460,\"height\":50,\"caption\":\"Guzzo Photos & Graphic Publications\"},\"image\":{\"@id\":\"https:\\\/\\\/elcanillita.info\\\/press\\\/#\\\/schema\\\/logo\\\/image\\\/\"},\"sameAs\":[\"https:\\\/\\\/ar-ar.facebook.com\\\/ElCanillitainfo-114249515285712\\\/\"]},{\"@type\":\"Person\",\"@id\":\"https:\\\/\\\/elcanillita.info\\\/press\\\/#\\\/schema\\\/person\\\/7fcb79f38045700919f7da6d97e71ba0\",\"name\":\"SalaStampa.eu, world press service\",\"image\":{\"@type\":\"ImageObject\",\"inLanguage\":\"es-AR\",\"@id\":\"https:\\\/\\\/secure.gravatar.com\\\/avatar\\\/c2f0e0d515a107624234994507816ca4724c7199cef73fc8bedebf6931d73888?s=96&d=mm&r=g\",\"url\":\"https:\\\/\\\/secure.gravatar.com\\\/avatar\\\/c2f0e0d515a107624234994507816ca4724c7199cef73fc8bedebf6931d73888?s=96&d=mm&r=g\",\"contentUrl\":\"https:\\\/\\\/secure.gravatar.com\\\/avatar\\\/c2f0e0d515a107624234994507816ca4724c7199cef73fc8bedebf6931d73888?s=96&d=mm&r=g\",\"caption\":\"SalaStampa.eu, world press service\"}}]}<\/script>\n<!-- \/ Yoast SEO plugin. -->","yoast_head_json":{"title":"La factura de los tokens - ElCanillita.Info","robots":{"index":"index","follow":"follow","max-snippet":"max-snippet:-1","max-image-preview":"max-image-preview:large","max-video-preview":"max-video-preview:-1"},"canonical":"https:\/\/elcanillita.info\/press\/2026\/03\/07\/la-factura-de-los-tokens\/","og_locale":"es_ES","og_type":"article","og_title":"La factura de los tokens - ElCanillita.Info","og_description":"Caso $Libra: contratos, transferencias y el ruido que ya no se puede tapar","og_url":"https:\/\/elcanillita.info\/press\/2026\/03\/07\/la-factura-de-los-tokens\/","og_site_name":"ElCanillita.Info","article_publisher":"https:\/\/ar-ar.facebook.com\/ElCanillitainfo-114249515285712\/","article_published_time":"2026-03-07T07:03:08+00:00","article_modified_time":"2026-03-07T11:27:36+00:00","og_image":[{"width":350,"height":350,"url":"https:\/\/elcanillita.info\/press\/images\/2025\/06\/Justicia-o-politica_txt-1.png","type":"image\/png"}],"author":"SalaStampa.eu, world press service","twitter_card":"summary_large_image","twitter_misc":{"Escrito por":"SalaStampa.eu, world press service","Tiempo de lectura":"4 minutos"},"schema":{"@context":"https:\/\/schema.org","@graph":[{"@type":"Article","@id":"https:\/\/elcanillita.info\/press\/2026\/03\/07\/la-factura-de-los-tokens\/#article","isPartOf":{"@id":"https:\/\/elcanillita.info\/press\/2026\/03\/07\/la-factura-de-los-tokens\/"},"author":{"name":"SalaStampa.eu, world press service","@id":"https:\/\/elcanillita.info\/press\/#\/schema\/person\/7fcb79f38045700919f7da6d97e71ba0"},"headline":"La factura de los tokens","datePublished":"2026-03-07T07:03:08+00:00","dateModified":"2026-03-07T11:27:36+00:00","mainEntityOfPage":{"@id":"https:\/\/elcanillita.info\/press\/2026\/03\/07\/la-factura-de-los-tokens\/"},"wordCount":624,"publisher":{"@id":"https:\/\/elcanillita.info\/press\/#organization"},"image":{"@id":"https:\/\/elcanillita.info\/press\/2026\/03\/07\/la-factura-de-los-tokens\/#primaryimage"},"thumbnailUrl":"https:\/\/elcanillita.info\/press\/images\/2025\/06\/Justicia-o-politica_txt-1.png","keywords":["Argentina"],"articleSection":[".",".","Actualidad","Am\u00e9rica del Sur","Corrupci\u00f3n","Politica","Sociedad y valores"],"inLanguage":"es-AR"},{"@type":"WebPage","@id":"https:\/\/elcanillita.info\/press\/2026\/03\/07\/la-factura-de-los-tokens\/","url":"https:\/\/elcanillita.info\/press\/2026\/03\/07\/la-factura-de-los-tokens\/","name":"La factura de los tokens - ElCanillita.Info","isPartOf":{"@id":"https:\/\/elcanillita.info\/press\/#website"},"primaryImageOfPage":{"@id":"https:\/\/elcanillita.info\/press\/2026\/03\/07\/la-factura-de-los-tokens\/#primaryimage"},"image":{"@id":"https:\/\/elcanillita.info\/press\/2026\/03\/07\/la-factura-de-los-tokens\/#primaryimage"},"thumbnailUrl":"https:\/\/elcanillita.info\/press\/images\/2025\/06\/Justicia-o-politica_txt-1.png","datePublished":"2026-03-07T07:03:08+00:00","dateModified":"2026-03-07T11:27:36+00:00","inLanguage":"es-AR","potentialAction":[{"@type":"ReadAction","target":["https:\/\/elcanillita.info\/press\/2026\/03\/07\/la-factura-de-los-tokens\/"]}]},{"@type":"ImageObject","inLanguage":"es-AR","@id":"https:\/\/elcanillita.info\/press\/2026\/03\/07\/la-factura-de-los-tokens\/#primaryimage","url":"https:\/\/elcanillita.info\/press\/images\/2025\/06\/Justicia-o-politica_txt-1.png","contentUrl":"https:\/\/elcanillita.info\/press\/images\/2025\/06\/Justicia-o-politica_txt-1.png","width":350,"height":350},{"@type":"WebSite","@id":"https:\/\/elcanillita.info\/press\/#website","url":"https:\/\/elcanillita.info\/press\/","name":"ElCanillita.Info","description":"desde los Apeninos a los Andes","publisher":{"@id":"https:\/\/elcanillita.info\/press\/#organization"},"potentialAction":[{"@type":"SearchAction","target":{"@type":"EntryPoint","urlTemplate":"https:\/\/elcanillita.info\/press\/?s={search_term_string}"},"query-input":{"@type":"PropertyValueSpecification","valueRequired":true,"valueName":"search_term_string"}}],"inLanguage":"es-AR"},{"@type":"Organization","@id":"https:\/\/elcanillita.info\/press\/#organization","name":"Guzzo Photos & Graphic Publications","url":"https:\/\/elcanillita.info\/press\/","logo":{"@type":"ImageObject","inLanguage":"es-AR","@id":"https:\/\/elcanillita.info\/press\/#\/schema\/logo\/image\/","url":"https:\/\/elcanillita.info\/press\/images\/2020\/01\/cropped-cropped-cropped-elcanillitainfo.png","contentUrl":"https:\/\/elcanillita.info\/press\/images\/2020\/01\/cropped-cropped-cropped-elcanillitainfo.png","width":460,"height":50,"caption":"Guzzo Photos & Graphic Publications"},"image":{"@id":"https:\/\/elcanillita.info\/press\/#\/schema\/logo\/image\/"},"sameAs":["https:\/\/ar-ar.facebook.com\/ElCanillitainfo-114249515285712\/"]},{"@type":"Person","@id":"https:\/\/elcanillita.info\/press\/#\/schema\/person\/7fcb79f38045700919f7da6d97e71ba0","name":"SalaStampa.eu, world press service","image":{"@type":"ImageObject","inLanguage":"es-AR","@id":"https:\/\/secure.gravatar.com\/avatar\/c2f0e0d515a107624234994507816ca4724c7199cef73fc8bedebf6931d73888?s=96&d=mm&r=g","url":"https:\/\/secure.gravatar.com\/avatar\/c2f0e0d515a107624234994507816ca4724c7199cef73fc8bedebf6931d73888?s=96&d=mm&r=g","contentUrl":"https:\/\/secure.gravatar.com\/avatar\/c2f0e0d515a107624234994507816ca4724c7199cef73fc8bedebf6931d73888?s=96&d=mm&r=g","caption":"SalaStampa.eu, world press service"}}]}},"views":204,"_links":{"self":[{"href":"https:\/\/elcanillita.info\/press\/wp-json\/wp\/v2\/posts\/6099","targetHints":{"allow":["GET"]}}],"collection":[{"href":"https:\/\/elcanillita.info\/press\/wp-json\/wp\/v2\/posts"}],"about":[{"href":"https:\/\/elcanillita.info\/press\/wp-json\/wp\/v2\/types\/post"}],"author":[{"embeddable":true,"href":"https:\/\/elcanillita.info\/press\/wp-json\/wp\/v2\/users\/1"}],"replies":[{"embeddable":true,"href":"https:\/\/elcanillita.info\/press\/wp-json\/wp\/v2\/comments?post=6099"}],"version-history":[{"count":0,"href":"https:\/\/elcanillita.info\/press\/wp-json\/wp\/v2\/posts\/6099\/revisions"}],"wp:featuredmedia":[{"embeddable":true,"href":"https:\/\/elcanillita.info\/press\/wp-json\/wp\/v2\/media\/4792"}],"wp:attachment":[{"href":"https:\/\/elcanillita.info\/press\/wp-json\/wp\/v2\/media?parent=6099"}],"wp:term":[{"taxonomy":"category","embeddable":true,"href":"https:\/\/elcanillita.info\/press\/wp-json\/wp\/v2\/categories?post=6099"},{"taxonomy":"post_tag","embeddable":true,"href":"https:\/\/elcanillita.info\/press\/wp-json\/wp\/v2\/tags?post=6099"}],"curies":[{"name":"wp","href":"https:\/\/api.w.org\/{rel}","templated":true}]}}