{"id":6089,"date":"2026-03-05T19:18:00","date_gmt":"2026-03-05T22:18:00","guid":{"rendered":"https:\/\/elcanillita.info\/press\/?p=6089"},"modified":"2026-03-06T09:27:05","modified_gmt":"2026-03-06T12:27:05","slug":"latinoamerica-al-dia-8","status":"publish","type":"post","link":"https:\/\/elcanillita.info\/press\/2026\/03\/05\/latinoamerica-al-dia-8\/","title":{"rendered":"Latinoam\u00e9rica al d\u00eda"},"content":{"rendered":"<p><video src=\" https:\/\/elcanillita.info\/press\/radio\/2026\/03\/Latinoamerica Dia 20260305.mp4\" autoplay=\"autoplay\" controls=\"controls\" loop=\"loop\" width=\"100%\" height=\"100%\"><\/video><\/p>\n\n\n<p>La Presidente interina de Venezuela Delcy Rodr\u00edguez, anunci\u00f3 en rueda de prensa que el Presidente Donald Trump salud\u00f3 la Agenda de Trabajo que lleva con Washington, durante la visita del Secretario del Interior de USA<\/p>\n\n<hr class=\"wp-block-separator has-alpha-channel-opacity\"\/>\n<p><small>Marti Noticias \u2013 Publication Date: 05.03.2026<br>\nSalaStampa.Eu affiliate with USAGM \u2013 Edited by Guzzo Photos &amp; Graphic Publications.<br>\nCopyright \u00a9 1998-2026, VOA. Reprinted by ElCanillita.info with the permission of USAGM \u2013 Washington DC 20036<\/small><\/p>\n ","protected":false},"excerpt":{"rendered":"<p>La Presidente interina de Venezuela Delcy Rodr\u00edguez, anunci\u00f3 en rueda de prensa que el Presidente Donald Trump salud\u00f3 la Agenda de Trabajo que lleva con Washington, durante la visita del Secretario del Interior de USA<\/p>\n","protected":false},"author":1,"featured_media":6061,"comment_status":"closed","ping_status":"closed","sticky":false,"template":"","format":"standard","meta":{"footnotes":"","_links_to":"","_links_to_target":""},"categories":[108,121,156,89,157],"tags":[37],"class_list":["post-6089","post","type-post","status-publish","format-standard","has-post-thumbnail","hentry","category-blogdiario","category-dc24","category-america-insular","category-broadcasting","category-radio-marti","tag-venezuela","entry","double"],"yoast_head":"<!-- This site is optimized with the Yoast SEO plugin v27.4 - https:\/\/yoast.com\/product\/yoast-seo-wordpress\/ -->\n<title>Latinoam\u00e9rica al d\u00eda - ElCanillita.Info<\/title>\n<meta name=\"robots\" content=\"index, follow, max-snippet:-1, max-image-preview:large, max-video-preview:-1\" \/>\n<link rel=\"canonical\" href=\"https:\/\/elcanillita.info\/press\/2026\/03\/05\/latinoamerica-al-dia-8\/\" \/>\n<meta property=\"og:locale\" content=\"es_ES\" \/>\n<meta property=\"og:type\" content=\"article\" \/>\n<meta property=\"og:title\" content=\"Latinoam\u00e9rica al d\u00eda - ElCanillita.Info\" \/>\n<meta property=\"og:description\" content=\"La Presidente interina de Venezuela Delcy Rodr\u00edguez, anunci\u00f3 en rueda de prensa que el Presidente Donald Trump salud\u00f3 la Agenda de Trabajo que lleva con Washington, durante la visita del Secretario del Interior de USA\" \/>\n<meta property=\"og:url\" content=\"https:\/\/elcanillita.info\/press\/2026\/03\/05\/latinoamerica-al-dia-8\/\" \/>\n<meta property=\"og:site_name\" content=\"ElCanillita.Info\" \/>\n<meta property=\"article:publisher\" content=\"https:\/\/ar-ar.facebook.com\/ElCanillitainfo-114249515285712\/\" \/>\n<meta property=\"article:published_time\" content=\"2026-03-05T22:18:00+00:00\" \/>\n<meta property=\"article:modified_time\" content=\"2026-03-06T12:27:05+00:00\" \/>\n<meta property=\"og:image\" content=\"https:\/\/elcanillita.info\/press\/images\/2026\/03\/ramarti.jpg\" \/>\n\t<meta property=\"og:image:width\" content=\"600\" \/>\n\t<meta property=\"og:image:height\" content=\"247\" \/>\n\t<meta property=\"og:image:type\" content=\"image\/jpeg\" \/>\n<meta name=\"author\" content=\"SalaStampa.eu, world press service\" \/>\n<meta name=\"twitter:card\" content=\"summary_large_image\" \/>\n<meta name=\"twitter:label1\" content=\"Escrito por\" \/>\n\t<meta name=\"twitter:data1\" content=\"SalaStampa.eu, world press service\" \/>\n\t<meta name=\"twitter:label2\" content=\"Tiempo de lectura\" \/>\n\t<meta name=\"twitter:data2\" content=\"1 minuto\" \/>\n<script type=\"application\/ld+json\" class=\"yoast-schema-graph\">{\"@context\":\"https:\\\/\\\/schema.org\",\"@graph\":[{\"@type\":\"Article\",\"@id\":\"https:\\\/\\\/elcanillita.info\\\/press\\\/2026\\\/03\\\/05\\\/latinoamerica-al-dia-8\\\/#article\",\"isPartOf\":{\"@id\":\"https:\\\/\\\/elcanillita.info\\\/press\\\/2026\\\/03\\\/05\\\/latinoamerica-al-dia-8\\\/\"},\"author\":{\"name\":\"SalaStampa.eu, world press service\",\"@id\":\"https:\\\/\\\/elcanillita.info\\\/press\\\/#\\\/schema\\\/person\\\/7fcb79f38045700919f7da6d97e71ba0\"},\"headline\":\"Latinoam\u00e9rica al d\u00eda\",\"datePublished\":\"2026-03-05T22:18:00+00:00\",\"dateModified\":\"2026-03-06T12:27:05+00:00\",\"mainEntityOfPage\":{\"@id\":\"https:\\\/\\\/elcanillita.info\\\/press\\\/2026\\\/03\\\/05\\\/latinoamerica-al-dia-8\\\/\"},\"wordCount\":71,\"publisher\":{\"@id\":\"https:\\\/\\\/elcanillita.info\\\/press\\\/#organization\"},\"image\":{\"@id\":\"https:\\\/\\\/elcanillita.info\\\/press\\\/2026\\\/03\\\/05\\\/latinoamerica-al-dia-8\\\/#primaryimage\"},\"thumbnailUrl\":\"https:\\\/\\\/elcanillita.info\\\/press\\\/images\\\/2026\\\/03\\\/ramarti.jpg\",\"keywords\":[\"Venezuela\"],\"articleSection\":[\".\",\".\",\"Am\u00e9rica Insular\",\"broadcasting\",\"Radio Marti\"],\"inLanguage\":\"es-AR\"},{\"@type\":\"WebPage\",\"@id\":\"https:\\\/\\\/elcanillita.info\\\/press\\\/2026\\\/03\\\/05\\\/latinoamerica-al-dia-8\\\/\",\"url\":\"https:\\\/\\\/elcanillita.info\\\/press\\\/2026\\\/03\\\/05\\\/latinoamerica-al-dia-8\\\/\",\"name\":\"Latinoam\u00e9rica al d\u00eda - ElCanillita.Info\",\"isPartOf\":{\"@id\":\"https:\\\/\\\/elcanillita.info\\\/press\\\/#website\"},\"primaryImageOfPage\":{\"@id\":\"https:\\\/\\\/elcanillita.info\\\/press\\\/2026\\\/03\\\/05\\\/latinoamerica-al-dia-8\\\/#primaryimage\"},\"image\":{\"@id\":\"https:\\\/\\\/elcanillita.info\\\/press\\\/2026\\\/03\\\/05\\\/latinoamerica-al-dia-8\\\/#primaryimage\"},\"thumbnailUrl\":\"https:\\\/\\\/elcanillita.info\\\/press\\\/images\\\/2026\\\/03\\\/ramarti.jpg\",\"datePublished\":\"2026-03-05T22:18:00+00:00\",\"dateModified\":\"2026-03-06T12:27:05+00:00\",\"inLanguage\":\"es-AR\",\"potentialAction\":[{\"@type\":\"ReadAction\",\"target\":[\"https:\\\/\\\/elcanillita.info\\\/press\\\/2026\\\/03\\\/05\\\/latinoamerica-al-dia-8\\\/\"]}]},{\"@type\":\"ImageObject\",\"inLanguage\":\"es-AR\",\"@id\":\"https:\\\/\\\/elcanillita.info\\\/press\\\/2026\\\/03\\\/05\\\/latinoamerica-al-dia-8\\\/#primaryimage\",\"url\":\"https:\\\/\\\/elcanillita.info\\\/press\\\/images\\\/2026\\\/03\\\/ramarti.jpg\",\"contentUrl\":\"https:\\\/\\\/elcanillita.info\\\/press\\\/images\\\/2026\\\/03\\\/ramarti.jpg\",\"width\":600,\"height\":247},{\"@type\":\"WebSite\",\"@id\":\"https:\\\/\\\/elcanillita.info\\\/press\\\/#website\",\"url\":\"https:\\\/\\\/elcanillita.info\\\/press\\\/\",\"name\":\"ElCanillita.Info\",\"description\":\"desde los Apeninos a los Andes\",\"publisher\":{\"@id\":\"https:\\\/\\\/elcanillita.info\\\/press\\\/#organization\"},\"potentialAction\":[{\"@type\":\"SearchAction\",\"target\":{\"@type\":\"EntryPoint\",\"urlTemplate\":\"https:\\\/\\\/elcanillita.info\\\/press\\\/?s={search_term_string}\"},\"query-input\":{\"@type\":\"PropertyValueSpecification\",\"valueRequired\":true,\"valueName\":\"search_term_string\"}}],\"inLanguage\":\"es-AR\"},{\"@type\":\"Organization\",\"@id\":\"https:\\\/\\\/elcanillita.info\\\/press\\\/#organization\",\"name\":\"Guzzo Photos & Graphic Publications\",\"url\":\"https:\\\/\\\/elcanillita.info\\\/press\\\/\",\"logo\":{\"@type\":\"ImageObject\",\"inLanguage\":\"es-AR\",\"@id\":\"https:\\\/\\\/elcanillita.info\\\/press\\\/#\\\/schema\\\/logo\\\/image\\\/\",\"url\":\"https:\\\/\\\/elcanillita.info\\\/press\\\/images\\\/2020\\\/01\\\/cropped-cropped-cropped-elcanillitainfo.png\",\"contentUrl\":\"https:\\\/\\\/elcanillita.info\\\/press\\\/images\\\/2020\\\/01\\\/cropped-cropped-cropped-elcanillitainfo.png\",\"width\":460,\"height\":50,\"caption\":\"Guzzo Photos & Graphic Publications\"},\"image\":{\"@id\":\"https:\\\/\\\/elcanillita.info\\\/press\\\/#\\\/schema\\\/logo\\\/image\\\/\"},\"sameAs\":[\"https:\\\/\\\/ar-ar.facebook.com\\\/ElCanillitainfo-114249515285712\\\/\"]},{\"@type\":\"Person\",\"@id\":\"https:\\\/\\\/elcanillita.info\\\/press\\\/#\\\/schema\\\/person\\\/7fcb79f38045700919f7da6d97e71ba0\",\"name\":\"SalaStampa.eu, world press service\",\"image\":{\"@type\":\"ImageObject\",\"inLanguage\":\"es-AR\",\"@id\":\"https:\\\/\\\/secure.gravatar.com\\\/avatar\\\/c2f0e0d515a107624234994507816ca4724c7199cef73fc8bedebf6931d73888?s=96&d=mm&r=g\",\"url\":\"https:\\\/\\\/secure.gravatar.com\\\/avatar\\\/c2f0e0d515a107624234994507816ca4724c7199cef73fc8bedebf6931d73888?s=96&d=mm&r=g\",\"contentUrl\":\"https:\\\/\\\/secure.gravatar.com\\\/avatar\\\/c2f0e0d515a107624234994507816ca4724c7199cef73fc8bedebf6931d73888?s=96&d=mm&r=g\",\"caption\":\"SalaStampa.eu, world press service\"}}]}<\/script>\n<!-- \/ Yoast SEO plugin. -->","yoast_head_json":{"title":"Latinoam\u00e9rica al d\u00eda - ElCanillita.Info","robots":{"index":"index","follow":"follow","max-snippet":"max-snippet:-1","max-image-preview":"max-image-preview:large","max-video-preview":"max-video-preview:-1"},"canonical":"https:\/\/elcanillita.info\/press\/2026\/03\/05\/latinoamerica-al-dia-8\/","og_locale":"es_ES","og_type":"article","og_title":"Latinoam\u00e9rica al d\u00eda - ElCanillita.Info","og_description":"La Presidente interina de Venezuela Delcy Rodr\u00edguez, anunci\u00f3 en rueda de prensa que el Presidente Donald Trump salud\u00f3 la Agenda de Trabajo que lleva con Washington, durante la visita del Secretario del Interior de USA","og_url":"https:\/\/elcanillita.info\/press\/2026\/03\/05\/latinoamerica-al-dia-8\/","og_site_name":"ElCanillita.Info","article_publisher":"https:\/\/ar-ar.facebook.com\/ElCanillitainfo-114249515285712\/","article_published_time":"2026-03-05T22:18:00+00:00","article_modified_time":"2026-03-06T12:27:05+00:00","og_image":[{"width":600,"height":247,"url":"https:\/\/elcanillita.info\/press\/images\/2026\/03\/ramarti.jpg","type":"image\/jpeg"}],"author":"SalaStampa.eu, world press service","twitter_card":"summary_large_image","twitter_misc":{"Escrito por":"SalaStampa.eu, world press service","Tiempo de lectura":"1 minuto"},"schema":{"@context":"https:\/\/schema.org","@graph":[{"@type":"Article","@id":"https:\/\/elcanillita.info\/press\/2026\/03\/05\/latinoamerica-al-dia-8\/#article","isPartOf":{"@id":"https:\/\/elcanillita.info\/press\/2026\/03\/05\/latinoamerica-al-dia-8\/"},"author":{"name":"SalaStampa.eu, world press service","@id":"https:\/\/elcanillita.info\/press\/#\/schema\/person\/7fcb79f38045700919f7da6d97e71ba0"},"headline":"Latinoam\u00e9rica al d\u00eda","datePublished":"2026-03-05T22:18:00+00:00","dateModified":"2026-03-06T12:27:05+00:00","mainEntityOfPage":{"@id":"https:\/\/elcanillita.info\/press\/2026\/03\/05\/latinoamerica-al-dia-8\/"},"wordCount":71,"publisher":{"@id":"https:\/\/elcanillita.info\/press\/#organization"},"image":{"@id":"https:\/\/elcanillita.info\/press\/2026\/03\/05\/latinoamerica-al-dia-8\/#primaryimage"},"thumbnailUrl":"https:\/\/elcanillita.info\/press\/images\/2026\/03\/ramarti.jpg","keywords":["Venezuela"],"articleSection":[".",".","Am\u00e9rica Insular","broadcasting","Radio Marti"],"inLanguage":"es-AR"},{"@type":"WebPage","@id":"https:\/\/elcanillita.info\/press\/2026\/03\/05\/latinoamerica-al-dia-8\/","url":"https:\/\/elcanillita.info\/press\/2026\/03\/05\/latinoamerica-al-dia-8\/","name":"Latinoam\u00e9rica al d\u00eda - ElCanillita.Info","isPartOf":{"@id":"https:\/\/elcanillita.info\/press\/#website"},"primaryImageOfPage":{"@id":"https:\/\/elcanillita.info\/press\/2026\/03\/05\/latinoamerica-al-dia-8\/#primaryimage"},"image":{"@id":"https:\/\/elcanillita.info\/press\/2026\/03\/05\/latinoamerica-al-dia-8\/#primaryimage"},"thumbnailUrl":"https:\/\/elcanillita.info\/press\/images\/2026\/03\/ramarti.jpg","datePublished":"2026-03-05T22:18:00+00:00","dateModified":"2026-03-06T12:27:05+00:00","inLanguage":"es-AR","potentialAction":[{"@type":"ReadAction","target":["https:\/\/elcanillita.info\/press\/2026\/03\/05\/latinoamerica-al-dia-8\/"]}]},{"@type":"ImageObject","inLanguage":"es-AR","@id":"https:\/\/elcanillita.info\/press\/2026\/03\/05\/latinoamerica-al-dia-8\/#primaryimage","url":"https:\/\/elcanillita.info\/press\/images\/2026\/03\/ramarti.jpg","contentUrl":"https:\/\/elcanillita.info\/press\/images\/2026\/03\/ramarti.jpg","width":600,"height":247},{"@type":"WebSite","@id":"https:\/\/elcanillita.info\/press\/#website","url":"https:\/\/elcanillita.info\/press\/","name":"ElCanillita.Info","description":"desde los Apeninos a los Andes","publisher":{"@id":"https:\/\/elcanillita.info\/press\/#organization"},"potentialAction":[{"@type":"SearchAction","target":{"@type":"EntryPoint","urlTemplate":"https:\/\/elcanillita.info\/press\/?s={search_term_string}"},"query-input":{"@type":"PropertyValueSpecification","valueRequired":true,"valueName":"search_term_string"}}],"inLanguage":"es-AR"},{"@type":"Organization","@id":"https:\/\/elcanillita.info\/press\/#organization","name":"Guzzo Photos & Graphic Publications","url":"https:\/\/elcanillita.info\/press\/","logo":{"@type":"ImageObject","inLanguage":"es-AR","@id":"https:\/\/elcanillita.info\/press\/#\/schema\/logo\/image\/","url":"https:\/\/elcanillita.info\/press\/images\/2020\/01\/cropped-cropped-cropped-elcanillitainfo.png","contentUrl":"https:\/\/elcanillita.info\/press\/images\/2020\/01\/cropped-cropped-cropped-elcanillitainfo.png","width":460,"height":50,"caption":"Guzzo Photos & Graphic Publications"},"image":{"@id":"https:\/\/elcanillita.info\/press\/#\/schema\/logo\/image\/"},"sameAs":["https:\/\/ar-ar.facebook.com\/ElCanillitainfo-114249515285712\/"]},{"@type":"Person","@id":"https:\/\/elcanillita.info\/press\/#\/schema\/person\/7fcb79f38045700919f7da6d97e71ba0","name":"SalaStampa.eu, world press service","image":{"@type":"ImageObject","inLanguage":"es-AR","@id":"https:\/\/secure.gravatar.com\/avatar\/c2f0e0d515a107624234994507816ca4724c7199cef73fc8bedebf6931d73888?s=96&d=mm&r=g","url":"https:\/\/secure.gravatar.com\/avatar\/c2f0e0d515a107624234994507816ca4724c7199cef73fc8bedebf6931d73888?s=96&d=mm&r=g","contentUrl":"https:\/\/secure.gravatar.com\/avatar\/c2f0e0d515a107624234994507816ca4724c7199cef73fc8bedebf6931d73888?s=96&d=mm&r=g","caption":"SalaStampa.eu, world press service"}}]}},"views":61,"_links":{"self":[{"href":"https:\/\/elcanillita.info\/press\/wp-json\/wp\/v2\/posts\/6089","targetHints":{"allow":["GET"]}}],"collection":[{"href":"https:\/\/elcanillita.info\/press\/wp-json\/wp\/v2\/posts"}],"about":[{"href":"https:\/\/elcanillita.info\/press\/wp-json\/wp\/v2\/types\/post"}],"author":[{"embeddable":true,"href":"https:\/\/elcanillita.info\/press\/wp-json\/wp\/v2\/users\/1"}],"replies":[{"embeddable":true,"href":"https:\/\/elcanillita.info\/press\/wp-json\/wp\/v2\/comments?post=6089"}],"version-history":[{"count":0,"href":"https:\/\/elcanillita.info\/press\/wp-json\/wp\/v2\/posts\/6089\/revisions"}],"wp:featuredmedia":[{"embeddable":true,"href":"https:\/\/elcanillita.info\/press\/wp-json\/wp\/v2\/media\/6061"}],"wp:attachment":[{"href":"https:\/\/elcanillita.info\/press\/wp-json\/wp\/v2\/media?parent=6089"}],"wp:term":[{"taxonomy":"category","embeddable":true,"href":"https:\/\/elcanillita.info\/press\/wp-json\/wp\/v2\/categories?post=6089"},{"taxonomy":"post_tag","embeddable":true,"href":"https:\/\/elcanillita.info\/press\/wp-json\/wp\/v2\/tags?post=6089"}],"curies":[{"name":"wp","href":"https:\/\/api.w.org\/{rel}","templated":true}]}}