{"id":6086,"date":"2026-03-06T07:53:09","date_gmt":"2026-03-06T10:53:09","guid":{"rendered":"https:\/\/elcanillita.info\/press\/?p=6086"},"modified":"2026-03-06T07:53:10","modified_gmt":"2026-03-06T10:53:10","slug":"segundo-mandato","status":"publish","type":"post","link":"https:\/\/elcanillita.info\/press\/2026\/03\/06\/segundo-mandato\/","title":{"rendered":"Milei sobre una barca con motor de voadeira"},"content":{"rendered":"<div class=\"wp-block-image\">\n<figure class=\"alignleft size-full is-resized\"><img loading=\"lazy\" decoding=\"async\" width=\"500\" height=\"750\" src=\"https:\/\/elcanillita.info\/press\/images\/2026\/03\/rmaguzzo_editor2.jpg\" alt=\"\" class=\"wp-image-6077\" style=\"width:309px;height:auto\" srcset=\"https:\/\/elcanillita.info\/press\/images\/2026\/03\/rmaguzzo_editor2.jpg 500w, https:\/\/elcanillita.info\/press\/images\/2026\/03\/rmaguzzo_editor2-200x300.jpg 200w\" sizes=\"auto, (max-width: 500px) 100vw, 500px\" \/><\/figure>\n<\/div>\n\n\n<p class=\"p1\">Javier Milei dice que, si hay segundo mandato, en 2031 se baja de la pol\u00edtica y desaparece del mapa. \u201cDespu\u00e9s del a\u00f1o 2031 no me ven m\u00e1s el pelo\u201d, prometi\u00f3 en un reportaje que el domingo difundir\u00e1 completo La Naci\u00f3n+. La frase suena a despedida anticipada, como si el Presidente ya estuviera calculando el punto exacto donde saltar de la lancha.<\/p>\n\n\n\n<p class=\"p1\">El detalle es que todav\u00eda falta remar bastante agua. Primero hay que ganar la reelecci\u00f3n, despu\u00e9s atravesar un segundo per\u00edodo que, si llega, ser\u00eda tan \u00e1spero como el primero. Pero Milei ya habla del final del viaje: cumplir los objetivos libertarios y, acto seguido, apagar el motor.<\/p>\n\n\n\n<p class=\"p1\">La escena pol\u00edtica, sin embargo, se parece menos a una traves\u00eda ordenada y m\u00e1s a una barca con motor de voadeira saltando sobre el r\u00edo: ruido, velocidad, maniobras bruscas y espuma por todos lados. El capit\u00e1n promete que sabe exactamente hacia d\u00f3nde va, aunque cada tanto el tim\u00f3n parezca temblar.<\/p>\n\n\n\n<p class=\"p1\">En la entrevista con Luis Majul, el Presidente tambi\u00e9n dej\u00f3 claro que no piensa dejarse arrastrar por la pol\u00edtica tradicional. \u201cNo me van a llevar puesto como a Macri\u201d, dijo, con la memoria todav\u00eda fresca de las peleas parlamentarias que marcaron la apertura de sesiones en el Congreso.<\/p>\n\n\n\n<p class=\"p1\">La frase no es casual. En el ecosistema libertario, Mauricio Macri funciona como advertencia hist\u00f3rica: el presidente que lleg\u00f3 con \u00edmpetu reformista y termin\u00f3 enredado en la telara\u00f1a del sistema. Milei jura que no caer\u00e1 en la misma trampa.<\/p>\n\n\n\n<p class=\"p1\">El discurso del domingo pasado ya hab\u00eda mostrado ese estilo frontal: chicanas a legisladores, iron\u00edas contra la oposici\u00f3n y una ret\u00f3rica de combate permanente. El Presidente no parece interesado en bajar el volumen; m\u00e1s bien lo contrario.<\/p>\n\n\n\n<p class=\"p1\">En el mismo reportaje tambi\u00e9n se meti\u00f3 con el f\u00fatbol. Sobre la investigaci\u00f3n judicial que involucra a la AFA, con Claudio Tapia y el tesorero Pablo Toviggino en la mira por una denuncia de ARCA, Milei fue categ\u00f3rico: si son culpables, que paguen.<\/p>\n\n\n\n<p class=\"p1\">La frase suena a advertencia, aunque en el f\u00fatbol argentino las advertencias suelen durar menos que un mercado de pases. La pelota judicial reci\u00e9n empieza a rodar.<\/p>\n\n\n\n<p class=\"p1\">Otro de los blancos del Presidente fue el empresario Javier Madanes Quintanilla, a quien calific\u00f3 sin rodeos como \u201cprebendario y extorsionador\u201d. El industrial qued\u00f3 en el centro del debate tras el cierre de la planta de Fate, que dej\u00f3 unos 900 trabajadores en la calle.<\/p>\n\n\n\n<p class=\"p1\">Madanes, adem\u00e1s, es uno de los accionistas fuertes de Aluar, otra compa\u00f1\u00eda atravesada por problemas. En la l\u00f3gica mile\u00edsta, el empresario protegido por privilegios estatales es parte del mismo sistema que el Gobierno dice querer desmontar.<\/p>\n\n\n\n<p class=\"p1\">As\u00ed, entre promesas de retiro futuro, advertencias a rivales pol\u00edticos, tiros al arco en el f\u00fatbol y dardos contra empresarios, Milei sigue navegando la pol\u00edtica argentina como quien conduce una voadeira a toda velocidad.<\/p>\n\n\n\n<p class=\"p1\">El problema es que en los r\u00edos turbulentos nadie sabe con certeza d\u00f3nde termina el viaje ni cu\u00e1ntos saltos m\u00e1s le quedan a la barca. Milei, por ahora, asegura que s\u00ed. Y que cuando llegue 2031, apagar\u00e1 el motor y desaparecer\u00e1 del paisaje. O eso promete.<\/p>\n\n\n\n<p><\/p>\n\n\n\n<p>\u270d\ufe0f \u00a9 El Exportador de Promesas | 2026<\/p>\n\n\n\n<p><\/p>\n\n\n<hr style=\"\n    border: none;\n    height: 1px;\n    background: linear-gradient(to right, transparent, #ccc, transparent);\n    margin: 0;\n\" \/>\n<\/p>\n<p><small>\u00a9\ufe0f2026  Guzzo Photos  &#038; Graphic Publications \u2013 All Rights Reserved \u2013 Copyright \u00a9\ufe0f 2026 SalaStampa.eu, world press service \u2013 Guzzo Photos &#038; Graphic Publications \u2013 Registro Editori e Stampatori n. 1441 Turin, Italy<\/small><\/p>\n\n\n<p><\/p>\n","protected":false},"excerpt":{"rendered":"<p>Milei anticip\u00f3 que, si logra un segundo mandato, dejar\u00e1 la pol\u00edtica en 2031. Mientras tanto, advierte que no piensa repetir el destino de otros presidentes atrapados por la l\u00f3gica del poder.<\/p>\n","protected":false},"author":14,"featured_media":6087,"comment_status":"closed","ping_status":"closed","sticky":false,"template":"","format":"standard","meta":{"footnotes":"","_links_to":"","_links_to_target":""},"categories":[108,121,70,11,23],"tags":[29],"class_list":["post-6086","post","type-post","status-publish","format-standard","has-post-thumbnail","hentry","category-blogdiario","category-dc24","category-actualidad","category-america-del-sur","category-politica","tag-argentina","entry","double"],"yoast_head":"<!-- This site is optimized with the Yoast SEO plugin v27.4 - https:\/\/yoast.com\/product\/yoast-seo-wordpress\/ -->\n<title>Milei sobre una barca con motor de voadeira - ElCanillita.Info<\/title>\n<meta name=\"robots\" content=\"index, follow, max-snippet:-1, max-image-preview:large, max-video-preview:-1\" \/>\n<link rel=\"canonical\" href=\"https:\/\/elcanillita.info\/press\/2026\/03\/06\/segundo-mandato\/\" \/>\n<meta property=\"og:locale\" content=\"es_ES\" \/>\n<meta property=\"og:type\" content=\"article\" \/>\n<meta property=\"og:title\" content=\"Milei sobre una barca con motor de voadeira - ElCanillita.Info\" \/>\n<meta property=\"og:description\" content=\"Milei anticip\u00f3 que, si logra un segundo mandato, dejar\u00e1 la pol\u00edtica en 2031. Mientras tanto, advierte que no piensa repetir el destino de otros presidentes atrapados por la l\u00f3gica del poder.\" \/>\n<meta property=\"og:url\" content=\"https:\/\/elcanillita.info\/press\/2026\/03\/06\/segundo-mandato\/\" \/>\n<meta property=\"og:site_name\" content=\"ElCanillita.Info\" \/>\n<meta property=\"article:publisher\" content=\"https:\/\/ar-ar.facebook.com\/ElCanillitainfo-114249515285712\/\" \/>\n<meta property=\"article:published_time\" content=\"2026-03-06T10:53:09+00:00\" \/>\n<meta property=\"article:modified_time\" content=\"2026-03-06T10:53:10+00:00\" \/>\n<meta property=\"og:image\" content=\"https:\/\/elcanillita.info\/press\/images\/2026\/03\/cover_rmaguzzo.jpg\" \/>\n\t<meta property=\"og:image:width\" content=\"500\" \/>\n\t<meta property=\"og:image:height\" content=\"500\" \/>\n\t<meta property=\"og:image:type\" content=\"image\/jpeg\" \/>\n<meta name=\"author\" content=\"ElCanillita.info Guzzo Photos &amp; Graphic Publications\" \/>\n<meta name=\"twitter:card\" content=\"summary_large_image\" \/>\n<meta name=\"twitter:label1\" content=\"Escrito por\" \/>\n\t<meta name=\"twitter:data1\" content=\"ElCanillita.info Guzzo Photos &amp; Graphic Publications\" \/>\n\t<meta name=\"twitter:label2\" content=\"Tiempo de lectura\" \/>\n\t<meta name=\"twitter:data2\" content=\"3 minutos\" \/>\n<script type=\"application\/ld+json\" class=\"yoast-schema-graph\">{\"@context\":\"https:\\\/\\\/schema.org\",\"@graph\":[{\"@type\":\"Article\",\"@id\":\"https:\\\/\\\/elcanillita.info\\\/press\\\/2026\\\/03\\\/06\\\/segundo-mandato\\\/#article\",\"isPartOf\":{\"@id\":\"https:\\\/\\\/elcanillita.info\\\/press\\\/2026\\\/03\\\/06\\\/segundo-mandato\\\/\"},\"author\":{\"name\":\"ElCanillita.info Guzzo Photos &amp; Graphic Publications\",\"@id\":\"https:\\\/\\\/elcanillita.info\\\/press\\\/#\\\/schema\\\/person\\\/e37a550cff8f5f3407ed112e4cc619cb\"},\"headline\":\"Milei sobre una barca con motor de voadeira\",\"datePublished\":\"2026-03-06T10:53:09+00:00\",\"dateModified\":\"2026-03-06T10:53:10+00:00\",\"mainEntityOfPage\":{\"@id\":\"https:\\\/\\\/elcanillita.info\\\/press\\\/2026\\\/03\\\/06\\\/segundo-mandato\\\/\"},\"wordCount\":589,\"publisher\":{\"@id\":\"https:\\\/\\\/elcanillita.info\\\/press\\\/#organization\"},\"image\":{\"@id\":\"https:\\\/\\\/elcanillita.info\\\/press\\\/2026\\\/03\\\/06\\\/segundo-mandato\\\/#primaryimage\"},\"thumbnailUrl\":\"https:\\\/\\\/elcanillita.info\\\/press\\\/images\\\/2026\\\/03\\\/cover_rmaguzzo.jpg\",\"keywords\":[\"Argentina\"],\"articleSection\":[\".\",\".\",\"Actualidad\",\"Am\u00e9rica del Sur\",\"Politica\"],\"inLanguage\":\"es-AR\"},{\"@type\":\"WebPage\",\"@id\":\"https:\\\/\\\/elcanillita.info\\\/press\\\/2026\\\/03\\\/06\\\/segundo-mandato\\\/\",\"url\":\"https:\\\/\\\/elcanillita.info\\\/press\\\/2026\\\/03\\\/06\\\/segundo-mandato\\\/\",\"name\":\"Milei sobre una barca con motor de voadeira - ElCanillita.Info\",\"isPartOf\":{\"@id\":\"https:\\\/\\\/elcanillita.info\\\/press\\\/#website\"},\"primaryImageOfPage\":{\"@id\":\"https:\\\/\\\/elcanillita.info\\\/press\\\/2026\\\/03\\\/06\\\/segundo-mandato\\\/#primaryimage\"},\"image\":{\"@id\":\"https:\\\/\\\/elcanillita.info\\\/press\\\/2026\\\/03\\\/06\\\/segundo-mandato\\\/#primaryimage\"},\"thumbnailUrl\":\"https:\\\/\\\/elcanillita.info\\\/press\\\/images\\\/2026\\\/03\\\/cover_rmaguzzo.jpg\",\"datePublished\":\"2026-03-06T10:53:09+00:00\",\"dateModified\":\"2026-03-06T10:53:10+00:00\",\"inLanguage\":\"es-AR\",\"potentialAction\":[{\"@type\":\"ReadAction\",\"target\":[\"https:\\\/\\\/elcanillita.info\\\/press\\\/2026\\\/03\\\/06\\\/segundo-mandato\\\/\"]}]},{\"@type\":\"ImageObject\",\"inLanguage\":\"es-AR\",\"@id\":\"https:\\\/\\\/elcanillita.info\\\/press\\\/2026\\\/03\\\/06\\\/segundo-mandato\\\/#primaryimage\",\"url\":\"https:\\\/\\\/elcanillita.info\\\/press\\\/images\\\/2026\\\/03\\\/cover_rmaguzzo.jpg\",\"contentUrl\":\"https:\\\/\\\/elcanillita.info\\\/press\\\/images\\\/2026\\\/03\\\/cover_rmaguzzo.jpg\",\"width\":500,\"height\":500},{\"@type\":\"WebSite\",\"@id\":\"https:\\\/\\\/elcanillita.info\\\/press\\\/#website\",\"url\":\"https:\\\/\\\/elcanillita.info\\\/press\\\/\",\"name\":\"ElCanillita.Info\",\"description\":\"desde los Apeninos a los Andes\",\"publisher\":{\"@id\":\"https:\\\/\\\/elcanillita.info\\\/press\\\/#organization\"},\"potentialAction\":[{\"@type\":\"SearchAction\",\"target\":{\"@type\":\"EntryPoint\",\"urlTemplate\":\"https:\\\/\\\/elcanillita.info\\\/press\\\/?s={search_term_string}\"},\"query-input\":{\"@type\":\"PropertyValueSpecification\",\"valueRequired\":true,\"valueName\":\"search_term_string\"}}],\"inLanguage\":\"es-AR\"},{\"@type\":\"Organization\",\"@id\":\"https:\\\/\\\/elcanillita.info\\\/press\\\/#organization\",\"name\":\"Guzzo Photos & Graphic Publications\",\"url\":\"https:\\\/\\\/elcanillita.info\\\/press\\\/\",\"logo\":{\"@type\":\"ImageObject\",\"inLanguage\":\"es-AR\",\"@id\":\"https:\\\/\\\/elcanillita.info\\\/press\\\/#\\\/schema\\\/logo\\\/image\\\/\",\"url\":\"https:\\\/\\\/elcanillita.info\\\/press\\\/images\\\/2020\\\/01\\\/cropped-cropped-cropped-elcanillitainfo.png\",\"contentUrl\":\"https:\\\/\\\/elcanillita.info\\\/press\\\/images\\\/2020\\\/01\\\/cropped-cropped-cropped-elcanillitainfo.png\",\"width\":460,\"height\":50,\"caption\":\"Guzzo Photos & Graphic Publications\"},\"image\":{\"@id\":\"https:\\\/\\\/elcanillita.info\\\/press\\\/#\\\/schema\\\/logo\\\/image\\\/\"},\"sameAs\":[\"https:\\\/\\\/ar-ar.facebook.com\\\/ElCanillitainfo-114249515285712\\\/\"]},{\"@type\":\"Person\",\"@id\":\"https:\\\/\\\/elcanillita.info\\\/press\\\/#\\\/schema\\\/person\\\/e37a550cff8f5f3407ed112e4cc619cb\",\"name\":\"ElCanillita.info Guzzo Photos &amp; Graphic Publications\",\"image\":{\"@type\":\"ImageObject\",\"inLanguage\":\"es-AR\",\"@id\":\"https:\\\/\\\/secure.gravatar.com\\\/avatar\\\/8914fbe0ef09248907e331ab93dfa89c7f76decf6b51cd1b2f8444e6260db772?s=96&d=mm&r=g\",\"url\":\"https:\\\/\\\/secure.gravatar.com\\\/avatar\\\/8914fbe0ef09248907e331ab93dfa89c7f76decf6b51cd1b2f8444e6260db772?s=96&d=mm&r=g\",\"contentUrl\":\"https:\\\/\\\/secure.gravatar.com\\\/avatar\\\/8914fbe0ef09248907e331ab93dfa89c7f76decf6b51cd1b2f8444e6260db772?s=96&d=mm&r=g\",\"caption\":\"ElCanillita.info Guzzo Photos &amp; Graphic Publications\"},\"sameAs\":[\"http:\\\/\\\/guzzophotos.com\"]}]}<\/script>\n<!-- \/ Yoast SEO plugin. -->","yoast_head_json":{"title":"Milei sobre una barca con motor de voadeira - ElCanillita.Info","robots":{"index":"index","follow":"follow","max-snippet":"max-snippet:-1","max-image-preview":"max-image-preview:large","max-video-preview":"max-video-preview:-1"},"canonical":"https:\/\/elcanillita.info\/press\/2026\/03\/06\/segundo-mandato\/","og_locale":"es_ES","og_type":"article","og_title":"Milei sobre una barca con motor de voadeira - ElCanillita.Info","og_description":"Milei anticip\u00f3 que, si logra un segundo mandato, dejar\u00e1 la pol\u00edtica en 2031. Mientras tanto, advierte que no piensa repetir el destino de otros presidentes atrapados por la l\u00f3gica del poder.","og_url":"https:\/\/elcanillita.info\/press\/2026\/03\/06\/segundo-mandato\/","og_site_name":"ElCanillita.Info","article_publisher":"https:\/\/ar-ar.facebook.com\/ElCanillitainfo-114249515285712\/","article_published_time":"2026-03-06T10:53:09+00:00","article_modified_time":"2026-03-06T10:53:10+00:00","og_image":[{"width":500,"height":500,"url":"https:\/\/elcanillita.info\/press\/images\/2026\/03\/cover_rmaguzzo.jpg","type":"image\/jpeg"}],"author":"ElCanillita.info Guzzo Photos &amp; Graphic Publications","twitter_card":"summary_large_image","twitter_misc":{"Escrito por":"ElCanillita.info Guzzo Photos &amp; Graphic Publications","Tiempo de lectura":"3 minutos"},"schema":{"@context":"https:\/\/schema.org","@graph":[{"@type":"Article","@id":"https:\/\/elcanillita.info\/press\/2026\/03\/06\/segundo-mandato\/#article","isPartOf":{"@id":"https:\/\/elcanillita.info\/press\/2026\/03\/06\/segundo-mandato\/"},"author":{"name":"ElCanillita.info Guzzo Photos &amp; Graphic Publications","@id":"https:\/\/elcanillita.info\/press\/#\/schema\/person\/e37a550cff8f5f3407ed112e4cc619cb"},"headline":"Milei sobre una barca con motor de voadeira","datePublished":"2026-03-06T10:53:09+00:00","dateModified":"2026-03-06T10:53:10+00:00","mainEntityOfPage":{"@id":"https:\/\/elcanillita.info\/press\/2026\/03\/06\/segundo-mandato\/"},"wordCount":589,"publisher":{"@id":"https:\/\/elcanillita.info\/press\/#organization"},"image":{"@id":"https:\/\/elcanillita.info\/press\/2026\/03\/06\/segundo-mandato\/#primaryimage"},"thumbnailUrl":"https:\/\/elcanillita.info\/press\/images\/2026\/03\/cover_rmaguzzo.jpg","keywords":["Argentina"],"articleSection":[".",".","Actualidad","Am\u00e9rica del Sur","Politica"],"inLanguage":"es-AR"},{"@type":"WebPage","@id":"https:\/\/elcanillita.info\/press\/2026\/03\/06\/segundo-mandato\/","url":"https:\/\/elcanillita.info\/press\/2026\/03\/06\/segundo-mandato\/","name":"Milei sobre una barca con motor de voadeira - ElCanillita.Info","isPartOf":{"@id":"https:\/\/elcanillita.info\/press\/#website"},"primaryImageOfPage":{"@id":"https:\/\/elcanillita.info\/press\/2026\/03\/06\/segundo-mandato\/#primaryimage"},"image":{"@id":"https:\/\/elcanillita.info\/press\/2026\/03\/06\/segundo-mandato\/#primaryimage"},"thumbnailUrl":"https:\/\/elcanillita.info\/press\/images\/2026\/03\/cover_rmaguzzo.jpg","datePublished":"2026-03-06T10:53:09+00:00","dateModified":"2026-03-06T10:53:10+00:00","inLanguage":"es-AR","potentialAction":[{"@type":"ReadAction","target":["https:\/\/elcanillita.info\/press\/2026\/03\/06\/segundo-mandato\/"]}]},{"@type":"ImageObject","inLanguage":"es-AR","@id":"https:\/\/elcanillita.info\/press\/2026\/03\/06\/segundo-mandato\/#primaryimage","url":"https:\/\/elcanillita.info\/press\/images\/2026\/03\/cover_rmaguzzo.jpg","contentUrl":"https:\/\/elcanillita.info\/press\/images\/2026\/03\/cover_rmaguzzo.jpg","width":500,"height":500},{"@type":"WebSite","@id":"https:\/\/elcanillita.info\/press\/#website","url":"https:\/\/elcanillita.info\/press\/","name":"ElCanillita.Info","description":"desde los Apeninos a los Andes","publisher":{"@id":"https:\/\/elcanillita.info\/press\/#organization"},"potentialAction":[{"@type":"SearchAction","target":{"@type":"EntryPoint","urlTemplate":"https:\/\/elcanillita.info\/press\/?s={search_term_string}"},"query-input":{"@type":"PropertyValueSpecification","valueRequired":true,"valueName":"search_term_string"}}],"inLanguage":"es-AR"},{"@type":"Organization","@id":"https:\/\/elcanillita.info\/press\/#organization","name":"Guzzo Photos & Graphic Publications","url":"https:\/\/elcanillita.info\/press\/","logo":{"@type":"ImageObject","inLanguage":"es-AR","@id":"https:\/\/elcanillita.info\/press\/#\/schema\/logo\/image\/","url":"https:\/\/elcanillita.info\/press\/images\/2020\/01\/cropped-cropped-cropped-elcanillitainfo.png","contentUrl":"https:\/\/elcanillita.info\/press\/images\/2020\/01\/cropped-cropped-cropped-elcanillitainfo.png","width":460,"height":50,"caption":"Guzzo Photos & Graphic Publications"},"image":{"@id":"https:\/\/elcanillita.info\/press\/#\/schema\/logo\/image\/"},"sameAs":["https:\/\/ar-ar.facebook.com\/ElCanillitainfo-114249515285712\/"]},{"@type":"Person","@id":"https:\/\/elcanillita.info\/press\/#\/schema\/person\/e37a550cff8f5f3407ed112e4cc619cb","name":"ElCanillita.info Guzzo Photos &amp; Graphic Publications","image":{"@type":"ImageObject","inLanguage":"es-AR","@id":"https:\/\/secure.gravatar.com\/avatar\/8914fbe0ef09248907e331ab93dfa89c7f76decf6b51cd1b2f8444e6260db772?s=96&d=mm&r=g","url":"https:\/\/secure.gravatar.com\/avatar\/8914fbe0ef09248907e331ab93dfa89c7f76decf6b51cd1b2f8444e6260db772?s=96&d=mm&r=g","contentUrl":"https:\/\/secure.gravatar.com\/avatar\/8914fbe0ef09248907e331ab93dfa89c7f76decf6b51cd1b2f8444e6260db772?s=96&d=mm&r=g","caption":"ElCanillita.info Guzzo Photos &amp; Graphic Publications"},"sameAs":["http:\/\/guzzophotos.com"]}]}},"views":77,"_links":{"self":[{"href":"https:\/\/elcanillita.info\/press\/wp-json\/wp\/v2\/posts\/6086","targetHints":{"allow":["GET"]}}],"collection":[{"href":"https:\/\/elcanillita.info\/press\/wp-json\/wp\/v2\/posts"}],"about":[{"href":"https:\/\/elcanillita.info\/press\/wp-json\/wp\/v2\/types\/post"}],"author":[{"embeddable":true,"href":"https:\/\/elcanillita.info\/press\/wp-json\/wp\/v2\/users\/14"}],"replies":[{"embeddable":true,"href":"https:\/\/elcanillita.info\/press\/wp-json\/wp\/v2\/comments?post=6086"}],"version-history":[{"count":0,"href":"https:\/\/elcanillita.info\/press\/wp-json\/wp\/v2\/posts\/6086\/revisions"}],"wp:featuredmedia":[{"embeddable":true,"href":"https:\/\/elcanillita.info\/press\/wp-json\/wp\/v2\/media\/6087"}],"wp:attachment":[{"href":"https:\/\/elcanillita.info\/press\/wp-json\/wp\/v2\/media?parent=6086"}],"wp:term":[{"taxonomy":"category","embeddable":true,"href":"https:\/\/elcanillita.info\/press\/wp-json\/wp\/v2\/categories?post=6086"},{"taxonomy":"post_tag","embeddable":true,"href":"https:\/\/elcanillita.info\/press\/wp-json\/wp\/v2\/tags?post=6086"}],"curies":[{"name":"wp","href":"https:\/\/api.w.org\/{rel}","templated":true}]}}