{"id":6083,"date":"2026-03-05T17:46:11","date_gmt":"2026-03-05T20:46:11","guid":{"rendered":"https:\/\/elcanillita.info\/press\/?p=6083"},"modified":"2026-03-05T17:46:34","modified_gmt":"2026-03-05T20:46:34","slug":"noticias-de-cuba-7","status":"publish","type":"post","link":"https:\/\/elcanillita.info\/press\/2026\/03\/05\/noticias-de-cuba-7\/","title":{"rendered":"Noticias de Cuba"},"content":{"rendered":"<p><video src=\" https:\/\/elcanillita.info\/press\/radio\/2026\/03\/martinoticias_20260305_18_30.mp4\" autoplay=\"autoplay\" controls=\"controls\" loop=\"loop\" width=\"100%\" height=\"100%\"><\/video><\/p>\n\n\n<p>Tres d\u00e9cadas despu\u00e9s del derribo de dos avionetas civiles de la organizaci\u00f3n &#8220;Hermanos al Rescate&#8221;, el Fiscal General de Florida, anunci\u00f3 el miercoles, la apertura de una investigaci\u00f3n criminal estatal contra Ra\u00fal Castro.<\/p>\n\n\n<hr class=\"wp-block-separator has-alpha-channel-opacity\"\/>\n<p><small>Marti Noticias \u2013 Publication Date: 04.03.2026<br \/>\nSalaStampa.Eu affiliate with USAGM \u2013 Edited by Guzzo Photos &amp; Graphic Publications.<br \/>\nCopyright \u00a9 1998-2026, VOA. Reprinted by ElCanillita.info with the permission of USAGM \u2013 Washington DC 20036<\/small><\/p>","protected":false},"excerpt":{"rendered":"<p>Tres d\u00e9cadas despu\u00e9s del derribo de dos avionetas civiles de la organizaci\u00f3n &#8220;Hermanos al Rescate&#8221;, el Fiscal General de Florida, anunci\u00f3 el miercoles, la apertura de una investigaci\u00f3n criminal estatal contra Ra\u00fal Castro.<\/p>\n","protected":false},"author":1,"featured_media":6084,"comment_status":"closed","ping_status":"closed","sticky":false,"template":"","format":"standard","meta":{"footnotes":"","_links_to":"","_links_to_target":""},"categories":[108,121,156,89,157],"tags":[],"class_list":["post-6083","post","type-post","status-publish","format-standard","has-post-thumbnail","hentry","category-blogdiario","category-dc24","category-america-insular","category-broadcasting","category-radio-marti","entry","double"],"yoast_head":"<!-- This site is optimized with the Yoast SEO plugin v27.4 - https:\/\/yoast.com\/product\/yoast-seo-wordpress\/ -->\n<title>Noticias de Cuba - ElCanillita.Info<\/title>\n<meta name=\"robots\" content=\"index, follow, max-snippet:-1, max-image-preview:large, max-video-preview:-1\" \/>\n<link rel=\"canonical\" href=\"https:\/\/elcanillita.info\/press\/2026\/03\/05\/noticias-de-cuba-7\/\" \/>\n<meta property=\"og:locale\" content=\"es_ES\" \/>\n<meta property=\"og:type\" content=\"article\" \/>\n<meta property=\"og:title\" content=\"Noticias de Cuba - ElCanillita.Info\" \/>\n<meta property=\"og:description\" content=\"Tres d\u00e9cadas despu\u00e9s del derribo de dos avionetas civiles de la organizaci\u00f3n &quot;Hermanos al Rescate&quot;, el Fiscal General de Florida, anunci\u00f3 el miercoles, la apertura de una investigaci\u00f3n criminal estatal contra Ra\u00fal Castro.\" \/>\n<meta property=\"og:url\" content=\"https:\/\/elcanillita.info\/press\/2026\/03\/05\/noticias-de-cuba-7\/\" \/>\n<meta property=\"og:site_name\" content=\"ElCanillita.Info\" \/>\n<meta property=\"article:publisher\" content=\"https:\/\/ar-ar.facebook.com\/ElCanillitainfo-114249515285712\/\" \/>\n<meta property=\"article:published_time\" content=\"2026-03-05T20:46:11+00:00\" \/>\n<meta property=\"article:modified_time\" content=\"2026-03-05T20:46:34+00:00\" \/>\n<meta property=\"og:image\" content=\"https:\/\/elcanillita.info\/press\/images\/2026\/03\/WhatsApp-Image-2026-03-05-at-16.52.55.jpeg\" \/>\n\t<meta property=\"og:image:width\" content=\"393\" \/>\n\t<meta property=\"og:image:height\" content=\"218\" \/>\n\t<meta property=\"og:image:type\" content=\"image\/jpeg\" \/>\n<meta name=\"author\" content=\"SalaStampa.eu, world press service\" \/>\n<meta name=\"twitter:card\" content=\"summary_large_image\" \/>\n<meta name=\"twitter:label1\" content=\"Escrito por\" \/>\n\t<meta name=\"twitter:data1\" content=\"SalaStampa.eu, world press service\" \/>\n\t<meta name=\"twitter:label2\" content=\"Tiempo de lectura\" \/>\n\t<meta name=\"twitter:data2\" content=\"1 minuto\" \/>\n<script type=\"application\/ld+json\" class=\"yoast-schema-graph\">{\"@context\":\"https:\\\/\\\/schema.org\",\"@graph\":[{\"@type\":\"Article\",\"@id\":\"https:\\\/\\\/elcanillita.info\\\/press\\\/2026\\\/03\\\/05\\\/noticias-de-cuba-7\\\/#article\",\"isPartOf\":{\"@id\":\"https:\\\/\\\/elcanillita.info\\\/press\\\/2026\\\/03\\\/05\\\/noticias-de-cuba-7\\\/\"},\"author\":{\"name\":\"SalaStampa.eu, world press service\",\"@id\":\"https:\\\/\\\/elcanillita.info\\\/press\\\/#\\\/schema\\\/person\\\/7fcb79f38045700919f7da6d97e71ba0\"},\"headline\":\"Noticias de Cuba\",\"datePublished\":\"2026-03-05T20:46:11+00:00\",\"dateModified\":\"2026-03-05T20:46:34+00:00\",\"mainEntityOfPage\":{\"@id\":\"https:\\\/\\\/elcanillita.info\\\/press\\\/2026\\\/03\\\/05\\\/noticias-de-cuba-7\\\/\"},\"wordCount\":71,\"publisher\":{\"@id\":\"https:\\\/\\\/elcanillita.info\\\/press\\\/#organization\"},\"image\":{\"@id\":\"https:\\\/\\\/elcanillita.info\\\/press\\\/2026\\\/03\\\/05\\\/noticias-de-cuba-7\\\/#primaryimage\"},\"thumbnailUrl\":\"https:\\\/\\\/elcanillita.info\\\/press\\\/images\\\/2026\\\/03\\\/WhatsApp-Image-2026-03-05-at-16.52.55.jpeg\",\"articleSection\":[\".\",\".\",\"Am\u00e9rica Insular\",\"broadcasting\",\"Radio Marti\"],\"inLanguage\":\"es-AR\"},{\"@type\":\"WebPage\",\"@id\":\"https:\\\/\\\/elcanillita.info\\\/press\\\/2026\\\/03\\\/05\\\/noticias-de-cuba-7\\\/\",\"url\":\"https:\\\/\\\/elcanillita.info\\\/press\\\/2026\\\/03\\\/05\\\/noticias-de-cuba-7\\\/\",\"name\":\"Noticias de Cuba - ElCanillita.Info\",\"isPartOf\":{\"@id\":\"https:\\\/\\\/elcanillita.info\\\/press\\\/#website\"},\"primaryImageOfPage\":{\"@id\":\"https:\\\/\\\/elcanillita.info\\\/press\\\/2026\\\/03\\\/05\\\/noticias-de-cuba-7\\\/#primaryimage\"},\"image\":{\"@id\":\"https:\\\/\\\/elcanillita.info\\\/press\\\/2026\\\/03\\\/05\\\/noticias-de-cuba-7\\\/#primaryimage\"},\"thumbnailUrl\":\"https:\\\/\\\/elcanillita.info\\\/press\\\/images\\\/2026\\\/03\\\/WhatsApp-Image-2026-03-05-at-16.52.55.jpeg\",\"datePublished\":\"2026-03-05T20:46:11+00:00\",\"dateModified\":\"2026-03-05T20:46:34+00:00\",\"inLanguage\":\"es-AR\",\"potentialAction\":[{\"@type\":\"ReadAction\",\"target\":[\"https:\\\/\\\/elcanillita.info\\\/press\\\/2026\\\/03\\\/05\\\/noticias-de-cuba-7\\\/\"]}]},{\"@type\":\"ImageObject\",\"inLanguage\":\"es-AR\",\"@id\":\"https:\\\/\\\/elcanillita.info\\\/press\\\/2026\\\/03\\\/05\\\/noticias-de-cuba-7\\\/#primaryimage\",\"url\":\"https:\\\/\\\/elcanillita.info\\\/press\\\/images\\\/2026\\\/03\\\/WhatsApp-Image-2026-03-05-at-16.52.55.jpeg\",\"contentUrl\":\"https:\\\/\\\/elcanillita.info\\\/press\\\/images\\\/2026\\\/03\\\/WhatsApp-Image-2026-03-05-at-16.52.55.jpeg\",\"width\":393,\"height\":218},{\"@type\":\"WebSite\",\"@id\":\"https:\\\/\\\/elcanillita.info\\\/press\\\/#website\",\"url\":\"https:\\\/\\\/elcanillita.info\\\/press\\\/\",\"name\":\"ElCanillita.Info\",\"description\":\"desde los Apeninos a los Andes\",\"publisher\":{\"@id\":\"https:\\\/\\\/elcanillita.info\\\/press\\\/#organization\"},\"potentialAction\":[{\"@type\":\"SearchAction\",\"target\":{\"@type\":\"EntryPoint\",\"urlTemplate\":\"https:\\\/\\\/elcanillita.info\\\/press\\\/?s={search_term_string}\"},\"query-input\":{\"@type\":\"PropertyValueSpecification\",\"valueRequired\":true,\"valueName\":\"search_term_string\"}}],\"inLanguage\":\"es-AR\"},{\"@type\":\"Organization\",\"@id\":\"https:\\\/\\\/elcanillita.info\\\/press\\\/#organization\",\"name\":\"Guzzo Photos & Graphic Publications\",\"url\":\"https:\\\/\\\/elcanillita.info\\\/press\\\/\",\"logo\":{\"@type\":\"ImageObject\",\"inLanguage\":\"es-AR\",\"@id\":\"https:\\\/\\\/elcanillita.info\\\/press\\\/#\\\/schema\\\/logo\\\/image\\\/\",\"url\":\"https:\\\/\\\/elcanillita.info\\\/press\\\/images\\\/2020\\\/01\\\/cropped-cropped-cropped-elcanillitainfo.png\",\"contentUrl\":\"https:\\\/\\\/elcanillita.info\\\/press\\\/images\\\/2020\\\/01\\\/cropped-cropped-cropped-elcanillitainfo.png\",\"width\":460,\"height\":50,\"caption\":\"Guzzo Photos & Graphic Publications\"},\"image\":{\"@id\":\"https:\\\/\\\/elcanillita.info\\\/press\\\/#\\\/schema\\\/logo\\\/image\\\/\"},\"sameAs\":[\"https:\\\/\\\/ar-ar.facebook.com\\\/ElCanillitainfo-114249515285712\\\/\"]},{\"@type\":\"Person\",\"@id\":\"https:\\\/\\\/elcanillita.info\\\/press\\\/#\\\/schema\\\/person\\\/7fcb79f38045700919f7da6d97e71ba0\",\"name\":\"SalaStampa.eu, world press service\",\"image\":{\"@type\":\"ImageObject\",\"inLanguage\":\"es-AR\",\"@id\":\"https:\\\/\\\/secure.gravatar.com\\\/avatar\\\/c2f0e0d515a107624234994507816ca4724c7199cef73fc8bedebf6931d73888?s=96&d=mm&r=g\",\"url\":\"https:\\\/\\\/secure.gravatar.com\\\/avatar\\\/c2f0e0d515a107624234994507816ca4724c7199cef73fc8bedebf6931d73888?s=96&d=mm&r=g\",\"contentUrl\":\"https:\\\/\\\/secure.gravatar.com\\\/avatar\\\/c2f0e0d515a107624234994507816ca4724c7199cef73fc8bedebf6931d73888?s=96&d=mm&r=g\",\"caption\":\"SalaStampa.eu, world press service\"}}]}<\/script>\n<!-- \/ Yoast SEO plugin. -->","yoast_head_json":{"title":"Noticias de Cuba - ElCanillita.Info","robots":{"index":"index","follow":"follow","max-snippet":"max-snippet:-1","max-image-preview":"max-image-preview:large","max-video-preview":"max-video-preview:-1"},"canonical":"https:\/\/elcanillita.info\/press\/2026\/03\/05\/noticias-de-cuba-7\/","og_locale":"es_ES","og_type":"article","og_title":"Noticias de Cuba - ElCanillita.Info","og_description":"Tres d\u00e9cadas despu\u00e9s del derribo de dos avionetas civiles de la organizaci\u00f3n \"Hermanos al Rescate\", el Fiscal General de Florida, anunci\u00f3 el miercoles, la apertura de una investigaci\u00f3n criminal estatal contra Ra\u00fal Castro.","og_url":"https:\/\/elcanillita.info\/press\/2026\/03\/05\/noticias-de-cuba-7\/","og_site_name":"ElCanillita.Info","article_publisher":"https:\/\/ar-ar.facebook.com\/ElCanillitainfo-114249515285712\/","article_published_time":"2026-03-05T20:46:11+00:00","article_modified_time":"2026-03-05T20:46:34+00:00","og_image":[{"width":393,"height":218,"url":"https:\/\/elcanillita.info\/press\/images\/2026\/03\/WhatsApp-Image-2026-03-05-at-16.52.55.jpeg","type":"image\/jpeg"}],"author":"SalaStampa.eu, world press service","twitter_card":"summary_large_image","twitter_misc":{"Escrito por":"SalaStampa.eu, world press service","Tiempo de lectura":"1 minuto"},"schema":{"@context":"https:\/\/schema.org","@graph":[{"@type":"Article","@id":"https:\/\/elcanillita.info\/press\/2026\/03\/05\/noticias-de-cuba-7\/#article","isPartOf":{"@id":"https:\/\/elcanillita.info\/press\/2026\/03\/05\/noticias-de-cuba-7\/"},"author":{"name":"SalaStampa.eu, world press service","@id":"https:\/\/elcanillita.info\/press\/#\/schema\/person\/7fcb79f38045700919f7da6d97e71ba0"},"headline":"Noticias de Cuba","datePublished":"2026-03-05T20:46:11+00:00","dateModified":"2026-03-05T20:46:34+00:00","mainEntityOfPage":{"@id":"https:\/\/elcanillita.info\/press\/2026\/03\/05\/noticias-de-cuba-7\/"},"wordCount":71,"publisher":{"@id":"https:\/\/elcanillita.info\/press\/#organization"},"image":{"@id":"https:\/\/elcanillita.info\/press\/2026\/03\/05\/noticias-de-cuba-7\/#primaryimage"},"thumbnailUrl":"https:\/\/elcanillita.info\/press\/images\/2026\/03\/WhatsApp-Image-2026-03-05-at-16.52.55.jpeg","articleSection":[".",".","Am\u00e9rica Insular","broadcasting","Radio Marti"],"inLanguage":"es-AR"},{"@type":"WebPage","@id":"https:\/\/elcanillita.info\/press\/2026\/03\/05\/noticias-de-cuba-7\/","url":"https:\/\/elcanillita.info\/press\/2026\/03\/05\/noticias-de-cuba-7\/","name":"Noticias de Cuba - ElCanillita.Info","isPartOf":{"@id":"https:\/\/elcanillita.info\/press\/#website"},"primaryImageOfPage":{"@id":"https:\/\/elcanillita.info\/press\/2026\/03\/05\/noticias-de-cuba-7\/#primaryimage"},"image":{"@id":"https:\/\/elcanillita.info\/press\/2026\/03\/05\/noticias-de-cuba-7\/#primaryimage"},"thumbnailUrl":"https:\/\/elcanillita.info\/press\/images\/2026\/03\/WhatsApp-Image-2026-03-05-at-16.52.55.jpeg","datePublished":"2026-03-05T20:46:11+00:00","dateModified":"2026-03-05T20:46:34+00:00","inLanguage":"es-AR","potentialAction":[{"@type":"ReadAction","target":["https:\/\/elcanillita.info\/press\/2026\/03\/05\/noticias-de-cuba-7\/"]}]},{"@type":"ImageObject","inLanguage":"es-AR","@id":"https:\/\/elcanillita.info\/press\/2026\/03\/05\/noticias-de-cuba-7\/#primaryimage","url":"https:\/\/elcanillita.info\/press\/images\/2026\/03\/WhatsApp-Image-2026-03-05-at-16.52.55.jpeg","contentUrl":"https:\/\/elcanillita.info\/press\/images\/2026\/03\/WhatsApp-Image-2026-03-05-at-16.52.55.jpeg","width":393,"height":218},{"@type":"WebSite","@id":"https:\/\/elcanillita.info\/press\/#website","url":"https:\/\/elcanillita.info\/press\/","name":"ElCanillita.Info","description":"desde los Apeninos a los Andes","publisher":{"@id":"https:\/\/elcanillita.info\/press\/#organization"},"potentialAction":[{"@type":"SearchAction","target":{"@type":"EntryPoint","urlTemplate":"https:\/\/elcanillita.info\/press\/?s={search_term_string}"},"query-input":{"@type":"PropertyValueSpecification","valueRequired":true,"valueName":"search_term_string"}}],"inLanguage":"es-AR"},{"@type":"Organization","@id":"https:\/\/elcanillita.info\/press\/#organization","name":"Guzzo Photos & Graphic Publications","url":"https:\/\/elcanillita.info\/press\/","logo":{"@type":"ImageObject","inLanguage":"es-AR","@id":"https:\/\/elcanillita.info\/press\/#\/schema\/logo\/image\/","url":"https:\/\/elcanillita.info\/press\/images\/2020\/01\/cropped-cropped-cropped-elcanillitainfo.png","contentUrl":"https:\/\/elcanillita.info\/press\/images\/2020\/01\/cropped-cropped-cropped-elcanillitainfo.png","width":460,"height":50,"caption":"Guzzo Photos & Graphic Publications"},"image":{"@id":"https:\/\/elcanillita.info\/press\/#\/schema\/logo\/image\/"},"sameAs":["https:\/\/ar-ar.facebook.com\/ElCanillitainfo-114249515285712\/"]},{"@type":"Person","@id":"https:\/\/elcanillita.info\/press\/#\/schema\/person\/7fcb79f38045700919f7da6d97e71ba0","name":"SalaStampa.eu, world press service","image":{"@type":"ImageObject","inLanguage":"es-AR","@id":"https:\/\/secure.gravatar.com\/avatar\/c2f0e0d515a107624234994507816ca4724c7199cef73fc8bedebf6931d73888?s=96&d=mm&r=g","url":"https:\/\/secure.gravatar.com\/avatar\/c2f0e0d515a107624234994507816ca4724c7199cef73fc8bedebf6931d73888?s=96&d=mm&r=g","contentUrl":"https:\/\/secure.gravatar.com\/avatar\/c2f0e0d515a107624234994507816ca4724c7199cef73fc8bedebf6931d73888?s=96&d=mm&r=g","caption":"SalaStampa.eu, world press service"}}]}},"views":67,"_links":{"self":[{"href":"https:\/\/elcanillita.info\/press\/wp-json\/wp\/v2\/posts\/6083","targetHints":{"allow":["GET"]}}],"collection":[{"href":"https:\/\/elcanillita.info\/press\/wp-json\/wp\/v2\/posts"}],"about":[{"href":"https:\/\/elcanillita.info\/press\/wp-json\/wp\/v2\/types\/post"}],"author":[{"embeddable":true,"href":"https:\/\/elcanillita.info\/press\/wp-json\/wp\/v2\/users\/1"}],"replies":[{"embeddable":true,"href":"https:\/\/elcanillita.info\/press\/wp-json\/wp\/v2\/comments?post=6083"}],"version-history":[{"count":0,"href":"https:\/\/elcanillita.info\/press\/wp-json\/wp\/v2\/posts\/6083\/revisions"}],"wp:featuredmedia":[{"embeddable":true,"href":"https:\/\/elcanillita.info\/press\/wp-json\/wp\/v2\/media\/6084"}],"wp:attachment":[{"href":"https:\/\/elcanillita.info\/press\/wp-json\/wp\/v2\/media?parent=6083"}],"wp:term":[{"taxonomy":"category","embeddable":true,"href":"https:\/\/elcanillita.info\/press\/wp-json\/wp\/v2\/categories?post=6083"},{"taxonomy":"post_tag","embeddable":true,"href":"https:\/\/elcanillita.info\/press\/wp-json\/wp\/v2\/tags?post=6083"}],"curies":[{"name":"wp","href":"https:\/\/api.w.org\/{rel}","templated":true}]}}