{"id":6005,"date":"2026-02-26T04:11:31","date_gmt":"2026-02-26T07:11:31","guid":{"rendered":"https:\/\/elcanillita.info\/press\/?p=6005"},"modified":"2026-02-26T11:46:45","modified_gmt":"2026-02-26T14:46:45","slug":"verba-volant-scripta-manent","status":"publish","type":"post","link":"https:\/\/elcanillita.info\/press\/2026\/02\/26\/verba-volant-scripta-manent\/","title":{"rendered":"LOS MAGN\u00cdFICOS OCHO EN NUEVA YORK"},"content":{"rendered":"\n<figure class=\"wp-block-image size-large\"><img loading=\"lazy\" decoding=\"async\" width=\"550\" height=\"550\" src=\"https:\/\/elcanillita.info\/press\/images\/2026\/02\/img_1647.jpg\" alt=\"\" class=\"wp-image-6007\" srcset=\"https:\/\/elcanillita.info\/press\/images\/2026\/02\/img_1647.jpg 550w, https:\/\/elcanillita.info\/press\/images\/2026\/02\/img_1647-300x300.jpg 300w, https:\/\/elcanillita.info\/press\/images\/2026\/02\/img_1647-150x150.jpg 150w\" sizes=\"auto, (max-width: 550px) 100vw, 550px\" \/><\/figure>\n\n\n\n<p><\/p>\n\n\n\n<p class=\"p1\">Milei arma las valijas rumbo a Wall Street con un objetivo simple y grandilocuente: convencer al dinero de que esta vez la Argentina va en serio. <\/p>\n\n\n\n<p class=\"p1\">La \u201cArgentina Week\u201d en Nueva York es el nuevo escenario del stand up presidencial, con PowerPoint, promesas de libertad econ\u00f3mica y la selfie institucional que mejor cotiza: la de los mercados sonriendo.<\/p>\n\n\n\n<p class=\"p1\">La novedad no es el viaje sino el casting. Diez gobernadores invitados para la foto coral: oficialismo, aliados, pragm\u00e1ticos y conversos de \u00faltimo momento. La Casa Rosada quiere vender \u201crespaldo transversal\u201d en versi\u00f3n exportaci\u00f3n, como si el federalismo pudiera embalarse en carry-on y pasar por migraciones sin aranceles.<\/p>\n\n\n\n<p class=\"p1\">En el fondo, la escena es conocida: un Presidente que necesita demostrar gobernabilidad afuera porque adentro gobierna con lo justo. La foto con Wall Street funciona como amuleto: si los mercados aplauden, el Congreso afloja; si el Congreso afloja, la \u00e9pica sigue. Pol\u00edtica por proxy, con brokers de intermediarios.<\/p>\n\n\n\n<p class=\"p1\">La agenda es una pasarela de nombres propios: JPMorgan, Bank of America, CEOs, embajadores, ministros, desreguladores y tecn\u00f3cratas con sonrisa de Excel. Milei hablar\u00e1 despu\u00e9s de Jamie Dimon, como para que quede claro qui\u00e9n presenta a qui\u00e9n. El mensaje es el de siempre, pero con traducci\u00f3n simult\u00e1nea al idioma de los bonos.<\/p>\n\n\n\n<p class=\"p1\">El RIGI vuelve a escena como talism\u00e1n. \u201cVengan, inviertan, ac\u00e1 no mordemos\u201d, promete el Gobierno, mientras el pa\u00eds discute tarifas, salarios y la paciencia social que cotiza a la baja. La Argentina versi\u00f3n showroom: luces fr\u00edas, discurso ordenado, reality check postergado para la vuelta.<\/p>\n\n\n\n<p class=\"p1\">Los gobernadores, meanwhile, hacen cuentas. Viajar es quedar en la foto; no viajar es quedar afuera del club. El federalismo se negocia en c\u00f3cteles, con canap\u00e9s de consenso y brindis por inversiones que todav\u00eda no aterrizaron. En tiempos de escasez, la invitaci\u00f3n tambi\u00e9n es una forma elegante de disciplinar.<\/p>\n\n\n\n<p class=\"p1\">La alineaci\u00f3n con Estados Unidos se presenta como br\u00fajula estrat\u00e9gica. Traducido: respaldo pol\u00edtico para el ajuste y ox\u00edgeno financiero para el plan. El relato es geopol\u00edtico; la urgencia es dom\u00e9stica. En Nueva York se promete futuro; en Buenos Aires se administra el presente con tijera.<\/p>\n\n\n\n<p class=\"p1\">Entre paneles y recepciones, el Gobierno apuesta a que el entusiasmo de Wall Street derrame confianza local. Es la vieja teor\u00eda del derrame, versi\u00f3n power point: si el capital se enamora, el humor social acompa\u00f1a. Spoiler: el romance suele ser intenso y breve.<\/p>\n\n\n\n<p class=\"p1\">As\u00ed, Los Magn\u00edficos Ocho posan en Manhattan para la foto de familia ampliada del mile\u00edsmo. Un casting que intenta vender normalidad, m\u00fasculo pol\u00edtico y fe inversora. Falta la escena final: que la pel\u00edcula funcione cuando bajen las luces y el pa\u00eds vuelva a la rutina.<\/p>\n\n\n\n<p><\/p>\n\n\n\n<p>\u270d\ufe0f \u00a9 El Exportador de Promesas | 2026<\/p>\n\n\n\n<p><\/p>\n\n\n<hr style=\"\n    border: none;\n    height: 1px;\n    background: linear-gradient(to right, transparent, #ccc, transparent);\n    margin: 0;\n\" \/>\n<\/p>\n<p><small>\u00a9\ufe0f2026  Guzzo Photos  &#038; Graphic Publications \u2013 All Rights Reserved \u2013 Copyright \u00a9\ufe0f 2026 SalaStampa.eu, world press service \u2013 Guzzo Photos &#038; Graphic Publications \u2013 Registro Editori e Stampatori n. 1441 Turin, Italy<\/small><\/p>\n\n\n<p><\/p>\n","protected":false},"excerpt":{"rendered":"<p>Milei arma las valijas rumbo a Wall Street con un objetivo simple y grandilocuente: convencer al dinero de que esta vez la Argentina va en serio.<\/p>\n","protected":false},"author":14,"featured_media":6007,"comment_status":"closed","ping_status":"closed","sticky":false,"template":"","format":"standard","meta":{"footnotes":"","_links_to":"","_links_to_target":""},"categories":[121,108,70,11,20,23],"tags":[29],"class_list":["post-6005","post","type-post","status-publish","format-standard","has-post-thumbnail","hentry","category-dc24","category-blogdiario","category-actualidad","category-america-del-sur","category-economia","category-politica","tag-argentina","entry","double"],"yoast_head":"<!-- This site is optimized with the Yoast SEO plugin v27.4 - https:\/\/yoast.com\/product\/yoast-seo-wordpress\/ -->\n<title>LOS MAGN\u00cdFICOS OCHO EN NUEVA YORK - ElCanillita.Info<\/title>\n<meta name=\"robots\" content=\"index, follow, max-snippet:-1, max-image-preview:large, max-video-preview:-1\" \/>\n<link rel=\"canonical\" href=\"https:\/\/elcanillita.info\/press\/2026\/02\/26\/verba-volant-scripta-manent\/\" \/>\n<meta property=\"og:locale\" content=\"es_ES\" \/>\n<meta property=\"og:type\" content=\"article\" \/>\n<meta property=\"og:title\" content=\"LOS MAGN\u00cdFICOS OCHO EN NUEVA YORK - ElCanillita.Info\" \/>\n<meta property=\"og:description\" content=\"Milei arma las valijas rumbo a Wall Street con un objetivo simple y grandilocuente: convencer al dinero de que esta vez la Argentina va en serio.\" \/>\n<meta property=\"og:url\" content=\"https:\/\/elcanillita.info\/press\/2026\/02\/26\/verba-volant-scripta-manent\/\" \/>\n<meta property=\"og:site_name\" content=\"ElCanillita.Info\" \/>\n<meta property=\"article:publisher\" content=\"https:\/\/ar-ar.facebook.com\/ElCanillitainfo-114249515285712\/\" \/>\n<meta property=\"article:published_time\" content=\"2026-02-26T07:11:31+00:00\" \/>\n<meta property=\"article:modified_time\" content=\"2026-02-26T14:46:45+00:00\" \/>\n<meta property=\"og:image\" content=\"https:\/\/elcanillita.info\/press\/images\/2026\/02\/img_1647.jpg\" \/>\n\t<meta property=\"og:image:width\" content=\"550\" \/>\n\t<meta property=\"og:image:height\" content=\"550\" \/>\n\t<meta property=\"og:image:type\" content=\"image\/jpeg\" \/>\n<meta name=\"author\" content=\"ElCanillita.info Guzzo Photos &amp; Graphic Publications\" \/>\n<meta name=\"twitter:card\" content=\"summary_large_image\" \/>\n<meta name=\"twitter:label1\" content=\"Escrito por\" \/>\n\t<meta name=\"twitter:data1\" content=\"ElCanillita.info Guzzo Photos &amp; Graphic Publications\" \/>\n\t<meta name=\"twitter:label2\" content=\"Tiempo de lectura\" \/>\n\t<meta name=\"twitter:data2\" content=\"3 minutos\" \/>\n<script type=\"application\/ld+json\" class=\"yoast-schema-graph\">{\"@context\":\"https:\\\/\\\/schema.org\",\"@graph\":[{\"@type\":\"Article\",\"@id\":\"https:\\\/\\\/elcanillita.info\\\/press\\\/2026\\\/02\\\/26\\\/verba-volant-scripta-manent\\\/#article\",\"isPartOf\":{\"@id\":\"https:\\\/\\\/elcanillita.info\\\/press\\\/2026\\\/02\\\/26\\\/verba-volant-scripta-manent\\\/\"},\"author\":{\"name\":\"ElCanillita.info Guzzo Photos &amp; Graphic Publications\",\"@id\":\"https:\\\/\\\/elcanillita.info\\\/press\\\/#\\\/schema\\\/person\\\/e37a550cff8f5f3407ed112e4cc619cb\"},\"headline\":\"LOS MAGN\u00cdFICOS OCHO EN NUEVA YORK\",\"datePublished\":\"2026-02-26T07:11:31+00:00\",\"dateModified\":\"2026-02-26T14:46:45+00:00\",\"mainEntityOfPage\":{\"@id\":\"https:\\\/\\\/elcanillita.info\\\/press\\\/2026\\\/02\\\/26\\\/verba-volant-scripta-manent\\\/\"},\"wordCount\":504,\"publisher\":{\"@id\":\"https:\\\/\\\/elcanillita.info\\\/press\\\/#organization\"},\"image\":{\"@id\":\"https:\\\/\\\/elcanillita.info\\\/press\\\/2026\\\/02\\\/26\\\/verba-volant-scripta-manent\\\/#primaryimage\"},\"thumbnailUrl\":\"https:\\\/\\\/elcanillita.info\\\/press\\\/images\\\/2026\\\/02\\\/img_1647.jpg\",\"keywords\":[\"Argentina\"],\"articleSection\":[\".\",\".\",\"Actualidad\",\"Am\u00e9rica del Sur\",\"Economia\",\"Politica\"],\"inLanguage\":\"es-AR\"},{\"@type\":\"WebPage\",\"@id\":\"https:\\\/\\\/elcanillita.info\\\/press\\\/2026\\\/02\\\/26\\\/verba-volant-scripta-manent\\\/\",\"url\":\"https:\\\/\\\/elcanillita.info\\\/press\\\/2026\\\/02\\\/26\\\/verba-volant-scripta-manent\\\/\",\"name\":\"LOS MAGN\u00cdFICOS OCHO EN NUEVA YORK - ElCanillita.Info\",\"isPartOf\":{\"@id\":\"https:\\\/\\\/elcanillita.info\\\/press\\\/#website\"},\"primaryImageOfPage\":{\"@id\":\"https:\\\/\\\/elcanillita.info\\\/press\\\/2026\\\/02\\\/26\\\/verba-volant-scripta-manent\\\/#primaryimage\"},\"image\":{\"@id\":\"https:\\\/\\\/elcanillita.info\\\/press\\\/2026\\\/02\\\/26\\\/verba-volant-scripta-manent\\\/#primaryimage\"},\"thumbnailUrl\":\"https:\\\/\\\/elcanillita.info\\\/press\\\/images\\\/2026\\\/02\\\/img_1647.jpg\",\"datePublished\":\"2026-02-26T07:11:31+00:00\",\"dateModified\":\"2026-02-26T14:46:45+00:00\",\"inLanguage\":\"es-AR\",\"potentialAction\":[{\"@type\":\"ReadAction\",\"target\":[\"https:\\\/\\\/elcanillita.info\\\/press\\\/2026\\\/02\\\/26\\\/verba-volant-scripta-manent\\\/\"]}]},{\"@type\":\"ImageObject\",\"inLanguage\":\"es-AR\",\"@id\":\"https:\\\/\\\/elcanillita.info\\\/press\\\/2026\\\/02\\\/26\\\/verba-volant-scripta-manent\\\/#primaryimage\",\"url\":\"https:\\\/\\\/elcanillita.info\\\/press\\\/images\\\/2026\\\/02\\\/img_1647.jpg\",\"contentUrl\":\"https:\\\/\\\/elcanillita.info\\\/press\\\/images\\\/2026\\\/02\\\/img_1647.jpg\",\"width\":550,\"height\":550},{\"@type\":\"WebSite\",\"@id\":\"https:\\\/\\\/elcanillita.info\\\/press\\\/#website\",\"url\":\"https:\\\/\\\/elcanillita.info\\\/press\\\/\",\"name\":\"ElCanillita.Info\",\"description\":\"desde los Apeninos a los Andes\",\"publisher\":{\"@id\":\"https:\\\/\\\/elcanillita.info\\\/press\\\/#organization\"},\"potentialAction\":[{\"@type\":\"SearchAction\",\"target\":{\"@type\":\"EntryPoint\",\"urlTemplate\":\"https:\\\/\\\/elcanillita.info\\\/press\\\/?s={search_term_string}\"},\"query-input\":{\"@type\":\"PropertyValueSpecification\",\"valueRequired\":true,\"valueName\":\"search_term_string\"}}],\"inLanguage\":\"es-AR\"},{\"@type\":\"Organization\",\"@id\":\"https:\\\/\\\/elcanillita.info\\\/press\\\/#organization\",\"name\":\"Guzzo Photos & Graphic Publications\",\"url\":\"https:\\\/\\\/elcanillita.info\\\/press\\\/\",\"logo\":{\"@type\":\"ImageObject\",\"inLanguage\":\"es-AR\",\"@id\":\"https:\\\/\\\/elcanillita.info\\\/press\\\/#\\\/schema\\\/logo\\\/image\\\/\",\"url\":\"https:\\\/\\\/elcanillita.info\\\/press\\\/images\\\/2020\\\/01\\\/cropped-cropped-cropped-elcanillitainfo.png\",\"contentUrl\":\"https:\\\/\\\/elcanillita.info\\\/press\\\/images\\\/2020\\\/01\\\/cropped-cropped-cropped-elcanillitainfo.png\",\"width\":460,\"height\":50,\"caption\":\"Guzzo Photos & Graphic Publications\"},\"image\":{\"@id\":\"https:\\\/\\\/elcanillita.info\\\/press\\\/#\\\/schema\\\/logo\\\/image\\\/\"},\"sameAs\":[\"https:\\\/\\\/ar-ar.facebook.com\\\/ElCanillitainfo-114249515285712\\\/\"]},{\"@type\":\"Person\",\"@id\":\"https:\\\/\\\/elcanillita.info\\\/press\\\/#\\\/schema\\\/person\\\/e37a550cff8f5f3407ed112e4cc619cb\",\"name\":\"ElCanillita.info Guzzo Photos &amp; Graphic Publications\",\"image\":{\"@type\":\"ImageObject\",\"inLanguage\":\"es-AR\",\"@id\":\"https:\\\/\\\/secure.gravatar.com\\\/avatar\\\/8914fbe0ef09248907e331ab93dfa89c7f76decf6b51cd1b2f8444e6260db772?s=96&d=mm&r=g\",\"url\":\"https:\\\/\\\/secure.gravatar.com\\\/avatar\\\/8914fbe0ef09248907e331ab93dfa89c7f76decf6b51cd1b2f8444e6260db772?s=96&d=mm&r=g\",\"contentUrl\":\"https:\\\/\\\/secure.gravatar.com\\\/avatar\\\/8914fbe0ef09248907e331ab93dfa89c7f76decf6b51cd1b2f8444e6260db772?s=96&d=mm&r=g\",\"caption\":\"ElCanillita.info Guzzo Photos &amp; Graphic Publications\"},\"sameAs\":[\"http:\\\/\\\/guzzophotos.com\"]}]}<\/script>\n<!-- \/ Yoast SEO plugin. -->","yoast_head_json":{"title":"LOS MAGN\u00cdFICOS OCHO EN NUEVA YORK - ElCanillita.Info","robots":{"index":"index","follow":"follow","max-snippet":"max-snippet:-1","max-image-preview":"max-image-preview:large","max-video-preview":"max-video-preview:-1"},"canonical":"https:\/\/elcanillita.info\/press\/2026\/02\/26\/verba-volant-scripta-manent\/","og_locale":"es_ES","og_type":"article","og_title":"LOS MAGN\u00cdFICOS OCHO EN NUEVA YORK - ElCanillita.Info","og_description":"Milei arma las valijas rumbo a Wall Street con un objetivo simple y grandilocuente: convencer al dinero de que esta vez la Argentina va en serio.","og_url":"https:\/\/elcanillita.info\/press\/2026\/02\/26\/verba-volant-scripta-manent\/","og_site_name":"ElCanillita.Info","article_publisher":"https:\/\/ar-ar.facebook.com\/ElCanillitainfo-114249515285712\/","article_published_time":"2026-02-26T07:11:31+00:00","article_modified_time":"2026-02-26T14:46:45+00:00","og_image":[{"width":550,"height":550,"url":"https:\/\/elcanillita.info\/press\/images\/2026\/02\/img_1647.jpg","type":"image\/jpeg"}],"author":"ElCanillita.info Guzzo Photos &amp; Graphic Publications","twitter_card":"summary_large_image","twitter_misc":{"Escrito por":"ElCanillita.info Guzzo Photos &amp; Graphic Publications","Tiempo de lectura":"3 minutos"},"schema":{"@context":"https:\/\/schema.org","@graph":[{"@type":"Article","@id":"https:\/\/elcanillita.info\/press\/2026\/02\/26\/verba-volant-scripta-manent\/#article","isPartOf":{"@id":"https:\/\/elcanillita.info\/press\/2026\/02\/26\/verba-volant-scripta-manent\/"},"author":{"name":"ElCanillita.info Guzzo Photos &amp; Graphic Publications","@id":"https:\/\/elcanillita.info\/press\/#\/schema\/person\/e37a550cff8f5f3407ed112e4cc619cb"},"headline":"LOS MAGN\u00cdFICOS OCHO EN NUEVA YORK","datePublished":"2026-02-26T07:11:31+00:00","dateModified":"2026-02-26T14:46:45+00:00","mainEntityOfPage":{"@id":"https:\/\/elcanillita.info\/press\/2026\/02\/26\/verba-volant-scripta-manent\/"},"wordCount":504,"publisher":{"@id":"https:\/\/elcanillita.info\/press\/#organization"},"image":{"@id":"https:\/\/elcanillita.info\/press\/2026\/02\/26\/verba-volant-scripta-manent\/#primaryimage"},"thumbnailUrl":"https:\/\/elcanillita.info\/press\/images\/2026\/02\/img_1647.jpg","keywords":["Argentina"],"articleSection":[".",".","Actualidad","Am\u00e9rica del Sur","Economia","Politica"],"inLanguage":"es-AR"},{"@type":"WebPage","@id":"https:\/\/elcanillita.info\/press\/2026\/02\/26\/verba-volant-scripta-manent\/","url":"https:\/\/elcanillita.info\/press\/2026\/02\/26\/verba-volant-scripta-manent\/","name":"LOS MAGN\u00cdFICOS OCHO EN NUEVA YORK - ElCanillita.Info","isPartOf":{"@id":"https:\/\/elcanillita.info\/press\/#website"},"primaryImageOfPage":{"@id":"https:\/\/elcanillita.info\/press\/2026\/02\/26\/verba-volant-scripta-manent\/#primaryimage"},"image":{"@id":"https:\/\/elcanillita.info\/press\/2026\/02\/26\/verba-volant-scripta-manent\/#primaryimage"},"thumbnailUrl":"https:\/\/elcanillita.info\/press\/images\/2026\/02\/img_1647.jpg","datePublished":"2026-02-26T07:11:31+00:00","dateModified":"2026-02-26T14:46:45+00:00","inLanguage":"es-AR","potentialAction":[{"@type":"ReadAction","target":["https:\/\/elcanillita.info\/press\/2026\/02\/26\/verba-volant-scripta-manent\/"]}]},{"@type":"ImageObject","inLanguage":"es-AR","@id":"https:\/\/elcanillita.info\/press\/2026\/02\/26\/verba-volant-scripta-manent\/#primaryimage","url":"https:\/\/elcanillita.info\/press\/images\/2026\/02\/img_1647.jpg","contentUrl":"https:\/\/elcanillita.info\/press\/images\/2026\/02\/img_1647.jpg","width":550,"height":550},{"@type":"WebSite","@id":"https:\/\/elcanillita.info\/press\/#website","url":"https:\/\/elcanillita.info\/press\/","name":"ElCanillita.Info","description":"desde los Apeninos a los Andes","publisher":{"@id":"https:\/\/elcanillita.info\/press\/#organization"},"potentialAction":[{"@type":"SearchAction","target":{"@type":"EntryPoint","urlTemplate":"https:\/\/elcanillita.info\/press\/?s={search_term_string}"},"query-input":{"@type":"PropertyValueSpecification","valueRequired":true,"valueName":"search_term_string"}}],"inLanguage":"es-AR"},{"@type":"Organization","@id":"https:\/\/elcanillita.info\/press\/#organization","name":"Guzzo Photos & Graphic Publications","url":"https:\/\/elcanillita.info\/press\/","logo":{"@type":"ImageObject","inLanguage":"es-AR","@id":"https:\/\/elcanillita.info\/press\/#\/schema\/logo\/image\/","url":"https:\/\/elcanillita.info\/press\/images\/2020\/01\/cropped-cropped-cropped-elcanillitainfo.png","contentUrl":"https:\/\/elcanillita.info\/press\/images\/2020\/01\/cropped-cropped-cropped-elcanillitainfo.png","width":460,"height":50,"caption":"Guzzo Photos & Graphic Publications"},"image":{"@id":"https:\/\/elcanillita.info\/press\/#\/schema\/logo\/image\/"},"sameAs":["https:\/\/ar-ar.facebook.com\/ElCanillitainfo-114249515285712\/"]},{"@type":"Person","@id":"https:\/\/elcanillita.info\/press\/#\/schema\/person\/e37a550cff8f5f3407ed112e4cc619cb","name":"ElCanillita.info Guzzo Photos &amp; Graphic Publications","image":{"@type":"ImageObject","inLanguage":"es-AR","@id":"https:\/\/secure.gravatar.com\/avatar\/8914fbe0ef09248907e331ab93dfa89c7f76decf6b51cd1b2f8444e6260db772?s=96&d=mm&r=g","url":"https:\/\/secure.gravatar.com\/avatar\/8914fbe0ef09248907e331ab93dfa89c7f76decf6b51cd1b2f8444e6260db772?s=96&d=mm&r=g","contentUrl":"https:\/\/secure.gravatar.com\/avatar\/8914fbe0ef09248907e331ab93dfa89c7f76decf6b51cd1b2f8444e6260db772?s=96&d=mm&r=g","caption":"ElCanillita.info Guzzo Photos &amp; Graphic Publications"},"sameAs":["http:\/\/guzzophotos.com"]}]}},"views":104,"_links":{"self":[{"href":"https:\/\/elcanillita.info\/press\/wp-json\/wp\/v2\/posts\/6005","targetHints":{"allow":["GET"]}}],"collection":[{"href":"https:\/\/elcanillita.info\/press\/wp-json\/wp\/v2\/posts"}],"about":[{"href":"https:\/\/elcanillita.info\/press\/wp-json\/wp\/v2\/types\/post"}],"author":[{"embeddable":true,"href":"https:\/\/elcanillita.info\/press\/wp-json\/wp\/v2\/users\/14"}],"replies":[{"embeddable":true,"href":"https:\/\/elcanillita.info\/press\/wp-json\/wp\/v2\/comments?post=6005"}],"version-history":[{"count":0,"href":"https:\/\/elcanillita.info\/press\/wp-json\/wp\/v2\/posts\/6005\/revisions"}],"wp:featuredmedia":[{"embeddable":true,"href":"https:\/\/elcanillita.info\/press\/wp-json\/wp\/v2\/media\/6007"}],"wp:attachment":[{"href":"https:\/\/elcanillita.info\/press\/wp-json\/wp\/v2\/media?parent=6005"}],"wp:term":[{"taxonomy":"category","embeddable":true,"href":"https:\/\/elcanillita.info\/press\/wp-json\/wp\/v2\/categories?post=6005"},{"taxonomy":"post_tag","embeddable":true,"href":"https:\/\/elcanillita.info\/press\/wp-json\/wp\/v2\/tags?post=6005"}],"curies":[{"name":"wp","href":"https:\/\/api.w.org\/{rel}","templated":true}]}}