{"id":599,"date":"2020-02-25T14:03:37","date_gmt":"2020-02-25T17:03:37","guid":{"rendered":"https:\/\/elcanillita.info\/press\/?p=599"},"modified":"2020-02-25T14:04:05","modified_gmt":"2020-02-25T17:04:05","slug":"renuncia-primer-ministro-malasia-94-anos-edad","status":"publish","type":"post","link":"https:\/\/elcanillita.info\/press\/2020\/02\/25\/renuncia-primer-ministro-malasia-94-anos-edad\/","title":{"rendered":"Renuncia primer ministro de Malasia, a los 94 a\u00f1os de edad"},"content":{"rendered":"\n<p> Kuala Lumpur, 25.02.2020 &#8211;  El primer ministro de Malasia, Mahathir Mohamad, renunci\u00f3 el lunes dejando al pa\u00eds en un estado de agitaci\u00f3n pol\u00edtica, pero acept\u00f3 una solicitud del rey de la naci\u00f3n del sudeste asi\u00e1tico para permanecer como primer ministro interino hasta que se nombre a un sucesor.<\/p>\n\n\n\n<p>La renuncia de Mahathir, de 94 a\u00f1os, deshizo una coalici\u00f3n con su viejo rival Anwar Ibrahim, de 72 a\u00f1os, que hab\u00eda obtenido una victoria electoral sorpresiva en 2018.<\/p>\n\n\n\n<p>La decisi\u00f3n, que Mahathir no explic\u00f3, vino despu\u00e9s de conversaciones de fin de semana entre miembros de su coalici\u00f3n y la oposici\u00f3n sobre la formaci\u00f3n de un nuevo gobierno.<\/p>\n\n\n\n<p>La agitaci\u00f3n pol\u00edtica, junto con la alarma en la regi\u00f3n sobre la propagaci\u00f3n del nuevo coronavirus, hizo que la moneda, los bonos y el mercado de valores de Malasia bajaran, y atrajo llamadas de algunos sectores para que regresara el l\u00edder gubernamental m\u00e1s antiguo del mundo.<\/p>\n\n\n\n<p>Las diferencias han estado latentes entre Mahathir y Anwar por los retrasos en la transferencia de poder prevista, presentando a algunos pol\u00edticos anti-Anwar una oportunidad para tratar de buscar una nueva coalici\u00f3n.<\/p>\n\n\n\n<p>El rey acept\u00f3 la renuncia despu\u00e9s de reunirse con Mahathir, dijo el secretario jefe Mohd Zuki Ali en un comunicado.<\/p>\n\n\n\n<p>&#8220;Sin embargo, Su Alteza ha dado su consentimiento para nombrar a Mahathir Mohamad como primer ministro interino, mientras espera el nombramiento del nuevo primer ministro. Por lo tanto, hasta entonces, (Mahathir) administrar\u00e1 los asuntos del pa\u00eds en tanto se nombre un nuevo primer ministro y su respectivo gabinete&#8221;, dijo Zuki.<\/p>\n\n\n\n<p>Siguiendo el consejo de Mahathir, quien sali\u00f3 de su retiro para disputar las \u00faltimas elecciones generales, el rey tambi\u00e9n consinti\u00f3 en disolver su gabinete, dijo Mohd Zuki.<\/p>\n\n\n\n<p>No hay un per\u00edodo de tiempo para el tiempo que alguien puede permanecer como l\u00edder interino, y esa persona tambi\u00e9n puede nombrar ministros del gabinete, seg\u00fan inform\u00f3 el Fiscal General, Tommy Thomas, al portal de noticias The Malaysian Insight.<br><br><small>2020 voanoticias \u2013 salastampa.eu, afiliada a la red Broadcasting Board of Governors \u00a9 2020 BBG<\/small><\/p>\n","protected":false},"excerpt":{"rendered":"<p> Kuala Lumpur, 25.02.2020 &#8211;  El primer ministro de Malasia, Mahathir Mohamad , renunci\u00f3 el lunes dejando al pa\u00eds en un estado de agitaci\u00f3n pol\u00edtica, pero acept\u00f3 una solicitud del rey de la naci\u00f3n del sudeste asi\u00e1tico para permanecer como primer ministro interino hasta que se nombre a un sucesor.<\/p>\n","protected":false},"author":1,"featured_media":0,"comment_status":"closed","ping_status":"closed","sticky":false,"template":"","format":"standard","meta":{"footnotes":"","_links_to":"","_links_to_target":""},"categories":[70,16,23,25],"tags":[87],"class_list":["post-599","post","type-post","status-publish","format-standard","hentry","category-actualidad","category-asia","category-politica","category-sociedad","tag-malasia","entry","double"],"yoast_head":"<!-- This site is optimized with the Yoast SEO plugin v27.5 - https:\/\/yoast.com\/product\/yoast-seo-wordpress\/ -->\n<title>Renuncia primer ministro de Malasia, a los 94 a\u00f1os de edad - ElCanillita.Info<\/title>\n<meta name=\"robots\" content=\"index, follow, max-snippet:-1, max-image-preview:large, max-video-preview:-1\" \/>\n<link rel=\"canonical\" href=\"https:\/\/elcanillita.info\/press\/2020\/02\/25\/renuncia-primer-ministro-malasia-94-anos-edad\/\" \/>\n<meta property=\"og:locale\" content=\"es_ES\" \/>\n<meta property=\"og:type\" content=\"article\" \/>\n<meta property=\"og:title\" content=\"Renuncia primer ministro de Malasia, a los 94 a\u00f1os de edad - ElCanillita.Info\" \/>\n<meta property=\"og:description\" content=\"Kuala Lumpur, 25.02.2020 - El primer ministro de Malasia, Mahathir Mohamad , renunci\u00f3 el lunes dejando al pa\u00eds en un estado de agitaci\u00f3n pol\u00edtica, pero acept\u00f3 una solicitud del rey de la naci\u00f3n del sudeste asi\u00e1tico para permanecer como primer ministro interino hasta que se nombre a un sucesor.\" \/>\n<meta property=\"og:url\" content=\"https:\/\/elcanillita.info\/press\/2020\/02\/25\/renuncia-primer-ministro-malasia-94-anos-edad\/\" \/>\n<meta property=\"og:site_name\" content=\"ElCanillita.Info\" \/>\n<meta property=\"article:publisher\" content=\"https:\/\/ar-ar.facebook.com\/ElCanillitainfo-114249515285712\/\" \/>\n<meta property=\"article:published_time\" content=\"2020-02-25T17:03:37+00:00\" \/>\n<meta property=\"article:modified_time\" content=\"2020-02-25T17:04:05+00:00\" \/>\n<meta name=\"author\" content=\"SalaStampa.eu, world press service\" \/>\n<meta name=\"twitter:card\" content=\"summary_large_image\" \/>\n<meta name=\"twitter:label1\" content=\"Escrito por\" \/>\n\t<meta name=\"twitter:data1\" content=\"SalaStampa.eu, world press service\" \/>\n\t<meta name=\"twitter:label2\" content=\"Tiempo de lectura\" \/>\n\t<meta name=\"twitter:data2\" content=\"2 minutos\" \/>\n<script type=\"application\/ld+json\" class=\"yoast-schema-graph\">{\"@context\":\"https:\\\/\\\/schema.org\",\"@graph\":[{\"@type\":\"Article\",\"@id\":\"https:\\\/\\\/elcanillita.info\\\/press\\\/2020\\\/02\\\/25\\\/renuncia-primer-ministro-malasia-94-anos-edad\\\/#article\",\"isPartOf\":{\"@id\":\"https:\\\/\\\/elcanillita.info\\\/press\\\/2020\\\/02\\\/25\\\/renuncia-primer-ministro-malasia-94-anos-edad\\\/\"},\"author\":{\"name\":\"SalaStampa.eu, world press service\",\"@id\":\"https:\\\/\\\/elcanillita.info\\\/press\\\/#\\\/schema\\\/person\\\/7fcb79f38045700919f7da6d97e71ba0\"},\"headline\":\"Renuncia primer ministro de Malasia, a los 94 a\u00f1os de edad\",\"datePublished\":\"2020-02-25T17:03:37+00:00\",\"dateModified\":\"2020-02-25T17:04:05+00:00\",\"mainEntityOfPage\":{\"@id\":\"https:\\\/\\\/elcanillita.info\\\/press\\\/2020\\\/02\\\/25\\\/renuncia-primer-ministro-malasia-94-anos-edad\\\/\"},\"wordCount\":367,\"publisher\":{\"@id\":\"https:\\\/\\\/elcanillita.info\\\/press\\\/#organization\"},\"keywords\":[\"Malasia\"],\"articleSection\":[\"Actualidad\",\"Asia\",\"Politica\",\"Sociedad\"],\"inLanguage\":\"es-AR\"},{\"@type\":\"WebPage\",\"@id\":\"https:\\\/\\\/elcanillita.info\\\/press\\\/2020\\\/02\\\/25\\\/renuncia-primer-ministro-malasia-94-anos-edad\\\/\",\"url\":\"https:\\\/\\\/elcanillita.info\\\/press\\\/2020\\\/02\\\/25\\\/renuncia-primer-ministro-malasia-94-anos-edad\\\/\",\"name\":\"Renuncia primer ministro de Malasia, a los 94 a\u00f1os de edad - ElCanillita.Info\",\"isPartOf\":{\"@id\":\"https:\\\/\\\/elcanillita.info\\\/press\\\/#website\"},\"datePublished\":\"2020-02-25T17:03:37+00:00\",\"dateModified\":\"2020-02-25T17:04:05+00:00\",\"inLanguage\":\"es-AR\",\"potentialAction\":[{\"@type\":\"ReadAction\",\"target\":[\"https:\\\/\\\/elcanillita.info\\\/press\\\/2020\\\/02\\\/25\\\/renuncia-primer-ministro-malasia-94-anos-edad\\\/\"]}]},{\"@type\":\"WebSite\",\"@id\":\"https:\\\/\\\/elcanillita.info\\\/press\\\/#website\",\"url\":\"https:\\\/\\\/elcanillita.info\\\/press\\\/\",\"name\":\"ElCanillita.Info\",\"description\":\"desde los Apeninos a los Andes\",\"publisher\":{\"@id\":\"https:\\\/\\\/elcanillita.info\\\/press\\\/#organization\"},\"potentialAction\":[{\"@type\":\"SearchAction\",\"target\":{\"@type\":\"EntryPoint\",\"urlTemplate\":\"https:\\\/\\\/elcanillita.info\\\/press\\\/?s={search_term_string}\"},\"query-input\":{\"@type\":\"PropertyValueSpecification\",\"valueRequired\":true,\"valueName\":\"search_term_string\"}}],\"inLanguage\":\"es-AR\"},{\"@type\":\"Organization\",\"@id\":\"https:\\\/\\\/elcanillita.info\\\/press\\\/#organization\",\"name\":\"Guzzo Photos & Graphic Publications\",\"url\":\"https:\\\/\\\/elcanillita.info\\\/press\\\/\",\"logo\":{\"@type\":\"ImageObject\",\"inLanguage\":\"es-AR\",\"@id\":\"https:\\\/\\\/elcanillita.info\\\/press\\\/#\\\/schema\\\/logo\\\/image\\\/\",\"url\":\"https:\\\/\\\/elcanillita.info\\\/press\\\/images\\\/2020\\\/01\\\/cropped-cropped-cropped-elcanillitainfo.png\",\"contentUrl\":\"https:\\\/\\\/elcanillita.info\\\/press\\\/images\\\/2020\\\/01\\\/cropped-cropped-cropped-elcanillitainfo.png\",\"width\":460,\"height\":50,\"caption\":\"Guzzo Photos & Graphic Publications\"},\"image\":{\"@id\":\"https:\\\/\\\/elcanillita.info\\\/press\\\/#\\\/schema\\\/logo\\\/image\\\/\"},\"sameAs\":[\"https:\\\/\\\/ar-ar.facebook.com\\\/ElCanillitainfo-114249515285712\\\/\"]},{\"@type\":\"Person\",\"@id\":\"https:\\\/\\\/elcanillita.info\\\/press\\\/#\\\/schema\\\/person\\\/7fcb79f38045700919f7da6d97e71ba0\",\"name\":\"SalaStampa.eu, world press service\",\"image\":{\"@type\":\"ImageObject\",\"inLanguage\":\"es-AR\",\"@id\":\"https:\\\/\\\/secure.gravatar.com\\\/avatar\\\/c2f0e0d515a107624234994507816ca4724c7199cef73fc8bedebf6931d73888?s=96&d=mm&r=g\",\"url\":\"https:\\\/\\\/secure.gravatar.com\\\/avatar\\\/c2f0e0d515a107624234994507816ca4724c7199cef73fc8bedebf6931d73888?s=96&d=mm&r=g\",\"contentUrl\":\"https:\\\/\\\/secure.gravatar.com\\\/avatar\\\/c2f0e0d515a107624234994507816ca4724c7199cef73fc8bedebf6931d73888?s=96&d=mm&r=g\",\"caption\":\"SalaStampa.eu, world press service\"}}]}<\/script>\n<!-- \/ Yoast SEO plugin. -->","yoast_head_json":{"title":"Renuncia primer ministro de Malasia, a los 94 a\u00f1os de edad - ElCanillita.Info","robots":{"index":"index","follow":"follow","max-snippet":"max-snippet:-1","max-image-preview":"max-image-preview:large","max-video-preview":"max-video-preview:-1"},"canonical":"https:\/\/elcanillita.info\/press\/2020\/02\/25\/renuncia-primer-ministro-malasia-94-anos-edad\/","og_locale":"es_ES","og_type":"article","og_title":"Renuncia primer ministro de Malasia, a los 94 a\u00f1os de edad - ElCanillita.Info","og_description":"Kuala Lumpur, 25.02.2020 - El primer ministro de Malasia, Mahathir Mohamad , renunci\u00f3 el lunes dejando al pa\u00eds en un estado de agitaci\u00f3n pol\u00edtica, pero acept\u00f3 una solicitud del rey de la naci\u00f3n del sudeste asi\u00e1tico para permanecer como primer ministro interino hasta que se nombre a un sucesor.","og_url":"https:\/\/elcanillita.info\/press\/2020\/02\/25\/renuncia-primer-ministro-malasia-94-anos-edad\/","og_site_name":"ElCanillita.Info","article_publisher":"https:\/\/ar-ar.facebook.com\/ElCanillitainfo-114249515285712\/","article_published_time":"2020-02-25T17:03:37+00:00","article_modified_time":"2020-02-25T17:04:05+00:00","author":"SalaStampa.eu, world press service","twitter_card":"summary_large_image","twitter_misc":{"Escrito por":"SalaStampa.eu, world press service","Tiempo de lectura":"2 minutos"},"schema":{"@context":"https:\/\/schema.org","@graph":[{"@type":"Article","@id":"https:\/\/elcanillita.info\/press\/2020\/02\/25\/renuncia-primer-ministro-malasia-94-anos-edad\/#article","isPartOf":{"@id":"https:\/\/elcanillita.info\/press\/2020\/02\/25\/renuncia-primer-ministro-malasia-94-anos-edad\/"},"author":{"name":"SalaStampa.eu, world press service","@id":"https:\/\/elcanillita.info\/press\/#\/schema\/person\/7fcb79f38045700919f7da6d97e71ba0"},"headline":"Renuncia primer ministro de Malasia, a los 94 a\u00f1os de edad","datePublished":"2020-02-25T17:03:37+00:00","dateModified":"2020-02-25T17:04:05+00:00","mainEntityOfPage":{"@id":"https:\/\/elcanillita.info\/press\/2020\/02\/25\/renuncia-primer-ministro-malasia-94-anos-edad\/"},"wordCount":367,"publisher":{"@id":"https:\/\/elcanillita.info\/press\/#organization"},"keywords":["Malasia"],"articleSection":["Actualidad","Asia","Politica","Sociedad"],"inLanguage":"es-AR"},{"@type":"WebPage","@id":"https:\/\/elcanillita.info\/press\/2020\/02\/25\/renuncia-primer-ministro-malasia-94-anos-edad\/","url":"https:\/\/elcanillita.info\/press\/2020\/02\/25\/renuncia-primer-ministro-malasia-94-anos-edad\/","name":"Renuncia primer ministro de Malasia, a los 94 a\u00f1os de edad - ElCanillita.Info","isPartOf":{"@id":"https:\/\/elcanillita.info\/press\/#website"},"datePublished":"2020-02-25T17:03:37+00:00","dateModified":"2020-02-25T17:04:05+00:00","inLanguage":"es-AR","potentialAction":[{"@type":"ReadAction","target":["https:\/\/elcanillita.info\/press\/2020\/02\/25\/renuncia-primer-ministro-malasia-94-anos-edad\/"]}]},{"@type":"WebSite","@id":"https:\/\/elcanillita.info\/press\/#website","url":"https:\/\/elcanillita.info\/press\/","name":"ElCanillita.Info","description":"desde los Apeninos a los Andes","publisher":{"@id":"https:\/\/elcanillita.info\/press\/#organization"},"potentialAction":[{"@type":"SearchAction","target":{"@type":"EntryPoint","urlTemplate":"https:\/\/elcanillita.info\/press\/?s={search_term_string}"},"query-input":{"@type":"PropertyValueSpecification","valueRequired":true,"valueName":"search_term_string"}}],"inLanguage":"es-AR"},{"@type":"Organization","@id":"https:\/\/elcanillita.info\/press\/#organization","name":"Guzzo Photos & Graphic Publications","url":"https:\/\/elcanillita.info\/press\/","logo":{"@type":"ImageObject","inLanguage":"es-AR","@id":"https:\/\/elcanillita.info\/press\/#\/schema\/logo\/image\/","url":"https:\/\/elcanillita.info\/press\/images\/2020\/01\/cropped-cropped-cropped-elcanillitainfo.png","contentUrl":"https:\/\/elcanillita.info\/press\/images\/2020\/01\/cropped-cropped-cropped-elcanillitainfo.png","width":460,"height":50,"caption":"Guzzo Photos & Graphic Publications"},"image":{"@id":"https:\/\/elcanillita.info\/press\/#\/schema\/logo\/image\/"},"sameAs":["https:\/\/ar-ar.facebook.com\/ElCanillitainfo-114249515285712\/"]},{"@type":"Person","@id":"https:\/\/elcanillita.info\/press\/#\/schema\/person\/7fcb79f38045700919f7da6d97e71ba0","name":"SalaStampa.eu, world press service","image":{"@type":"ImageObject","inLanguage":"es-AR","@id":"https:\/\/secure.gravatar.com\/avatar\/c2f0e0d515a107624234994507816ca4724c7199cef73fc8bedebf6931d73888?s=96&d=mm&r=g","url":"https:\/\/secure.gravatar.com\/avatar\/c2f0e0d515a107624234994507816ca4724c7199cef73fc8bedebf6931d73888?s=96&d=mm&r=g","contentUrl":"https:\/\/secure.gravatar.com\/avatar\/c2f0e0d515a107624234994507816ca4724c7199cef73fc8bedebf6931d73888?s=96&d=mm&r=g","caption":"SalaStampa.eu, world press service"}}]}},"views":781,"_links":{"self":[{"href":"https:\/\/elcanillita.info\/press\/wp-json\/wp\/v2\/posts\/599","targetHints":{"allow":["GET"]}}],"collection":[{"href":"https:\/\/elcanillita.info\/press\/wp-json\/wp\/v2\/posts"}],"about":[{"href":"https:\/\/elcanillita.info\/press\/wp-json\/wp\/v2\/types\/post"}],"author":[{"embeddable":true,"href":"https:\/\/elcanillita.info\/press\/wp-json\/wp\/v2\/users\/1"}],"replies":[{"embeddable":true,"href":"https:\/\/elcanillita.info\/press\/wp-json\/wp\/v2\/comments?post=599"}],"version-history":[{"count":0,"href":"https:\/\/elcanillita.info\/press\/wp-json\/wp\/v2\/posts\/599\/revisions"}],"wp:attachment":[{"href":"https:\/\/elcanillita.info\/press\/wp-json\/wp\/v2\/media?parent=599"}],"wp:term":[{"taxonomy":"category","embeddable":true,"href":"https:\/\/elcanillita.info\/press\/wp-json\/wp\/v2\/categories?post=599"},{"taxonomy":"post_tag","embeddable":true,"href":"https:\/\/elcanillita.info\/press\/wp-json\/wp\/v2\/tags?post=599"}],"curies":[{"name":"wp","href":"https:\/\/api.w.org\/{rel}","templated":true}]}}