{"id":5948,"date":"2026-02-18T18:19:26","date_gmt":"2026-02-18T21:19:26","guid":{"rendered":"https:\/\/elcanillita.info\/press\/?p=5948"},"modified":"2026-02-19T17:34:19","modified_gmt":"2026-02-19T20:34:19","slug":"fabrica-cerrada-el-gobierno-juega","status":"publish","type":"post","link":"https:\/\/elcanillita.info\/press\/2026\/02\/18\/fabrica-cerrada-el-gobierno-juega\/","title":{"rendered":"F\u00e1brica cerrada, el Gobierno juega"},"content":{"rendered":"\n<figure class=\"wp-block-image size-full\"><img loading=\"lazy\" decoding=\"async\" width=\"600\" height=\"400\" src=\"https:\/\/elcanillita.info\/press\/images\/2026\/02\/fatpg.jpg\" alt=\"\" class=\"wp-image-5949\" srcset=\"https:\/\/elcanillita.info\/press\/images\/2026\/02\/fatpg.jpg 600w, https:\/\/elcanillita.info\/press\/images\/2026\/02\/fatpg-300x200.jpg 300w\" sizes=\"auto, (max-width: 600px) 100vw, 600px\" \/><\/figure>\n\n\n\n<p>Argentina<br>Se cerr\u00f3 Fate. No \u201cse reconvirti\u00f3\u201d, no \u201cse relocaliz\u00f3\u201d, no \u201cse puso en pausa\u201d: se apag\u00f3. En la Argentina del power point libertario, las f\u00e1bricas se convierten en archivos adjuntos. Se borran con un clic y listo: eficiencia de oficina, desempleo de barrio.<\/p>\n\n\n\n<p>La UIA hace lo que puede: contar despedidos sin duelo. Sesenta y cinco mil empleos menos en dos a\u00f1os no entran en un hilo de X. No en trending topic, algoritmo o \u00e9pica. Es una estad\u00edstica inc\u00f3moda que no combina con la selfie del ajuste feliz.<\/p>\n\n\n\n<p>La escena es conocida: mientras una planta cierra, el Gobierno juega a la PlayStation ideol\u00f3gica con el joystick de las importaciones. \u201cCompet\u00ed o mor\u00ed\u201d, versi\u00f3n TikTok. El problema es que la pantalla no muestra las casas vac\u00edas cuando la f\u00e1brica se apaga.<\/p>\n\n\n\n<p>La industria del neum\u00e1tico es el ejemplo perfecto para la f\u00e1bula libertaria: sobrecapacidad global, dumping asi\u00e1tico, precios imposibles. En el manual oficial, eso se resuelve con un tuit heroico. En la vida real, se resuelve con 920 personas en la calle.<\/p>\n\n\n\n<p>La UIA pide lo obvio que ac\u00e1 suena subversivo: igualdad de condiciones. Impuestos razonables, financiamiento, infraestructura, reglas. Nada de proteccionismo cavern\u00edcola, nada de apertura kamikaze. Competir sin piernas es una disciplina ol\u00edmpica solo en la Argentina.<\/p>\n\n\n\n<p>Del otro lado, el ecosistema violeta encontr\u00f3 culpable r\u00e1pido: el due\u00f1o. Millonario, kirchnerista reciclado, villano de historieta. El argumento es c\u00f3modo: si el empresario es malo, el cierre deja de ser un problema del modelo y pasa a ser un cap\u00edtulo de moralina digital.<\/p>\n\n\n\n<p>La novedad no es la cr\u00edtica al empresario. La novedad es la amnesia selectiva: cuando el mercado destruye empleo, no es el mercado, es el empresario. Cuando el Estado destruye empleo, no es el Estado, es el pasado. Siempre hay un espejo donde no mirarse.<\/p>\n\n\n\n<p>El Presidente retuitea. El Gobierno milita en X. La pol\u00edtica industrial se terceriza en influencers. En lugar de plan, hay escarnio. En lugar de medidas, hay pantallazos. El Estado m\u00ednimo, la humillaci\u00f3n m\u00e1xima.<\/p>\n\n\n\n<p>La UIA recuerda algo que en la Argentina suena viejo: cada planta que cierra se lleva conocimiento, cadenas de valor, oficios que no se descargan de Google. Eso no vuelve con un decreto ni con una promo de importaciones en cuotas.<\/p>\n\n\n\n<p>El oficialismo promete precios internacionales. Bienvenido el horizonte. Pero el atajo elegido es internacionalizar la desocupaci\u00f3n. Sin macro ordenada, sin cr\u00e9dito, sin infraestructura, el \u201ccompitan\u201d es un meme caro: lo pagan los que no tuitean.<\/p>\n\n\n\n<p>El cierre de Fate no es una an\u00e9cdota: es una postal del modelo. Apertura sin convergencia, \u00e9pica sin plan, influencers sin f\u00e1brica. La econom\u00eda real pierde; la virtual gana likes.<\/p>\n\n\n\n<p>Despu\u00e9s, cuando el humo se disipe, quedar\u00e1 el silencio del galp\u00f3n vac\u00edo. No hay algoritmo que reabra una persiana. Y no hay tuit que devuelva 65.000 laburos.<\/p>\n\n\n\n<p><p>\u270d\ufe0f \u00a92026 El Tasador del Relato Oficial &#8211; Derechos reservados<\/p>\n<hr style=\"border: none; height: 1px; background-color: #ccc; margin: 2em 0;\">\n\n<small>\u00a9 2026 SalaStampa.eu, world press service &#8211; All Rights Reserved &#8211;  Guzzo Photos &amp; Graphic  Publications \u2013 Registro Editori e Stampatori n. 1441 Turin, Italy<\/small><\/p>\n","protected":false},"excerpt":{"rendered":"<p>Cuando una f\u00e1brica baja la persiana, el Gobierno levanta el dedo acusador en X. Y la industria, la cuenta de despedidos.<\/p>\n","protected":false},"author":1,"featured_media":5949,"comment_status":"closed","ping_status":"closed","sticky":false,"template":"","format":"standard","meta":{"footnotes":"","_links_to":"","_links_to_target":""},"categories":[121,108,70,11,20,23,25,133],"tags":[29],"class_list":["post-5948","post","type-post","status-publish","format-standard","has-post-thumbnail","hentry","category-dc24","category-blogdiario","category-actualidad","category-america-del-sur","category-economia","category-politica","category-sociedad","category-trabajo","tag-argentina","entry","double"],"yoast_head":"<!-- This site is optimized with the Yoast SEO plugin v27.4 - https:\/\/yoast.com\/product\/yoast-seo-wordpress\/ -->\n<title>F\u00e1brica cerrada, el Gobierno juega - ElCanillita.Info<\/title>\n<meta name=\"robots\" content=\"index, follow, max-snippet:-1, max-image-preview:large, max-video-preview:-1\" \/>\n<link rel=\"canonical\" href=\"https:\/\/elcanillita.info\/press\/2026\/02\/18\/fabrica-cerrada-el-gobierno-juega\/\" \/>\n<meta property=\"og:locale\" content=\"es_ES\" \/>\n<meta property=\"og:type\" content=\"article\" \/>\n<meta property=\"og:title\" content=\"F\u00e1brica cerrada, el Gobierno juega - ElCanillita.Info\" \/>\n<meta property=\"og:description\" content=\"Cuando una f\u00e1brica baja la persiana, el Gobierno levanta el dedo acusador en X. Y la industria, la cuenta de despedidos.\" \/>\n<meta property=\"og:url\" content=\"https:\/\/elcanillita.info\/press\/2026\/02\/18\/fabrica-cerrada-el-gobierno-juega\/\" \/>\n<meta property=\"og:site_name\" content=\"ElCanillita.Info\" \/>\n<meta property=\"article:publisher\" content=\"https:\/\/ar-ar.facebook.com\/ElCanillitainfo-114249515285712\/\" \/>\n<meta property=\"article:published_time\" content=\"2026-02-18T21:19:26+00:00\" \/>\n<meta property=\"article:modified_time\" content=\"2026-02-19T20:34:19+00:00\" \/>\n<meta property=\"og:image\" content=\"https:\/\/elcanillita.info\/press\/images\/2026\/02\/fatpg.jpg\" \/>\n\t<meta property=\"og:image:width\" content=\"600\" \/>\n\t<meta property=\"og:image:height\" content=\"400\" \/>\n\t<meta property=\"og:image:type\" content=\"image\/jpeg\" \/>\n<meta name=\"author\" content=\"SalaStampa.eu, world press service\" \/>\n<meta name=\"twitter:card\" content=\"summary_large_image\" \/>\n<meta name=\"twitter:label1\" content=\"Escrito por\" \/>\n\t<meta name=\"twitter:data1\" content=\"SalaStampa.eu, world press service\" \/>\n\t<meta name=\"twitter:label2\" content=\"Tiempo de lectura\" \/>\n\t<meta name=\"twitter:data2\" content=\"3 minutos\" \/>\n<script type=\"application\/ld+json\" class=\"yoast-schema-graph\">{\"@context\":\"https:\\\/\\\/schema.org\",\"@graph\":[{\"@type\":\"Article\",\"@id\":\"https:\\\/\\\/elcanillita.info\\\/press\\\/2026\\\/02\\\/18\\\/fabrica-cerrada-el-gobierno-juega\\\/#article\",\"isPartOf\":{\"@id\":\"https:\\\/\\\/elcanillita.info\\\/press\\\/2026\\\/02\\\/18\\\/fabrica-cerrada-el-gobierno-juega\\\/\"},\"author\":{\"name\":\"SalaStampa.eu, world press service\",\"@id\":\"https:\\\/\\\/elcanillita.info\\\/press\\\/#\\\/schema\\\/person\\\/7fcb79f38045700919f7da6d97e71ba0\"},\"headline\":\"F\u00e1brica cerrada, el Gobierno juega\",\"datePublished\":\"2026-02-18T21:19:26+00:00\",\"dateModified\":\"2026-02-19T20:34:19+00:00\",\"mainEntityOfPage\":{\"@id\":\"https:\\\/\\\/elcanillita.info\\\/press\\\/2026\\\/02\\\/18\\\/fabrica-cerrada-el-gobierno-juega\\\/\"},\"wordCount\":527,\"publisher\":{\"@id\":\"https:\\\/\\\/elcanillita.info\\\/press\\\/#organization\"},\"image\":{\"@id\":\"https:\\\/\\\/elcanillita.info\\\/press\\\/2026\\\/02\\\/18\\\/fabrica-cerrada-el-gobierno-juega\\\/#primaryimage\"},\"thumbnailUrl\":\"https:\\\/\\\/elcanillita.info\\\/press\\\/images\\\/2026\\\/02\\\/fatpg.jpg\",\"keywords\":[\"Argentina\"],\"articleSection\":[\".\",\".\",\"Actualidad\",\"Am\u00e9rica del Sur\",\"Economia\",\"Politica\",\"Sociedad\",\"Trabajo\"],\"inLanguage\":\"es-AR\"},{\"@type\":\"WebPage\",\"@id\":\"https:\\\/\\\/elcanillita.info\\\/press\\\/2026\\\/02\\\/18\\\/fabrica-cerrada-el-gobierno-juega\\\/\",\"url\":\"https:\\\/\\\/elcanillita.info\\\/press\\\/2026\\\/02\\\/18\\\/fabrica-cerrada-el-gobierno-juega\\\/\",\"name\":\"F\u00e1brica cerrada, el Gobierno juega - ElCanillita.Info\",\"isPartOf\":{\"@id\":\"https:\\\/\\\/elcanillita.info\\\/press\\\/#website\"},\"primaryImageOfPage\":{\"@id\":\"https:\\\/\\\/elcanillita.info\\\/press\\\/2026\\\/02\\\/18\\\/fabrica-cerrada-el-gobierno-juega\\\/#primaryimage\"},\"image\":{\"@id\":\"https:\\\/\\\/elcanillita.info\\\/press\\\/2026\\\/02\\\/18\\\/fabrica-cerrada-el-gobierno-juega\\\/#primaryimage\"},\"thumbnailUrl\":\"https:\\\/\\\/elcanillita.info\\\/press\\\/images\\\/2026\\\/02\\\/fatpg.jpg\",\"datePublished\":\"2026-02-18T21:19:26+00:00\",\"dateModified\":\"2026-02-19T20:34:19+00:00\",\"inLanguage\":\"es-AR\",\"potentialAction\":[{\"@type\":\"ReadAction\",\"target\":[\"https:\\\/\\\/elcanillita.info\\\/press\\\/2026\\\/02\\\/18\\\/fabrica-cerrada-el-gobierno-juega\\\/\"]}]},{\"@type\":\"ImageObject\",\"inLanguage\":\"es-AR\",\"@id\":\"https:\\\/\\\/elcanillita.info\\\/press\\\/2026\\\/02\\\/18\\\/fabrica-cerrada-el-gobierno-juega\\\/#primaryimage\",\"url\":\"https:\\\/\\\/elcanillita.info\\\/press\\\/images\\\/2026\\\/02\\\/fatpg.jpg\",\"contentUrl\":\"https:\\\/\\\/elcanillita.info\\\/press\\\/images\\\/2026\\\/02\\\/fatpg.jpg\",\"width\":600,\"height\":400},{\"@type\":\"WebSite\",\"@id\":\"https:\\\/\\\/elcanillita.info\\\/press\\\/#website\",\"url\":\"https:\\\/\\\/elcanillita.info\\\/press\\\/\",\"name\":\"ElCanillita.Info\",\"description\":\"desde los Apeninos a los Andes\",\"publisher\":{\"@id\":\"https:\\\/\\\/elcanillita.info\\\/press\\\/#organization\"},\"potentialAction\":[{\"@type\":\"SearchAction\",\"target\":{\"@type\":\"EntryPoint\",\"urlTemplate\":\"https:\\\/\\\/elcanillita.info\\\/press\\\/?s={search_term_string}\"},\"query-input\":{\"@type\":\"PropertyValueSpecification\",\"valueRequired\":true,\"valueName\":\"search_term_string\"}}],\"inLanguage\":\"es-AR\"},{\"@type\":\"Organization\",\"@id\":\"https:\\\/\\\/elcanillita.info\\\/press\\\/#organization\",\"name\":\"Guzzo Photos & Graphic Publications\",\"url\":\"https:\\\/\\\/elcanillita.info\\\/press\\\/\",\"logo\":{\"@type\":\"ImageObject\",\"inLanguage\":\"es-AR\",\"@id\":\"https:\\\/\\\/elcanillita.info\\\/press\\\/#\\\/schema\\\/logo\\\/image\\\/\",\"url\":\"https:\\\/\\\/elcanillita.info\\\/press\\\/images\\\/2020\\\/01\\\/cropped-cropped-cropped-elcanillitainfo.png\",\"contentUrl\":\"https:\\\/\\\/elcanillita.info\\\/press\\\/images\\\/2020\\\/01\\\/cropped-cropped-cropped-elcanillitainfo.png\",\"width\":460,\"height\":50,\"caption\":\"Guzzo Photos & Graphic Publications\"},\"image\":{\"@id\":\"https:\\\/\\\/elcanillita.info\\\/press\\\/#\\\/schema\\\/logo\\\/image\\\/\"},\"sameAs\":[\"https:\\\/\\\/ar-ar.facebook.com\\\/ElCanillitainfo-114249515285712\\\/\"]},{\"@type\":\"Person\",\"@id\":\"https:\\\/\\\/elcanillita.info\\\/press\\\/#\\\/schema\\\/person\\\/7fcb79f38045700919f7da6d97e71ba0\",\"name\":\"SalaStampa.eu, world press service\",\"image\":{\"@type\":\"ImageObject\",\"inLanguage\":\"es-AR\",\"@id\":\"https:\\\/\\\/secure.gravatar.com\\\/avatar\\\/c2f0e0d515a107624234994507816ca4724c7199cef73fc8bedebf6931d73888?s=96&d=mm&r=g\",\"url\":\"https:\\\/\\\/secure.gravatar.com\\\/avatar\\\/c2f0e0d515a107624234994507816ca4724c7199cef73fc8bedebf6931d73888?s=96&d=mm&r=g\",\"contentUrl\":\"https:\\\/\\\/secure.gravatar.com\\\/avatar\\\/c2f0e0d515a107624234994507816ca4724c7199cef73fc8bedebf6931d73888?s=96&d=mm&r=g\",\"caption\":\"SalaStampa.eu, world press service\"}}]}<\/script>\n<!-- \/ Yoast SEO plugin. -->","yoast_head_json":{"title":"F\u00e1brica cerrada, el Gobierno juega - ElCanillita.Info","robots":{"index":"index","follow":"follow","max-snippet":"max-snippet:-1","max-image-preview":"max-image-preview:large","max-video-preview":"max-video-preview:-1"},"canonical":"https:\/\/elcanillita.info\/press\/2026\/02\/18\/fabrica-cerrada-el-gobierno-juega\/","og_locale":"es_ES","og_type":"article","og_title":"F\u00e1brica cerrada, el Gobierno juega - ElCanillita.Info","og_description":"Cuando una f\u00e1brica baja la persiana, el Gobierno levanta el dedo acusador en X. Y la industria, la cuenta de despedidos.","og_url":"https:\/\/elcanillita.info\/press\/2026\/02\/18\/fabrica-cerrada-el-gobierno-juega\/","og_site_name":"ElCanillita.Info","article_publisher":"https:\/\/ar-ar.facebook.com\/ElCanillitainfo-114249515285712\/","article_published_time":"2026-02-18T21:19:26+00:00","article_modified_time":"2026-02-19T20:34:19+00:00","og_image":[{"width":600,"height":400,"url":"https:\/\/elcanillita.info\/press\/images\/2026\/02\/fatpg.jpg","type":"image\/jpeg"}],"author":"SalaStampa.eu, world press service","twitter_card":"summary_large_image","twitter_misc":{"Escrito por":"SalaStampa.eu, world press service","Tiempo de lectura":"3 minutos"},"schema":{"@context":"https:\/\/schema.org","@graph":[{"@type":"Article","@id":"https:\/\/elcanillita.info\/press\/2026\/02\/18\/fabrica-cerrada-el-gobierno-juega\/#article","isPartOf":{"@id":"https:\/\/elcanillita.info\/press\/2026\/02\/18\/fabrica-cerrada-el-gobierno-juega\/"},"author":{"name":"SalaStampa.eu, world press service","@id":"https:\/\/elcanillita.info\/press\/#\/schema\/person\/7fcb79f38045700919f7da6d97e71ba0"},"headline":"F\u00e1brica cerrada, el Gobierno juega","datePublished":"2026-02-18T21:19:26+00:00","dateModified":"2026-02-19T20:34:19+00:00","mainEntityOfPage":{"@id":"https:\/\/elcanillita.info\/press\/2026\/02\/18\/fabrica-cerrada-el-gobierno-juega\/"},"wordCount":527,"publisher":{"@id":"https:\/\/elcanillita.info\/press\/#organization"},"image":{"@id":"https:\/\/elcanillita.info\/press\/2026\/02\/18\/fabrica-cerrada-el-gobierno-juega\/#primaryimage"},"thumbnailUrl":"https:\/\/elcanillita.info\/press\/images\/2026\/02\/fatpg.jpg","keywords":["Argentina"],"articleSection":[".",".","Actualidad","Am\u00e9rica del Sur","Economia","Politica","Sociedad","Trabajo"],"inLanguage":"es-AR"},{"@type":"WebPage","@id":"https:\/\/elcanillita.info\/press\/2026\/02\/18\/fabrica-cerrada-el-gobierno-juega\/","url":"https:\/\/elcanillita.info\/press\/2026\/02\/18\/fabrica-cerrada-el-gobierno-juega\/","name":"F\u00e1brica cerrada, el Gobierno juega - ElCanillita.Info","isPartOf":{"@id":"https:\/\/elcanillita.info\/press\/#website"},"primaryImageOfPage":{"@id":"https:\/\/elcanillita.info\/press\/2026\/02\/18\/fabrica-cerrada-el-gobierno-juega\/#primaryimage"},"image":{"@id":"https:\/\/elcanillita.info\/press\/2026\/02\/18\/fabrica-cerrada-el-gobierno-juega\/#primaryimage"},"thumbnailUrl":"https:\/\/elcanillita.info\/press\/images\/2026\/02\/fatpg.jpg","datePublished":"2026-02-18T21:19:26+00:00","dateModified":"2026-02-19T20:34:19+00:00","inLanguage":"es-AR","potentialAction":[{"@type":"ReadAction","target":["https:\/\/elcanillita.info\/press\/2026\/02\/18\/fabrica-cerrada-el-gobierno-juega\/"]}]},{"@type":"ImageObject","inLanguage":"es-AR","@id":"https:\/\/elcanillita.info\/press\/2026\/02\/18\/fabrica-cerrada-el-gobierno-juega\/#primaryimage","url":"https:\/\/elcanillita.info\/press\/images\/2026\/02\/fatpg.jpg","contentUrl":"https:\/\/elcanillita.info\/press\/images\/2026\/02\/fatpg.jpg","width":600,"height":400},{"@type":"WebSite","@id":"https:\/\/elcanillita.info\/press\/#website","url":"https:\/\/elcanillita.info\/press\/","name":"ElCanillita.Info","description":"desde los Apeninos a los Andes","publisher":{"@id":"https:\/\/elcanillita.info\/press\/#organization"},"potentialAction":[{"@type":"SearchAction","target":{"@type":"EntryPoint","urlTemplate":"https:\/\/elcanillita.info\/press\/?s={search_term_string}"},"query-input":{"@type":"PropertyValueSpecification","valueRequired":true,"valueName":"search_term_string"}}],"inLanguage":"es-AR"},{"@type":"Organization","@id":"https:\/\/elcanillita.info\/press\/#organization","name":"Guzzo Photos & Graphic Publications","url":"https:\/\/elcanillita.info\/press\/","logo":{"@type":"ImageObject","inLanguage":"es-AR","@id":"https:\/\/elcanillita.info\/press\/#\/schema\/logo\/image\/","url":"https:\/\/elcanillita.info\/press\/images\/2020\/01\/cropped-cropped-cropped-elcanillitainfo.png","contentUrl":"https:\/\/elcanillita.info\/press\/images\/2020\/01\/cropped-cropped-cropped-elcanillitainfo.png","width":460,"height":50,"caption":"Guzzo Photos & Graphic Publications"},"image":{"@id":"https:\/\/elcanillita.info\/press\/#\/schema\/logo\/image\/"},"sameAs":["https:\/\/ar-ar.facebook.com\/ElCanillitainfo-114249515285712\/"]},{"@type":"Person","@id":"https:\/\/elcanillita.info\/press\/#\/schema\/person\/7fcb79f38045700919f7da6d97e71ba0","name":"SalaStampa.eu, world press service","image":{"@type":"ImageObject","inLanguage":"es-AR","@id":"https:\/\/secure.gravatar.com\/avatar\/c2f0e0d515a107624234994507816ca4724c7199cef73fc8bedebf6931d73888?s=96&d=mm&r=g","url":"https:\/\/secure.gravatar.com\/avatar\/c2f0e0d515a107624234994507816ca4724c7199cef73fc8bedebf6931d73888?s=96&d=mm&r=g","contentUrl":"https:\/\/secure.gravatar.com\/avatar\/c2f0e0d515a107624234994507816ca4724c7199cef73fc8bedebf6931d73888?s=96&d=mm&r=g","caption":"SalaStampa.eu, world press service"}}]}},"views":101,"_links":{"self":[{"href":"https:\/\/elcanillita.info\/press\/wp-json\/wp\/v2\/posts\/5948","targetHints":{"allow":["GET"]}}],"collection":[{"href":"https:\/\/elcanillita.info\/press\/wp-json\/wp\/v2\/posts"}],"about":[{"href":"https:\/\/elcanillita.info\/press\/wp-json\/wp\/v2\/types\/post"}],"author":[{"embeddable":true,"href":"https:\/\/elcanillita.info\/press\/wp-json\/wp\/v2\/users\/1"}],"replies":[{"embeddable":true,"href":"https:\/\/elcanillita.info\/press\/wp-json\/wp\/v2\/comments?post=5948"}],"version-history":[{"count":0,"href":"https:\/\/elcanillita.info\/press\/wp-json\/wp\/v2\/posts\/5948\/revisions"}],"wp:featuredmedia":[{"embeddable":true,"href":"https:\/\/elcanillita.info\/press\/wp-json\/wp\/v2\/media\/5949"}],"wp:attachment":[{"href":"https:\/\/elcanillita.info\/press\/wp-json\/wp\/v2\/media?parent=5948"}],"wp:term":[{"taxonomy":"category","embeddable":true,"href":"https:\/\/elcanillita.info\/press\/wp-json\/wp\/v2\/categories?post=5948"},{"taxonomy":"post_tag","embeddable":true,"href":"https:\/\/elcanillita.info\/press\/wp-json\/wp\/v2\/tags?post=5948"}],"curies":[{"name":"wp","href":"https:\/\/api.w.org\/{rel}","templated":true}]}}