{"id":5936,"date":"2026-02-18T11:11:37","date_gmt":"2026-02-18T14:11:37","guid":{"rendered":"https:\/\/elcanillita.info\/press\/?p=5936"},"modified":"2026-02-20T08:48:02","modified_gmt":"2026-02-20T11:48:02","slug":"la-excepcion-judicial-reabre-sospechas","status":"publish","type":"post","link":"https:\/\/elcanillita.info\/press\/2026\/02\/18\/la-excepcion-judicial-reabre-sospechas\/","title":{"rendered":"La excepci\u00f3n judicial que reabre las sospechas"},"content":{"rendered":"<div class=\"wp-block-image\">\n<figure class=\"alignleft size-full is-resized\"><img loading=\"lazy\" decoding=\"async\" width=\"550\" height=\"550\" src=\"https:\/\/elcanillita.info\/press\/images\/2026\/02\/suprpage.jpg\" alt=\"\" class=\"wp-image-5937\" style=\"width:353px;height:auto\" srcset=\"https:\/\/elcanillita.info\/press\/images\/2026\/02\/suprpage.jpg 550w, https:\/\/elcanillita.info\/press\/images\/2026\/02\/suprpage-300x300.jpg 300w, https:\/\/elcanillita.info\/press\/images\/2026\/02\/suprpage-150x150.jpg 150w\" sizes=\"auto, (max-width: 550px) 100vw, 550px\" \/><\/figure>\n<\/div>\n\n\n<p><small><em>Por Tully Roberts, especial para ElCanillita.info<\/em><\/small><br><br>Argentina<br>En tiempos de desconfianza estructural, la pol\u00edtica judicial deja de ser un tr\u00e1mite t\u00e9cnico para convertirse en un gesto cargado de sentido. <br>La decisi\u00f3n del Ejecutivo de enviar al Senado el pliego para renovar a un juez clave de la C\u00e1mara Federal de Casaci\u00f3n Penal, en un contexto de m\u00e1s de doscientos nombramientos demorados, reabre un interrogante inc\u00f3modo: \u00bfqu\u00e9 se elige priorizar cuando se administra la excepcionalidad?<\/p>\n\n\n\n<p>No se trata solo de un expediente que avanza. Se trata de la se\u00f1al que emite el poder cuando decide mover una ficha sensible en el tablero institucional. En un sistema fatigado por la sospecha, cada excepci\u00f3n reclama una pedagog\u00eda p\u00fablica que explique por qu\u00e9 este caso s\u00ed y tantos otros no.<\/p>\n\n\n\n<p>La C\u00e1mara de Casaci\u00f3n ocupa un lugar singular en el ecosistema judicial: es el \u00faltimo umbral antes de la Corte en causas de alto impacto. All\u00ed se ordenan criterios, se fijan precedentes y, muchas veces, se define el ritmo de investigaciones que tocan nervios pol\u00edticos. Por eso, los movimientos en su integraci\u00f3n nunca son neutrales, aunque se presenten como rutinarios.<\/p>\n\n\n\n<p>La figura del magistrado involucrado convoca lecturas encontradas. Trayectoria extensa, reconocimientos internacionales, producci\u00f3n acad\u00e9mica: un perfil que dialoga con la idea de un juez de carrera. A la vez, su arribo al tribunal superior por v\u00eda de traslados excepcionales y su paso por la pol\u00edtica partidaria inscriben esa trayectoria en una zona donde los l\u00edmites entre m\u00e9rito, oportunidad y conveniencia se vuelven porosos.<\/p>\n\n\n\n<p>En esa porosidad se cuelan los rumores. V\u00ednculos familiares, cercan\u00edas con mundos que orbitan entre la pol\u00edtica, la justicia y el f\u00fatbol, versiones que circulan en pasillos judiciales: nada de eso constituye prueba, pero todo ello compone un clima. Y el clima, en la Argentina, pesa tanto como los hechos cuando la credibilidad est\u00e1 en juego.<\/p>\n\n\n\n<p>La cuesti\u00f3n de fondo no es si un juez puede o no tener relaciones sociales. La cuesti\u00f3n es si el sistema ofrece garant\u00edas suficientes para que esas relaciones no erosionen la apariencia de imparcialidad. En justicia, la forma importa tanto como el fondo: no alcanza con ser independiente; hay que parecerlo.<\/p>\n\n\n\n<p>Tambi\u00e9n hay un problema de m\u00e9todo. La excepcionalidad administrada \u201ca cuentagotas\u201d vuelve discrecional lo que deber\u00eda ser previsible. Cuando el criterio no se explicita, la sospecha ocupa el lugar del argumento. Y la sospecha, aun injusta, da\u00f1a a todos: al juez involucrado, al Ejecutivo que propone y al Senado que convalida.<\/p>\n\n\n\n<p>El Senado, precisamente, es el escenario donde estas tensiones deben ventilarse con rigor. No para dirimir chismes, sino para exigir est\u00e1ndares. Preguntar por trayectorias, por conflictos de inter\u00e9s potenciales, por criterios de oportunidad. Hacer del tr\u00e1mite un acto de control republicano y no un sello de goma.<\/p>\n\n\n\n<p>El trasfondo pol\u00edtico a\u00f1ade densidad. En un a\u00f1o cargado de disputas, cada gesto puede leerse como parte de un reordenamiento de alianzas t\u00e1citas o de una tregua estrat\u00e9gica con actores influyentes. La justicia no deber\u00eda ser moneda de ese intercambio, ni siquiera en el plano simb\u00f3lico.<\/p>\n\n\n\n<p>Nada de esto impugna de antemano a la persona. Impugna la opacidad del proceso. En un pa\u00eds que aprendi\u00f3 a desconfiar de las coincidencias, la transparencia no es un lujo: es una pol\u00edtica de prevenci\u00f3n de crisis.<\/p>\n\n\n\n<p>La salida es menos dram\u00e1tica de lo que parece y m\u00e1s exigente de lo que suele practicarse: reglas claras, razones p\u00fablicas, audiencias serias. Que cada excepci\u00f3n venga con su justificaci\u00f3n expl\u00edcita y verificable. Que el control pol\u00edtico no sea un tr\u00e1mite, sino un ejercicio de responsabilidad.<\/p>\n\n\n\n<p>\u270d\ufe0f \u00a9 2026 El Guardi\u00e1n del Sello &#8211; Derechos reservado<\/p>\n\n\n<hr style=\"border: none; height: 1px; background-color: #ccc; margin: 2em 0;\" \/>\n<p><small>\u00a9 2026 SalaStampa.eu, world press service &#8211; All Rights Reserved &#8211;  Guzzo Photos &#038; Graphic  Publications \u2013 Registro Editori e Stampatori n. 1441 Turin, Italy<\/small><\/p>\n\n\n<p><\/p>\n","protected":false},"excerpt":{"rendered":"<p>Cuando la excepcionalidad se vuelve rutina, la confianza se vuelve excepci\u00f3n.<\/p>\n","protected":false},"author":1,"featured_media":5937,"comment_status":"closed","ping_status":"closed","sticky":false,"template":"","format":"standard","meta":{"footnotes":"","_links_to":"","_links_to_target":""},"categories":[108,121,70,11,22,23,25],"tags":[29],"class_list":["post-5936","post","type-post","status-publish","format-standard","has-post-thumbnail","hentry","category-blogdiario","category-dc24","category-actualidad","category-america-del-sur","category-justicia","category-politica","category-sociedad","tag-argentina","entry","double"],"yoast_head":"<!-- This site is optimized with the Yoast SEO plugin v27.4 - https:\/\/yoast.com\/product\/yoast-seo-wordpress\/ -->\n<title>La excepci\u00f3n judicial que reabre las sospechas - ElCanillita.Info<\/title>\n<meta name=\"robots\" content=\"index, follow, max-snippet:-1, max-image-preview:large, max-video-preview:-1\" \/>\n<link rel=\"canonical\" href=\"https:\/\/elcanillita.info\/press\/2026\/02\/18\/la-excepcion-judicial-reabre-sospechas\/\" \/>\n<meta property=\"og:locale\" content=\"es_ES\" \/>\n<meta property=\"og:type\" content=\"article\" \/>\n<meta property=\"og:title\" content=\"La excepci\u00f3n judicial que reabre las sospechas - ElCanillita.Info\" \/>\n<meta property=\"og:description\" content=\"Cuando la excepcionalidad se vuelve rutina, la confianza se vuelve excepci\u00f3n.\" \/>\n<meta property=\"og:url\" content=\"https:\/\/elcanillita.info\/press\/2026\/02\/18\/la-excepcion-judicial-reabre-sospechas\/\" \/>\n<meta property=\"og:site_name\" content=\"ElCanillita.Info\" \/>\n<meta property=\"article:publisher\" content=\"https:\/\/ar-ar.facebook.com\/ElCanillitainfo-114249515285712\/\" \/>\n<meta property=\"article:published_time\" content=\"2026-02-18T14:11:37+00:00\" \/>\n<meta property=\"article:modified_time\" content=\"2026-02-20T11:48:02+00:00\" \/>\n<meta property=\"og:image\" content=\"https:\/\/elcanillita.info\/press\/images\/2026\/02\/suprpage.jpg\" \/>\n\t<meta property=\"og:image:width\" content=\"550\" \/>\n\t<meta property=\"og:image:height\" content=\"550\" \/>\n\t<meta property=\"og:image:type\" content=\"image\/jpeg\" \/>\n<meta name=\"author\" content=\"SalaStampa.eu, world press service\" \/>\n<meta name=\"twitter:card\" content=\"summary_large_image\" \/>\n<meta name=\"twitter:label1\" content=\"Escrito por\" \/>\n\t<meta name=\"twitter:data1\" content=\"SalaStampa.eu, world press service\" \/>\n\t<meta name=\"twitter:label2\" content=\"Tiempo de lectura\" \/>\n\t<meta name=\"twitter:data2\" content=\"4 minutos\" \/>\n<script type=\"application\/ld+json\" class=\"yoast-schema-graph\">{\"@context\":\"https:\\\/\\\/schema.org\",\"@graph\":[{\"@type\":\"Article\",\"@id\":\"https:\\\/\\\/elcanillita.info\\\/press\\\/2026\\\/02\\\/18\\\/la-excepcion-judicial-reabre-sospechas\\\/#article\",\"isPartOf\":{\"@id\":\"https:\\\/\\\/elcanillita.info\\\/press\\\/2026\\\/02\\\/18\\\/la-excepcion-judicial-reabre-sospechas\\\/\"},\"author\":{\"name\":\"SalaStampa.eu, world press service\",\"@id\":\"https:\\\/\\\/elcanillita.info\\\/press\\\/#\\\/schema\\\/person\\\/7fcb79f38045700919f7da6d97e71ba0\"},\"headline\":\"La excepci\u00f3n judicial que reabre las sospechas\",\"datePublished\":\"2026-02-18T14:11:37+00:00\",\"dateModified\":\"2026-02-20T11:48:02+00:00\",\"mainEntityOfPage\":{\"@id\":\"https:\\\/\\\/elcanillita.info\\\/press\\\/2026\\\/02\\\/18\\\/la-excepcion-judicial-reabre-sospechas\\\/\"},\"wordCount\":674,\"publisher\":{\"@id\":\"https:\\\/\\\/elcanillita.info\\\/press\\\/#organization\"},\"image\":{\"@id\":\"https:\\\/\\\/elcanillita.info\\\/press\\\/2026\\\/02\\\/18\\\/la-excepcion-judicial-reabre-sospechas\\\/#primaryimage\"},\"thumbnailUrl\":\"https:\\\/\\\/elcanillita.info\\\/press\\\/images\\\/2026\\\/02\\\/suprpage.jpg\",\"keywords\":[\"Argentina\"],\"articleSection\":[\".\",\".\",\"Actualidad\",\"Am\u00e9rica del Sur\",\"Justicia\",\"Politica\",\"Sociedad\"],\"inLanguage\":\"es-AR\"},{\"@type\":\"WebPage\",\"@id\":\"https:\\\/\\\/elcanillita.info\\\/press\\\/2026\\\/02\\\/18\\\/la-excepcion-judicial-reabre-sospechas\\\/\",\"url\":\"https:\\\/\\\/elcanillita.info\\\/press\\\/2026\\\/02\\\/18\\\/la-excepcion-judicial-reabre-sospechas\\\/\",\"name\":\"La excepci\u00f3n judicial que reabre las sospechas - ElCanillita.Info\",\"isPartOf\":{\"@id\":\"https:\\\/\\\/elcanillita.info\\\/press\\\/#website\"},\"primaryImageOfPage\":{\"@id\":\"https:\\\/\\\/elcanillita.info\\\/press\\\/2026\\\/02\\\/18\\\/la-excepcion-judicial-reabre-sospechas\\\/#primaryimage\"},\"image\":{\"@id\":\"https:\\\/\\\/elcanillita.info\\\/press\\\/2026\\\/02\\\/18\\\/la-excepcion-judicial-reabre-sospechas\\\/#primaryimage\"},\"thumbnailUrl\":\"https:\\\/\\\/elcanillita.info\\\/press\\\/images\\\/2026\\\/02\\\/suprpage.jpg\",\"datePublished\":\"2026-02-18T14:11:37+00:00\",\"dateModified\":\"2026-02-20T11:48:02+00:00\",\"inLanguage\":\"es-AR\",\"potentialAction\":[{\"@type\":\"ReadAction\",\"target\":[\"https:\\\/\\\/elcanillita.info\\\/press\\\/2026\\\/02\\\/18\\\/la-excepcion-judicial-reabre-sospechas\\\/\"]}]},{\"@type\":\"ImageObject\",\"inLanguage\":\"es-AR\",\"@id\":\"https:\\\/\\\/elcanillita.info\\\/press\\\/2026\\\/02\\\/18\\\/la-excepcion-judicial-reabre-sospechas\\\/#primaryimage\",\"url\":\"https:\\\/\\\/elcanillita.info\\\/press\\\/images\\\/2026\\\/02\\\/suprpage.jpg\",\"contentUrl\":\"https:\\\/\\\/elcanillita.info\\\/press\\\/images\\\/2026\\\/02\\\/suprpage.jpg\",\"width\":550,\"height\":550},{\"@type\":\"WebSite\",\"@id\":\"https:\\\/\\\/elcanillita.info\\\/press\\\/#website\",\"url\":\"https:\\\/\\\/elcanillita.info\\\/press\\\/\",\"name\":\"ElCanillita.Info\",\"description\":\"desde los Apeninos a los Andes\",\"publisher\":{\"@id\":\"https:\\\/\\\/elcanillita.info\\\/press\\\/#organization\"},\"potentialAction\":[{\"@type\":\"SearchAction\",\"target\":{\"@type\":\"EntryPoint\",\"urlTemplate\":\"https:\\\/\\\/elcanillita.info\\\/press\\\/?s={search_term_string}\"},\"query-input\":{\"@type\":\"PropertyValueSpecification\",\"valueRequired\":true,\"valueName\":\"search_term_string\"}}],\"inLanguage\":\"es-AR\"},{\"@type\":\"Organization\",\"@id\":\"https:\\\/\\\/elcanillita.info\\\/press\\\/#organization\",\"name\":\"Guzzo Photos & Graphic Publications\",\"url\":\"https:\\\/\\\/elcanillita.info\\\/press\\\/\",\"logo\":{\"@type\":\"ImageObject\",\"inLanguage\":\"es-AR\",\"@id\":\"https:\\\/\\\/elcanillita.info\\\/press\\\/#\\\/schema\\\/logo\\\/image\\\/\",\"url\":\"https:\\\/\\\/elcanillita.info\\\/press\\\/images\\\/2020\\\/01\\\/cropped-cropped-cropped-elcanillitainfo.png\",\"contentUrl\":\"https:\\\/\\\/elcanillita.info\\\/press\\\/images\\\/2020\\\/01\\\/cropped-cropped-cropped-elcanillitainfo.png\",\"width\":460,\"height\":50,\"caption\":\"Guzzo Photos & Graphic Publications\"},\"image\":{\"@id\":\"https:\\\/\\\/elcanillita.info\\\/press\\\/#\\\/schema\\\/logo\\\/image\\\/\"},\"sameAs\":[\"https:\\\/\\\/ar-ar.facebook.com\\\/ElCanillitainfo-114249515285712\\\/\"]},{\"@type\":\"Person\",\"@id\":\"https:\\\/\\\/elcanillita.info\\\/press\\\/#\\\/schema\\\/person\\\/7fcb79f38045700919f7da6d97e71ba0\",\"name\":\"SalaStampa.eu, world press service\",\"image\":{\"@type\":\"ImageObject\",\"inLanguage\":\"es-AR\",\"@id\":\"https:\\\/\\\/secure.gravatar.com\\\/avatar\\\/c2f0e0d515a107624234994507816ca4724c7199cef73fc8bedebf6931d73888?s=96&d=mm&r=g\",\"url\":\"https:\\\/\\\/secure.gravatar.com\\\/avatar\\\/c2f0e0d515a107624234994507816ca4724c7199cef73fc8bedebf6931d73888?s=96&d=mm&r=g\",\"contentUrl\":\"https:\\\/\\\/secure.gravatar.com\\\/avatar\\\/c2f0e0d515a107624234994507816ca4724c7199cef73fc8bedebf6931d73888?s=96&d=mm&r=g\",\"caption\":\"SalaStampa.eu, world press service\"}}]}<\/script>\n<!-- \/ Yoast SEO plugin. -->","yoast_head_json":{"title":"La excepci\u00f3n judicial que reabre las sospechas - ElCanillita.Info","robots":{"index":"index","follow":"follow","max-snippet":"max-snippet:-1","max-image-preview":"max-image-preview:large","max-video-preview":"max-video-preview:-1"},"canonical":"https:\/\/elcanillita.info\/press\/2026\/02\/18\/la-excepcion-judicial-reabre-sospechas\/","og_locale":"es_ES","og_type":"article","og_title":"La excepci\u00f3n judicial que reabre las sospechas - ElCanillita.Info","og_description":"Cuando la excepcionalidad se vuelve rutina, la confianza se vuelve excepci\u00f3n.","og_url":"https:\/\/elcanillita.info\/press\/2026\/02\/18\/la-excepcion-judicial-reabre-sospechas\/","og_site_name":"ElCanillita.Info","article_publisher":"https:\/\/ar-ar.facebook.com\/ElCanillitainfo-114249515285712\/","article_published_time":"2026-02-18T14:11:37+00:00","article_modified_time":"2026-02-20T11:48:02+00:00","og_image":[{"width":550,"height":550,"url":"https:\/\/elcanillita.info\/press\/images\/2026\/02\/suprpage.jpg","type":"image\/jpeg"}],"author":"SalaStampa.eu, world press service","twitter_card":"summary_large_image","twitter_misc":{"Escrito por":"SalaStampa.eu, world press service","Tiempo de lectura":"4 minutos"},"schema":{"@context":"https:\/\/schema.org","@graph":[{"@type":"Article","@id":"https:\/\/elcanillita.info\/press\/2026\/02\/18\/la-excepcion-judicial-reabre-sospechas\/#article","isPartOf":{"@id":"https:\/\/elcanillita.info\/press\/2026\/02\/18\/la-excepcion-judicial-reabre-sospechas\/"},"author":{"name":"SalaStampa.eu, world press service","@id":"https:\/\/elcanillita.info\/press\/#\/schema\/person\/7fcb79f38045700919f7da6d97e71ba0"},"headline":"La excepci\u00f3n judicial que reabre las sospechas","datePublished":"2026-02-18T14:11:37+00:00","dateModified":"2026-02-20T11:48:02+00:00","mainEntityOfPage":{"@id":"https:\/\/elcanillita.info\/press\/2026\/02\/18\/la-excepcion-judicial-reabre-sospechas\/"},"wordCount":674,"publisher":{"@id":"https:\/\/elcanillita.info\/press\/#organization"},"image":{"@id":"https:\/\/elcanillita.info\/press\/2026\/02\/18\/la-excepcion-judicial-reabre-sospechas\/#primaryimage"},"thumbnailUrl":"https:\/\/elcanillita.info\/press\/images\/2026\/02\/suprpage.jpg","keywords":["Argentina"],"articleSection":[".",".","Actualidad","Am\u00e9rica del Sur","Justicia","Politica","Sociedad"],"inLanguage":"es-AR"},{"@type":"WebPage","@id":"https:\/\/elcanillita.info\/press\/2026\/02\/18\/la-excepcion-judicial-reabre-sospechas\/","url":"https:\/\/elcanillita.info\/press\/2026\/02\/18\/la-excepcion-judicial-reabre-sospechas\/","name":"La excepci\u00f3n judicial que reabre las sospechas - ElCanillita.Info","isPartOf":{"@id":"https:\/\/elcanillita.info\/press\/#website"},"primaryImageOfPage":{"@id":"https:\/\/elcanillita.info\/press\/2026\/02\/18\/la-excepcion-judicial-reabre-sospechas\/#primaryimage"},"image":{"@id":"https:\/\/elcanillita.info\/press\/2026\/02\/18\/la-excepcion-judicial-reabre-sospechas\/#primaryimage"},"thumbnailUrl":"https:\/\/elcanillita.info\/press\/images\/2026\/02\/suprpage.jpg","datePublished":"2026-02-18T14:11:37+00:00","dateModified":"2026-02-20T11:48:02+00:00","inLanguage":"es-AR","potentialAction":[{"@type":"ReadAction","target":["https:\/\/elcanillita.info\/press\/2026\/02\/18\/la-excepcion-judicial-reabre-sospechas\/"]}]},{"@type":"ImageObject","inLanguage":"es-AR","@id":"https:\/\/elcanillita.info\/press\/2026\/02\/18\/la-excepcion-judicial-reabre-sospechas\/#primaryimage","url":"https:\/\/elcanillita.info\/press\/images\/2026\/02\/suprpage.jpg","contentUrl":"https:\/\/elcanillita.info\/press\/images\/2026\/02\/suprpage.jpg","width":550,"height":550},{"@type":"WebSite","@id":"https:\/\/elcanillita.info\/press\/#website","url":"https:\/\/elcanillita.info\/press\/","name":"ElCanillita.Info","description":"desde los Apeninos a los Andes","publisher":{"@id":"https:\/\/elcanillita.info\/press\/#organization"},"potentialAction":[{"@type":"SearchAction","target":{"@type":"EntryPoint","urlTemplate":"https:\/\/elcanillita.info\/press\/?s={search_term_string}"},"query-input":{"@type":"PropertyValueSpecification","valueRequired":true,"valueName":"search_term_string"}}],"inLanguage":"es-AR"},{"@type":"Organization","@id":"https:\/\/elcanillita.info\/press\/#organization","name":"Guzzo Photos & Graphic Publications","url":"https:\/\/elcanillita.info\/press\/","logo":{"@type":"ImageObject","inLanguage":"es-AR","@id":"https:\/\/elcanillita.info\/press\/#\/schema\/logo\/image\/","url":"https:\/\/elcanillita.info\/press\/images\/2020\/01\/cropped-cropped-cropped-elcanillitainfo.png","contentUrl":"https:\/\/elcanillita.info\/press\/images\/2020\/01\/cropped-cropped-cropped-elcanillitainfo.png","width":460,"height":50,"caption":"Guzzo Photos & Graphic Publications"},"image":{"@id":"https:\/\/elcanillita.info\/press\/#\/schema\/logo\/image\/"},"sameAs":["https:\/\/ar-ar.facebook.com\/ElCanillitainfo-114249515285712\/"]},{"@type":"Person","@id":"https:\/\/elcanillita.info\/press\/#\/schema\/person\/7fcb79f38045700919f7da6d97e71ba0","name":"SalaStampa.eu, world press service","image":{"@type":"ImageObject","inLanguage":"es-AR","@id":"https:\/\/secure.gravatar.com\/avatar\/c2f0e0d515a107624234994507816ca4724c7199cef73fc8bedebf6931d73888?s=96&d=mm&r=g","url":"https:\/\/secure.gravatar.com\/avatar\/c2f0e0d515a107624234994507816ca4724c7199cef73fc8bedebf6931d73888?s=96&d=mm&r=g","contentUrl":"https:\/\/secure.gravatar.com\/avatar\/c2f0e0d515a107624234994507816ca4724c7199cef73fc8bedebf6931d73888?s=96&d=mm&r=g","caption":"SalaStampa.eu, world press service"}}]}},"views":136,"_links":{"self":[{"href":"https:\/\/elcanillita.info\/press\/wp-json\/wp\/v2\/posts\/5936","targetHints":{"allow":["GET"]}}],"collection":[{"href":"https:\/\/elcanillita.info\/press\/wp-json\/wp\/v2\/posts"}],"about":[{"href":"https:\/\/elcanillita.info\/press\/wp-json\/wp\/v2\/types\/post"}],"author":[{"embeddable":true,"href":"https:\/\/elcanillita.info\/press\/wp-json\/wp\/v2\/users\/1"}],"replies":[{"embeddable":true,"href":"https:\/\/elcanillita.info\/press\/wp-json\/wp\/v2\/comments?post=5936"}],"version-history":[{"count":0,"href":"https:\/\/elcanillita.info\/press\/wp-json\/wp\/v2\/posts\/5936\/revisions"}],"wp:featuredmedia":[{"embeddable":true,"href":"https:\/\/elcanillita.info\/press\/wp-json\/wp\/v2\/media\/5937"}],"wp:attachment":[{"href":"https:\/\/elcanillita.info\/press\/wp-json\/wp\/v2\/media?parent=5936"}],"wp:term":[{"taxonomy":"category","embeddable":true,"href":"https:\/\/elcanillita.info\/press\/wp-json\/wp\/v2\/categories?post=5936"},{"taxonomy":"post_tag","embeddable":true,"href":"https:\/\/elcanillita.info\/press\/wp-json\/wp\/v2\/tags?post=5936"}],"curies":[{"name":"wp","href":"https:\/\/api.w.org\/{rel}","templated":true}]}}