{"id":5932,"date":"2026-02-17T19:23:06","date_gmt":"2026-02-17T22:23:06","guid":{"rendered":"https:\/\/elcanillita.info\/press\/?p=5932"},"modified":"2026-02-17T21:28:36","modified_gmt":"2026-02-18T00:28:36","slug":"paro-matero","status":"publish","type":"post","link":"https:\/\/elcanillita.info\/press\/2026\/02\/17\/paro-matero\/","title":{"rendered":"Paro con Mate"},"content":{"rendered":"\n<figure class=\"wp-block-image size-large\"><img loading=\"lazy\" decoding=\"async\" width=\"550\" height=\"550\" src=\"https:\/\/elcanillita.info\/press\/images\/2026\/02\/img_1621.jpg\" alt=\"\" class=\"wp-image-5933\" srcset=\"https:\/\/elcanillita.info\/press\/images\/2026\/02\/img_1621.jpg 550w, https:\/\/elcanillita.info\/press\/images\/2026\/02\/img_1621-300x300.jpg 300w, https:\/\/elcanillita.info\/press\/images\/2026\/02\/img_1621-150x150.jpg 150w\" sizes=\"auto, (max-width: 550px) 100vw, 550px\" \/><\/figure>\n\n\n\n<p class=\"p1\">La convocatoria al paro general expuso, una vez m\u00e1s, la tensi\u00f3n interna de la dirigencia sindical. No por el diagn\u00f3stico \u2014la reforma laboral es le\u00edda como un retroceso profundo\u2014 sino por la respuesta: \u00bfparo activo con calle o paro total sin gente en la calle?<\/p>\n\n\n\n<p class=\"p1\">Rub\u00e9n Urbano, desde la UOM C\u00f3rdoba, puso palabras a un malestar que circula desde hace tiempo en las bases. Llamar \u201cdominguero\u201d al paro no es un exceso ret\u00f3rico: es la acusaci\u00f3n de que la protesta pierde densidad pol\u00edtica cuando se limita a la suspensi\u00f3n de tareas sin presencia visible en el espacio p\u00fablico.<\/p>\n\n\n\n<p class=\"p1\">Del otro lado, Omar Maturano confirm\u00f3 que el paro ser\u00e1 total y sin transporte. Su argumento es operativo: sin trenes ni colectivos, no hay movilizaci\u00f3n posible. La l\u00f3gica es contundente, pero deja una pregunta abierta: \u00bfun paro que inmoviliza a la sociedad sin ocupar la calle logra construir poder o apenas administra el descontento?<\/p>\n\n\n\n<p class=\"p1\">La CGT vuelve a pararse en el centro de esa grieta inc\u00f3moda entre conducci\u00f3n y clima social. El paro existe, pero su forma parece discutida incluso antes de comenzar. La protesta nace con una discusi\u00f3n interna que erosiona su potencia simb\u00f3lica.<\/p>\n\n\n\n<p class=\"p1\">El trasfondo es m\u00e1s grave que una negociaci\u00f3n salarial. La reforma laboral en debate interpela la arquitectura de derechos que el movimiento obrero reconoce como propios. All\u00ed, la tibieza no es solo un defecto t\u00e1ctico: es un problema de lectura del momento pol\u00edtico.<\/p>\n\n\n\n<p class=\"p1\">Un paro de 24 horas puede ser un gesto; un paro activo busca ser una se\u00f1al de fuerza. Entre el gesto y la se\u00f1al, la CGT parece elegir una tercera v\u00eda: cumplir con la medida sin definir con claridad el horizonte del conflicto.<\/p>\n\n\n\n<p class=\"p1\">La consecuencia es un mensaje fragmentado hacia los trabajadores. Unos escuchan que el escenario es \u201cgrav\u00edsimo\u201d; otros ven una conducci\u00f3n que dosifica la respuesta como si se tratara de una pulseada menor.<\/p>\n\n\n\n<p class=\"p1\">En contextos de reformas estructurales, la forma de la protesta importa tanto como la protesta misma. No alcanza con parar: hay que disputar sentido. Y el sentido se disputa con presencia, narrativa y decisi\u00f3n pol\u00edtica.<\/p>\n\n\n\n<p class=\"p1\">El sindicalismo argentino conoce esa gram\u00e1tica. La historia muestra que la calle no es solo un lugar de tr\u00e1nsito, sino un escenario de legitimidad. Renunciar a ella, aun por razones pr\u00e1cticas, es ceder parte del terreno simb\u00f3lico.<\/p>\n\n\n\n<p class=\"p1\">La CGT enfrenta un dilema que ya no puede disimular: o redefine su modo de intervenci\u00f3n en un tiempo de reformas profundas, o acepta que su respuesta quedar\u00e1 siempre a mitad de camino entre la advertencia y la resignaci\u00f3n.<\/p>\n\n\n\n<p><\/p>\n\n\n\n<p>\u270d\ufe0f \u00a9 2026 El Cronista del Ajuste \u2013 Derechos reservados<\/p>\n\n\n\n<p><\/p>\n\n\n<hr style=\"\n    border: none;\n    height: 1px;\n    background: linear-gradient(to right, transparent, #ccc, transparent);\n    margin: 0;\n\" \/>\n<\/p>\n<p><small>\u00a9\ufe0f2026  Guzzo Photos  &#038; Graphic Publications \u2013 All Rights Reserved \u2013 Copyright \u00a9\ufe0f 2026 SalaStampa.eu, world press service \u2013 Guzzo Photos &#038; Graphic Publications \u2013 Registro Editori e Stampatori n. 1441 Turin, Italy<\/small><\/p>\n\n\n<p><\/p>\n","protected":false},"excerpt":{"rendered":"<p>Entre paros \u201cdomingueros\u201d y paros totales sin movilizaci\u00f3n, la CGT vuelve a quedar atrapada en su propia ambig\u00fcedad frente a una ofensiva que promete cambiar de ra\u00edz las reglas del trabajo.<\/p>\n","protected":false},"author":14,"featured_media":5933,"comment_status":"closed","ping_status":"","sticky":false,"template":"","format":"standard","meta":{"footnotes":"","_links_to":"","_links_to_target":""},"categories":[108,121,70,11,23,25,133,120],"tags":[29],"class_list":["post-5932","post","type-post","status-publish","format-standard","has-post-thumbnail","hentry","category-blogdiario","category-dc24","category-actualidad","category-america-del-sur","category-politica","category-sociedad","category-trabajo","category-transporte","tag-argentina","entry","double"],"yoast_head":"<!-- This site is optimized with the Yoast SEO plugin v27.4 - https:\/\/yoast.com\/product\/yoast-seo-wordpress\/ -->\n<title>Paro con Mate - ElCanillita.Info<\/title>\n<meta name=\"robots\" content=\"index, follow, max-snippet:-1, max-image-preview:large, max-video-preview:-1\" \/>\n<link rel=\"canonical\" href=\"https:\/\/elcanillita.info\/press\/2026\/02\/17\/paro-matero\/\" \/>\n<meta property=\"og:locale\" content=\"es_ES\" \/>\n<meta property=\"og:type\" content=\"article\" \/>\n<meta property=\"og:title\" content=\"Paro con Mate - ElCanillita.Info\" \/>\n<meta property=\"og:description\" content=\"Entre paros \u201cdomingueros\u201d y paros totales sin movilizaci\u00f3n, la CGT vuelve a quedar atrapada en su propia ambig\u00fcedad frente a una ofensiva que promete cambiar de ra\u00edz las reglas del trabajo.\" \/>\n<meta property=\"og:url\" content=\"https:\/\/elcanillita.info\/press\/2026\/02\/17\/paro-matero\/\" \/>\n<meta property=\"og:site_name\" content=\"ElCanillita.Info\" \/>\n<meta property=\"article:publisher\" content=\"https:\/\/ar-ar.facebook.com\/ElCanillitainfo-114249515285712\/\" \/>\n<meta property=\"article:published_time\" content=\"2026-02-17T22:23:06+00:00\" \/>\n<meta property=\"article:modified_time\" content=\"2026-02-18T00:28:36+00:00\" \/>\n<meta property=\"og:image\" content=\"https:\/\/elcanillita.info\/press\/images\/2026\/02\/img_1621.jpg\" \/>\n\t<meta property=\"og:image:width\" content=\"550\" \/>\n\t<meta property=\"og:image:height\" content=\"550\" \/>\n\t<meta property=\"og:image:type\" content=\"image\/jpeg\" \/>\n<meta name=\"author\" content=\"ElCanillita.info Guzzo Photos &amp; Graphic Publications\" \/>\n<meta name=\"twitter:card\" content=\"summary_large_image\" \/>\n<meta name=\"twitter:label1\" content=\"Escrito por\" \/>\n\t<meta name=\"twitter:data1\" content=\"ElCanillita.info Guzzo Photos &amp; Graphic Publications\" \/>\n\t<meta name=\"twitter:label2\" content=\"Tiempo de lectura\" \/>\n\t<meta name=\"twitter:data2\" content=\"2 minutos\" \/>\n<script type=\"application\/ld+json\" class=\"yoast-schema-graph\">{\"@context\":\"https:\\\/\\\/schema.org\",\"@graph\":[{\"@type\":\"Article\",\"@id\":\"https:\\\/\\\/elcanillita.info\\\/press\\\/2026\\\/02\\\/17\\\/paro-matero\\\/#article\",\"isPartOf\":{\"@id\":\"https:\\\/\\\/elcanillita.info\\\/press\\\/2026\\\/02\\\/17\\\/paro-matero\\\/\"},\"author\":{\"name\":\"ElCanillita.info Guzzo Photos &amp; Graphic Publications\",\"@id\":\"https:\\\/\\\/elcanillita.info\\\/press\\\/#\\\/schema\\\/person\\\/e37a550cff8f5f3407ed112e4cc619cb\"},\"headline\":\"Paro con Mate\",\"datePublished\":\"2026-02-17T22:23:06+00:00\",\"dateModified\":\"2026-02-18T00:28:36+00:00\",\"mainEntityOfPage\":{\"@id\":\"https:\\\/\\\/elcanillita.info\\\/press\\\/2026\\\/02\\\/17\\\/paro-matero\\\/\"},\"wordCount\":488,\"publisher\":{\"@id\":\"https:\\\/\\\/elcanillita.info\\\/press\\\/#organization\"},\"image\":{\"@id\":\"https:\\\/\\\/elcanillita.info\\\/press\\\/2026\\\/02\\\/17\\\/paro-matero\\\/#primaryimage\"},\"thumbnailUrl\":\"https:\\\/\\\/elcanillita.info\\\/press\\\/images\\\/2026\\\/02\\\/img_1621.jpg\",\"keywords\":[\"Argentina\"],\"articleSection\":[\".\",\".\",\"Actualidad\",\"Am\u00e9rica del Sur\",\"Politica\",\"Sociedad\",\"Trabajo\",\"Transporte\"],\"inLanguage\":\"es-AR\"},{\"@type\":\"WebPage\",\"@id\":\"https:\\\/\\\/elcanillita.info\\\/press\\\/2026\\\/02\\\/17\\\/paro-matero\\\/\",\"url\":\"https:\\\/\\\/elcanillita.info\\\/press\\\/2026\\\/02\\\/17\\\/paro-matero\\\/\",\"name\":\"Paro con Mate - ElCanillita.Info\",\"isPartOf\":{\"@id\":\"https:\\\/\\\/elcanillita.info\\\/press\\\/#website\"},\"primaryImageOfPage\":{\"@id\":\"https:\\\/\\\/elcanillita.info\\\/press\\\/2026\\\/02\\\/17\\\/paro-matero\\\/#primaryimage\"},\"image\":{\"@id\":\"https:\\\/\\\/elcanillita.info\\\/press\\\/2026\\\/02\\\/17\\\/paro-matero\\\/#primaryimage\"},\"thumbnailUrl\":\"https:\\\/\\\/elcanillita.info\\\/press\\\/images\\\/2026\\\/02\\\/img_1621.jpg\",\"datePublished\":\"2026-02-17T22:23:06+00:00\",\"dateModified\":\"2026-02-18T00:28:36+00:00\",\"inLanguage\":\"es-AR\",\"potentialAction\":[{\"@type\":\"ReadAction\",\"target\":[\"https:\\\/\\\/elcanillita.info\\\/press\\\/2026\\\/02\\\/17\\\/paro-matero\\\/\"]}]},{\"@type\":\"ImageObject\",\"inLanguage\":\"es-AR\",\"@id\":\"https:\\\/\\\/elcanillita.info\\\/press\\\/2026\\\/02\\\/17\\\/paro-matero\\\/#primaryimage\",\"url\":\"https:\\\/\\\/elcanillita.info\\\/press\\\/images\\\/2026\\\/02\\\/img_1621.jpg\",\"contentUrl\":\"https:\\\/\\\/elcanillita.info\\\/press\\\/images\\\/2026\\\/02\\\/img_1621.jpg\",\"width\":550,\"height\":550},{\"@type\":\"WebSite\",\"@id\":\"https:\\\/\\\/elcanillita.info\\\/press\\\/#website\",\"url\":\"https:\\\/\\\/elcanillita.info\\\/press\\\/\",\"name\":\"ElCanillita.Info\",\"description\":\"desde los Apeninos a los Andes\",\"publisher\":{\"@id\":\"https:\\\/\\\/elcanillita.info\\\/press\\\/#organization\"},\"potentialAction\":[{\"@type\":\"SearchAction\",\"target\":{\"@type\":\"EntryPoint\",\"urlTemplate\":\"https:\\\/\\\/elcanillita.info\\\/press\\\/?s={search_term_string}\"},\"query-input\":{\"@type\":\"PropertyValueSpecification\",\"valueRequired\":true,\"valueName\":\"search_term_string\"}}],\"inLanguage\":\"es-AR\"},{\"@type\":\"Organization\",\"@id\":\"https:\\\/\\\/elcanillita.info\\\/press\\\/#organization\",\"name\":\"Guzzo Photos & Graphic Publications\",\"url\":\"https:\\\/\\\/elcanillita.info\\\/press\\\/\",\"logo\":{\"@type\":\"ImageObject\",\"inLanguage\":\"es-AR\",\"@id\":\"https:\\\/\\\/elcanillita.info\\\/press\\\/#\\\/schema\\\/logo\\\/image\\\/\",\"url\":\"https:\\\/\\\/elcanillita.info\\\/press\\\/images\\\/2020\\\/01\\\/cropped-cropped-cropped-elcanillitainfo.png\",\"contentUrl\":\"https:\\\/\\\/elcanillita.info\\\/press\\\/images\\\/2020\\\/01\\\/cropped-cropped-cropped-elcanillitainfo.png\",\"width\":460,\"height\":50,\"caption\":\"Guzzo Photos & Graphic Publications\"},\"image\":{\"@id\":\"https:\\\/\\\/elcanillita.info\\\/press\\\/#\\\/schema\\\/logo\\\/image\\\/\"},\"sameAs\":[\"https:\\\/\\\/ar-ar.facebook.com\\\/ElCanillitainfo-114249515285712\\\/\"]},{\"@type\":\"Person\",\"@id\":\"https:\\\/\\\/elcanillita.info\\\/press\\\/#\\\/schema\\\/person\\\/e37a550cff8f5f3407ed112e4cc619cb\",\"name\":\"ElCanillita.info Guzzo Photos &amp; Graphic Publications\",\"image\":{\"@type\":\"ImageObject\",\"inLanguage\":\"es-AR\",\"@id\":\"https:\\\/\\\/secure.gravatar.com\\\/avatar\\\/8914fbe0ef09248907e331ab93dfa89c7f76decf6b51cd1b2f8444e6260db772?s=96&d=mm&r=g\",\"url\":\"https:\\\/\\\/secure.gravatar.com\\\/avatar\\\/8914fbe0ef09248907e331ab93dfa89c7f76decf6b51cd1b2f8444e6260db772?s=96&d=mm&r=g\",\"contentUrl\":\"https:\\\/\\\/secure.gravatar.com\\\/avatar\\\/8914fbe0ef09248907e331ab93dfa89c7f76decf6b51cd1b2f8444e6260db772?s=96&d=mm&r=g\",\"caption\":\"ElCanillita.info Guzzo Photos &amp; Graphic Publications\"},\"sameAs\":[\"http:\\\/\\\/guzzophotos.com\"]}]}<\/script>\n<!-- \/ Yoast SEO plugin. -->","yoast_head_json":{"title":"Paro con Mate - ElCanillita.Info","robots":{"index":"index","follow":"follow","max-snippet":"max-snippet:-1","max-image-preview":"max-image-preview:large","max-video-preview":"max-video-preview:-1"},"canonical":"https:\/\/elcanillita.info\/press\/2026\/02\/17\/paro-matero\/","og_locale":"es_ES","og_type":"article","og_title":"Paro con Mate - ElCanillita.Info","og_description":"Entre paros \u201cdomingueros\u201d y paros totales sin movilizaci\u00f3n, la CGT vuelve a quedar atrapada en su propia ambig\u00fcedad frente a una ofensiva que promete cambiar de ra\u00edz las reglas del trabajo.","og_url":"https:\/\/elcanillita.info\/press\/2026\/02\/17\/paro-matero\/","og_site_name":"ElCanillita.Info","article_publisher":"https:\/\/ar-ar.facebook.com\/ElCanillitainfo-114249515285712\/","article_published_time":"2026-02-17T22:23:06+00:00","article_modified_time":"2026-02-18T00:28:36+00:00","og_image":[{"width":550,"height":550,"url":"https:\/\/elcanillita.info\/press\/images\/2026\/02\/img_1621.jpg","type":"image\/jpeg"}],"author":"ElCanillita.info Guzzo Photos &amp; Graphic Publications","twitter_card":"summary_large_image","twitter_misc":{"Escrito por":"ElCanillita.info Guzzo Photos &amp; Graphic Publications","Tiempo de lectura":"2 minutos"},"schema":{"@context":"https:\/\/schema.org","@graph":[{"@type":"Article","@id":"https:\/\/elcanillita.info\/press\/2026\/02\/17\/paro-matero\/#article","isPartOf":{"@id":"https:\/\/elcanillita.info\/press\/2026\/02\/17\/paro-matero\/"},"author":{"name":"ElCanillita.info Guzzo Photos &amp; Graphic Publications","@id":"https:\/\/elcanillita.info\/press\/#\/schema\/person\/e37a550cff8f5f3407ed112e4cc619cb"},"headline":"Paro con Mate","datePublished":"2026-02-17T22:23:06+00:00","dateModified":"2026-02-18T00:28:36+00:00","mainEntityOfPage":{"@id":"https:\/\/elcanillita.info\/press\/2026\/02\/17\/paro-matero\/"},"wordCount":488,"publisher":{"@id":"https:\/\/elcanillita.info\/press\/#organization"},"image":{"@id":"https:\/\/elcanillita.info\/press\/2026\/02\/17\/paro-matero\/#primaryimage"},"thumbnailUrl":"https:\/\/elcanillita.info\/press\/images\/2026\/02\/img_1621.jpg","keywords":["Argentina"],"articleSection":[".",".","Actualidad","Am\u00e9rica del Sur","Politica","Sociedad","Trabajo","Transporte"],"inLanguage":"es-AR"},{"@type":"WebPage","@id":"https:\/\/elcanillita.info\/press\/2026\/02\/17\/paro-matero\/","url":"https:\/\/elcanillita.info\/press\/2026\/02\/17\/paro-matero\/","name":"Paro con Mate - ElCanillita.Info","isPartOf":{"@id":"https:\/\/elcanillita.info\/press\/#website"},"primaryImageOfPage":{"@id":"https:\/\/elcanillita.info\/press\/2026\/02\/17\/paro-matero\/#primaryimage"},"image":{"@id":"https:\/\/elcanillita.info\/press\/2026\/02\/17\/paro-matero\/#primaryimage"},"thumbnailUrl":"https:\/\/elcanillita.info\/press\/images\/2026\/02\/img_1621.jpg","datePublished":"2026-02-17T22:23:06+00:00","dateModified":"2026-02-18T00:28:36+00:00","inLanguage":"es-AR","potentialAction":[{"@type":"ReadAction","target":["https:\/\/elcanillita.info\/press\/2026\/02\/17\/paro-matero\/"]}]},{"@type":"ImageObject","inLanguage":"es-AR","@id":"https:\/\/elcanillita.info\/press\/2026\/02\/17\/paro-matero\/#primaryimage","url":"https:\/\/elcanillita.info\/press\/images\/2026\/02\/img_1621.jpg","contentUrl":"https:\/\/elcanillita.info\/press\/images\/2026\/02\/img_1621.jpg","width":550,"height":550},{"@type":"WebSite","@id":"https:\/\/elcanillita.info\/press\/#website","url":"https:\/\/elcanillita.info\/press\/","name":"ElCanillita.Info","description":"desde los Apeninos a los Andes","publisher":{"@id":"https:\/\/elcanillita.info\/press\/#organization"},"potentialAction":[{"@type":"SearchAction","target":{"@type":"EntryPoint","urlTemplate":"https:\/\/elcanillita.info\/press\/?s={search_term_string}"},"query-input":{"@type":"PropertyValueSpecification","valueRequired":true,"valueName":"search_term_string"}}],"inLanguage":"es-AR"},{"@type":"Organization","@id":"https:\/\/elcanillita.info\/press\/#organization","name":"Guzzo Photos & Graphic Publications","url":"https:\/\/elcanillita.info\/press\/","logo":{"@type":"ImageObject","inLanguage":"es-AR","@id":"https:\/\/elcanillita.info\/press\/#\/schema\/logo\/image\/","url":"https:\/\/elcanillita.info\/press\/images\/2020\/01\/cropped-cropped-cropped-elcanillitainfo.png","contentUrl":"https:\/\/elcanillita.info\/press\/images\/2020\/01\/cropped-cropped-cropped-elcanillitainfo.png","width":460,"height":50,"caption":"Guzzo Photos & Graphic Publications"},"image":{"@id":"https:\/\/elcanillita.info\/press\/#\/schema\/logo\/image\/"},"sameAs":["https:\/\/ar-ar.facebook.com\/ElCanillitainfo-114249515285712\/"]},{"@type":"Person","@id":"https:\/\/elcanillita.info\/press\/#\/schema\/person\/e37a550cff8f5f3407ed112e4cc619cb","name":"ElCanillita.info Guzzo Photos &amp; Graphic Publications","image":{"@type":"ImageObject","inLanguage":"es-AR","@id":"https:\/\/secure.gravatar.com\/avatar\/8914fbe0ef09248907e331ab93dfa89c7f76decf6b51cd1b2f8444e6260db772?s=96&d=mm&r=g","url":"https:\/\/secure.gravatar.com\/avatar\/8914fbe0ef09248907e331ab93dfa89c7f76decf6b51cd1b2f8444e6260db772?s=96&d=mm&r=g","contentUrl":"https:\/\/secure.gravatar.com\/avatar\/8914fbe0ef09248907e331ab93dfa89c7f76decf6b51cd1b2f8444e6260db772?s=96&d=mm&r=g","caption":"ElCanillita.info Guzzo Photos &amp; Graphic Publications"},"sameAs":["http:\/\/guzzophotos.com"]}]}},"views":83,"_links":{"self":[{"href":"https:\/\/elcanillita.info\/press\/wp-json\/wp\/v2\/posts\/5932","targetHints":{"allow":["GET"]}}],"collection":[{"href":"https:\/\/elcanillita.info\/press\/wp-json\/wp\/v2\/posts"}],"about":[{"href":"https:\/\/elcanillita.info\/press\/wp-json\/wp\/v2\/types\/post"}],"author":[{"embeddable":true,"href":"https:\/\/elcanillita.info\/press\/wp-json\/wp\/v2\/users\/14"}],"replies":[{"embeddable":true,"href":"https:\/\/elcanillita.info\/press\/wp-json\/wp\/v2\/comments?post=5932"}],"version-history":[{"count":0,"href":"https:\/\/elcanillita.info\/press\/wp-json\/wp\/v2\/posts\/5932\/revisions"}],"wp:featuredmedia":[{"embeddable":true,"href":"https:\/\/elcanillita.info\/press\/wp-json\/wp\/v2\/media\/5933"}],"wp:attachment":[{"href":"https:\/\/elcanillita.info\/press\/wp-json\/wp\/v2\/media?parent=5932"}],"wp:term":[{"taxonomy":"category","embeddable":true,"href":"https:\/\/elcanillita.info\/press\/wp-json\/wp\/v2\/categories?post=5932"},{"taxonomy":"post_tag","embeddable":true,"href":"https:\/\/elcanillita.info\/press\/wp-json\/wp\/v2\/tags?post=5932"}],"curies":[{"name":"wp","href":"https:\/\/api.w.org\/{rel}","templated":true}]}}