{"id":5927,"date":"2026-02-15T11:06:23","date_gmt":"2026-02-15T14:06:23","guid":{"rendered":"https:\/\/elcanillita.info\/press\/?p=5927"},"modified":"2026-02-15T11:06:25","modified_gmt":"2026-02-15T14:06:25","slug":"liturgia-de-un-avance","status":"publish","type":"post","link":"https:\/\/elcanillita.info\/press\/2026\/02\/15\/liturgia-de-un-avance\/","title":{"rendered":"Liturgia de un Avance"},"content":{"rendered":"<div class=\"wp-block-image\">\n<figure class=\"alignleft size-full is-resized\"><img loading=\"lazy\" decoding=\"async\" width=\"567\" height=\"850\" src=\"https:\/\/elcanillita.info\/press\/images\/2026\/02\/trib-1.jpg\" alt=\"\" class=\"wp-image-5928\" style=\"width:338px;height:auto\" srcset=\"https:\/\/elcanillita.info\/press\/images\/2026\/02\/trib-1.jpg 567w, https:\/\/elcanillita.info\/press\/images\/2026\/02\/trib-1-200x300.jpg 200w\" sizes=\"auto, (max-width: 567px) 100vw, 567px\" \/><\/figure>\n<\/div>\n\n\n<p>Otra vez el libreto de siempre: se anuncia un acuerdo \u201chist\u00f3rico\u201d, se exhiben porcentajes como si fueran medallas y se proclama que el pa\u00eds \u201cse integra al mundo\u201d. La liturgia del \u00e9xito es conocida; el contenido, bastante menos glorioso.<\/p>\n\n\n\n<p>Reducir aranceles no es un acto de magia: es una decisi\u00f3n pol\u00edtica que favorece a unos y expone a otros. Presentarlo como un tr\u00e1mite t\u00e9cnico equivale a decir que la arquitectura de una casa es un detalle frente al color de la pintura.<\/p>\n\n\n\n<p>La Uni\u00f3n Europea aprob\u00f3 el acuerdo con reservas, objeciones y protestas en la calle. No porque sus gobiernos hayan descubierto de pronto el proteccionismo sentimental, sino porque entendieron algo elemental: abrir mercados sin blindar a los sectores vulnerables es invitar al incendio y prometer luego un balde de agua.<\/p>\n\n\n\n<p>Bruselas, con pulcritud burocr\u00e1tica, agreg\u00f3 fondos compensatorios, controles adicionales y cl\u00e1usulas de salvaguardia. Traducido: el acuerdo, tal como estaba, era indigesto. Se lo sirvi\u00f3 con anti\u00e1cidos para que pase. No es virtud del plato; es reconocimiento del da\u00f1o.<\/p>\n\n\n\n<p>Que la Comisi\u00f3n concentre la llave de los recursos agr\u00edcolas y limite el margen de los Estados no es un detalle administrativo: es un desplazamiento de poder. Cuando el tablero se mueve, no todos los jugadores conservan las mismas piezas.<\/p>\n\n\n\n<p>Del lado del Mercosur, el optimismo oficial se apoya en una ilusi\u00f3n persistente: vender m\u00e1s materias primas y comprar m\u00e1s manufacturas como si eso fuera sin\u00f3nimo de desarrollo. Es el viejo intercambio desigual con traje nuevo y sonrisa de ocasi\u00f3n.<\/p>\n\n\n\n<p>La promesa de \u201cacceso a mercados\u201d suena epop\u00e9yico hasta que se la contrasta con la realidad de la estructura productiva. Acceder no es competir. Competir no es ganar. Y ganar no es desarrollar capacidades propias. Confundir estas etapas es una forma elegante de administrar expectativas ajenas.<\/p>\n\n\n\n<p>Mientras en Europa los agricultores bloquean rutas para defender reglas que los obligan a producir caro, aqu\u00ed se celebra competir con quienes producen barato. No es audacia: es una apuesta asim\u00e9trica presentada como virtud estrat\u00e9gica.<\/p>\n\n\n\n<p>Las indicaciones geogr\u00e1ficas europeas se blindan con celo notarial; nuestras cadenas de valor, con esperanza ret\u00f3rica. Unos protegen lo que saben que vale; otros conf\u00edan en que el mercado sea generoso. El mercado no tiene vocaci\u00f3n pedag\u00f3gica.<\/p>\n\n\n\n<p>El consenso pol\u00edtico que se busca no es sobre el contenido, sino sobre el relato. Se pide aplauso para la apertura y silencio para sus consecuencias. Es una coreograf\u00eda conocida: m\u00fasica alta para que no se oigan los costos.<\/p>\n\n\n\n<p>No se discute comerciar; se discute c\u00f3mo no quedar presos del mismo rol de siempre. Si el acuerdo fija una especializaci\u00f3n que empobrece la complejidad productiva, el problema no es el comercio: es la renuncia a decidir el rumbo.<\/p>\n\n\n\n<p>En pol\u00edtica econ\u00f3mica, las celebraciones anticipadas suelen ser la antesala de los balances tard\u00edos. Cuando llegue la factura, ya no habr\u00e1 porcentajes para exhibir: habr\u00e1 capacidades perdidas que no se recuperan con comunicados.<\/p>\n\n\n\n<p>\u270d\ufe0f <small>\u00a92026 El Tasador del Relato Oficial &#8211; Derechos reservados<\/small><\/p>\n\n\n<hr style=\"border: none; height: 1px; background-color: #e0e0e0; max-width: 80%; margin: 2em auto;\" \/>\n\n\n\u00bfQuieres decir algo ?<br>\n\n\ud83d\udcec Envia tu texto a elcanillita@yahoo.com o sube a la Caja de los oradores: <br> SoapBoxOrators.org. <br>\n\n\ud83c\udde6\ud83c\uddf7 CASTELLANO\n\n<form action=\"https:\/\/formspree.io\/f\/mjkrjzed\" method=\"POST\">\n  <label for=\"name\">Nombre o seud\u00f3nimo:<\/label><br>\n  <input type=\"text\" id=\"name\" name=\"name\" required><br><br>\n\n  <label for=\"title\">T\u00edtulo del discurso o editorial:<\/label><br>\n  <input type=\"text\" id=\"title\" name=\"title\" required><br><br>\n\n  <label for=\"message\">Texto (m\u00e1x. 3.000 caracteres):<\/label><br>\n  <textarea id=\"message\" name=\"message\" rows=\"10\" maxlength=\"3000\" required><\/textarea><br><br>\n\n  <label>\n    <input type=\"checkbox\" name=\"consent\" required>\n    Autorizo la publicaci\u00f3n de este texto en SoapboxOrators.org\n  <\/label><br><br>\n\n  <button type=\"submit\">Enviar<\/button>\n  <button type=\"reset\">Borrar<\/button>\n<\/form>\n\n<hr style=\"border: none; height: 1px; background-color: #ccc; margin: 2em 0;\" \/>\n<p><small>\u00a9 2026 SalaStampa.eu, world press service &#8211; All Rights Reserved &#8211;  Guzzo Photos &#038; Graphic  Publications \u2013 Registro Editori e Stampatori n. 1441 Turin, Italy<\/small><\/p>","protected":false},"excerpt":{"rendered":"<p>Entre porcentajes celebrados y promesas de integraci\u00f3n, el acuerdo con la Uni\u00f3n Europea se presenta como un rito de modernizaci\u00f3n. Detr\u00e1s del lenguaje t\u00e9cnico, persisten las asimetr\u00edas productivas, los resguardos selectivos y una pregunta inc\u00f3moda: qui\u00e9n define el rumbo cuando la apertura se convierte en dogma.<\/p>\n","protected":false},"author":1,"featured_media":5929,"comment_status":"closed","ping_status":"closed","sticky":false,"template":"","format":"standard","meta":{"footnotes":"","_links_to":"","_links_to_target":""},"categories":[108,121,70,11,20,23,25],"tags":[],"class_list":["post-5927","post","type-post","status-publish","format-standard","has-post-thumbnail","hentry","category-blogdiario","category-dc24","category-actualidad","category-america-del-sur","category-economia","category-politica","category-sociedad","entry","double"],"yoast_head":"<!-- This site is optimized with the Yoast SEO plugin v27.5 - https:\/\/yoast.com\/product\/yoast-seo-wordpress\/ -->\n<title>Liturgia de un Avance - ElCanillita.Info<\/title>\n<meta name=\"robots\" content=\"index, follow, max-snippet:-1, max-image-preview:large, max-video-preview:-1\" \/>\n<link rel=\"canonical\" href=\"https:\/\/elcanillita.info\/press\/2026\/02\/15\/liturgia-de-un-avance\/\" \/>\n<meta property=\"og:locale\" content=\"es_ES\" \/>\n<meta property=\"og:type\" content=\"article\" \/>\n<meta property=\"og:title\" content=\"Liturgia de un Avance - ElCanillita.Info\" \/>\n<meta property=\"og:description\" content=\"Entre porcentajes celebrados y promesas de integraci\u00f3n, el acuerdo con la Uni\u00f3n Europea se presenta como un rito de modernizaci\u00f3n. Detr\u00e1s del lenguaje t\u00e9cnico, persisten las asimetr\u00edas productivas, los resguardos selectivos y una pregunta inc\u00f3moda: qui\u00e9n define el rumbo cuando la apertura se convierte en dogma.\" \/>\n<meta property=\"og:url\" content=\"https:\/\/elcanillita.info\/press\/2026\/02\/15\/liturgia-de-un-avance\/\" \/>\n<meta property=\"og:site_name\" content=\"ElCanillita.Info\" \/>\n<meta property=\"article:publisher\" content=\"https:\/\/ar-ar.facebook.com\/ElCanillitainfo-114249515285712\/\" \/>\n<meta property=\"article:published_time\" content=\"2026-02-15T14:06:23+00:00\" \/>\n<meta property=\"article:modified_time\" content=\"2026-02-15T14:06:25+00:00\" \/>\n<meta property=\"og:image\" content=\"https:\/\/elcanillita.info\/press\/images\/2026\/02\/trib_b-1.jpg\" \/>\n\t<meta property=\"og:image:width\" content=\"400\" \/>\n\t<meta property=\"og:image:height\" content=\"600\" \/>\n\t<meta property=\"og:image:type\" content=\"image\/jpeg\" \/>\n<meta name=\"author\" content=\"SalaStampa.eu, world press service\" \/>\n<meta name=\"twitter:card\" content=\"summary_large_image\" \/>\n<meta name=\"twitter:label1\" content=\"Escrito por\" \/>\n\t<meta name=\"twitter:data1\" content=\"SalaStampa.eu, world press service\" \/>\n\t<meta name=\"twitter:label2\" content=\"Tiempo de lectura\" \/>\n\t<meta name=\"twitter:data2\" content=\"3 minutos\" \/>\n<script type=\"application\/ld+json\" class=\"yoast-schema-graph\">{\"@context\":\"https:\\\/\\\/schema.org\",\"@graph\":[{\"@type\":\"Article\",\"@id\":\"https:\\\/\\\/elcanillita.info\\\/press\\\/2026\\\/02\\\/15\\\/liturgia-de-un-avance\\\/#article\",\"isPartOf\":{\"@id\":\"https:\\\/\\\/elcanillita.info\\\/press\\\/2026\\\/02\\\/15\\\/liturgia-de-un-avance\\\/\"},\"author\":{\"name\":\"SalaStampa.eu, world press service\",\"@id\":\"https:\\\/\\\/elcanillita.info\\\/press\\\/#\\\/schema\\\/person\\\/7fcb79f38045700919f7da6d97e71ba0\"},\"headline\":\"Liturgia de un Avance\",\"datePublished\":\"2026-02-15T14:06:23+00:00\",\"dateModified\":\"2026-02-15T14:06:25+00:00\",\"mainEntityOfPage\":{\"@id\":\"https:\\\/\\\/elcanillita.info\\\/press\\\/2026\\\/02\\\/15\\\/liturgia-de-un-avance\\\/\"},\"wordCount\":592,\"publisher\":{\"@id\":\"https:\\\/\\\/elcanillita.info\\\/press\\\/#organization\"},\"image\":{\"@id\":\"https:\\\/\\\/elcanillita.info\\\/press\\\/2026\\\/02\\\/15\\\/liturgia-de-un-avance\\\/#primaryimage\"},\"thumbnailUrl\":\"https:\\\/\\\/elcanillita.info\\\/press\\\/images\\\/2026\\\/02\\\/trib_b-1.jpg\",\"articleSection\":[\".\",\".\",\"Actualidad\",\"Am\u00e9rica del Sur\",\"Economia\",\"Politica\",\"Sociedad\"],\"inLanguage\":\"es-AR\"},{\"@type\":\"WebPage\",\"@id\":\"https:\\\/\\\/elcanillita.info\\\/press\\\/2026\\\/02\\\/15\\\/liturgia-de-un-avance\\\/\",\"url\":\"https:\\\/\\\/elcanillita.info\\\/press\\\/2026\\\/02\\\/15\\\/liturgia-de-un-avance\\\/\",\"name\":\"Liturgia de un Avance - ElCanillita.Info\",\"isPartOf\":{\"@id\":\"https:\\\/\\\/elcanillita.info\\\/press\\\/#website\"},\"primaryImageOfPage\":{\"@id\":\"https:\\\/\\\/elcanillita.info\\\/press\\\/2026\\\/02\\\/15\\\/liturgia-de-un-avance\\\/#primaryimage\"},\"image\":{\"@id\":\"https:\\\/\\\/elcanillita.info\\\/press\\\/2026\\\/02\\\/15\\\/liturgia-de-un-avance\\\/#primaryimage\"},\"thumbnailUrl\":\"https:\\\/\\\/elcanillita.info\\\/press\\\/images\\\/2026\\\/02\\\/trib_b-1.jpg\",\"datePublished\":\"2026-02-15T14:06:23+00:00\",\"dateModified\":\"2026-02-15T14:06:25+00:00\",\"inLanguage\":\"es-AR\",\"potentialAction\":[{\"@type\":\"ReadAction\",\"target\":[\"https:\\\/\\\/elcanillita.info\\\/press\\\/2026\\\/02\\\/15\\\/liturgia-de-un-avance\\\/\"]}]},{\"@type\":\"ImageObject\",\"inLanguage\":\"es-AR\",\"@id\":\"https:\\\/\\\/elcanillita.info\\\/press\\\/2026\\\/02\\\/15\\\/liturgia-de-un-avance\\\/#primaryimage\",\"url\":\"https:\\\/\\\/elcanillita.info\\\/press\\\/images\\\/2026\\\/02\\\/trib_b-1.jpg\",\"contentUrl\":\"https:\\\/\\\/elcanillita.info\\\/press\\\/images\\\/2026\\\/02\\\/trib_b-1.jpg\",\"width\":400,\"height\":600},{\"@type\":\"WebSite\",\"@id\":\"https:\\\/\\\/elcanillita.info\\\/press\\\/#website\",\"url\":\"https:\\\/\\\/elcanillita.info\\\/press\\\/\",\"name\":\"ElCanillita.Info\",\"description\":\"desde los Apeninos a los Andes\",\"publisher\":{\"@id\":\"https:\\\/\\\/elcanillita.info\\\/press\\\/#organization\"},\"potentialAction\":[{\"@type\":\"SearchAction\",\"target\":{\"@type\":\"EntryPoint\",\"urlTemplate\":\"https:\\\/\\\/elcanillita.info\\\/press\\\/?s={search_term_string}\"},\"query-input\":{\"@type\":\"PropertyValueSpecification\",\"valueRequired\":true,\"valueName\":\"search_term_string\"}}],\"inLanguage\":\"es-AR\"},{\"@type\":\"Organization\",\"@id\":\"https:\\\/\\\/elcanillita.info\\\/press\\\/#organization\",\"name\":\"Guzzo Photos & Graphic Publications\",\"url\":\"https:\\\/\\\/elcanillita.info\\\/press\\\/\",\"logo\":{\"@type\":\"ImageObject\",\"inLanguage\":\"es-AR\",\"@id\":\"https:\\\/\\\/elcanillita.info\\\/press\\\/#\\\/schema\\\/logo\\\/image\\\/\",\"url\":\"https:\\\/\\\/elcanillita.info\\\/press\\\/images\\\/2020\\\/01\\\/cropped-cropped-cropped-elcanillitainfo.png\",\"contentUrl\":\"https:\\\/\\\/elcanillita.info\\\/press\\\/images\\\/2020\\\/01\\\/cropped-cropped-cropped-elcanillitainfo.png\",\"width\":460,\"height\":50,\"caption\":\"Guzzo Photos & Graphic Publications\"},\"image\":{\"@id\":\"https:\\\/\\\/elcanillita.info\\\/press\\\/#\\\/schema\\\/logo\\\/image\\\/\"},\"sameAs\":[\"https:\\\/\\\/ar-ar.facebook.com\\\/ElCanillitainfo-114249515285712\\\/\"]},{\"@type\":\"Person\",\"@id\":\"https:\\\/\\\/elcanillita.info\\\/press\\\/#\\\/schema\\\/person\\\/7fcb79f38045700919f7da6d97e71ba0\",\"name\":\"SalaStampa.eu, world press service\",\"image\":{\"@type\":\"ImageObject\",\"inLanguage\":\"es-AR\",\"@id\":\"https:\\\/\\\/secure.gravatar.com\\\/avatar\\\/c2f0e0d515a107624234994507816ca4724c7199cef73fc8bedebf6931d73888?s=96&d=mm&r=g\",\"url\":\"https:\\\/\\\/secure.gravatar.com\\\/avatar\\\/c2f0e0d515a107624234994507816ca4724c7199cef73fc8bedebf6931d73888?s=96&d=mm&r=g\",\"contentUrl\":\"https:\\\/\\\/secure.gravatar.com\\\/avatar\\\/c2f0e0d515a107624234994507816ca4724c7199cef73fc8bedebf6931d73888?s=96&d=mm&r=g\",\"caption\":\"SalaStampa.eu, world press service\"}}]}<\/script>\n<!-- \/ Yoast SEO plugin. -->","yoast_head_json":{"title":"Liturgia de un Avance - ElCanillita.Info","robots":{"index":"index","follow":"follow","max-snippet":"max-snippet:-1","max-image-preview":"max-image-preview:large","max-video-preview":"max-video-preview:-1"},"canonical":"https:\/\/elcanillita.info\/press\/2026\/02\/15\/liturgia-de-un-avance\/","og_locale":"es_ES","og_type":"article","og_title":"Liturgia de un Avance - ElCanillita.Info","og_description":"Entre porcentajes celebrados y promesas de integraci\u00f3n, el acuerdo con la Uni\u00f3n Europea se presenta como un rito de modernizaci\u00f3n. Detr\u00e1s del lenguaje t\u00e9cnico, persisten las asimetr\u00edas productivas, los resguardos selectivos y una pregunta inc\u00f3moda: qui\u00e9n define el rumbo cuando la apertura se convierte en dogma.","og_url":"https:\/\/elcanillita.info\/press\/2026\/02\/15\/liturgia-de-un-avance\/","og_site_name":"ElCanillita.Info","article_publisher":"https:\/\/ar-ar.facebook.com\/ElCanillitainfo-114249515285712\/","article_published_time":"2026-02-15T14:06:23+00:00","article_modified_time":"2026-02-15T14:06:25+00:00","og_image":[{"width":400,"height":600,"url":"https:\/\/elcanillita.info\/press\/images\/2026\/02\/trib_b-1.jpg","type":"image\/jpeg"}],"author":"SalaStampa.eu, world press service","twitter_card":"summary_large_image","twitter_misc":{"Escrito por":"SalaStampa.eu, world press service","Tiempo de lectura":"3 minutos"},"schema":{"@context":"https:\/\/schema.org","@graph":[{"@type":"Article","@id":"https:\/\/elcanillita.info\/press\/2026\/02\/15\/liturgia-de-un-avance\/#article","isPartOf":{"@id":"https:\/\/elcanillita.info\/press\/2026\/02\/15\/liturgia-de-un-avance\/"},"author":{"name":"SalaStampa.eu, world press service","@id":"https:\/\/elcanillita.info\/press\/#\/schema\/person\/7fcb79f38045700919f7da6d97e71ba0"},"headline":"Liturgia de un Avance","datePublished":"2026-02-15T14:06:23+00:00","dateModified":"2026-02-15T14:06:25+00:00","mainEntityOfPage":{"@id":"https:\/\/elcanillita.info\/press\/2026\/02\/15\/liturgia-de-un-avance\/"},"wordCount":592,"publisher":{"@id":"https:\/\/elcanillita.info\/press\/#organization"},"image":{"@id":"https:\/\/elcanillita.info\/press\/2026\/02\/15\/liturgia-de-un-avance\/#primaryimage"},"thumbnailUrl":"https:\/\/elcanillita.info\/press\/images\/2026\/02\/trib_b-1.jpg","articleSection":[".",".","Actualidad","Am\u00e9rica del Sur","Economia","Politica","Sociedad"],"inLanguage":"es-AR"},{"@type":"WebPage","@id":"https:\/\/elcanillita.info\/press\/2026\/02\/15\/liturgia-de-un-avance\/","url":"https:\/\/elcanillita.info\/press\/2026\/02\/15\/liturgia-de-un-avance\/","name":"Liturgia de un Avance - ElCanillita.Info","isPartOf":{"@id":"https:\/\/elcanillita.info\/press\/#website"},"primaryImageOfPage":{"@id":"https:\/\/elcanillita.info\/press\/2026\/02\/15\/liturgia-de-un-avance\/#primaryimage"},"image":{"@id":"https:\/\/elcanillita.info\/press\/2026\/02\/15\/liturgia-de-un-avance\/#primaryimage"},"thumbnailUrl":"https:\/\/elcanillita.info\/press\/images\/2026\/02\/trib_b-1.jpg","datePublished":"2026-02-15T14:06:23+00:00","dateModified":"2026-02-15T14:06:25+00:00","inLanguage":"es-AR","potentialAction":[{"@type":"ReadAction","target":["https:\/\/elcanillita.info\/press\/2026\/02\/15\/liturgia-de-un-avance\/"]}]},{"@type":"ImageObject","inLanguage":"es-AR","@id":"https:\/\/elcanillita.info\/press\/2026\/02\/15\/liturgia-de-un-avance\/#primaryimage","url":"https:\/\/elcanillita.info\/press\/images\/2026\/02\/trib_b-1.jpg","contentUrl":"https:\/\/elcanillita.info\/press\/images\/2026\/02\/trib_b-1.jpg","width":400,"height":600},{"@type":"WebSite","@id":"https:\/\/elcanillita.info\/press\/#website","url":"https:\/\/elcanillita.info\/press\/","name":"ElCanillita.Info","description":"desde los Apeninos a los Andes","publisher":{"@id":"https:\/\/elcanillita.info\/press\/#organization"},"potentialAction":[{"@type":"SearchAction","target":{"@type":"EntryPoint","urlTemplate":"https:\/\/elcanillita.info\/press\/?s={search_term_string}"},"query-input":{"@type":"PropertyValueSpecification","valueRequired":true,"valueName":"search_term_string"}}],"inLanguage":"es-AR"},{"@type":"Organization","@id":"https:\/\/elcanillita.info\/press\/#organization","name":"Guzzo Photos & Graphic Publications","url":"https:\/\/elcanillita.info\/press\/","logo":{"@type":"ImageObject","inLanguage":"es-AR","@id":"https:\/\/elcanillita.info\/press\/#\/schema\/logo\/image\/","url":"https:\/\/elcanillita.info\/press\/images\/2020\/01\/cropped-cropped-cropped-elcanillitainfo.png","contentUrl":"https:\/\/elcanillita.info\/press\/images\/2020\/01\/cropped-cropped-cropped-elcanillitainfo.png","width":460,"height":50,"caption":"Guzzo Photos & Graphic Publications"},"image":{"@id":"https:\/\/elcanillita.info\/press\/#\/schema\/logo\/image\/"},"sameAs":["https:\/\/ar-ar.facebook.com\/ElCanillitainfo-114249515285712\/"]},{"@type":"Person","@id":"https:\/\/elcanillita.info\/press\/#\/schema\/person\/7fcb79f38045700919f7da6d97e71ba0","name":"SalaStampa.eu, world press service","image":{"@type":"ImageObject","inLanguage":"es-AR","@id":"https:\/\/secure.gravatar.com\/avatar\/c2f0e0d515a107624234994507816ca4724c7199cef73fc8bedebf6931d73888?s=96&d=mm&r=g","url":"https:\/\/secure.gravatar.com\/avatar\/c2f0e0d515a107624234994507816ca4724c7199cef73fc8bedebf6931d73888?s=96&d=mm&r=g","contentUrl":"https:\/\/secure.gravatar.com\/avatar\/c2f0e0d515a107624234994507816ca4724c7199cef73fc8bedebf6931d73888?s=96&d=mm&r=g","caption":"SalaStampa.eu, world press service"}}]}},"views":97,"_links":{"self":[{"href":"https:\/\/elcanillita.info\/press\/wp-json\/wp\/v2\/posts\/5927","targetHints":{"allow":["GET"]}}],"collection":[{"href":"https:\/\/elcanillita.info\/press\/wp-json\/wp\/v2\/posts"}],"about":[{"href":"https:\/\/elcanillita.info\/press\/wp-json\/wp\/v2\/types\/post"}],"author":[{"embeddable":true,"href":"https:\/\/elcanillita.info\/press\/wp-json\/wp\/v2\/users\/1"}],"replies":[{"embeddable":true,"href":"https:\/\/elcanillita.info\/press\/wp-json\/wp\/v2\/comments?post=5927"}],"version-history":[{"count":0,"href":"https:\/\/elcanillita.info\/press\/wp-json\/wp\/v2\/posts\/5927\/revisions"}],"wp:featuredmedia":[{"embeddable":true,"href":"https:\/\/elcanillita.info\/press\/wp-json\/wp\/v2\/media\/5929"}],"wp:attachment":[{"href":"https:\/\/elcanillita.info\/press\/wp-json\/wp\/v2\/media?parent=5927"}],"wp:term":[{"taxonomy":"category","embeddable":true,"href":"https:\/\/elcanillita.info\/press\/wp-json\/wp\/v2\/categories?post=5927"},{"taxonomy":"post_tag","embeddable":true,"href":"https:\/\/elcanillita.info\/press\/wp-json\/wp\/v2\/tags?post=5927"}],"curies":[{"name":"wp","href":"https:\/\/api.w.org\/{rel}","templated":true}]}}