{"id":5920,"date":"2026-02-13T20:53:12","date_gmt":"2026-02-13T23:53:12","guid":{"rendered":"https:\/\/elcanillita.info\/press\/?p=5920"},"modified":"2026-02-13T20:53:13","modified_gmt":"2026-02-13T23:53:13","slug":"apuro-y-aplauso","status":"publish","type":"post","link":"https:\/\/elcanillita.info\/press\/2026\/02\/13\/apuro-y-aplauso\/","title":{"rendered":"Gobierno argentino: entre el apuro y el aplauso"},"content":{"rendered":"<div class=\"wp-block-image\">\n<figure class=\"alignleft size-full is-resized\"><img loading=\"lazy\" decoding=\"async\" width=\"533\" height=\"800\" src=\"https:\/\/elcanillita.info\/press\/images\/2026\/02\/decr_800pb.jpg\" alt=\"\" class=\"wp-image-5921\" style=\"aspect-ratio:0.6662560059135149;width:322px;height:auto\" srcset=\"https:\/\/elcanillita.info\/press\/images\/2026\/02\/decr_800pb.jpg 533w, https:\/\/elcanillita.info\/press\/images\/2026\/02\/decr_800pb-200x300.jpg 200w\" sizes=\"auto, (max-width: 533px) 100vw, 533px\" \/><\/figure>\n<\/div>\n\n\n<p>La pol\u00edtica vive de consignas veloces. Tambi\u00e9n de reformas que se anuncian como salvavidas universales. La reforma laboral, con media sanci\u00f3n en el Senado, llega envuelta en esa ret\u00f3rica: promesa de equilibrio, modernizaci\u00f3n, previsibilidad. Palabras grandes para un pa\u00eds cansado de promesas grandes.<\/p>\n\n\n\n<p>Decir que una ley \u201cno destruye empleos ni empresas\u201d es, en el mejor de los casos, una apuesta. Ninguna norma crea trabajo por decreto; apenas corre el cerco de los incentivos y redefine riesgos. El empleo nace de la confianza, y la confianza no se firma en un recinto.<\/p>\n\n\n\n<p>El oficialismo celebra el \u201ccoraz\u00f3n intacto\u201d del proyecto. La frase suena a triunfo t\u00e1ctico: se negoci\u00f3 lo suficiente para pasar, no necesariamente para convencer. En esa aritm\u00e9tica parlamentaria se decide m\u00e1s que una ley; se decide el tono de una \u00e9poca: aprobar primero, explicar despu\u00e9s.<\/p>\n\n\n\n<p>Los instrumentos nuevos \u2014fondos para pasivos, bancos de horas, salario din\u00e1mico\u2014 prometen orden en un sistema que hace d\u00e9cadas vive de parches. Ordenar no es menor. Pero el orden tambi\u00e9n puede ser un eufemismo cuando se toca el reparto de costos entre partes desiguales.<\/p>\n\n\n\n<p>La previsibilidad es una palabra que suele escucharse del lado empresario; la protecci\u00f3n, del lado del trabajador. Una reforma laboral seria deber\u00eda incomodar a ambos por igual. Si s\u00f3lo tranquiliza a uno, el equilibrio es ret\u00f3rico.<\/p>\n\n\n\n<p>Hay un punto que conviene decir sin \u00e9pica: cambiar reglas no cambia conductas de un d\u00eda para el otro. La informalidad no se derrumba con un articulado, y el miedo a contratar no se evapora por la sola promesa de que ahora \u201ces m\u00e1s f\u00e1cil\u201d. Las pr\u00e1cticas tardan m\u00e1s que las leyes.<\/p>\n\n\n\n<p>El tr\u00e1mite apurado hacia Diputados agrega una capa de ruido. Cuando los textos viajan con correcciones de \u00faltima hora, el control democr\u00e1tico se vuelve fr\u00e1gil. La velocidad es \u00fatil para la agenda; rara vez lo es para la calidad.<\/p>\n\n\n\n<p>La pol\u00edtica econ\u00f3mica pide resultados y la pol\u00edtica legislativa pide n\u00fameros. Entre ambas, el trabajo queda como variable de ajuste del relato. Modernizar no es sin\u00f3nimo de desarmar; proteger no es sin\u00f3nimo de inmovilizar. El m\u00e9rito de una reforma se mide cuando deja de ser titular.<\/p>\n\n\n\n<p>El verdadero examen no ser\u00e1 el de la votaci\u00f3n, sino el de la calle: si las empresas contratan sin temor y si los trabajadores no sienten que la previsibilidad ajena se pag\u00f3 con su incertidumbre. Ah\u00ed, lejos de los micr\u00f3fonos, se sabr\u00e1 si la ley era \u201cmuy buena\u201d o apenas muy conveniente.<\/p>\n\n\n\n<p>\u270d\ufe0f <small>\u00a92026 El Tasador del Relato Oficial &#8211; Derechos reservados<\/small><\/p>\n\n<hr style=\"border: none; height: 1px; background-color: #e0e0e0; max-width: 80%; margin: 2em auto;\" \/>\n\n\n\u00bfQuieres decir algo ?<br>\n\n\ud83d\udcec Envia tu texto a elcanillita@yahoo.com o sube a la Caja de los oradores: <br> SoapBoxOrators.org. <br>\n\n\ud83c\udde6\ud83c\uddf7 CASTELLANO\n\n<form action=\"https:\/\/formspree.io\/f\/mjkrjzed\" method=\"POST\">\n  <label for=\"name\">Nombre o seud\u00f3nimo:<\/label><br>\n  <input type=\"text\" id=\"name\" name=\"name\" required><br><br>\n\n  <label for=\"title\">T\u00edtulo del discurso o editorial:<\/label><br>\n  <input type=\"text\" id=\"title\" name=\"title\" required><br><br>\n\n  <label for=\"message\">Texto (m\u00e1x. 3.000 caracteres):<\/label><br>\n  <textarea id=\"message\" name=\"message\" rows=\"10\" maxlength=\"3000\" required><\/textarea><br><br>\n\n  <label>\n    <input type=\"checkbox\" name=\"consent\" required>\n    Autorizo la publicaci\u00f3n de este texto en SoapboxOrators.org\n  <\/label><br><br>\n\n  <button type=\"submit\">Enviar<\/button>\n  <button type=\"reset\">Borrar<\/button>\n<\/form>\n<hr style=\"border: none; height: 1px; background-color: #ccc; margin: 2em 0;\" \/>\n<p><small>\u00a9 2026 SalaStampa.eu, world press service &#8211; All Rights Reserved &#8211;  Guzzo Photos &#038; Graphic  Publications \u2013 Registro Editori e Stampatori n. 1441 Turin, Italy<\/small><\/p>","protected":false},"excerpt":{"rendered":"<p>\u201cLey buena\u201d para el poder, alivio prometido para el empleo: entre la heroica reforma y la prueba de la realidad.<\/p>\n","protected":false},"author":1,"featured_media":5922,"comment_status":"closed","ping_status":"closed","sticky":false,"template":"","format":"standard","meta":{"footnotes":"","_links_to":"","_links_to_target":""},"categories":[108,70,11,23,25,133],"tags":[29],"class_list":["post-5920","post","type-post","status-publish","format-standard","has-post-thumbnail","hentry","category-blogdiario","category-actualidad","category-america-del-sur","category-politica","category-sociedad","category-trabajo","tag-argentina","entry","double"],"yoast_head":"<!-- This site is optimized with the Yoast SEO plugin v27.5 - https:\/\/yoast.com\/product\/yoast-seo-wordpress\/ -->\n<title>Gobierno argentino: entre el apuro y el aplauso - ElCanillita.Info<\/title>\n<meta name=\"robots\" content=\"index, follow, max-snippet:-1, max-image-preview:large, max-video-preview:-1\" \/>\n<link rel=\"canonical\" href=\"https:\/\/elcanillita.info\/press\/2026\/02\/13\/apuro-y-aplauso\/\" \/>\n<meta property=\"og:locale\" content=\"es_ES\" \/>\n<meta property=\"og:type\" content=\"article\" \/>\n<meta property=\"og:title\" content=\"Gobierno argentino: entre el apuro y el aplauso - ElCanillita.Info\" \/>\n<meta property=\"og:description\" content=\"\u201cLey buena\u201d para el poder, alivio prometido para el empleo: entre la heroica reforma y la prueba de la realidad.\" \/>\n<meta property=\"og:url\" content=\"https:\/\/elcanillita.info\/press\/2026\/02\/13\/apuro-y-aplauso\/\" \/>\n<meta property=\"og:site_name\" content=\"ElCanillita.Info\" \/>\n<meta property=\"article:publisher\" content=\"https:\/\/ar-ar.facebook.com\/ElCanillitainfo-114249515285712\/\" \/>\n<meta property=\"article:published_time\" content=\"2026-02-13T23:53:12+00:00\" \/>\n<meta property=\"article:modified_time\" content=\"2026-02-13T23:53:13+00:00\" \/>\n<meta property=\"og:image\" content=\"https:\/\/elcanillita.info\/press\/images\/2026\/02\/decr_600pb.jpg\" \/>\n\t<meta property=\"og:image:width\" content=\"400\" \/>\n\t<meta property=\"og:image:height\" content=\"600\" \/>\n\t<meta property=\"og:image:type\" content=\"image\/jpeg\" \/>\n<meta name=\"author\" content=\"SalaStampa.eu, world press service\" \/>\n<meta name=\"twitter:card\" content=\"summary_large_image\" \/>\n<meta name=\"twitter:label1\" content=\"Escrito por\" \/>\n\t<meta name=\"twitter:data1\" content=\"SalaStampa.eu, world press service\" \/>\n\t<meta name=\"twitter:label2\" content=\"Tiempo de lectura\" \/>\n\t<meta name=\"twitter:data2\" content=\"3 minutos\" \/>\n<script type=\"application\/ld+json\" class=\"yoast-schema-graph\">{\"@context\":\"https:\\\/\\\/schema.org\",\"@graph\":[{\"@type\":\"Article\",\"@id\":\"https:\\\/\\\/elcanillita.info\\\/press\\\/2026\\\/02\\\/13\\\/apuro-y-aplauso\\\/#article\",\"isPartOf\":{\"@id\":\"https:\\\/\\\/elcanillita.info\\\/press\\\/2026\\\/02\\\/13\\\/apuro-y-aplauso\\\/\"},\"author\":{\"name\":\"SalaStampa.eu, world press service\",\"@id\":\"https:\\\/\\\/elcanillita.info\\\/press\\\/#\\\/schema\\\/person\\\/7fcb79f38045700919f7da6d97e71ba0\"},\"headline\":\"Gobierno argentino: entre el apuro y el aplauso\",\"datePublished\":\"2026-02-13T23:53:12+00:00\",\"dateModified\":\"2026-02-13T23:53:13+00:00\",\"mainEntityOfPage\":{\"@id\":\"https:\\\/\\\/elcanillita.info\\\/press\\\/2026\\\/02\\\/13\\\/apuro-y-aplauso\\\/\"},\"wordCount\":525,\"publisher\":{\"@id\":\"https:\\\/\\\/elcanillita.info\\\/press\\\/#organization\"},\"image\":{\"@id\":\"https:\\\/\\\/elcanillita.info\\\/press\\\/2026\\\/02\\\/13\\\/apuro-y-aplauso\\\/#primaryimage\"},\"thumbnailUrl\":\"https:\\\/\\\/elcanillita.info\\\/press\\\/images\\\/2026\\\/02\\\/decr_600pb.jpg\",\"keywords\":[\"Argentina\"],\"articleSection\":[\".\",\"Actualidad\",\"Am\u00e9rica del Sur\",\"Politica\",\"Sociedad\",\"Trabajo\"],\"inLanguage\":\"es-AR\"},{\"@type\":\"WebPage\",\"@id\":\"https:\\\/\\\/elcanillita.info\\\/press\\\/2026\\\/02\\\/13\\\/apuro-y-aplauso\\\/\",\"url\":\"https:\\\/\\\/elcanillita.info\\\/press\\\/2026\\\/02\\\/13\\\/apuro-y-aplauso\\\/\",\"name\":\"Gobierno argentino: entre el apuro y el aplauso - ElCanillita.Info\",\"isPartOf\":{\"@id\":\"https:\\\/\\\/elcanillita.info\\\/press\\\/#website\"},\"primaryImageOfPage\":{\"@id\":\"https:\\\/\\\/elcanillita.info\\\/press\\\/2026\\\/02\\\/13\\\/apuro-y-aplauso\\\/#primaryimage\"},\"image\":{\"@id\":\"https:\\\/\\\/elcanillita.info\\\/press\\\/2026\\\/02\\\/13\\\/apuro-y-aplauso\\\/#primaryimage\"},\"thumbnailUrl\":\"https:\\\/\\\/elcanillita.info\\\/press\\\/images\\\/2026\\\/02\\\/decr_600pb.jpg\",\"datePublished\":\"2026-02-13T23:53:12+00:00\",\"dateModified\":\"2026-02-13T23:53:13+00:00\",\"inLanguage\":\"es-AR\",\"potentialAction\":[{\"@type\":\"ReadAction\",\"target\":[\"https:\\\/\\\/elcanillita.info\\\/press\\\/2026\\\/02\\\/13\\\/apuro-y-aplauso\\\/\"]}]},{\"@type\":\"ImageObject\",\"inLanguage\":\"es-AR\",\"@id\":\"https:\\\/\\\/elcanillita.info\\\/press\\\/2026\\\/02\\\/13\\\/apuro-y-aplauso\\\/#primaryimage\",\"url\":\"https:\\\/\\\/elcanillita.info\\\/press\\\/images\\\/2026\\\/02\\\/decr_600pb.jpg\",\"contentUrl\":\"https:\\\/\\\/elcanillita.info\\\/press\\\/images\\\/2026\\\/02\\\/decr_600pb.jpg\",\"width\":400,\"height\":600},{\"@type\":\"WebSite\",\"@id\":\"https:\\\/\\\/elcanillita.info\\\/press\\\/#website\",\"url\":\"https:\\\/\\\/elcanillita.info\\\/press\\\/\",\"name\":\"ElCanillita.Info\",\"description\":\"desde los Apeninos a los Andes\",\"publisher\":{\"@id\":\"https:\\\/\\\/elcanillita.info\\\/press\\\/#organization\"},\"potentialAction\":[{\"@type\":\"SearchAction\",\"target\":{\"@type\":\"EntryPoint\",\"urlTemplate\":\"https:\\\/\\\/elcanillita.info\\\/press\\\/?s={search_term_string}\"},\"query-input\":{\"@type\":\"PropertyValueSpecification\",\"valueRequired\":true,\"valueName\":\"search_term_string\"}}],\"inLanguage\":\"es-AR\"},{\"@type\":\"Organization\",\"@id\":\"https:\\\/\\\/elcanillita.info\\\/press\\\/#organization\",\"name\":\"Guzzo Photos & Graphic Publications\",\"url\":\"https:\\\/\\\/elcanillita.info\\\/press\\\/\",\"logo\":{\"@type\":\"ImageObject\",\"inLanguage\":\"es-AR\",\"@id\":\"https:\\\/\\\/elcanillita.info\\\/press\\\/#\\\/schema\\\/logo\\\/image\\\/\",\"url\":\"https:\\\/\\\/elcanillita.info\\\/press\\\/images\\\/2020\\\/01\\\/cropped-cropped-cropped-elcanillitainfo.png\",\"contentUrl\":\"https:\\\/\\\/elcanillita.info\\\/press\\\/images\\\/2020\\\/01\\\/cropped-cropped-cropped-elcanillitainfo.png\",\"width\":460,\"height\":50,\"caption\":\"Guzzo Photos & Graphic Publications\"},\"image\":{\"@id\":\"https:\\\/\\\/elcanillita.info\\\/press\\\/#\\\/schema\\\/logo\\\/image\\\/\"},\"sameAs\":[\"https:\\\/\\\/ar-ar.facebook.com\\\/ElCanillitainfo-114249515285712\\\/\"]},{\"@type\":\"Person\",\"@id\":\"https:\\\/\\\/elcanillita.info\\\/press\\\/#\\\/schema\\\/person\\\/7fcb79f38045700919f7da6d97e71ba0\",\"name\":\"SalaStampa.eu, world press service\",\"image\":{\"@type\":\"ImageObject\",\"inLanguage\":\"es-AR\",\"@id\":\"https:\\\/\\\/secure.gravatar.com\\\/avatar\\\/c2f0e0d515a107624234994507816ca4724c7199cef73fc8bedebf6931d73888?s=96&d=mm&r=g\",\"url\":\"https:\\\/\\\/secure.gravatar.com\\\/avatar\\\/c2f0e0d515a107624234994507816ca4724c7199cef73fc8bedebf6931d73888?s=96&d=mm&r=g\",\"contentUrl\":\"https:\\\/\\\/secure.gravatar.com\\\/avatar\\\/c2f0e0d515a107624234994507816ca4724c7199cef73fc8bedebf6931d73888?s=96&d=mm&r=g\",\"caption\":\"SalaStampa.eu, world press service\"}}]}<\/script>\n<!-- \/ Yoast SEO plugin. -->","yoast_head_json":{"title":"Gobierno argentino: entre el apuro y el aplauso - ElCanillita.Info","robots":{"index":"index","follow":"follow","max-snippet":"max-snippet:-1","max-image-preview":"max-image-preview:large","max-video-preview":"max-video-preview:-1"},"canonical":"https:\/\/elcanillita.info\/press\/2026\/02\/13\/apuro-y-aplauso\/","og_locale":"es_ES","og_type":"article","og_title":"Gobierno argentino: entre el apuro y el aplauso - ElCanillita.Info","og_description":"\u201cLey buena\u201d para el poder, alivio prometido para el empleo: entre la heroica reforma y la prueba de la realidad.","og_url":"https:\/\/elcanillita.info\/press\/2026\/02\/13\/apuro-y-aplauso\/","og_site_name":"ElCanillita.Info","article_publisher":"https:\/\/ar-ar.facebook.com\/ElCanillitainfo-114249515285712\/","article_published_time":"2026-02-13T23:53:12+00:00","article_modified_time":"2026-02-13T23:53:13+00:00","og_image":[{"width":400,"height":600,"url":"https:\/\/elcanillita.info\/press\/images\/2026\/02\/decr_600pb.jpg","type":"image\/jpeg"}],"author":"SalaStampa.eu, world press service","twitter_card":"summary_large_image","twitter_misc":{"Escrito por":"SalaStampa.eu, world press service","Tiempo de lectura":"3 minutos"},"schema":{"@context":"https:\/\/schema.org","@graph":[{"@type":"Article","@id":"https:\/\/elcanillita.info\/press\/2026\/02\/13\/apuro-y-aplauso\/#article","isPartOf":{"@id":"https:\/\/elcanillita.info\/press\/2026\/02\/13\/apuro-y-aplauso\/"},"author":{"name":"SalaStampa.eu, world press service","@id":"https:\/\/elcanillita.info\/press\/#\/schema\/person\/7fcb79f38045700919f7da6d97e71ba0"},"headline":"Gobierno argentino: entre el apuro y el aplauso","datePublished":"2026-02-13T23:53:12+00:00","dateModified":"2026-02-13T23:53:13+00:00","mainEntityOfPage":{"@id":"https:\/\/elcanillita.info\/press\/2026\/02\/13\/apuro-y-aplauso\/"},"wordCount":525,"publisher":{"@id":"https:\/\/elcanillita.info\/press\/#organization"},"image":{"@id":"https:\/\/elcanillita.info\/press\/2026\/02\/13\/apuro-y-aplauso\/#primaryimage"},"thumbnailUrl":"https:\/\/elcanillita.info\/press\/images\/2026\/02\/decr_600pb.jpg","keywords":["Argentina"],"articleSection":[".","Actualidad","Am\u00e9rica del Sur","Politica","Sociedad","Trabajo"],"inLanguage":"es-AR"},{"@type":"WebPage","@id":"https:\/\/elcanillita.info\/press\/2026\/02\/13\/apuro-y-aplauso\/","url":"https:\/\/elcanillita.info\/press\/2026\/02\/13\/apuro-y-aplauso\/","name":"Gobierno argentino: entre el apuro y el aplauso - ElCanillita.Info","isPartOf":{"@id":"https:\/\/elcanillita.info\/press\/#website"},"primaryImageOfPage":{"@id":"https:\/\/elcanillita.info\/press\/2026\/02\/13\/apuro-y-aplauso\/#primaryimage"},"image":{"@id":"https:\/\/elcanillita.info\/press\/2026\/02\/13\/apuro-y-aplauso\/#primaryimage"},"thumbnailUrl":"https:\/\/elcanillita.info\/press\/images\/2026\/02\/decr_600pb.jpg","datePublished":"2026-02-13T23:53:12+00:00","dateModified":"2026-02-13T23:53:13+00:00","inLanguage":"es-AR","potentialAction":[{"@type":"ReadAction","target":["https:\/\/elcanillita.info\/press\/2026\/02\/13\/apuro-y-aplauso\/"]}]},{"@type":"ImageObject","inLanguage":"es-AR","@id":"https:\/\/elcanillita.info\/press\/2026\/02\/13\/apuro-y-aplauso\/#primaryimage","url":"https:\/\/elcanillita.info\/press\/images\/2026\/02\/decr_600pb.jpg","contentUrl":"https:\/\/elcanillita.info\/press\/images\/2026\/02\/decr_600pb.jpg","width":400,"height":600},{"@type":"WebSite","@id":"https:\/\/elcanillita.info\/press\/#website","url":"https:\/\/elcanillita.info\/press\/","name":"ElCanillita.Info","description":"desde los Apeninos a los Andes","publisher":{"@id":"https:\/\/elcanillita.info\/press\/#organization"},"potentialAction":[{"@type":"SearchAction","target":{"@type":"EntryPoint","urlTemplate":"https:\/\/elcanillita.info\/press\/?s={search_term_string}"},"query-input":{"@type":"PropertyValueSpecification","valueRequired":true,"valueName":"search_term_string"}}],"inLanguage":"es-AR"},{"@type":"Organization","@id":"https:\/\/elcanillita.info\/press\/#organization","name":"Guzzo Photos & Graphic Publications","url":"https:\/\/elcanillita.info\/press\/","logo":{"@type":"ImageObject","inLanguage":"es-AR","@id":"https:\/\/elcanillita.info\/press\/#\/schema\/logo\/image\/","url":"https:\/\/elcanillita.info\/press\/images\/2020\/01\/cropped-cropped-cropped-elcanillitainfo.png","contentUrl":"https:\/\/elcanillita.info\/press\/images\/2020\/01\/cropped-cropped-cropped-elcanillitainfo.png","width":460,"height":50,"caption":"Guzzo Photos & Graphic Publications"},"image":{"@id":"https:\/\/elcanillita.info\/press\/#\/schema\/logo\/image\/"},"sameAs":["https:\/\/ar-ar.facebook.com\/ElCanillitainfo-114249515285712\/"]},{"@type":"Person","@id":"https:\/\/elcanillita.info\/press\/#\/schema\/person\/7fcb79f38045700919f7da6d97e71ba0","name":"SalaStampa.eu, world press service","image":{"@type":"ImageObject","inLanguage":"es-AR","@id":"https:\/\/secure.gravatar.com\/avatar\/c2f0e0d515a107624234994507816ca4724c7199cef73fc8bedebf6931d73888?s=96&d=mm&r=g","url":"https:\/\/secure.gravatar.com\/avatar\/c2f0e0d515a107624234994507816ca4724c7199cef73fc8bedebf6931d73888?s=96&d=mm&r=g","contentUrl":"https:\/\/secure.gravatar.com\/avatar\/c2f0e0d515a107624234994507816ca4724c7199cef73fc8bedebf6931d73888?s=96&d=mm&r=g","caption":"SalaStampa.eu, world press service"}}]}},"views":99,"_links":{"self":[{"href":"https:\/\/elcanillita.info\/press\/wp-json\/wp\/v2\/posts\/5920","targetHints":{"allow":["GET"]}}],"collection":[{"href":"https:\/\/elcanillita.info\/press\/wp-json\/wp\/v2\/posts"}],"about":[{"href":"https:\/\/elcanillita.info\/press\/wp-json\/wp\/v2\/types\/post"}],"author":[{"embeddable":true,"href":"https:\/\/elcanillita.info\/press\/wp-json\/wp\/v2\/users\/1"}],"replies":[{"embeddable":true,"href":"https:\/\/elcanillita.info\/press\/wp-json\/wp\/v2\/comments?post=5920"}],"version-history":[{"count":0,"href":"https:\/\/elcanillita.info\/press\/wp-json\/wp\/v2\/posts\/5920\/revisions"}],"wp:featuredmedia":[{"embeddable":true,"href":"https:\/\/elcanillita.info\/press\/wp-json\/wp\/v2\/media\/5922"}],"wp:attachment":[{"href":"https:\/\/elcanillita.info\/press\/wp-json\/wp\/v2\/media?parent=5920"}],"wp:term":[{"taxonomy":"category","embeddable":true,"href":"https:\/\/elcanillita.info\/press\/wp-json\/wp\/v2\/categories?post=5920"},{"taxonomy":"post_tag","embeddable":true,"href":"https:\/\/elcanillita.info\/press\/wp-json\/wp\/v2\/tags?post=5920"}],"curies":[{"name":"wp","href":"https:\/\/api.w.org\/{rel}","templated":true}]}}