{"id":591,"date":"2020-02-25T13:35:34","date_gmt":"2020-02-25T16:35:34","guid":{"rendered":"https:\/\/elcanillita.info\/press\/?p=591"},"modified":"2020-02-25T13:37:10","modified_gmt":"2020-02-25T16:37:10","slug":"sanders-criticado-por-elogios-revolucion-cubana","status":"publish","type":"post","link":"https:\/\/elcanillita.info\/press\/2020\/02\/25\/sanders-criticado-por-elogios-revolucion-cubana\/","title":{"rendered":"Sanders criticado por sus elogios a la revoluci\u00f3n cubana"},"content":{"rendered":"\n<p>Washington, 25.02.2020 &#8211; El autoproclamado \u201csocialista dem\u00f3crata\u201d y aspirante presidencial, Bernie Sanders, fue blanco de los ataques de sus compa\u00f1eros precandidatos luego que el domingo hablara sobre sus simpat\u00edas con el difunto gobernante cubano, Fidel Castro.<\/p>\n\n\n\n<p>Frente a la c\u00e1maras del programa televisivo \u201c60 Minutes\u201d, Sanders dijo que \u201ces injusto simplemente decir que todo ha sido malo\u201d, en la revoluci\u00f3n cubana. Sanders exhalt\u00f3 la \u201cmasiva campa\u00f1a de alfabetizaci\u00f3n\u201d realizada por Castro tras la revoluci\u00f3n de 1959.<\/p>\n\n\n\n<p>La campa\u00f1a del exvicepresidente Joe Biden critic\u00f3 a Sanders, diciendo que sus declaraciones ilustran \u201cun patr\u00f3n a lo largo de su vida de acoger a l\u00edderes autocr\u00e1ticos de todo el mundo\u201d, seg\u00fan el portal web, The Hill.<\/p>\n\n\n\n<p>Las ideas de Sanders sobre Castro ocasionaron preocupaci\u00f3n entre l\u00edderes dem\u00f3cratas que consideran que esas opiniones podr\u00edan dificultar dar la batalla en la Florida, un estado vital, pero en el que residen cientos de miles de personas que han huido de reg\u00edmenes de izquierda en Cuba, Nicaragua y Venezuela.<\/p>\n\n\n\n<p>Citado por The Hill, el asesor de Biden, Crist\u00f3bal Alex, dijo que los comentarios de Sanders son \u201cprofundamente ofensivos\u201d para personas en todo el pa\u00eds ue han huido de la persecuci\u00f3n pol\u00edtica.<\/p>\n\n\n\n<p>&nbsp;\u201cLos comentarios de Bernie indican que el no logra entender el dolor y sufrimiento que Fidel Castro, Nicol\u00e1s Maduro y Daniel Ortega le han causado a tantas personas, incluyendo a ahora americanos residiendo aqu\u00ed, o peor a\u00fan, que su ideolog\u00eda lo ciega ante la realidades de la vida en esos pa\u00edses\u201d.<\/p>\n\n\n\n<p>El exalcalde de South Bend, Indiana, Pete Buttigieg, busc\u00f3 relacionar los comentarios de Sanders a Donald Trump.<\/p>\n\n\n\n<p>\u201cDespu\u00e9s de cuatro a\u00f1os de ver horrorizados a Trump acomodarse con dictadores, necesitamos un presidente que sea extremadamente claro en su postura en contra de reg\u00edmenes que violan los derechos humanos. No Podemos arriesgarnos a nominar a alguien que no eniende esto\u201d, dijo Buttgigieg en un tuit en espa\u00f1ol.<br><br> El ex alcalde de Nueva York, Michael Bloomberg, no se demor\u00f3 en criticar a Sanders en un tuit en espa\u00f1ol.<\/p>\n\n\n\n<p>\u201cFidel Castro dej\u00f3 un oscuro legado de trabajo forzoso, repression religiosa, pobreza generalizada, escuadrones de fusilamientos, y el asesinato de miles de sus propios conciudadanos\u201d, tuite\u00f3 Bloomberg. \u201cPero claro, Bernie, hablemos sobre su campana de alfabetizaci\u00f3n\u201d.<br>\nDurante el programa de \u201c60 minutos\u201d, Sanders s\u00ed conden\u00f3 el encarcelamiento de disidentes.<\/p>\n\n\n\n<p>El director de Comunicaciones de la campa\u00f1a de Sanders, Mike Casca, dijo que el candidato s\u00f3lo se estaba haciendo eco de las posturas del ex presidente Boarrack Obama, en una clara respuesta al ex vicepresidente Biden.<\/p>\n\n\n\n<p>Pero la dirigencia dem\u00f3crata de la Florida, emiti\u00f3 una declaraci\u00f3n en la que afirma que los candidatos \u201cnecesitan entender las historias comunes de nuestras comunidades de inmigrantes\u201d.<\/p>\n\n\n\n<p>\u201cLos dem\u00f3cratas de la Florida condenamos a dicadores que derrocaron a democracia en todo el mundo y nos situamos en solidaridad con miles de personas que han huido de las violentas dictadura en Cuba, Venezuela y Nicaragua, dijo el presidente estatal del partido, Terrie Rizzo, seg\u00fan report\u00f3 el portal web, Pol\u00edtico..<\/p>\n\n\n\n<p>El diputado estatal dem\u00f3crata, Javier Fern\u00e1ndez, dijo a Pol\u00edtico, que este tipo de opiniones podr\u00edan dificultar seriamente una victoria de Sanders en la Florida.<\/p>\n\n\n\n<p>\u201cSi Bernie Sanders encabeza nuestra f\u00f3rmula, a a ser m\u00e1s dif\u00edcil para todos nosotros ganar en la Florida. \u201cNadie ve a Sanders ganar la Florida y creo que tampoco su campa\u00f1a se imagina ganar\u201d.<br><br><small>2020 voanoticias \u2013 salastampa.eu, afiliada a la red Broadcasting Board of Governors \u00a9 2020 BBG<\/small><\/p>\n","protected":false},"excerpt":{"rendered":"<p>Washington, 25.02.2020 &#8211; El autoproclamado \u201csocialista dem\u00f3crata\u201d y aspirante presidencial, Bernie Sanders, fue blanco de los ataques de sus compa\u00f1eros precandidatos luego que el domingo hablara sobre sus simpat\u00edas con el difunto gobernante cubano, Fidel Castro.<\/p>\n","protected":false},"author":1,"featured_media":0,"comment_status":"closed","ping_status":"closed","sticky":false,"template":"","format":"standard","meta":{"footnotes":"","_links_to":"","_links_to_target":""},"categories":[70,9,23,25],"tags":[34],"class_list":["post-591","post","type-post","status-publish","format-standard","hentry","category-actualidad","category-america-del-norte","category-politica","category-sociedad","tag-estados-unidos","entry","double"],"yoast_head":"<!-- This site is optimized with the Yoast SEO plugin v27.5 - https:\/\/yoast.com\/product\/yoast-seo-wordpress\/ -->\n<title>Sanders criticado por sus elogios a la revoluci\u00f3n cubana - ElCanillita.Info<\/title>\n<meta name=\"robots\" content=\"index, follow, max-snippet:-1, max-image-preview:large, max-video-preview:-1\" \/>\n<link rel=\"canonical\" href=\"https:\/\/elcanillita.info\/press\/2020\/02\/25\/sanders-criticado-por-elogios-revolucion-cubana\/\" \/>\n<meta property=\"og:locale\" content=\"es_ES\" \/>\n<meta property=\"og:type\" content=\"article\" \/>\n<meta property=\"og:title\" content=\"Sanders criticado por sus elogios a la revoluci\u00f3n cubana - ElCanillita.Info\" \/>\n<meta property=\"og:description\" content=\"Washington, 25.02.2020 - El autoproclamado \u201csocialista dem\u00f3crata\u201d y aspirante presidencial, Bernie Sanders, fue blanco de los ataques de sus compa\u00f1eros precandidatos luego que el domingo hablara sobre sus simpat\u00edas con el difunto gobernante cubano, Fidel Castro.\" \/>\n<meta property=\"og:url\" content=\"https:\/\/elcanillita.info\/press\/2020\/02\/25\/sanders-criticado-por-elogios-revolucion-cubana\/\" \/>\n<meta property=\"og:site_name\" content=\"ElCanillita.Info\" \/>\n<meta property=\"article:publisher\" content=\"https:\/\/ar-ar.facebook.com\/ElCanillitainfo-114249515285712\/\" \/>\n<meta property=\"article:published_time\" content=\"2020-02-25T16:35:34+00:00\" \/>\n<meta property=\"article:modified_time\" content=\"2020-02-25T16:37:10+00:00\" \/>\n<meta name=\"author\" content=\"SalaStampa.eu, world press service\" \/>\n<meta name=\"twitter:card\" content=\"summary_large_image\" \/>\n<meta name=\"twitter:label1\" content=\"Escrito por\" \/>\n\t<meta name=\"twitter:data1\" content=\"SalaStampa.eu, world press service\" \/>\n\t<meta name=\"twitter:label2\" content=\"Tiempo de lectura\" \/>\n\t<meta name=\"twitter:data2\" content=\"3 minutos\" \/>\n<script type=\"application\/ld+json\" class=\"yoast-schema-graph\">{\"@context\":\"https:\\\/\\\/schema.org\",\"@graph\":[{\"@type\":\"Article\",\"@id\":\"https:\\\/\\\/elcanillita.info\\\/press\\\/2020\\\/02\\\/25\\\/sanders-criticado-por-elogios-revolucion-cubana\\\/#article\",\"isPartOf\":{\"@id\":\"https:\\\/\\\/elcanillita.info\\\/press\\\/2020\\\/02\\\/25\\\/sanders-criticado-por-elogios-revolucion-cubana\\\/\"},\"author\":{\"name\":\"SalaStampa.eu, world press service\",\"@id\":\"https:\\\/\\\/elcanillita.info\\\/press\\\/#\\\/schema\\\/person\\\/7fcb79f38045700919f7da6d97e71ba0\"},\"headline\":\"Sanders criticado por sus elogios a la revoluci\u00f3n cubana\",\"datePublished\":\"2020-02-25T16:35:34+00:00\",\"dateModified\":\"2020-02-25T16:37:10+00:00\",\"mainEntityOfPage\":{\"@id\":\"https:\\\/\\\/elcanillita.info\\\/press\\\/2020\\\/02\\\/25\\\/sanders-criticado-por-elogios-revolucion-cubana\\\/\"},\"wordCount\":618,\"publisher\":{\"@id\":\"https:\\\/\\\/elcanillita.info\\\/press\\\/#organization\"},\"keywords\":[\"Estados Unidos\"],\"articleSection\":[\"Actualidad\",\"Am\u00e9rica del Norte\",\"Politica\",\"Sociedad\"],\"inLanguage\":\"es-AR\"},{\"@type\":\"WebPage\",\"@id\":\"https:\\\/\\\/elcanillita.info\\\/press\\\/2020\\\/02\\\/25\\\/sanders-criticado-por-elogios-revolucion-cubana\\\/\",\"url\":\"https:\\\/\\\/elcanillita.info\\\/press\\\/2020\\\/02\\\/25\\\/sanders-criticado-por-elogios-revolucion-cubana\\\/\",\"name\":\"Sanders criticado por sus elogios a la revoluci\u00f3n cubana - ElCanillita.Info\",\"isPartOf\":{\"@id\":\"https:\\\/\\\/elcanillita.info\\\/press\\\/#website\"},\"datePublished\":\"2020-02-25T16:35:34+00:00\",\"dateModified\":\"2020-02-25T16:37:10+00:00\",\"inLanguage\":\"es-AR\",\"potentialAction\":[{\"@type\":\"ReadAction\",\"target\":[\"https:\\\/\\\/elcanillita.info\\\/press\\\/2020\\\/02\\\/25\\\/sanders-criticado-por-elogios-revolucion-cubana\\\/\"]}]},{\"@type\":\"WebSite\",\"@id\":\"https:\\\/\\\/elcanillita.info\\\/press\\\/#website\",\"url\":\"https:\\\/\\\/elcanillita.info\\\/press\\\/\",\"name\":\"ElCanillita.Info\",\"description\":\"desde los Apeninos a los Andes\",\"publisher\":{\"@id\":\"https:\\\/\\\/elcanillita.info\\\/press\\\/#organization\"},\"potentialAction\":[{\"@type\":\"SearchAction\",\"target\":{\"@type\":\"EntryPoint\",\"urlTemplate\":\"https:\\\/\\\/elcanillita.info\\\/press\\\/?s={search_term_string}\"},\"query-input\":{\"@type\":\"PropertyValueSpecification\",\"valueRequired\":true,\"valueName\":\"search_term_string\"}}],\"inLanguage\":\"es-AR\"},{\"@type\":\"Organization\",\"@id\":\"https:\\\/\\\/elcanillita.info\\\/press\\\/#organization\",\"name\":\"Guzzo Photos & Graphic Publications\",\"url\":\"https:\\\/\\\/elcanillita.info\\\/press\\\/\",\"logo\":{\"@type\":\"ImageObject\",\"inLanguage\":\"es-AR\",\"@id\":\"https:\\\/\\\/elcanillita.info\\\/press\\\/#\\\/schema\\\/logo\\\/image\\\/\",\"url\":\"https:\\\/\\\/elcanillita.info\\\/press\\\/images\\\/2020\\\/01\\\/cropped-cropped-cropped-elcanillitainfo.png\",\"contentUrl\":\"https:\\\/\\\/elcanillita.info\\\/press\\\/images\\\/2020\\\/01\\\/cropped-cropped-cropped-elcanillitainfo.png\",\"width\":460,\"height\":50,\"caption\":\"Guzzo Photos & Graphic Publications\"},\"image\":{\"@id\":\"https:\\\/\\\/elcanillita.info\\\/press\\\/#\\\/schema\\\/logo\\\/image\\\/\"},\"sameAs\":[\"https:\\\/\\\/ar-ar.facebook.com\\\/ElCanillitainfo-114249515285712\\\/\"]},{\"@type\":\"Person\",\"@id\":\"https:\\\/\\\/elcanillita.info\\\/press\\\/#\\\/schema\\\/person\\\/7fcb79f38045700919f7da6d97e71ba0\",\"name\":\"SalaStampa.eu, world press service\",\"image\":{\"@type\":\"ImageObject\",\"inLanguage\":\"es-AR\",\"@id\":\"https:\\\/\\\/secure.gravatar.com\\\/avatar\\\/c2f0e0d515a107624234994507816ca4724c7199cef73fc8bedebf6931d73888?s=96&d=mm&r=g\",\"url\":\"https:\\\/\\\/secure.gravatar.com\\\/avatar\\\/c2f0e0d515a107624234994507816ca4724c7199cef73fc8bedebf6931d73888?s=96&d=mm&r=g\",\"contentUrl\":\"https:\\\/\\\/secure.gravatar.com\\\/avatar\\\/c2f0e0d515a107624234994507816ca4724c7199cef73fc8bedebf6931d73888?s=96&d=mm&r=g\",\"caption\":\"SalaStampa.eu, world press service\"}}]}<\/script>\n<!-- \/ Yoast SEO plugin. -->","yoast_head_json":{"title":"Sanders criticado por sus elogios a la revoluci\u00f3n cubana - ElCanillita.Info","robots":{"index":"index","follow":"follow","max-snippet":"max-snippet:-1","max-image-preview":"max-image-preview:large","max-video-preview":"max-video-preview:-1"},"canonical":"https:\/\/elcanillita.info\/press\/2020\/02\/25\/sanders-criticado-por-elogios-revolucion-cubana\/","og_locale":"es_ES","og_type":"article","og_title":"Sanders criticado por sus elogios a la revoluci\u00f3n cubana - ElCanillita.Info","og_description":"Washington, 25.02.2020 - El autoproclamado \u201csocialista dem\u00f3crata\u201d y aspirante presidencial, Bernie Sanders, fue blanco de los ataques de sus compa\u00f1eros precandidatos luego que el domingo hablara sobre sus simpat\u00edas con el difunto gobernante cubano, Fidel Castro.","og_url":"https:\/\/elcanillita.info\/press\/2020\/02\/25\/sanders-criticado-por-elogios-revolucion-cubana\/","og_site_name":"ElCanillita.Info","article_publisher":"https:\/\/ar-ar.facebook.com\/ElCanillitainfo-114249515285712\/","article_published_time":"2020-02-25T16:35:34+00:00","article_modified_time":"2020-02-25T16:37:10+00:00","author":"SalaStampa.eu, world press service","twitter_card":"summary_large_image","twitter_misc":{"Escrito por":"SalaStampa.eu, world press service","Tiempo de lectura":"3 minutos"},"schema":{"@context":"https:\/\/schema.org","@graph":[{"@type":"Article","@id":"https:\/\/elcanillita.info\/press\/2020\/02\/25\/sanders-criticado-por-elogios-revolucion-cubana\/#article","isPartOf":{"@id":"https:\/\/elcanillita.info\/press\/2020\/02\/25\/sanders-criticado-por-elogios-revolucion-cubana\/"},"author":{"name":"SalaStampa.eu, world press service","@id":"https:\/\/elcanillita.info\/press\/#\/schema\/person\/7fcb79f38045700919f7da6d97e71ba0"},"headline":"Sanders criticado por sus elogios a la revoluci\u00f3n cubana","datePublished":"2020-02-25T16:35:34+00:00","dateModified":"2020-02-25T16:37:10+00:00","mainEntityOfPage":{"@id":"https:\/\/elcanillita.info\/press\/2020\/02\/25\/sanders-criticado-por-elogios-revolucion-cubana\/"},"wordCount":618,"publisher":{"@id":"https:\/\/elcanillita.info\/press\/#organization"},"keywords":["Estados Unidos"],"articleSection":["Actualidad","Am\u00e9rica del Norte","Politica","Sociedad"],"inLanguage":"es-AR"},{"@type":"WebPage","@id":"https:\/\/elcanillita.info\/press\/2020\/02\/25\/sanders-criticado-por-elogios-revolucion-cubana\/","url":"https:\/\/elcanillita.info\/press\/2020\/02\/25\/sanders-criticado-por-elogios-revolucion-cubana\/","name":"Sanders criticado por sus elogios a la revoluci\u00f3n cubana - ElCanillita.Info","isPartOf":{"@id":"https:\/\/elcanillita.info\/press\/#website"},"datePublished":"2020-02-25T16:35:34+00:00","dateModified":"2020-02-25T16:37:10+00:00","inLanguage":"es-AR","potentialAction":[{"@type":"ReadAction","target":["https:\/\/elcanillita.info\/press\/2020\/02\/25\/sanders-criticado-por-elogios-revolucion-cubana\/"]}]},{"@type":"WebSite","@id":"https:\/\/elcanillita.info\/press\/#website","url":"https:\/\/elcanillita.info\/press\/","name":"ElCanillita.Info","description":"desde los Apeninos a los Andes","publisher":{"@id":"https:\/\/elcanillita.info\/press\/#organization"},"potentialAction":[{"@type":"SearchAction","target":{"@type":"EntryPoint","urlTemplate":"https:\/\/elcanillita.info\/press\/?s={search_term_string}"},"query-input":{"@type":"PropertyValueSpecification","valueRequired":true,"valueName":"search_term_string"}}],"inLanguage":"es-AR"},{"@type":"Organization","@id":"https:\/\/elcanillita.info\/press\/#organization","name":"Guzzo Photos & Graphic Publications","url":"https:\/\/elcanillita.info\/press\/","logo":{"@type":"ImageObject","inLanguage":"es-AR","@id":"https:\/\/elcanillita.info\/press\/#\/schema\/logo\/image\/","url":"https:\/\/elcanillita.info\/press\/images\/2020\/01\/cropped-cropped-cropped-elcanillitainfo.png","contentUrl":"https:\/\/elcanillita.info\/press\/images\/2020\/01\/cropped-cropped-cropped-elcanillitainfo.png","width":460,"height":50,"caption":"Guzzo Photos & Graphic Publications"},"image":{"@id":"https:\/\/elcanillita.info\/press\/#\/schema\/logo\/image\/"},"sameAs":["https:\/\/ar-ar.facebook.com\/ElCanillitainfo-114249515285712\/"]},{"@type":"Person","@id":"https:\/\/elcanillita.info\/press\/#\/schema\/person\/7fcb79f38045700919f7da6d97e71ba0","name":"SalaStampa.eu, world press service","image":{"@type":"ImageObject","inLanguage":"es-AR","@id":"https:\/\/secure.gravatar.com\/avatar\/c2f0e0d515a107624234994507816ca4724c7199cef73fc8bedebf6931d73888?s=96&d=mm&r=g","url":"https:\/\/secure.gravatar.com\/avatar\/c2f0e0d515a107624234994507816ca4724c7199cef73fc8bedebf6931d73888?s=96&d=mm&r=g","contentUrl":"https:\/\/secure.gravatar.com\/avatar\/c2f0e0d515a107624234994507816ca4724c7199cef73fc8bedebf6931d73888?s=96&d=mm&r=g","caption":"SalaStampa.eu, world press service"}}]}},"views":624,"_links":{"self":[{"href":"https:\/\/elcanillita.info\/press\/wp-json\/wp\/v2\/posts\/591","targetHints":{"allow":["GET"]}}],"collection":[{"href":"https:\/\/elcanillita.info\/press\/wp-json\/wp\/v2\/posts"}],"about":[{"href":"https:\/\/elcanillita.info\/press\/wp-json\/wp\/v2\/types\/post"}],"author":[{"embeddable":true,"href":"https:\/\/elcanillita.info\/press\/wp-json\/wp\/v2\/users\/1"}],"replies":[{"embeddable":true,"href":"https:\/\/elcanillita.info\/press\/wp-json\/wp\/v2\/comments?post=591"}],"version-history":[{"count":0,"href":"https:\/\/elcanillita.info\/press\/wp-json\/wp\/v2\/posts\/591\/revisions"}],"wp:attachment":[{"href":"https:\/\/elcanillita.info\/press\/wp-json\/wp\/v2\/media?parent=591"}],"wp:term":[{"taxonomy":"category","embeddable":true,"href":"https:\/\/elcanillita.info\/press\/wp-json\/wp\/v2\/categories?post=591"},{"taxonomy":"post_tag","embeddable":true,"href":"https:\/\/elcanillita.info\/press\/wp-json\/wp\/v2\/tags?post=591"}],"curies":[{"name":"wp","href":"https:\/\/api.w.org\/{rel}","templated":true}]}}