{"id":5897,"date":"2026-02-11T08:08:59","date_gmt":"2026-02-11T11:08:59","guid":{"rendered":"https:\/\/elcanillita.info\/press\/?p=5897"},"modified":"2026-02-11T08:56:41","modified_gmt":"2026-02-11T11:56:41","slug":"veritas","status":"publish","type":"post","link":"https:\/\/elcanillita.info\/press\/2026\/02\/11\/veritas\/","title":{"rendered":"La verdad en oferta: Bienvenidos al Ministerio del \u201cNo, no fue as\u00ed\u201d"},"content":{"rendered":"<div class=\"wp-block-image\">\n<figure class=\"alignleft size-large is-resized\"><img loading=\"lazy\" decoding=\"async\" width=\"533\" height=\"800\" src=\"https:\/\/elcanillita.info\/press\/images\/2026\/02\/img_1615.jpg\" alt=\"\" class=\"wp-image-5898\" style=\"aspect-ratio:0.6662584200857318;width:343px;height:auto\" srcset=\"https:\/\/elcanillita.info\/press\/images\/2026\/02\/img_1615.jpg 533w, https:\/\/elcanillita.info\/press\/images\/2026\/02\/img_1615-200x300.jpg 200w\" sizes=\"auto, (max-width: 533px) 100vw, 533px\" \/><\/figure>\n<\/div>\n\n\n<p class=\"p1\">Argentina amaneci\u00f3 con una novedad institucional que nadie pidi\u00f3 pero todos tem\u00edamos: el Gobierno inaugur\u00f3 su propio kiosco de la verdad. No un ministerio con ventanilla, sino una cuenta en X, ese espacio donde la verdad dura lo que tarda en llegar el pr\u00f3ximo tuit.<\/p>\n\n\n\n<p class=\"p1\">La Oficina de Respuesta Oficial de la Rep\u00fablica Argentina naci\u00f3 con una misi\u00f3n noble en el papel y autoritaria en el aroma: \u201cdesmentir la mentira\u201d. Redundancia incluida, como para que no queden dudas de que el problema no es la precisi\u00f3n del lenguaje, sino qui\u00e9n tiene el micr\u00f3fono.<\/p>\n\n\n\n<p class=\"p1\">El Presidente la celebr\u00f3 con entusiasmo libertario desde su cuenta personal, ese p\u00falpito digital desde el que se reparten herej\u00edas y se canonizan fieles. Porque en la Argentina de Milei la verdad no se verifica: se retuitea.<\/p>\n\n\n\n<p class=\"p1\">La novedad se suma a la mamushka de cuentas oficiales que ya funcionan como coro evangelizador: Presidencia, Vocer\u00eda, Casa Rosada y los perfiles personales de los funcionarios que ofician de ap\u00f3stoles del relato. Faltaba el sumo sacerdote del \u201cdesmentido\u201d.<\/p>\n\n\n\n<p class=\"p1\">El timing no es inocente. La Oficina aparece despu\u00e9s del sainete por el Indec y la salida de Marco Lavagna, un episodio explicado con m\u00e1s versiones que una remake de Hollywood: que se fue, que lo fueron, que quer\u00eda publicar un \u00edndice, que no quer\u00eda, que conspiraba, que lo conspiraban. El multiverso oficial en su m\u00e1xima expresi\u00f3n.<\/p>\n\n\n\n<p class=\"p1\">Frente a ese desorden, el Gobierno encontr\u00f3 una soluci\u00f3n simple: centralizar el desmentido. No para ordenar los hechos, sino para ordenar el discurso. La verdad no como resultado de datos, sino como producto enlatado.<\/p>\n\n\n\n<p class=\"p1\">El texto inaugural promete \u201ccombatir la desinformaci\u00f3n brindando m\u00e1s informaci\u00f3n\u201d. Una frase que suena bien hasta que uno recuerda que la sobreinformaci\u00f3n tambi\u00e9n puede ser una forma elegante de tapar lo inc\u00f3modo.<\/p>\n\n\n\n<p class=\"p1\">Como condimento ideol\u00f3gico, no falt\u00f3 el tiro al socialismo, ese comod\u00edn que se invoca cuando la realidad molesta. Si llueve, es culpa del Estado; si hay nubes, del marxismo; si el Indec cruje, de una operaci\u00f3n medi\u00e1tica.<\/p>\n\n\n\n<p class=\"p1\">La Oficina se presenta como lo opuesto a la censura, aunque su l\u00f3gica es menos liberal de lo que proclama: no proh\u00edbe voces, las sepulta bajo la voz oficial amplificada. No calla al otro; lo ahoga a volumen.<\/p>\n\n\n\n<p class=\"p1\">La referencia involuntaria a Orwell no es un exceso literario: cuando un gobierno se arroga la tarea de \u201cque la verdad vuelva a ser informaci\u00f3n\u201d, est\u00e1 confesando que la informaci\u00f3n dej\u00f3 de ser verdad y pas\u00f3 a ser material de edici\u00f3n.<\/p>\n\n\n\n<p class=\"p1\">En el pa\u00eds donde los n\u00fameros del Indec valen seg\u00fan qui\u00e9n los pronuncie, la nueva cuenta promete \u201cdesenmascarar operaciones\u201d. Habr\u00e1 que ver si tambi\u00e9n se anima a desenmascarar las propias.<\/p>\n\n\n\n<p class=\"p1\">Mientras tanto, la Argentina suma otra ventanilla para tramitar la realidad. La verdad, ahora, viene con sello oficial. Y como todo tr\u00e1mite estatal, habr\u00e1 que hacer fila para creerla.<\/p>\n\n\n\n<p><\/p>\n\n\n\n<p>\u270d\ufe0f \u00a9 2026&nbsp; El Auditor del Viento \u2013 Derechos reservados<\/p>\n\n\n\n<p><\/p>\n\n<hr style=\"border: none; height: 1px; background-color: #e0e0e0; max-width: 80%; margin: 2em auto;\" \/>\n\n\n\u00bfQuieres decir algo ?<br>\n\n\ud83d\udcec Envia tu texto a email@soapboxorators.org o bien sube a la Caja de los oradores: <br> SoapBoxOrators.org. <br>\n\n\ud83c\udde6\ud83c\uddf7 CASTELLANO\n\n<form action=\"https:\/\/formspree.io\/f\/mjkrjzed\" method=\"POST\">\n  <label for=\"name\">Nombre o seud\u00f3nimo:<\/label><br>\n  <input type=\"text\" id=\"name\" name=\"name\" required><br><br>\n\n  <label for=\"title\">T\u00edtulo del discurso o editorial:<\/label><br>\n  <input type=\"text\" id=\"title\" name=\"title\" required><br><br>\n\n  <label for=\"message\">Texto (m\u00e1x. 3.000 caracteres):<\/label><br>\n  <textarea id=\"message\" name=\"message\" rows=\"10\" maxlength=\"3000\" required><\/textarea><br><br>\n\n  <label>\n    <input type=\"checkbox\" name=\"consent\" required>\n    Autorizo la publicaci\u00f3n de este texto en SoapboxOrators.org\n  <\/label><br><br>\n\n  <button type=\"submit\">Enviar<\/button>\n  <button type=\"reset\">Borrar<\/button>\n<\/form>\n\n <hr style=\"border: none; height: 1px; background-color: #ccc; margin: 2em 0;\" \/>\n\n<small>\u00a9 2026 SalaStampa.eu, world press service &#8211; All Rights Reserved &#8211;  Guzzo Photos &#038; Graphic  Publications \u2013 Registro Editori e Stampatori n. 1441 Turin, Italy<\/small>","protected":false},"excerpt":{"rendered":"<p>Entre el esc\u00e1ndalo del Indec y el berrinche permanente contra la prensa, el Gobierno de Milei estren\u00f3 una cuenta oficial para \u201cdesmentir la mentira\u201d. Un invento que promete decir la verdad\u2026 a su manera.<\/p>\n","protected":false},"author":14,"featured_media":5900,"comment_status":"closed","ping_status":"closed","sticky":false,"template":"","format":"standard","meta":{"footnotes":"","_links_to":"","_links_to_target":""},"categories":[108,121,70,11,19,136,23,137],"tags":[],"class_list":["post-5897","post","type-post","status-publish","format-standard","has-post-thumbnail","hentry","category-blogdiario","category-dc24","category-actualidad","category-america-del-sur","category-cultura","category-opinion","category-politica","category-sociedad-y-valores","entry","double"],"yoast_head":"<!-- This site is optimized with the Yoast SEO plugin v27.4 - https:\/\/yoast.com\/product\/yoast-seo-wordpress\/ -->\n<title>La verdad en oferta: Bienvenidos al Ministerio del \u201cNo, no fue as\u00ed\u201d - ElCanillita.Info<\/title>\n<meta name=\"robots\" content=\"index, follow, max-snippet:-1, max-image-preview:large, max-video-preview:-1\" \/>\n<link rel=\"canonical\" href=\"https:\/\/elcanillita.info\/press\/2026\/02\/11\/veritas\/\" \/>\n<meta property=\"og:locale\" content=\"es_ES\" \/>\n<meta property=\"og:type\" content=\"article\" \/>\n<meta property=\"og:title\" content=\"La verdad en oferta: Bienvenidos al Ministerio del \u201cNo, no fue as\u00ed\u201d - ElCanillita.Info\" \/>\n<meta property=\"og:description\" content=\"Entre el esc\u00e1ndalo del Indec y el berrinche permanente contra la prensa, el Gobierno de Milei estren\u00f3 una cuenta oficial para \u201cdesmentir la mentira\u201d. Un invento que promete decir la verdad\u2026 a su manera.\" \/>\n<meta property=\"og:url\" content=\"https:\/\/elcanillita.info\/press\/2026\/02\/11\/veritas\/\" \/>\n<meta property=\"og:site_name\" content=\"ElCanillita.Info\" \/>\n<meta property=\"article:publisher\" content=\"https:\/\/ar-ar.facebook.com\/ElCanillitainfo-114249515285712\/\" \/>\n<meta property=\"article:published_time\" content=\"2026-02-11T11:08:59+00:00\" \/>\n<meta property=\"article:modified_time\" content=\"2026-02-11T11:56:41+00:00\" \/>\n<meta property=\"og:image\" content=\"https:\/\/elcanillita.info\/press\/images\/2026\/02\/Libra_600.jpg\" \/>\n\t<meta property=\"og:image:width\" content=\"400\" \/>\n\t<meta property=\"og:image:height\" content=\"600\" \/>\n\t<meta property=\"og:image:type\" content=\"image\/jpeg\" \/>\n<meta name=\"author\" content=\"ElCanillita.info Guzzo Photos &amp; Graphic Publications\" \/>\n<meta name=\"twitter:card\" content=\"summary_large_image\" \/>\n<meta name=\"twitter:label1\" content=\"Escrito por\" \/>\n\t<meta name=\"twitter:data1\" content=\"ElCanillita.info Guzzo Photos &amp; Graphic Publications\" \/>\n\t<meta name=\"twitter:label2\" content=\"Tiempo de lectura\" \/>\n\t<meta name=\"twitter:data2\" content=\"3 minutos\" \/>\n<script type=\"application\/ld+json\" class=\"yoast-schema-graph\">{\"@context\":\"https:\\\/\\\/schema.org\",\"@graph\":[{\"@type\":\"Article\",\"@id\":\"https:\\\/\\\/elcanillita.info\\\/press\\\/2026\\\/02\\\/11\\\/veritas\\\/#article\",\"isPartOf\":{\"@id\":\"https:\\\/\\\/elcanillita.info\\\/press\\\/2026\\\/02\\\/11\\\/veritas\\\/\"},\"author\":{\"name\":\"ElCanillita.info Guzzo Photos &amp; Graphic Publications\",\"@id\":\"https:\\\/\\\/elcanillita.info\\\/press\\\/#\\\/schema\\\/person\\\/e37a550cff8f5f3407ed112e4cc619cb\"},\"headline\":\"La verdad en oferta: Bienvenidos al Ministerio del \u201cNo, no fue as\u00ed\u201d\",\"datePublished\":\"2026-02-11T11:08:59+00:00\",\"dateModified\":\"2026-02-11T11:56:41+00:00\",\"mainEntityOfPage\":{\"@id\":\"https:\\\/\\\/elcanillita.info\\\/press\\\/2026\\\/02\\\/11\\\/veritas\\\/\"},\"wordCount\":594,\"publisher\":{\"@id\":\"https:\\\/\\\/elcanillita.info\\\/press\\\/#organization\"},\"image\":{\"@id\":\"https:\\\/\\\/elcanillita.info\\\/press\\\/2026\\\/02\\\/11\\\/veritas\\\/#primaryimage\"},\"thumbnailUrl\":\"https:\\\/\\\/elcanillita.info\\\/press\\\/images\\\/2026\\\/02\\\/Libra_600.jpg\",\"articleSection\":[\".\",\".\",\"Actualidad\",\"Am\u00e9rica del Sur\",\"Cultura\",\"Opini\u00f3n\",\"Politica\",\"Sociedad y valores\"],\"inLanguage\":\"es-AR\"},{\"@type\":\"WebPage\",\"@id\":\"https:\\\/\\\/elcanillita.info\\\/press\\\/2026\\\/02\\\/11\\\/veritas\\\/\",\"url\":\"https:\\\/\\\/elcanillita.info\\\/press\\\/2026\\\/02\\\/11\\\/veritas\\\/\",\"name\":\"La verdad en oferta: Bienvenidos al Ministerio del \u201cNo, no fue as\u00ed\u201d - ElCanillita.Info\",\"isPartOf\":{\"@id\":\"https:\\\/\\\/elcanillita.info\\\/press\\\/#website\"},\"primaryImageOfPage\":{\"@id\":\"https:\\\/\\\/elcanillita.info\\\/press\\\/2026\\\/02\\\/11\\\/veritas\\\/#primaryimage\"},\"image\":{\"@id\":\"https:\\\/\\\/elcanillita.info\\\/press\\\/2026\\\/02\\\/11\\\/veritas\\\/#primaryimage\"},\"thumbnailUrl\":\"https:\\\/\\\/elcanillita.info\\\/press\\\/images\\\/2026\\\/02\\\/Libra_600.jpg\",\"datePublished\":\"2026-02-11T11:08:59+00:00\",\"dateModified\":\"2026-02-11T11:56:41+00:00\",\"inLanguage\":\"es-AR\",\"potentialAction\":[{\"@type\":\"ReadAction\",\"target\":[\"https:\\\/\\\/elcanillita.info\\\/press\\\/2026\\\/02\\\/11\\\/veritas\\\/\"]}]},{\"@type\":\"ImageObject\",\"inLanguage\":\"es-AR\",\"@id\":\"https:\\\/\\\/elcanillita.info\\\/press\\\/2026\\\/02\\\/11\\\/veritas\\\/#primaryimage\",\"url\":\"https:\\\/\\\/elcanillita.info\\\/press\\\/images\\\/2026\\\/02\\\/Libra_600.jpg\",\"contentUrl\":\"https:\\\/\\\/elcanillita.info\\\/press\\\/images\\\/2026\\\/02\\\/Libra_600.jpg\",\"width\":400,\"height\":600},{\"@type\":\"WebSite\",\"@id\":\"https:\\\/\\\/elcanillita.info\\\/press\\\/#website\",\"url\":\"https:\\\/\\\/elcanillita.info\\\/press\\\/\",\"name\":\"ElCanillita.Info\",\"description\":\"desde los Apeninos a los Andes\",\"publisher\":{\"@id\":\"https:\\\/\\\/elcanillita.info\\\/press\\\/#organization\"},\"potentialAction\":[{\"@type\":\"SearchAction\",\"target\":{\"@type\":\"EntryPoint\",\"urlTemplate\":\"https:\\\/\\\/elcanillita.info\\\/press\\\/?s={search_term_string}\"},\"query-input\":{\"@type\":\"PropertyValueSpecification\",\"valueRequired\":true,\"valueName\":\"search_term_string\"}}],\"inLanguage\":\"es-AR\"},{\"@type\":\"Organization\",\"@id\":\"https:\\\/\\\/elcanillita.info\\\/press\\\/#organization\",\"name\":\"Guzzo Photos & Graphic Publications\",\"url\":\"https:\\\/\\\/elcanillita.info\\\/press\\\/\",\"logo\":{\"@type\":\"ImageObject\",\"inLanguage\":\"es-AR\",\"@id\":\"https:\\\/\\\/elcanillita.info\\\/press\\\/#\\\/schema\\\/logo\\\/image\\\/\",\"url\":\"https:\\\/\\\/elcanillita.info\\\/press\\\/images\\\/2020\\\/01\\\/cropped-cropped-cropped-elcanillitainfo.png\",\"contentUrl\":\"https:\\\/\\\/elcanillita.info\\\/press\\\/images\\\/2020\\\/01\\\/cropped-cropped-cropped-elcanillitainfo.png\",\"width\":460,\"height\":50,\"caption\":\"Guzzo Photos & Graphic Publications\"},\"image\":{\"@id\":\"https:\\\/\\\/elcanillita.info\\\/press\\\/#\\\/schema\\\/logo\\\/image\\\/\"},\"sameAs\":[\"https:\\\/\\\/ar-ar.facebook.com\\\/ElCanillitainfo-114249515285712\\\/\"]},{\"@type\":\"Person\",\"@id\":\"https:\\\/\\\/elcanillita.info\\\/press\\\/#\\\/schema\\\/person\\\/e37a550cff8f5f3407ed112e4cc619cb\",\"name\":\"ElCanillita.info Guzzo Photos &amp; Graphic Publications\",\"image\":{\"@type\":\"ImageObject\",\"inLanguage\":\"es-AR\",\"@id\":\"https:\\\/\\\/secure.gravatar.com\\\/avatar\\\/8914fbe0ef09248907e331ab93dfa89c7f76decf6b51cd1b2f8444e6260db772?s=96&d=mm&r=g\",\"url\":\"https:\\\/\\\/secure.gravatar.com\\\/avatar\\\/8914fbe0ef09248907e331ab93dfa89c7f76decf6b51cd1b2f8444e6260db772?s=96&d=mm&r=g\",\"contentUrl\":\"https:\\\/\\\/secure.gravatar.com\\\/avatar\\\/8914fbe0ef09248907e331ab93dfa89c7f76decf6b51cd1b2f8444e6260db772?s=96&d=mm&r=g\",\"caption\":\"ElCanillita.info Guzzo Photos &amp; Graphic Publications\"},\"sameAs\":[\"http:\\\/\\\/guzzophotos.com\"]}]}<\/script>\n<!-- \/ Yoast SEO plugin. -->","yoast_head_json":{"title":"La verdad en oferta: Bienvenidos al Ministerio del \u201cNo, no fue as\u00ed\u201d - ElCanillita.Info","robots":{"index":"index","follow":"follow","max-snippet":"max-snippet:-1","max-image-preview":"max-image-preview:large","max-video-preview":"max-video-preview:-1"},"canonical":"https:\/\/elcanillita.info\/press\/2026\/02\/11\/veritas\/","og_locale":"es_ES","og_type":"article","og_title":"La verdad en oferta: Bienvenidos al Ministerio del \u201cNo, no fue as\u00ed\u201d - ElCanillita.Info","og_description":"Entre el esc\u00e1ndalo del Indec y el berrinche permanente contra la prensa, el Gobierno de Milei estren\u00f3 una cuenta oficial para \u201cdesmentir la mentira\u201d. Un invento que promete decir la verdad\u2026 a su manera.","og_url":"https:\/\/elcanillita.info\/press\/2026\/02\/11\/veritas\/","og_site_name":"ElCanillita.Info","article_publisher":"https:\/\/ar-ar.facebook.com\/ElCanillitainfo-114249515285712\/","article_published_time":"2026-02-11T11:08:59+00:00","article_modified_time":"2026-02-11T11:56:41+00:00","og_image":[{"width":400,"height":600,"url":"https:\/\/elcanillita.info\/press\/images\/2026\/02\/Libra_600.jpg","type":"image\/jpeg"}],"author":"ElCanillita.info Guzzo Photos &amp; Graphic Publications","twitter_card":"summary_large_image","twitter_misc":{"Escrito por":"ElCanillita.info Guzzo Photos &amp; Graphic Publications","Tiempo de lectura":"3 minutos"},"schema":{"@context":"https:\/\/schema.org","@graph":[{"@type":"Article","@id":"https:\/\/elcanillita.info\/press\/2026\/02\/11\/veritas\/#article","isPartOf":{"@id":"https:\/\/elcanillita.info\/press\/2026\/02\/11\/veritas\/"},"author":{"name":"ElCanillita.info Guzzo Photos &amp; Graphic Publications","@id":"https:\/\/elcanillita.info\/press\/#\/schema\/person\/e37a550cff8f5f3407ed112e4cc619cb"},"headline":"La verdad en oferta: Bienvenidos al Ministerio del \u201cNo, no fue as\u00ed\u201d","datePublished":"2026-02-11T11:08:59+00:00","dateModified":"2026-02-11T11:56:41+00:00","mainEntityOfPage":{"@id":"https:\/\/elcanillita.info\/press\/2026\/02\/11\/veritas\/"},"wordCount":594,"publisher":{"@id":"https:\/\/elcanillita.info\/press\/#organization"},"image":{"@id":"https:\/\/elcanillita.info\/press\/2026\/02\/11\/veritas\/#primaryimage"},"thumbnailUrl":"https:\/\/elcanillita.info\/press\/images\/2026\/02\/Libra_600.jpg","articleSection":[".",".","Actualidad","Am\u00e9rica del Sur","Cultura","Opini\u00f3n","Politica","Sociedad y valores"],"inLanguage":"es-AR"},{"@type":"WebPage","@id":"https:\/\/elcanillita.info\/press\/2026\/02\/11\/veritas\/","url":"https:\/\/elcanillita.info\/press\/2026\/02\/11\/veritas\/","name":"La verdad en oferta: Bienvenidos al Ministerio del \u201cNo, no fue as\u00ed\u201d - ElCanillita.Info","isPartOf":{"@id":"https:\/\/elcanillita.info\/press\/#website"},"primaryImageOfPage":{"@id":"https:\/\/elcanillita.info\/press\/2026\/02\/11\/veritas\/#primaryimage"},"image":{"@id":"https:\/\/elcanillita.info\/press\/2026\/02\/11\/veritas\/#primaryimage"},"thumbnailUrl":"https:\/\/elcanillita.info\/press\/images\/2026\/02\/Libra_600.jpg","datePublished":"2026-02-11T11:08:59+00:00","dateModified":"2026-02-11T11:56:41+00:00","inLanguage":"es-AR","potentialAction":[{"@type":"ReadAction","target":["https:\/\/elcanillita.info\/press\/2026\/02\/11\/veritas\/"]}]},{"@type":"ImageObject","inLanguage":"es-AR","@id":"https:\/\/elcanillita.info\/press\/2026\/02\/11\/veritas\/#primaryimage","url":"https:\/\/elcanillita.info\/press\/images\/2026\/02\/Libra_600.jpg","contentUrl":"https:\/\/elcanillita.info\/press\/images\/2026\/02\/Libra_600.jpg","width":400,"height":600},{"@type":"WebSite","@id":"https:\/\/elcanillita.info\/press\/#website","url":"https:\/\/elcanillita.info\/press\/","name":"ElCanillita.Info","description":"desde los Apeninos a los Andes","publisher":{"@id":"https:\/\/elcanillita.info\/press\/#organization"},"potentialAction":[{"@type":"SearchAction","target":{"@type":"EntryPoint","urlTemplate":"https:\/\/elcanillita.info\/press\/?s={search_term_string}"},"query-input":{"@type":"PropertyValueSpecification","valueRequired":true,"valueName":"search_term_string"}}],"inLanguage":"es-AR"},{"@type":"Organization","@id":"https:\/\/elcanillita.info\/press\/#organization","name":"Guzzo Photos & Graphic Publications","url":"https:\/\/elcanillita.info\/press\/","logo":{"@type":"ImageObject","inLanguage":"es-AR","@id":"https:\/\/elcanillita.info\/press\/#\/schema\/logo\/image\/","url":"https:\/\/elcanillita.info\/press\/images\/2020\/01\/cropped-cropped-cropped-elcanillitainfo.png","contentUrl":"https:\/\/elcanillita.info\/press\/images\/2020\/01\/cropped-cropped-cropped-elcanillitainfo.png","width":460,"height":50,"caption":"Guzzo Photos & Graphic Publications"},"image":{"@id":"https:\/\/elcanillita.info\/press\/#\/schema\/logo\/image\/"},"sameAs":["https:\/\/ar-ar.facebook.com\/ElCanillitainfo-114249515285712\/"]},{"@type":"Person","@id":"https:\/\/elcanillita.info\/press\/#\/schema\/person\/e37a550cff8f5f3407ed112e4cc619cb","name":"ElCanillita.info Guzzo Photos &amp; Graphic Publications","image":{"@type":"ImageObject","inLanguage":"es-AR","@id":"https:\/\/secure.gravatar.com\/avatar\/8914fbe0ef09248907e331ab93dfa89c7f76decf6b51cd1b2f8444e6260db772?s=96&d=mm&r=g","url":"https:\/\/secure.gravatar.com\/avatar\/8914fbe0ef09248907e331ab93dfa89c7f76decf6b51cd1b2f8444e6260db772?s=96&d=mm&r=g","contentUrl":"https:\/\/secure.gravatar.com\/avatar\/8914fbe0ef09248907e331ab93dfa89c7f76decf6b51cd1b2f8444e6260db772?s=96&d=mm&r=g","caption":"ElCanillita.info Guzzo Photos &amp; Graphic Publications"},"sameAs":["http:\/\/guzzophotos.com"]}]}},"views":112,"_links":{"self":[{"href":"https:\/\/elcanillita.info\/press\/wp-json\/wp\/v2\/posts\/5897","targetHints":{"allow":["GET"]}}],"collection":[{"href":"https:\/\/elcanillita.info\/press\/wp-json\/wp\/v2\/posts"}],"about":[{"href":"https:\/\/elcanillita.info\/press\/wp-json\/wp\/v2\/types\/post"}],"author":[{"embeddable":true,"href":"https:\/\/elcanillita.info\/press\/wp-json\/wp\/v2\/users\/14"}],"replies":[{"embeddable":true,"href":"https:\/\/elcanillita.info\/press\/wp-json\/wp\/v2\/comments?post=5897"}],"version-history":[{"count":0,"href":"https:\/\/elcanillita.info\/press\/wp-json\/wp\/v2\/posts\/5897\/revisions"}],"wp:featuredmedia":[{"embeddable":true,"href":"https:\/\/elcanillita.info\/press\/wp-json\/wp\/v2\/media\/5900"}],"wp:attachment":[{"href":"https:\/\/elcanillita.info\/press\/wp-json\/wp\/v2\/media?parent=5897"}],"wp:term":[{"taxonomy":"category","embeddable":true,"href":"https:\/\/elcanillita.info\/press\/wp-json\/wp\/v2\/categories?post=5897"},{"taxonomy":"post_tag","embeddable":true,"href":"https:\/\/elcanillita.info\/press\/wp-json\/wp\/v2\/tags?post=5897"}],"curies":[{"name":"wp","href":"https:\/\/api.w.org\/{rel}","templated":true}]}}