{"id":5896,"date":"2026-02-10T17:19:22","date_gmt":"2026-02-10T20:19:22","guid":{"rendered":"https:\/\/elcanillita.info\/press\/?p=5896"},"modified":"2026-02-10T17:19:22","modified_gmt":"2026-02-10T20:19:22","slug":"policia-salario","status":"publish","type":"post","link":"https:\/\/elcanillita.info\/press\/2026\/02\/10\/policia-salario\/","title":{"rendered":"Picante salarial, democracia light"},"content":{"rendered":"\n<figure class=\"wp-block-image size-large\"><img loading=\"lazy\" decoding=\"async\" width=\"800\" height=\"533\" src=\"https:\/\/elcanillita.info\/press\/images\/2026\/02\/img_1610.jpg\" alt=\"\" class=\"wp-image-5895\" srcset=\"https:\/\/elcanillita.info\/press\/images\/2026\/02\/img_1610.jpg 800w, https:\/\/elcanillita.info\/press\/images\/2026\/02\/img_1610-300x200.jpg 300w, https:\/\/elcanillita.info\/press\/images\/2026\/02\/img_1610-768x512.jpg 768w\" sizes=\"auto, (max-width: 800px) 100vw, 800px\" \/><\/figure>\n\n\n\n<p class=\"p1\">El anuncio suena a jingle de campa\u00f1a: \u201cprimera ley laboral de la democracia\u201d. Patricia Bullrich la presenta como si antes hubi\u00e9ramos trabajado con palos y taparrabos. En paralelo, en Santa Fe y Rosario, la democracia aterriza en botas: polic\u00edas reclamando sueldos y condiciones, y el Estado respondiendo con disponibilidad, retiro de armas y chalecos. Modernidad selectiva.<\/p>\n\n\n\n<p class=\"p1\">En la Rosada del Congreso se cocina relato. En la Casa Gris de Santa Fe se quema goma. Dos escenas del mismo pa\u00eds: arriba, powerpoint; abajo, humo negro y bronca acumulada. El contraste no podr\u00eda ser m\u00e1s did\u00e1ctico.<\/p>\n\n\n\n<p class=\"p1\">Los efectivos \u2014activos y retirados\u2014 piden lo b\u00e1sico: cobrar mejor y trabajar con algo parecido a dignidad. No piden unicornos ni stock options. Piden que el sueldo alcance y que el chaleco no sea un souvenir. A cambio, recibieron un memo con sabor a escarmiento.<\/p>\n\n\n\n<p class=\"p1\">El ministro Cococcioni eligi\u00f3 el libreto cl\u00e1sico: reclamo \u201cv\u00e1lido\u201d, pero infiltrado por intereses \u201cparticulares\u201d, acciones \u201cantijur\u00eddicas\u201d y fake news. Cuando la realidad molesta, se la acusa de fake. La novedad es que ahora la posverdad viene con uniforme.<\/p>\n\n\n\n<p class=\"p1\">Veinte polic\u00edas pasados a disponibilidad con retiro de arma y chaleco. Traducci\u00f3n: disciplinamiento con protocolo. Si protest\u00e1s, te desarmo. La pedagog\u00eda del orden consiste en recordarte qui\u00e9n manda, incluso cuando el que manda no paga a tiempo.<\/p>\n\n\n\n<p class=\"p1\">Hubo m\u00f3viles frenados, patrulleros apostados, cortes de tr\u00e1nsito y un menor detenido con un arma. El combo perfecto para el noticiero: caos + delito = mano dura. El guion se escribe solo, y siempre cae del mismo lado.<\/p>\n\n\n\n<p class=\"p1\">Mientras tanto, en el Senado se promete \u201ccambio estrat\u00e9gico en las relaciones laborales\u201d. \u00bfEmpieza por los que patrullan de noche y cobran de d\u00eda? \u00bfO la estrategia es flexibilizar derechos arriba y endurecer castigos abajo? Democracia, versi\u00f3n delivery: llega fr\u00eda a los barrios.<\/p>\n\n\n\n<p class=\"p1\">La pol\u00edtica ama las palabras grandilocuentes; odia los reclamos concretos. La ley laboral se anuncia con fuegos artificiales; el salario policial se discute con sumarios. Hay prioridades que se ven incluso cuando se intenta taparlas con PowerPoint.<\/p>\n\n\n\n<p class=\"p1\">El oficialismo habla de orden. El orden, en la pr\u00e1ctica, es callar al que reclama y aplaudir al que anuncia. La liturgia del \u201creclamo leg\u00edtimo, pero\u2026\u201d funciona como condimento: te reconozco la bronca mientras te pongo la tapa.<\/p>\n\n\n\n<p class=\"p1\">El problema no es que haya ley laboral en agenda. El problema es la foto completa: un Estado que celebra reformas mientras castiga a quienes sostienen la calle con sueldos de bolsillo roto. La \u00e9pica del cambio no paga el alquiler.<\/p>\n\n\n\n<p class=\"p1\">En Santa Fe y Rosario no se discute ideolog\u00eda; se discute el plato de comida. Si la \u201cprimera ley laboral de la democracia\u201d no puede convivir con salarios que alcancen para quienes ponen el cuerpo, entonces no es modernizaci\u00f3n: es marketing con sirena de fondo.<\/p>\n\n\n\n<p><\/p>\n\n\n\n<p>\u270d\ufe0f \u00a9 2026 El Cronista del Ajuste \u2013 Derechos reservados<\/p>\n\n\n\n<p><\/p>\n\n\n<hr style=\"\n    border: none;\n    height: 1px;\n    background: linear-gradient(to right, transparent, #ccc, transparent);\n    margin: 0;\n\" \/>\n<\/p>\n<p><small>\u00a9\ufe0f2026  Guzzo Photos  &#038; Graphic Publications \u2013 All Rights Reserved \u2013 Copyright \u00a9\ufe0f 2026 SalaStampa.eu, world press service \u2013 Guzzo Photos &#038; Graphic Publications \u2013 Registro Editori e Stampatori n. 1441 Turin, Italy<\/small><\/p>\n\n\n<p><\/p>\n","protected":false},"excerpt":{"rendered":"<p>Mientras en el Senado venden \u201cla primera ley laboral de la democracia\u201d, en Santa Fe y Rosario los polic\u00edas cobran realidad: sueldos flacos, patrulleros frenados y sanciones express.<\/p>\n","protected":false},"author":14,"featured_media":5895,"comment_status":"closed","ping_status":"","sticky":false,"template":"","format":"standard","meta":{"footnotes":"","_links_to":"","_links_to_target":""},"categories":[108,121,70,11,20,23,137,133],"tags":[29],"class_list":["post-5896","post","type-post","status-publish","format-standard","has-post-thumbnail","hentry","category-blogdiario","category-dc24","category-actualidad","category-america-del-sur","category-economia","category-politica","category-sociedad-y-valores","category-trabajo","tag-argentina","entry","double"],"yoast_head":"<!-- This site is optimized with the Yoast SEO plugin v27.5 - https:\/\/yoast.com\/product\/yoast-seo-wordpress\/ -->\n<title>Picante salarial, democracia light - ElCanillita.Info<\/title>\n<meta name=\"robots\" content=\"index, follow, max-snippet:-1, max-image-preview:large, max-video-preview:-1\" \/>\n<link rel=\"canonical\" href=\"https:\/\/elcanillita.info\/press\/2026\/02\/10\/policia-salario\/\" \/>\n<meta property=\"og:locale\" content=\"es_ES\" \/>\n<meta property=\"og:type\" content=\"article\" \/>\n<meta property=\"og:title\" content=\"Picante salarial, democracia light - ElCanillita.Info\" \/>\n<meta property=\"og:description\" content=\"Mientras en el Senado venden \u201cla primera ley laboral de la democracia\u201d, en Santa Fe y Rosario los polic\u00edas cobran realidad: sueldos flacos, patrulleros frenados y sanciones express.\" \/>\n<meta property=\"og:url\" content=\"https:\/\/elcanillita.info\/press\/2026\/02\/10\/policia-salario\/\" \/>\n<meta property=\"og:site_name\" content=\"ElCanillita.Info\" \/>\n<meta property=\"article:publisher\" content=\"https:\/\/ar-ar.facebook.com\/ElCanillitainfo-114249515285712\/\" \/>\n<meta property=\"article:published_time\" content=\"2026-02-10T20:19:22+00:00\" \/>\n<meta property=\"og:image\" content=\"https:\/\/elcanillita.info\/press\/images\/2026\/02\/img_1610.jpg\" \/>\n\t<meta property=\"og:image:width\" content=\"800\" \/>\n\t<meta property=\"og:image:height\" content=\"533\" \/>\n\t<meta property=\"og:image:type\" content=\"image\/jpeg\" \/>\n<meta name=\"author\" content=\"ElCanillita.info Guzzo Photos &amp; Graphic Publications\" \/>\n<meta name=\"twitter:card\" content=\"summary_large_image\" \/>\n<meta name=\"twitter:label1\" content=\"Escrito por\" \/>\n\t<meta name=\"twitter:data1\" content=\"ElCanillita.info Guzzo Photos &amp; Graphic Publications\" \/>\n\t<meta name=\"twitter:label2\" content=\"Tiempo de lectura\" \/>\n\t<meta name=\"twitter:data2\" content=\"3 minutos\" \/>\n<script type=\"application\/ld+json\" class=\"yoast-schema-graph\">{\"@context\":\"https:\\\/\\\/schema.org\",\"@graph\":[{\"@type\":\"Article\",\"@id\":\"https:\\\/\\\/elcanillita.info\\\/press\\\/2026\\\/02\\\/10\\\/policia-salario\\\/#article\",\"isPartOf\":{\"@id\":\"https:\\\/\\\/elcanillita.info\\\/press\\\/2026\\\/02\\\/10\\\/policia-salario\\\/\"},\"author\":{\"name\":\"ElCanillita.info Guzzo Photos &amp; Graphic Publications\",\"@id\":\"https:\\\/\\\/elcanillita.info\\\/press\\\/#\\\/schema\\\/person\\\/e37a550cff8f5f3407ed112e4cc619cb\"},\"headline\":\"Picante salarial, democracia light\",\"datePublished\":\"2026-02-10T20:19:22+00:00\",\"mainEntityOfPage\":{\"@id\":\"https:\\\/\\\/elcanillita.info\\\/press\\\/2026\\\/02\\\/10\\\/policia-salario\\\/\"},\"wordCount\":515,\"publisher\":{\"@id\":\"https:\\\/\\\/elcanillita.info\\\/press\\\/#organization\"},\"image\":{\"@id\":\"https:\\\/\\\/elcanillita.info\\\/press\\\/2026\\\/02\\\/10\\\/policia-salario\\\/#primaryimage\"},\"thumbnailUrl\":\"https:\\\/\\\/elcanillita.info\\\/press\\\/images\\\/2026\\\/02\\\/img_1610.jpg\",\"keywords\":[\"Argentina\"],\"articleSection\":[\".\",\".\",\"Actualidad\",\"Am\u00e9rica del Sur\",\"Economia\",\"Politica\",\"Sociedad y valores\",\"Trabajo\"],\"inLanguage\":\"es-AR\"},{\"@type\":\"WebPage\",\"@id\":\"https:\\\/\\\/elcanillita.info\\\/press\\\/2026\\\/02\\\/10\\\/policia-salario\\\/\",\"url\":\"https:\\\/\\\/elcanillita.info\\\/press\\\/2026\\\/02\\\/10\\\/policia-salario\\\/\",\"name\":\"Picante salarial, democracia light - ElCanillita.Info\",\"isPartOf\":{\"@id\":\"https:\\\/\\\/elcanillita.info\\\/press\\\/#website\"},\"primaryImageOfPage\":{\"@id\":\"https:\\\/\\\/elcanillita.info\\\/press\\\/2026\\\/02\\\/10\\\/policia-salario\\\/#primaryimage\"},\"image\":{\"@id\":\"https:\\\/\\\/elcanillita.info\\\/press\\\/2026\\\/02\\\/10\\\/policia-salario\\\/#primaryimage\"},\"thumbnailUrl\":\"https:\\\/\\\/elcanillita.info\\\/press\\\/images\\\/2026\\\/02\\\/img_1610.jpg\",\"datePublished\":\"2026-02-10T20:19:22+00:00\",\"inLanguage\":\"es-AR\",\"potentialAction\":[{\"@type\":\"ReadAction\",\"target\":[\"https:\\\/\\\/elcanillita.info\\\/press\\\/2026\\\/02\\\/10\\\/policia-salario\\\/\"]}]},{\"@type\":\"ImageObject\",\"inLanguage\":\"es-AR\",\"@id\":\"https:\\\/\\\/elcanillita.info\\\/press\\\/2026\\\/02\\\/10\\\/policia-salario\\\/#primaryimage\",\"url\":\"https:\\\/\\\/elcanillita.info\\\/press\\\/images\\\/2026\\\/02\\\/img_1610.jpg\",\"contentUrl\":\"https:\\\/\\\/elcanillita.info\\\/press\\\/images\\\/2026\\\/02\\\/img_1610.jpg\",\"width\":800,\"height\":533},{\"@type\":\"WebSite\",\"@id\":\"https:\\\/\\\/elcanillita.info\\\/press\\\/#website\",\"url\":\"https:\\\/\\\/elcanillita.info\\\/press\\\/\",\"name\":\"ElCanillita.Info\",\"description\":\"desde los Apeninos a los Andes\",\"publisher\":{\"@id\":\"https:\\\/\\\/elcanillita.info\\\/press\\\/#organization\"},\"potentialAction\":[{\"@type\":\"SearchAction\",\"target\":{\"@type\":\"EntryPoint\",\"urlTemplate\":\"https:\\\/\\\/elcanillita.info\\\/press\\\/?s={search_term_string}\"},\"query-input\":{\"@type\":\"PropertyValueSpecification\",\"valueRequired\":true,\"valueName\":\"search_term_string\"}}],\"inLanguage\":\"es-AR\"},{\"@type\":\"Organization\",\"@id\":\"https:\\\/\\\/elcanillita.info\\\/press\\\/#organization\",\"name\":\"Guzzo Photos & Graphic Publications\",\"url\":\"https:\\\/\\\/elcanillita.info\\\/press\\\/\",\"logo\":{\"@type\":\"ImageObject\",\"inLanguage\":\"es-AR\",\"@id\":\"https:\\\/\\\/elcanillita.info\\\/press\\\/#\\\/schema\\\/logo\\\/image\\\/\",\"url\":\"https:\\\/\\\/elcanillita.info\\\/press\\\/images\\\/2020\\\/01\\\/cropped-cropped-cropped-elcanillitainfo.png\",\"contentUrl\":\"https:\\\/\\\/elcanillita.info\\\/press\\\/images\\\/2020\\\/01\\\/cropped-cropped-cropped-elcanillitainfo.png\",\"width\":460,\"height\":50,\"caption\":\"Guzzo Photos & Graphic Publications\"},\"image\":{\"@id\":\"https:\\\/\\\/elcanillita.info\\\/press\\\/#\\\/schema\\\/logo\\\/image\\\/\"},\"sameAs\":[\"https:\\\/\\\/ar-ar.facebook.com\\\/ElCanillitainfo-114249515285712\\\/\"]},{\"@type\":\"Person\",\"@id\":\"https:\\\/\\\/elcanillita.info\\\/press\\\/#\\\/schema\\\/person\\\/e37a550cff8f5f3407ed112e4cc619cb\",\"name\":\"ElCanillita.info Guzzo Photos &amp; Graphic Publications\",\"image\":{\"@type\":\"ImageObject\",\"inLanguage\":\"es-AR\",\"@id\":\"https:\\\/\\\/secure.gravatar.com\\\/avatar\\\/8914fbe0ef09248907e331ab93dfa89c7f76decf6b51cd1b2f8444e6260db772?s=96&d=mm&r=g\",\"url\":\"https:\\\/\\\/secure.gravatar.com\\\/avatar\\\/8914fbe0ef09248907e331ab93dfa89c7f76decf6b51cd1b2f8444e6260db772?s=96&d=mm&r=g\",\"contentUrl\":\"https:\\\/\\\/secure.gravatar.com\\\/avatar\\\/8914fbe0ef09248907e331ab93dfa89c7f76decf6b51cd1b2f8444e6260db772?s=96&d=mm&r=g\",\"caption\":\"ElCanillita.info Guzzo Photos &amp; Graphic Publications\"},\"sameAs\":[\"http:\\\/\\\/guzzophotos.com\"]}]}<\/script>\n<!-- \/ Yoast SEO plugin. -->","yoast_head_json":{"title":"Picante salarial, democracia light - ElCanillita.Info","robots":{"index":"index","follow":"follow","max-snippet":"max-snippet:-1","max-image-preview":"max-image-preview:large","max-video-preview":"max-video-preview:-1"},"canonical":"https:\/\/elcanillita.info\/press\/2026\/02\/10\/policia-salario\/","og_locale":"es_ES","og_type":"article","og_title":"Picante salarial, democracia light - ElCanillita.Info","og_description":"Mientras en el Senado venden \u201cla primera ley laboral de la democracia\u201d, en Santa Fe y Rosario los polic\u00edas cobran realidad: sueldos flacos, patrulleros frenados y sanciones express.","og_url":"https:\/\/elcanillita.info\/press\/2026\/02\/10\/policia-salario\/","og_site_name":"ElCanillita.Info","article_publisher":"https:\/\/ar-ar.facebook.com\/ElCanillitainfo-114249515285712\/","article_published_time":"2026-02-10T20:19:22+00:00","og_image":[{"width":800,"height":533,"url":"https:\/\/elcanillita.info\/press\/images\/2026\/02\/img_1610.jpg","type":"image\/jpeg"}],"author":"ElCanillita.info Guzzo Photos &amp; Graphic Publications","twitter_card":"summary_large_image","twitter_misc":{"Escrito por":"ElCanillita.info Guzzo Photos &amp; Graphic Publications","Tiempo de lectura":"3 minutos"},"schema":{"@context":"https:\/\/schema.org","@graph":[{"@type":"Article","@id":"https:\/\/elcanillita.info\/press\/2026\/02\/10\/policia-salario\/#article","isPartOf":{"@id":"https:\/\/elcanillita.info\/press\/2026\/02\/10\/policia-salario\/"},"author":{"name":"ElCanillita.info Guzzo Photos &amp; Graphic Publications","@id":"https:\/\/elcanillita.info\/press\/#\/schema\/person\/e37a550cff8f5f3407ed112e4cc619cb"},"headline":"Picante salarial, democracia light","datePublished":"2026-02-10T20:19:22+00:00","mainEntityOfPage":{"@id":"https:\/\/elcanillita.info\/press\/2026\/02\/10\/policia-salario\/"},"wordCount":515,"publisher":{"@id":"https:\/\/elcanillita.info\/press\/#organization"},"image":{"@id":"https:\/\/elcanillita.info\/press\/2026\/02\/10\/policia-salario\/#primaryimage"},"thumbnailUrl":"https:\/\/elcanillita.info\/press\/images\/2026\/02\/img_1610.jpg","keywords":["Argentina"],"articleSection":[".",".","Actualidad","Am\u00e9rica del Sur","Economia","Politica","Sociedad y valores","Trabajo"],"inLanguage":"es-AR"},{"@type":"WebPage","@id":"https:\/\/elcanillita.info\/press\/2026\/02\/10\/policia-salario\/","url":"https:\/\/elcanillita.info\/press\/2026\/02\/10\/policia-salario\/","name":"Picante salarial, democracia light - ElCanillita.Info","isPartOf":{"@id":"https:\/\/elcanillita.info\/press\/#website"},"primaryImageOfPage":{"@id":"https:\/\/elcanillita.info\/press\/2026\/02\/10\/policia-salario\/#primaryimage"},"image":{"@id":"https:\/\/elcanillita.info\/press\/2026\/02\/10\/policia-salario\/#primaryimage"},"thumbnailUrl":"https:\/\/elcanillita.info\/press\/images\/2026\/02\/img_1610.jpg","datePublished":"2026-02-10T20:19:22+00:00","inLanguage":"es-AR","potentialAction":[{"@type":"ReadAction","target":["https:\/\/elcanillita.info\/press\/2026\/02\/10\/policia-salario\/"]}]},{"@type":"ImageObject","inLanguage":"es-AR","@id":"https:\/\/elcanillita.info\/press\/2026\/02\/10\/policia-salario\/#primaryimage","url":"https:\/\/elcanillita.info\/press\/images\/2026\/02\/img_1610.jpg","contentUrl":"https:\/\/elcanillita.info\/press\/images\/2026\/02\/img_1610.jpg","width":800,"height":533},{"@type":"WebSite","@id":"https:\/\/elcanillita.info\/press\/#website","url":"https:\/\/elcanillita.info\/press\/","name":"ElCanillita.Info","description":"desde los Apeninos a los Andes","publisher":{"@id":"https:\/\/elcanillita.info\/press\/#organization"},"potentialAction":[{"@type":"SearchAction","target":{"@type":"EntryPoint","urlTemplate":"https:\/\/elcanillita.info\/press\/?s={search_term_string}"},"query-input":{"@type":"PropertyValueSpecification","valueRequired":true,"valueName":"search_term_string"}}],"inLanguage":"es-AR"},{"@type":"Organization","@id":"https:\/\/elcanillita.info\/press\/#organization","name":"Guzzo Photos & Graphic Publications","url":"https:\/\/elcanillita.info\/press\/","logo":{"@type":"ImageObject","inLanguage":"es-AR","@id":"https:\/\/elcanillita.info\/press\/#\/schema\/logo\/image\/","url":"https:\/\/elcanillita.info\/press\/images\/2020\/01\/cropped-cropped-cropped-elcanillitainfo.png","contentUrl":"https:\/\/elcanillita.info\/press\/images\/2020\/01\/cropped-cropped-cropped-elcanillitainfo.png","width":460,"height":50,"caption":"Guzzo Photos & Graphic Publications"},"image":{"@id":"https:\/\/elcanillita.info\/press\/#\/schema\/logo\/image\/"},"sameAs":["https:\/\/ar-ar.facebook.com\/ElCanillitainfo-114249515285712\/"]},{"@type":"Person","@id":"https:\/\/elcanillita.info\/press\/#\/schema\/person\/e37a550cff8f5f3407ed112e4cc619cb","name":"ElCanillita.info Guzzo Photos &amp; Graphic Publications","image":{"@type":"ImageObject","inLanguage":"es-AR","@id":"https:\/\/secure.gravatar.com\/avatar\/8914fbe0ef09248907e331ab93dfa89c7f76decf6b51cd1b2f8444e6260db772?s=96&d=mm&r=g","url":"https:\/\/secure.gravatar.com\/avatar\/8914fbe0ef09248907e331ab93dfa89c7f76decf6b51cd1b2f8444e6260db772?s=96&d=mm&r=g","contentUrl":"https:\/\/secure.gravatar.com\/avatar\/8914fbe0ef09248907e331ab93dfa89c7f76decf6b51cd1b2f8444e6260db772?s=96&d=mm&r=g","caption":"ElCanillita.info Guzzo Photos &amp; Graphic Publications"},"sameAs":["http:\/\/guzzophotos.com"]}]}},"views":111,"_links":{"self":[{"href":"https:\/\/elcanillita.info\/press\/wp-json\/wp\/v2\/posts\/5896","targetHints":{"allow":["GET"]}}],"collection":[{"href":"https:\/\/elcanillita.info\/press\/wp-json\/wp\/v2\/posts"}],"about":[{"href":"https:\/\/elcanillita.info\/press\/wp-json\/wp\/v2\/types\/post"}],"author":[{"embeddable":true,"href":"https:\/\/elcanillita.info\/press\/wp-json\/wp\/v2\/users\/14"}],"replies":[{"embeddable":true,"href":"https:\/\/elcanillita.info\/press\/wp-json\/wp\/v2\/comments?post=5896"}],"version-history":[{"count":0,"href":"https:\/\/elcanillita.info\/press\/wp-json\/wp\/v2\/posts\/5896\/revisions"}],"wp:featuredmedia":[{"embeddable":true,"href":"https:\/\/elcanillita.info\/press\/wp-json\/wp\/v2\/media\/5895"}],"wp:attachment":[{"href":"https:\/\/elcanillita.info\/press\/wp-json\/wp\/v2\/media?parent=5896"}],"wp:term":[{"taxonomy":"category","embeddable":true,"href":"https:\/\/elcanillita.info\/press\/wp-json\/wp\/v2\/categories?post=5896"},{"taxonomy":"post_tag","embeddable":true,"href":"https:\/\/elcanillita.info\/press\/wp-json\/wp\/v2\/tags?post=5896"}],"curies":[{"name":"wp","href":"https:\/\/api.w.org\/{rel}","templated":true}]}}