{"id":5885,"date":"2026-02-10T05:54:35","date_gmt":"2026-02-10T08:54:35","guid":{"rendered":"https:\/\/elcanillita.info\/press\/?p=5885"},"modified":"2026-02-10T14:22:02","modified_gmt":"2026-02-10T17:22:02","slug":"reforma-milei","status":"publish","type":"post","link":"https:\/\/elcanillita.info\/press\/2026\/02\/10\/reforma-milei\/","title":{"rendered":"El Gobierno re\u00fane a su mesa pol\u00edtica antes del debate de la reforma laboral"},"content":{"rendered":"\n<figure class=\"wp-block-image size-large\"><img loading=\"lazy\" decoding=\"async\" width=\"1024\" height=\"683\" src=\"https:\/\/elcanillita.info\/press\/images\/2026\/02\/img_1601-1024x683.jpg\" class=\"wp-image-5887\" srcset=\"https:\/\/elcanillita.info\/press\/images\/2026\/02\/img_1601-1024x683.jpg 1024w, https:\/\/elcanillita.info\/press\/images\/2026\/02\/img_1601-300x200.jpg 300w, https:\/\/elcanillita.info\/press\/images\/2026\/02\/img_1601-768x512.jpg 768w, https:\/\/elcanillita.info\/press\/images\/2026\/02\/img_1601.jpg 1536w\" sizes=\"auto, (max-width: 1024px) 100vw, 1024px\" \/><\/figure>\n\n\n\n<p class=\"p1\">La Casa Rosada convoca a su mesa pol\u00edtica como quien llama a reuni\u00f3n de consorcio antes de cambiar la caldera: todos saben que alguien va a terminar salpicado. El oficialismo llega al debate de la reforma laboral con sonrisa de puesta en escena y olor a p\u00f3lvora.<\/p>\n\n\n\n<p class=\"p1\">Karina Milei dirige la funci\u00f3n: ordena el elenco, reparte parlamentos y pide silencio a los propios. El mensaje no es tanto lo que se dice como qui\u00e9nes salen en la foto: disciplina interna primero, votos despu\u00e9s.<\/p>\n\n\n\n<p class=\"p1\">El Gobierno presenta la reforma como \u201csegunda etapa del mandato\u201d, traducci\u00f3n libre: ahora empieza la parte que incomoda. La \u00e9pica del futuro se declama; el conflicto del presente se administra.<\/p>\n\n\n\n<p class=\"p1\">En el Senado, la aritm\u00e9tica es fr\u00e1gil. Si faltan manos, se promete recortar cap\u00edtulos y enviarlos a otra ley: cirug\u00eda por tramos para que el paciente grite menos, aunque la herida siga abierta.<\/p>\n\n\n\n<p class=\"p1\">El cap\u00edtulo fiscal cae pesado en las provincias. Los gobernadores miran 2027 con cara de cuentas en rojo: la rebaja de Ganancias para empresas suena a alivio para la Casa Rosada y a recorte seco para las arcas locales.<\/p>\n\n\n\n<p class=\"p1\">El Fondo de Asistencia Laboral entra al ring de comod\u00edn. Para algunos es red de contenci\u00f3n; para otros, palanca para financiar despidos. Las pymes piden ox\u00edgeno; la UCR pide que el fondo sirva para pagar la cuenta del ajuste.<\/p>\n\n\n\n<p class=\"p1\">Las indemnizaciones se miden con regla: topes, cuotas y actualizaciones que esquivan la vara judicial. La promesa de previsibilidad cae mejor del lado empresario; del otro, se lee como recorte con calendario.<\/p>\n\n\n\n<p class=\"p1\">Las cajas sindicales quedan bajo el r\u00f3tulo de \u201cvoluntariedad\u201d. La palabra suena amable hasta que se traduce en afiliados menos y recursos en fuga. Los gremios leen la letra chica y preparan la garganta para la calle.<\/p>\n\n\n\n<p class=\"p1\">Bancos y billeteras virtuales se disputan la ventanilla del salario. Modernizaci\u00f3n contra intereses instalados: pelea por el flujo de sueldos ajenos, con comisiones como bot\u00edn.<\/p>\n\n\n\n<p class=\"p1\">La reuni\u00f3n de Labor Parlamentaria promete fricci\u00f3n. El oficialismo quiere ordenar la sesi\u00f3n; el peronismo, desordenar el guion. El recinto vuelve a ser ring, con \u00e1rbitros mirando la tribuna.<\/p>\n\n\n\n<p class=\"p1\">Moraleja provisor\u00eda: el Gobierno arma mesa, arma escena y arma discurso. Lo \u00fanico que todav\u00eda no arma es una mayor\u00eda estable. En la Argentina, la \u00fanica reforma que no se vota es el conflicto: ese siempre tiene qu\u00f3rum.<\/p>\n\n\n\n<p class=\"p1\"><\/p>\n\n\n\n<p>&nbsp; \u270d\ufe0f \u00a9 El Traductor del Poder | 2026<\/p>\n\n\n\n<p><\/p>\n\n\n<hr style=\"\n    border: none;\n    height: 1px;\n    background: linear-gradient(to right, transparent, #ccc, transparent);\n    margin: 0;\n\" \/>\n\n<p><small>\u00a9\ufe0f2026  Guzzo Photos  &#038; Graphic Publications \u2013 All Rights Reserved \u2013 Copyright \u00a9\ufe0f 2026 SalaStampa.eu, world press service \u2013 Guzzo Photos &#038; Graphic Publications \u2013 Registro Editori e Stampatori n. 1441 Turin, Italy<\/small><\/p>\n","protected":false},"excerpt":{"rendered":"<p>En la antesala del Senado, la Casa Rosada arma escenograf\u00eda de unidad, afila la lapicera y negocia pieza por pieza una reforma que promete choques con sindicatos, gobernadores y bancos.<\/p>\n","protected":false},"author":14,"featured_media":5887,"comment_status":"closed","ping_status":"closed","sticky":false,"template":"","format":"standard","meta":{"footnotes":"","_links_to":"","_links_to_target":""},"categories":[108,121,70,11,22,23,25,133],"tags":[29],"class_list":["post-5885","post","type-post","status-publish","format-standard","has-post-thumbnail","hentry","category-blogdiario","category-dc24","category-actualidad","category-america-del-sur","category-justicia","category-politica","category-sociedad","category-trabajo","tag-argentina","entry","double"],"yoast_head":"<!-- This site is optimized with the Yoast SEO plugin v27.5 - https:\/\/yoast.com\/product\/yoast-seo-wordpress\/ -->\n<title>El Gobierno re\u00fane a su mesa pol\u00edtica antes del debate de la reforma laboral - ElCanillita.Info<\/title>\n<meta name=\"robots\" content=\"index, follow, max-snippet:-1, max-image-preview:large, max-video-preview:-1\" \/>\n<link rel=\"canonical\" href=\"https:\/\/elcanillita.info\/press\/2026\/02\/10\/reforma-milei\/\" \/>\n<meta property=\"og:locale\" content=\"es_ES\" \/>\n<meta property=\"og:type\" content=\"article\" \/>\n<meta property=\"og:title\" content=\"El Gobierno re\u00fane a su mesa pol\u00edtica antes del debate de la reforma laboral - ElCanillita.Info\" \/>\n<meta property=\"og:description\" content=\"En la antesala del Senado, la Casa Rosada arma escenograf\u00eda de unidad, afila la lapicera y negocia pieza por pieza una reforma que promete choques con sindicatos, gobernadores y bancos.\" \/>\n<meta property=\"og:url\" content=\"https:\/\/elcanillita.info\/press\/2026\/02\/10\/reforma-milei\/\" \/>\n<meta property=\"og:site_name\" content=\"ElCanillita.Info\" \/>\n<meta property=\"article:publisher\" content=\"https:\/\/ar-ar.facebook.com\/ElCanillitainfo-114249515285712\/\" \/>\n<meta property=\"article:published_time\" content=\"2026-02-10T08:54:35+00:00\" \/>\n<meta property=\"article:modified_time\" content=\"2026-02-10T17:22:02+00:00\" \/>\n<meta property=\"og:image\" content=\"https:\/\/elcanillita.info\/press\/images\/2026\/02\/img_1601.jpg\" \/>\n\t<meta property=\"og:image:width\" content=\"1536\" \/>\n\t<meta property=\"og:image:height\" content=\"1024\" \/>\n\t<meta property=\"og:image:type\" content=\"image\/jpeg\" \/>\n<meta name=\"author\" content=\"ElCanillita.info Guzzo Photos &amp; Graphic Publications\" \/>\n<meta name=\"twitter:card\" content=\"summary_large_image\" \/>\n<meta name=\"twitter:label1\" content=\"Escrito por\" \/>\n\t<meta name=\"twitter:data1\" content=\"ElCanillita.info Guzzo Photos &amp; Graphic Publications\" \/>\n\t<meta name=\"twitter:label2\" content=\"Tiempo de lectura\" \/>\n\t<meta name=\"twitter:data2\" content=\"3 minutos\" \/>\n<script type=\"application\/ld+json\" class=\"yoast-schema-graph\">{\"@context\":\"https:\\\/\\\/schema.org\",\"@graph\":[{\"@type\":\"Article\",\"@id\":\"https:\\\/\\\/elcanillita.info\\\/press\\\/2026\\\/02\\\/10\\\/reforma-milei\\\/#article\",\"isPartOf\":{\"@id\":\"https:\\\/\\\/elcanillita.info\\\/press\\\/2026\\\/02\\\/10\\\/reforma-milei\\\/\"},\"author\":{\"name\":\"ElCanillita.info Guzzo Photos &amp; Graphic Publications\",\"@id\":\"https:\\\/\\\/elcanillita.info\\\/press\\\/#\\\/schema\\\/person\\\/e37a550cff8f5f3407ed112e4cc619cb\"},\"headline\":\"El Gobierno re\u00fane a su mesa pol\u00edtica antes del debate de la reforma laboral\",\"datePublished\":\"2026-02-10T08:54:35+00:00\",\"dateModified\":\"2026-02-10T17:22:02+00:00\",\"mainEntityOfPage\":{\"@id\":\"https:\\\/\\\/elcanillita.info\\\/press\\\/2026\\\/02\\\/10\\\/reforma-milei\\\/\"},\"wordCount\":454,\"publisher\":{\"@id\":\"https:\\\/\\\/elcanillita.info\\\/press\\\/#organization\"},\"image\":{\"@id\":\"https:\\\/\\\/elcanillita.info\\\/press\\\/2026\\\/02\\\/10\\\/reforma-milei\\\/#primaryimage\"},\"thumbnailUrl\":\"https:\\\/\\\/elcanillita.info\\\/press\\\/images\\\/2026\\\/02\\\/img_1601.jpg\",\"keywords\":[\"Argentina\"],\"articleSection\":[\".\",\".\",\"Actualidad\",\"Am\u00e9rica del Sur\",\"Justicia\",\"Politica\",\"Sociedad\",\"Trabajo\"],\"inLanguage\":\"es-AR\"},{\"@type\":\"WebPage\",\"@id\":\"https:\\\/\\\/elcanillita.info\\\/press\\\/2026\\\/02\\\/10\\\/reforma-milei\\\/\",\"url\":\"https:\\\/\\\/elcanillita.info\\\/press\\\/2026\\\/02\\\/10\\\/reforma-milei\\\/\",\"name\":\"El Gobierno re\u00fane a su mesa pol\u00edtica antes del debate de la reforma laboral - ElCanillita.Info\",\"isPartOf\":{\"@id\":\"https:\\\/\\\/elcanillita.info\\\/press\\\/#website\"},\"primaryImageOfPage\":{\"@id\":\"https:\\\/\\\/elcanillita.info\\\/press\\\/2026\\\/02\\\/10\\\/reforma-milei\\\/#primaryimage\"},\"image\":{\"@id\":\"https:\\\/\\\/elcanillita.info\\\/press\\\/2026\\\/02\\\/10\\\/reforma-milei\\\/#primaryimage\"},\"thumbnailUrl\":\"https:\\\/\\\/elcanillita.info\\\/press\\\/images\\\/2026\\\/02\\\/img_1601.jpg\",\"datePublished\":\"2026-02-10T08:54:35+00:00\",\"dateModified\":\"2026-02-10T17:22:02+00:00\",\"inLanguage\":\"es-AR\",\"potentialAction\":[{\"@type\":\"ReadAction\",\"target\":[\"https:\\\/\\\/elcanillita.info\\\/press\\\/2026\\\/02\\\/10\\\/reforma-milei\\\/\"]}]},{\"@type\":\"ImageObject\",\"inLanguage\":\"es-AR\",\"@id\":\"https:\\\/\\\/elcanillita.info\\\/press\\\/2026\\\/02\\\/10\\\/reforma-milei\\\/#primaryimage\",\"url\":\"https:\\\/\\\/elcanillita.info\\\/press\\\/images\\\/2026\\\/02\\\/img_1601.jpg\",\"contentUrl\":\"https:\\\/\\\/elcanillita.info\\\/press\\\/images\\\/2026\\\/02\\\/img_1601.jpg\",\"width\":1536,\"height\":1024},{\"@type\":\"WebSite\",\"@id\":\"https:\\\/\\\/elcanillita.info\\\/press\\\/#website\",\"url\":\"https:\\\/\\\/elcanillita.info\\\/press\\\/\",\"name\":\"ElCanillita.Info\",\"description\":\"desde los Apeninos a los Andes\",\"publisher\":{\"@id\":\"https:\\\/\\\/elcanillita.info\\\/press\\\/#organization\"},\"potentialAction\":[{\"@type\":\"SearchAction\",\"target\":{\"@type\":\"EntryPoint\",\"urlTemplate\":\"https:\\\/\\\/elcanillita.info\\\/press\\\/?s={search_term_string}\"},\"query-input\":{\"@type\":\"PropertyValueSpecification\",\"valueRequired\":true,\"valueName\":\"search_term_string\"}}],\"inLanguage\":\"es-AR\"},{\"@type\":\"Organization\",\"@id\":\"https:\\\/\\\/elcanillita.info\\\/press\\\/#organization\",\"name\":\"Guzzo Photos & Graphic Publications\",\"url\":\"https:\\\/\\\/elcanillita.info\\\/press\\\/\",\"logo\":{\"@type\":\"ImageObject\",\"inLanguage\":\"es-AR\",\"@id\":\"https:\\\/\\\/elcanillita.info\\\/press\\\/#\\\/schema\\\/logo\\\/image\\\/\",\"url\":\"https:\\\/\\\/elcanillita.info\\\/press\\\/images\\\/2020\\\/01\\\/cropped-cropped-cropped-elcanillitainfo.png\",\"contentUrl\":\"https:\\\/\\\/elcanillita.info\\\/press\\\/images\\\/2020\\\/01\\\/cropped-cropped-cropped-elcanillitainfo.png\",\"width\":460,\"height\":50,\"caption\":\"Guzzo Photos & Graphic Publications\"},\"image\":{\"@id\":\"https:\\\/\\\/elcanillita.info\\\/press\\\/#\\\/schema\\\/logo\\\/image\\\/\"},\"sameAs\":[\"https:\\\/\\\/ar-ar.facebook.com\\\/ElCanillitainfo-114249515285712\\\/\"]},{\"@type\":\"Person\",\"@id\":\"https:\\\/\\\/elcanillita.info\\\/press\\\/#\\\/schema\\\/person\\\/e37a550cff8f5f3407ed112e4cc619cb\",\"name\":\"ElCanillita.info Guzzo Photos &amp; Graphic Publications\",\"image\":{\"@type\":\"ImageObject\",\"inLanguage\":\"es-AR\",\"@id\":\"https:\\\/\\\/secure.gravatar.com\\\/avatar\\\/8914fbe0ef09248907e331ab93dfa89c7f76decf6b51cd1b2f8444e6260db772?s=96&d=mm&r=g\",\"url\":\"https:\\\/\\\/secure.gravatar.com\\\/avatar\\\/8914fbe0ef09248907e331ab93dfa89c7f76decf6b51cd1b2f8444e6260db772?s=96&d=mm&r=g\",\"contentUrl\":\"https:\\\/\\\/secure.gravatar.com\\\/avatar\\\/8914fbe0ef09248907e331ab93dfa89c7f76decf6b51cd1b2f8444e6260db772?s=96&d=mm&r=g\",\"caption\":\"ElCanillita.info Guzzo Photos &amp; Graphic Publications\"},\"sameAs\":[\"http:\\\/\\\/guzzophotos.com\"]}]}<\/script>\n<!-- \/ Yoast SEO plugin. -->","yoast_head_json":{"title":"El Gobierno re\u00fane a su mesa pol\u00edtica antes del debate de la reforma laboral - ElCanillita.Info","robots":{"index":"index","follow":"follow","max-snippet":"max-snippet:-1","max-image-preview":"max-image-preview:large","max-video-preview":"max-video-preview:-1"},"canonical":"https:\/\/elcanillita.info\/press\/2026\/02\/10\/reforma-milei\/","og_locale":"es_ES","og_type":"article","og_title":"El Gobierno re\u00fane a su mesa pol\u00edtica antes del debate de la reforma laboral - ElCanillita.Info","og_description":"En la antesala del Senado, la Casa Rosada arma escenograf\u00eda de unidad, afila la lapicera y negocia pieza por pieza una reforma que promete choques con sindicatos, gobernadores y bancos.","og_url":"https:\/\/elcanillita.info\/press\/2026\/02\/10\/reforma-milei\/","og_site_name":"ElCanillita.Info","article_publisher":"https:\/\/ar-ar.facebook.com\/ElCanillitainfo-114249515285712\/","article_published_time":"2026-02-10T08:54:35+00:00","article_modified_time":"2026-02-10T17:22:02+00:00","og_image":[{"width":1536,"height":1024,"url":"https:\/\/elcanillita.info\/press\/images\/2026\/02\/img_1601.jpg","type":"image\/jpeg"}],"author":"ElCanillita.info Guzzo Photos &amp; Graphic Publications","twitter_card":"summary_large_image","twitter_misc":{"Escrito por":"ElCanillita.info Guzzo Photos &amp; Graphic Publications","Tiempo de lectura":"3 minutos"},"schema":{"@context":"https:\/\/schema.org","@graph":[{"@type":"Article","@id":"https:\/\/elcanillita.info\/press\/2026\/02\/10\/reforma-milei\/#article","isPartOf":{"@id":"https:\/\/elcanillita.info\/press\/2026\/02\/10\/reforma-milei\/"},"author":{"name":"ElCanillita.info Guzzo Photos &amp; Graphic Publications","@id":"https:\/\/elcanillita.info\/press\/#\/schema\/person\/e37a550cff8f5f3407ed112e4cc619cb"},"headline":"El Gobierno re\u00fane a su mesa pol\u00edtica antes del debate de la reforma laboral","datePublished":"2026-02-10T08:54:35+00:00","dateModified":"2026-02-10T17:22:02+00:00","mainEntityOfPage":{"@id":"https:\/\/elcanillita.info\/press\/2026\/02\/10\/reforma-milei\/"},"wordCount":454,"publisher":{"@id":"https:\/\/elcanillita.info\/press\/#organization"},"image":{"@id":"https:\/\/elcanillita.info\/press\/2026\/02\/10\/reforma-milei\/#primaryimage"},"thumbnailUrl":"https:\/\/elcanillita.info\/press\/images\/2026\/02\/img_1601.jpg","keywords":["Argentina"],"articleSection":[".",".","Actualidad","Am\u00e9rica del Sur","Justicia","Politica","Sociedad","Trabajo"],"inLanguage":"es-AR"},{"@type":"WebPage","@id":"https:\/\/elcanillita.info\/press\/2026\/02\/10\/reforma-milei\/","url":"https:\/\/elcanillita.info\/press\/2026\/02\/10\/reforma-milei\/","name":"El Gobierno re\u00fane a su mesa pol\u00edtica antes del debate de la reforma laboral - ElCanillita.Info","isPartOf":{"@id":"https:\/\/elcanillita.info\/press\/#website"},"primaryImageOfPage":{"@id":"https:\/\/elcanillita.info\/press\/2026\/02\/10\/reforma-milei\/#primaryimage"},"image":{"@id":"https:\/\/elcanillita.info\/press\/2026\/02\/10\/reforma-milei\/#primaryimage"},"thumbnailUrl":"https:\/\/elcanillita.info\/press\/images\/2026\/02\/img_1601.jpg","datePublished":"2026-02-10T08:54:35+00:00","dateModified":"2026-02-10T17:22:02+00:00","inLanguage":"es-AR","potentialAction":[{"@type":"ReadAction","target":["https:\/\/elcanillita.info\/press\/2026\/02\/10\/reforma-milei\/"]}]},{"@type":"ImageObject","inLanguage":"es-AR","@id":"https:\/\/elcanillita.info\/press\/2026\/02\/10\/reforma-milei\/#primaryimage","url":"https:\/\/elcanillita.info\/press\/images\/2026\/02\/img_1601.jpg","contentUrl":"https:\/\/elcanillita.info\/press\/images\/2026\/02\/img_1601.jpg","width":1536,"height":1024},{"@type":"WebSite","@id":"https:\/\/elcanillita.info\/press\/#website","url":"https:\/\/elcanillita.info\/press\/","name":"ElCanillita.Info","description":"desde los Apeninos a los Andes","publisher":{"@id":"https:\/\/elcanillita.info\/press\/#organization"},"potentialAction":[{"@type":"SearchAction","target":{"@type":"EntryPoint","urlTemplate":"https:\/\/elcanillita.info\/press\/?s={search_term_string}"},"query-input":{"@type":"PropertyValueSpecification","valueRequired":true,"valueName":"search_term_string"}}],"inLanguage":"es-AR"},{"@type":"Organization","@id":"https:\/\/elcanillita.info\/press\/#organization","name":"Guzzo Photos & Graphic Publications","url":"https:\/\/elcanillita.info\/press\/","logo":{"@type":"ImageObject","inLanguage":"es-AR","@id":"https:\/\/elcanillita.info\/press\/#\/schema\/logo\/image\/","url":"https:\/\/elcanillita.info\/press\/images\/2020\/01\/cropped-cropped-cropped-elcanillitainfo.png","contentUrl":"https:\/\/elcanillita.info\/press\/images\/2020\/01\/cropped-cropped-cropped-elcanillitainfo.png","width":460,"height":50,"caption":"Guzzo Photos & Graphic Publications"},"image":{"@id":"https:\/\/elcanillita.info\/press\/#\/schema\/logo\/image\/"},"sameAs":["https:\/\/ar-ar.facebook.com\/ElCanillitainfo-114249515285712\/"]},{"@type":"Person","@id":"https:\/\/elcanillita.info\/press\/#\/schema\/person\/e37a550cff8f5f3407ed112e4cc619cb","name":"ElCanillita.info Guzzo Photos &amp; Graphic Publications","image":{"@type":"ImageObject","inLanguage":"es-AR","@id":"https:\/\/secure.gravatar.com\/avatar\/8914fbe0ef09248907e331ab93dfa89c7f76decf6b51cd1b2f8444e6260db772?s=96&d=mm&r=g","url":"https:\/\/secure.gravatar.com\/avatar\/8914fbe0ef09248907e331ab93dfa89c7f76decf6b51cd1b2f8444e6260db772?s=96&d=mm&r=g","contentUrl":"https:\/\/secure.gravatar.com\/avatar\/8914fbe0ef09248907e331ab93dfa89c7f76decf6b51cd1b2f8444e6260db772?s=96&d=mm&r=g","caption":"ElCanillita.info Guzzo Photos &amp; Graphic Publications"},"sameAs":["http:\/\/guzzophotos.com"]}]}},"views":106,"_links":{"self":[{"href":"https:\/\/elcanillita.info\/press\/wp-json\/wp\/v2\/posts\/5885","targetHints":{"allow":["GET"]}}],"collection":[{"href":"https:\/\/elcanillita.info\/press\/wp-json\/wp\/v2\/posts"}],"about":[{"href":"https:\/\/elcanillita.info\/press\/wp-json\/wp\/v2\/types\/post"}],"author":[{"embeddable":true,"href":"https:\/\/elcanillita.info\/press\/wp-json\/wp\/v2\/users\/14"}],"replies":[{"embeddable":true,"href":"https:\/\/elcanillita.info\/press\/wp-json\/wp\/v2\/comments?post=5885"}],"version-history":[{"count":0,"href":"https:\/\/elcanillita.info\/press\/wp-json\/wp\/v2\/posts\/5885\/revisions"}],"wp:featuredmedia":[{"embeddable":true,"href":"https:\/\/elcanillita.info\/press\/wp-json\/wp\/v2\/media\/5887"}],"wp:attachment":[{"href":"https:\/\/elcanillita.info\/press\/wp-json\/wp\/v2\/media?parent=5885"}],"wp:term":[{"taxonomy":"category","embeddable":true,"href":"https:\/\/elcanillita.info\/press\/wp-json\/wp\/v2\/categories?post=5885"},{"taxonomy":"post_tag","embeddable":true,"href":"https:\/\/elcanillita.info\/press\/wp-json\/wp\/v2\/tags?post=5885"}],"curies":[{"name":"wp","href":"https:\/\/api.w.org\/{rel}","templated":true}]}}