{"id":588,"date":"2020-02-25T13:27:19","date_gmt":"2020-02-25T16:27:19","guid":{"rendered":"https:\/\/elcanillita.info\/press\/?p=588"},"modified":"2020-02-25T13:28:06","modified_gmt":"2020-02-25T16:28:06","slug":"estados-unidos-condena-carcel-lider-narcotraficante-guatemala","status":"publish","type":"post","link":"https:\/\/elcanillita.info\/press\/2020\/02\/25\/estados-unidos-condena-carcel-lider-narcotraficante-guatemala\/","title":{"rendered":"Estados Unidos condena a 23 a\u00f1os de c\u00e1rcel a l\u00edder narcotraficante de Guatemala"},"content":{"rendered":"\n<p>Washington, 25.02.2020 &#8211; Estados Unidos conden\u00f3 al guatemalteco Waldemar Lorenzana-Lima a 23 a\u00f1os de c\u00e1rcel&nbsp;y una multa de m\u00e1s de 50 millones de d\u00f3lares, por \u201cconspiraci\u00f3n internacional para cometer narcotr\u00e1fico\u201d, inform\u00f3 este lunes el Departamento de Justicia.<\/p>\n\n\n\n<p>En un comunicado en su portal digital, el Departamento explic\u00f3 que Lorenzana-Lima se hab\u00eda declarado culpable 18 de agosto de 2014 por el citado delito, relacionado con el tr\u00e1fico de drogas.<\/p>\n\n\n\n<p><strong>Arrestan en EE.UU. a candidato presidencial de Guatemala<\/strong><\/p>\n\n\n\n<p>El guatemalteco recibi\u00f3 sentencia por parte del Fiscal General Adjunto Brian A. Benczkowski, de la Divisi\u00f3n Criminal del Departamento de Justicia de EE.UU., y la agente especial a cargo, Wendy Woolcock, de la Divisi\u00f3n de Operaciones Especiales de la Administraci\u00f3n de Control de Drogas (DEA, por sus siglas en ingl\u00e9s).<\/p>\n\n\n\n<p>Como medida accesoria, refiere el comunicado de prensa, el acusado debe pagar de sus propiedades y activos la suma de 50 millones y 949 mil d\u00f3lares.<\/p>\n\n\n\n<p><strong>Camino a la c\u00e1rcel<\/strong><\/p>\n\n\n\n<p>De acuerdo a lo relatado en el informe judicial, Lorenzana-Lima admiti\u00f3 en su declaraci\u00f3n de culpabilidad, que desde marzo de 1996 a noviembre de 2007 integr\u00f3 una organizaci\u00f3n de narcotr\u00e1fico que \u201crecibir\u00eda, inventariar\u00eda y almacenar\u00eda grandes cantidades de coca\u00edna de Colombia en sus propiedades en Guatemala, para su eventual importaci\u00f3n a M\u00e9xico y Estados Unidos\u201d.<\/p>\n\n\n\n<p>El tribunal estim\u00f3 que el acusado fungi\u00f3 como &#8220;organizador o l\u00edder\u201d del grupo narcotraficante, seg\u00fan los procedimientos legales.<\/p>\n\n\n\n<p>El 27 de abril de 2010, la Oficina de Control de Activos Extranjeros del Departamento del Tesoro (OFAC por sus siglas en ingl\u00e9s) sancion\u00f3 a Lorenzana-Lima y sus hijos, Eliu Lorenzana-Cordon y Waldemar Lorenzana-Cordon, por ser narcotraficantes.<\/p>\n\n\n\n<p>De conformidad con la Ley de Designaci\u00f3n Kingpin (para narcotraficantes extranjeros) se aplic\u00f3 a Waldemar &#8220;como resultado de sus importantes roles en el tr\u00e1fico internacional de narc\u00f3ticos, sus importantes v\u00ednculos con el Cartel de Sinaloa y su uso de negocios familiares y explotaciones agr\u00edcolas en Guatemala como un frente para ayudar en el traslado hacia el norte de drogas ilegales a trav\u00e9s de Am\u00e9rica Central\u201d.<\/p>\n\n\n\n<p>El proceso, informa el Departamento de Justicia, fue liderado por la Unidad de Investigaciones Bilaterales de la DEA y la oficina correspondiente en Ciudad de Guatemala, con el apoyo del programa de la Fuerza de Trabajo contra el Crimen Organizado,<\/p>\n\n\n\n<p>El Departamento de Justicia expres\u00f3 su \u201cagradecimiento al gobierno de Guatemala por su firme compromiso, colaboraci\u00f3n y asistencia en la investigaci\u00f3n, extradici\u00f3n y enjuiciamiento en este caso\u201d.<br><br><small>2020 voanoticias \u2013 salastampa.eu, afiliada a la red Broadcasting Board of Governors \u00a9 2020 BBG<\/small><\/p>\n","protected":false},"excerpt":{"rendered":"<p>Washington, 25.02.2020 &#8211; Estados Unidos conden\u00f3 al guatemalteco Waldemar Lorenzana-Lima a 23 a\u00f1os de c\u00e1rcel y una multa de m\u00e1s de 50 millones de d\u00f3lares, por \u201cconspiraci\u00f3n internacional para cometer narcotr\u00e1fico\u201d, inform\u00f3 este lunes el Departamento de Justicia.<\/p>\n","protected":false},"author":1,"featured_media":0,"comment_status":"closed","ping_status":"closed","sticky":false,"template":"","format":"standard","meta":{"footnotes":"","_links_to":"","_links_to_target":""},"categories":[70,9,20,22,25],"tags":[34],"class_list":["post-588","post","type-post","status-publish","format-standard","hentry","category-actualidad","category-america-del-norte","category-economia","category-justicia","category-sociedad","tag-estados-unidos","entry","double"],"yoast_head":"<!-- This site is optimized with the Yoast SEO plugin v27.4 - https:\/\/yoast.com\/product\/yoast-seo-wordpress\/ -->\n<title>Estados Unidos condena a 23 a\u00f1os de c\u00e1rcel a l\u00edder narcotraficante de Guatemala - ElCanillita.Info<\/title>\n<meta name=\"robots\" content=\"index, follow, max-snippet:-1, max-image-preview:large, max-video-preview:-1\" \/>\n<link rel=\"canonical\" href=\"https:\/\/elcanillita.info\/press\/2020\/02\/25\/estados-unidos-condena-carcel-lider-narcotraficante-guatemala\/\" \/>\n<meta property=\"og:locale\" content=\"es_ES\" \/>\n<meta property=\"og:type\" content=\"article\" \/>\n<meta property=\"og:title\" content=\"Estados Unidos condena a 23 a\u00f1os de c\u00e1rcel a l\u00edder narcotraficante de Guatemala - ElCanillita.Info\" \/>\n<meta property=\"og:description\" content=\"Washington, 25.02.2020 - Estados Unidos conden\u00f3 al guatemalteco Waldemar Lorenzana-Lima a 23 a\u00f1os de c\u00e1rcel y una multa de m\u00e1s de 50 millones de d\u00f3lares, por \u201cconspiraci\u00f3n internacional para cometer narcotr\u00e1fico\u201d, inform\u00f3 este lunes el Departamento de Justicia.\" \/>\n<meta property=\"og:url\" content=\"https:\/\/elcanillita.info\/press\/2020\/02\/25\/estados-unidos-condena-carcel-lider-narcotraficante-guatemala\/\" \/>\n<meta property=\"og:site_name\" content=\"ElCanillita.Info\" \/>\n<meta property=\"article:publisher\" content=\"https:\/\/ar-ar.facebook.com\/ElCanillitainfo-114249515285712\/\" \/>\n<meta property=\"article:published_time\" content=\"2020-02-25T16:27:19+00:00\" \/>\n<meta property=\"article:modified_time\" content=\"2020-02-25T16:28:06+00:00\" \/>\n<meta name=\"author\" content=\"SalaStampa.eu, world press service\" \/>\n<meta name=\"twitter:card\" content=\"summary_large_image\" \/>\n<meta name=\"twitter:label1\" content=\"Escrito por\" \/>\n\t<meta name=\"twitter:data1\" content=\"SalaStampa.eu, world press service\" \/>\n\t<meta name=\"twitter:label2\" content=\"Tiempo de lectura\" \/>\n\t<meta name=\"twitter:data2\" content=\"2 minutos\" \/>\n<script type=\"application\/ld+json\" class=\"yoast-schema-graph\">{\"@context\":\"https:\\\/\\\/schema.org\",\"@graph\":[{\"@type\":\"Article\",\"@id\":\"https:\\\/\\\/elcanillita.info\\\/press\\\/2020\\\/02\\\/25\\\/estados-unidos-condena-carcel-lider-narcotraficante-guatemala\\\/#article\",\"isPartOf\":{\"@id\":\"https:\\\/\\\/elcanillita.info\\\/press\\\/2020\\\/02\\\/25\\\/estados-unidos-condena-carcel-lider-narcotraficante-guatemala\\\/\"},\"author\":{\"name\":\"SalaStampa.eu, world press service\",\"@id\":\"https:\\\/\\\/elcanillita.info\\\/press\\\/#\\\/schema\\\/person\\\/7fcb79f38045700919f7da6d97e71ba0\"},\"headline\":\"Estados Unidos condena a 23 a\u00f1os de c\u00e1rcel a l\u00edder narcotraficante de Guatemala\",\"datePublished\":\"2020-02-25T16:27:19+00:00\",\"dateModified\":\"2020-02-25T16:28:06+00:00\",\"mainEntityOfPage\":{\"@id\":\"https:\\\/\\\/elcanillita.info\\\/press\\\/2020\\\/02\\\/25\\\/estados-unidos-condena-carcel-lider-narcotraficante-guatemala\\\/\"},\"wordCount\":454,\"publisher\":{\"@id\":\"https:\\\/\\\/elcanillita.info\\\/press\\\/#organization\"},\"keywords\":[\"Estados Unidos\"],\"articleSection\":[\"Actualidad\",\"Am\u00e9rica del Norte\",\"Economia\",\"Justicia\",\"Sociedad\"],\"inLanguage\":\"es-AR\"},{\"@type\":\"WebPage\",\"@id\":\"https:\\\/\\\/elcanillita.info\\\/press\\\/2020\\\/02\\\/25\\\/estados-unidos-condena-carcel-lider-narcotraficante-guatemala\\\/\",\"url\":\"https:\\\/\\\/elcanillita.info\\\/press\\\/2020\\\/02\\\/25\\\/estados-unidos-condena-carcel-lider-narcotraficante-guatemala\\\/\",\"name\":\"Estados Unidos condena a 23 a\u00f1os de c\u00e1rcel a l\u00edder narcotraficante de Guatemala - ElCanillita.Info\",\"isPartOf\":{\"@id\":\"https:\\\/\\\/elcanillita.info\\\/press\\\/#website\"},\"datePublished\":\"2020-02-25T16:27:19+00:00\",\"dateModified\":\"2020-02-25T16:28:06+00:00\",\"inLanguage\":\"es-AR\",\"potentialAction\":[{\"@type\":\"ReadAction\",\"target\":[\"https:\\\/\\\/elcanillita.info\\\/press\\\/2020\\\/02\\\/25\\\/estados-unidos-condena-carcel-lider-narcotraficante-guatemala\\\/\"]}]},{\"@type\":\"WebSite\",\"@id\":\"https:\\\/\\\/elcanillita.info\\\/press\\\/#website\",\"url\":\"https:\\\/\\\/elcanillita.info\\\/press\\\/\",\"name\":\"ElCanillita.Info\",\"description\":\"desde los Apeninos a los Andes\",\"publisher\":{\"@id\":\"https:\\\/\\\/elcanillita.info\\\/press\\\/#organization\"},\"potentialAction\":[{\"@type\":\"SearchAction\",\"target\":{\"@type\":\"EntryPoint\",\"urlTemplate\":\"https:\\\/\\\/elcanillita.info\\\/press\\\/?s={search_term_string}\"},\"query-input\":{\"@type\":\"PropertyValueSpecification\",\"valueRequired\":true,\"valueName\":\"search_term_string\"}}],\"inLanguage\":\"es-AR\"},{\"@type\":\"Organization\",\"@id\":\"https:\\\/\\\/elcanillita.info\\\/press\\\/#organization\",\"name\":\"Guzzo Photos & Graphic Publications\",\"url\":\"https:\\\/\\\/elcanillita.info\\\/press\\\/\",\"logo\":{\"@type\":\"ImageObject\",\"inLanguage\":\"es-AR\",\"@id\":\"https:\\\/\\\/elcanillita.info\\\/press\\\/#\\\/schema\\\/logo\\\/image\\\/\",\"url\":\"https:\\\/\\\/elcanillita.info\\\/press\\\/images\\\/2020\\\/01\\\/cropped-cropped-cropped-elcanillitainfo.png\",\"contentUrl\":\"https:\\\/\\\/elcanillita.info\\\/press\\\/images\\\/2020\\\/01\\\/cropped-cropped-cropped-elcanillitainfo.png\",\"width\":460,\"height\":50,\"caption\":\"Guzzo Photos & Graphic Publications\"},\"image\":{\"@id\":\"https:\\\/\\\/elcanillita.info\\\/press\\\/#\\\/schema\\\/logo\\\/image\\\/\"},\"sameAs\":[\"https:\\\/\\\/ar-ar.facebook.com\\\/ElCanillitainfo-114249515285712\\\/\"]},{\"@type\":\"Person\",\"@id\":\"https:\\\/\\\/elcanillita.info\\\/press\\\/#\\\/schema\\\/person\\\/7fcb79f38045700919f7da6d97e71ba0\",\"name\":\"SalaStampa.eu, world press service\",\"image\":{\"@type\":\"ImageObject\",\"inLanguage\":\"es-AR\",\"@id\":\"https:\\\/\\\/secure.gravatar.com\\\/avatar\\\/c2f0e0d515a107624234994507816ca4724c7199cef73fc8bedebf6931d73888?s=96&d=mm&r=g\",\"url\":\"https:\\\/\\\/secure.gravatar.com\\\/avatar\\\/c2f0e0d515a107624234994507816ca4724c7199cef73fc8bedebf6931d73888?s=96&d=mm&r=g\",\"contentUrl\":\"https:\\\/\\\/secure.gravatar.com\\\/avatar\\\/c2f0e0d515a107624234994507816ca4724c7199cef73fc8bedebf6931d73888?s=96&d=mm&r=g\",\"caption\":\"SalaStampa.eu, world press service\"}}]}<\/script>\n<!-- \/ Yoast SEO plugin. -->","yoast_head_json":{"title":"Estados Unidos condena a 23 a\u00f1os de c\u00e1rcel a l\u00edder narcotraficante de Guatemala - ElCanillita.Info","robots":{"index":"index","follow":"follow","max-snippet":"max-snippet:-1","max-image-preview":"max-image-preview:large","max-video-preview":"max-video-preview:-1"},"canonical":"https:\/\/elcanillita.info\/press\/2020\/02\/25\/estados-unidos-condena-carcel-lider-narcotraficante-guatemala\/","og_locale":"es_ES","og_type":"article","og_title":"Estados Unidos condena a 23 a\u00f1os de c\u00e1rcel a l\u00edder narcotraficante de Guatemala - ElCanillita.Info","og_description":"Washington, 25.02.2020 - Estados Unidos conden\u00f3 al guatemalteco Waldemar Lorenzana-Lima a 23 a\u00f1os de c\u00e1rcel y una multa de m\u00e1s de 50 millones de d\u00f3lares, por \u201cconspiraci\u00f3n internacional para cometer narcotr\u00e1fico\u201d, inform\u00f3 este lunes el Departamento de Justicia.","og_url":"https:\/\/elcanillita.info\/press\/2020\/02\/25\/estados-unidos-condena-carcel-lider-narcotraficante-guatemala\/","og_site_name":"ElCanillita.Info","article_publisher":"https:\/\/ar-ar.facebook.com\/ElCanillitainfo-114249515285712\/","article_published_time":"2020-02-25T16:27:19+00:00","article_modified_time":"2020-02-25T16:28:06+00:00","author":"SalaStampa.eu, world press service","twitter_card":"summary_large_image","twitter_misc":{"Escrito por":"SalaStampa.eu, world press service","Tiempo de lectura":"2 minutos"},"schema":{"@context":"https:\/\/schema.org","@graph":[{"@type":"Article","@id":"https:\/\/elcanillita.info\/press\/2020\/02\/25\/estados-unidos-condena-carcel-lider-narcotraficante-guatemala\/#article","isPartOf":{"@id":"https:\/\/elcanillita.info\/press\/2020\/02\/25\/estados-unidos-condena-carcel-lider-narcotraficante-guatemala\/"},"author":{"name":"SalaStampa.eu, world press service","@id":"https:\/\/elcanillita.info\/press\/#\/schema\/person\/7fcb79f38045700919f7da6d97e71ba0"},"headline":"Estados Unidos condena a 23 a\u00f1os de c\u00e1rcel a l\u00edder narcotraficante de Guatemala","datePublished":"2020-02-25T16:27:19+00:00","dateModified":"2020-02-25T16:28:06+00:00","mainEntityOfPage":{"@id":"https:\/\/elcanillita.info\/press\/2020\/02\/25\/estados-unidos-condena-carcel-lider-narcotraficante-guatemala\/"},"wordCount":454,"publisher":{"@id":"https:\/\/elcanillita.info\/press\/#organization"},"keywords":["Estados Unidos"],"articleSection":["Actualidad","Am\u00e9rica del Norte","Economia","Justicia","Sociedad"],"inLanguage":"es-AR"},{"@type":"WebPage","@id":"https:\/\/elcanillita.info\/press\/2020\/02\/25\/estados-unidos-condena-carcel-lider-narcotraficante-guatemala\/","url":"https:\/\/elcanillita.info\/press\/2020\/02\/25\/estados-unidos-condena-carcel-lider-narcotraficante-guatemala\/","name":"Estados Unidos condena a 23 a\u00f1os de c\u00e1rcel a l\u00edder narcotraficante de Guatemala - ElCanillita.Info","isPartOf":{"@id":"https:\/\/elcanillita.info\/press\/#website"},"datePublished":"2020-02-25T16:27:19+00:00","dateModified":"2020-02-25T16:28:06+00:00","inLanguage":"es-AR","potentialAction":[{"@type":"ReadAction","target":["https:\/\/elcanillita.info\/press\/2020\/02\/25\/estados-unidos-condena-carcel-lider-narcotraficante-guatemala\/"]}]},{"@type":"WebSite","@id":"https:\/\/elcanillita.info\/press\/#website","url":"https:\/\/elcanillita.info\/press\/","name":"ElCanillita.Info","description":"desde los Apeninos a los Andes","publisher":{"@id":"https:\/\/elcanillita.info\/press\/#organization"},"potentialAction":[{"@type":"SearchAction","target":{"@type":"EntryPoint","urlTemplate":"https:\/\/elcanillita.info\/press\/?s={search_term_string}"},"query-input":{"@type":"PropertyValueSpecification","valueRequired":true,"valueName":"search_term_string"}}],"inLanguage":"es-AR"},{"@type":"Organization","@id":"https:\/\/elcanillita.info\/press\/#organization","name":"Guzzo Photos & Graphic Publications","url":"https:\/\/elcanillita.info\/press\/","logo":{"@type":"ImageObject","inLanguage":"es-AR","@id":"https:\/\/elcanillita.info\/press\/#\/schema\/logo\/image\/","url":"https:\/\/elcanillita.info\/press\/images\/2020\/01\/cropped-cropped-cropped-elcanillitainfo.png","contentUrl":"https:\/\/elcanillita.info\/press\/images\/2020\/01\/cropped-cropped-cropped-elcanillitainfo.png","width":460,"height":50,"caption":"Guzzo Photos & Graphic Publications"},"image":{"@id":"https:\/\/elcanillita.info\/press\/#\/schema\/logo\/image\/"},"sameAs":["https:\/\/ar-ar.facebook.com\/ElCanillitainfo-114249515285712\/"]},{"@type":"Person","@id":"https:\/\/elcanillita.info\/press\/#\/schema\/person\/7fcb79f38045700919f7da6d97e71ba0","name":"SalaStampa.eu, world press service","image":{"@type":"ImageObject","inLanguage":"es-AR","@id":"https:\/\/secure.gravatar.com\/avatar\/c2f0e0d515a107624234994507816ca4724c7199cef73fc8bedebf6931d73888?s=96&d=mm&r=g","url":"https:\/\/secure.gravatar.com\/avatar\/c2f0e0d515a107624234994507816ca4724c7199cef73fc8bedebf6931d73888?s=96&d=mm&r=g","contentUrl":"https:\/\/secure.gravatar.com\/avatar\/c2f0e0d515a107624234994507816ca4724c7199cef73fc8bedebf6931d73888?s=96&d=mm&r=g","caption":"SalaStampa.eu, world press service"}}]}},"views":670,"_links":{"self":[{"href":"https:\/\/elcanillita.info\/press\/wp-json\/wp\/v2\/posts\/588","targetHints":{"allow":["GET"]}}],"collection":[{"href":"https:\/\/elcanillita.info\/press\/wp-json\/wp\/v2\/posts"}],"about":[{"href":"https:\/\/elcanillita.info\/press\/wp-json\/wp\/v2\/types\/post"}],"author":[{"embeddable":true,"href":"https:\/\/elcanillita.info\/press\/wp-json\/wp\/v2\/users\/1"}],"replies":[{"embeddable":true,"href":"https:\/\/elcanillita.info\/press\/wp-json\/wp\/v2\/comments?post=588"}],"version-history":[{"count":0,"href":"https:\/\/elcanillita.info\/press\/wp-json\/wp\/v2\/posts\/588\/revisions"}],"wp:attachment":[{"href":"https:\/\/elcanillita.info\/press\/wp-json\/wp\/v2\/media?parent=588"}],"wp:term":[{"taxonomy":"category","embeddable":true,"href":"https:\/\/elcanillita.info\/press\/wp-json\/wp\/v2\/categories?post=588"},{"taxonomy":"post_tag","embeddable":true,"href":"https:\/\/elcanillita.info\/press\/wp-json\/wp\/v2\/tags?post=588"}],"curies":[{"name":"wp","href":"https:\/\/api.w.org\/{rel}","templated":true}]}}