{"id":584,"date":"2020-02-25T09:42:16","date_gmt":"2020-02-25T12:42:16","guid":{"rendered":"https:\/\/elcanillita.info\/press\/?p=584"},"modified":"2020-02-25T09:42:17","modified_gmt":"2020-02-25T12:42:17","slug":"arrestan-ex-primer-ministro-peruano-odebrecht","status":"publish","type":"post","link":"https:\/\/elcanillita.info\/press\/2020\/02\/25\/arrestan-ex-primer-ministro-peruano-odebrecht\/","title":{"rendered":"Arrestan a ex primer ministro peruano por caso Odebrecht"},"content":{"rendered":"\n<p>Lima, 25.02.2020 &#8211; La polic\u00eda detuvo el lunes a Yehude Simon, exprimer ministro del fallecido expresidente peruano Alan Garc\u00eda, mientras es investigado en la trama de corrupci\u00f3n de la constructora brasile\u00f1a Odebrecht que ha salpicado a varios pa\u00edses latinoamericanos.<\/p>\n\n\n\n<p>Simon es el segundo exprimer ministro que es apresado por nexos con Odebrecht. En diciembre fue arrestado C\u00e9sar Villanueva, quien tuvo esa posici\u00f3n, pero con el actual presidente Mart\u00edn Vizcarra entre 2018 y marzo de 2019.<\/p>\n\n\n\n<p>Videos difundidos por el sitio de internet del diario local El Comercio mostraron c\u00f3mo la polic\u00eda y la fiscal\u00eda le comunicaban a Yehude Simon que estaba siendo apresado por 10 d\u00edas. El pol\u00edtico, de 71 a\u00f1os, estaba desali\u00f1ado y con sandalias en la sala de su residencia.<\/p>\n\n\n\n<p>La fiscal\u00eda investiga a Simon por el presunto delito de lavado de activos en la construcci\u00f3n de una obra para llevar aguas de un r\u00edo por un t\u00fanel para irrigar tierras des\u00e9rticas cercanas al Pac\u00edfico.<\/p>\n\n\n\n<p>El m\u00e1s importante exfuncionario de Odebrecht, Jorge Barata, dijo en febrero a la fiscal\u00eda que la constructora dio 300.000 d\u00f3lares a Simon para su campa\u00f1a de gobernador en 2006, acusaci\u00f3n que fue negada por el pol\u00edtico peruano.<\/p>\n\n\n\n<p>Simon estuvo ocho a\u00f1os preso en la d\u00e9cada de 1990 acusado por el delito de apolog\u00eda del terrorismo. Fue indultado en 2000 y el gobierno luego le pidi\u00f3 perd\u00f3n por su reclusi\u00f3n.<\/p>\n\n\n\n<p>Los esc\u00e1ndalos de corrupci\u00f3n ligados a la constructora brasile\u00f1a han golpeado desde 2016 a la clase pol\u00edtica peruana como a ninguna otra en la regi\u00f3n y en especial a sus cuatro expresidentes.<\/p>\n\n\n\n<p>Garc\u00eda, presidente entre 2006 y 2011, se suicid\u00f3 en 2019 minutos antes de ser detenido. Antes se hab\u00eda asilado en la embajada uruguaya en Lima.<\/p>\n\n\n\n<p>Alejandro Toledo (2001-2006) est\u00e1 preso en Estados Unidos mientras se tramita su extradici\u00f3n, Ollanta Humala (2011-2016) sali\u00f3 de la c\u00e1rcel y espera un juicio por hasta 25 a\u00f1os de prisi\u00f3n, mientras que Pedro Pablo Kuczynski (2016-2018) est\u00e1 bajo arresto domiciliario.<br><br>\n<small>2020 voanoticias \u2013 salastampa.eu, afiliada a la red Broadcasting Board of Governors \u00a9 2020 BBG<\/small>\n<\/p>\n","protected":false},"excerpt":{"rendered":"<p>Lima, 25.02.2020 &#8211; La polic\u00eda detuvo el lunes a Yehude Simon, exprimer ministro del fallecido expresidente peruano Alan Garc\u00eda, mientras es investigado en la trama de corrupci\u00f3n de la constructora brasile\u00f1a Odebrecht que ha salpicado a varios pa\u00edses latinoamericanos.<\/p>\n","protected":false},"author":1,"featured_media":0,"comment_status":"closed","ping_status":"closed","sticky":false,"template":"","format":"standard","meta":{"footnotes":"","_links_to":"","_links_to_target":""},"categories":[70,11,22,23],"tags":[86],"class_list":["post-584","post","type-post","status-publish","format-standard","hentry","category-actualidad","category-america-del-sur","category-justicia","category-politica","tag-peru","entry","double"],"yoast_head":"<!-- This site is optimized with the Yoast SEO plugin v27.4 - https:\/\/yoast.com\/product\/yoast-seo-wordpress\/ -->\n<title>Arrestan a ex primer ministro peruano por caso Odebrecht - ElCanillita.Info<\/title>\n<meta name=\"robots\" content=\"index, follow, max-snippet:-1, max-image-preview:large, max-video-preview:-1\" \/>\n<link rel=\"canonical\" href=\"https:\/\/elcanillita.info\/press\/2020\/02\/25\/arrestan-ex-primer-ministro-peruano-odebrecht\/\" \/>\n<meta property=\"og:locale\" content=\"es_ES\" \/>\n<meta property=\"og:type\" content=\"article\" \/>\n<meta property=\"og:title\" content=\"Arrestan a ex primer ministro peruano por caso Odebrecht - ElCanillita.Info\" \/>\n<meta property=\"og:description\" content=\"Lima, 25.02.2020 - La polic\u00eda detuvo el lunes a Yehude Simon, exprimer ministro del fallecido expresidente peruano Alan Garc\u00eda, mientras es investigado en la trama de corrupci\u00f3n de la constructora brasile\u00f1a Odebrecht que ha salpicado a varios pa\u00edses latinoamericanos.\" \/>\n<meta property=\"og:url\" content=\"https:\/\/elcanillita.info\/press\/2020\/02\/25\/arrestan-ex-primer-ministro-peruano-odebrecht\/\" \/>\n<meta property=\"og:site_name\" content=\"ElCanillita.Info\" \/>\n<meta property=\"article:publisher\" content=\"https:\/\/ar-ar.facebook.com\/ElCanillitainfo-114249515285712\/\" \/>\n<meta property=\"article:published_time\" content=\"2020-02-25T12:42:16+00:00\" \/>\n<meta property=\"article:modified_time\" content=\"2020-02-25T12:42:17+00:00\" \/>\n<meta name=\"author\" content=\"SalaStampa.eu, world press service\" \/>\n<meta name=\"twitter:card\" content=\"summary_large_image\" \/>\n<meta name=\"twitter:label1\" content=\"Escrito por\" \/>\n\t<meta name=\"twitter:data1\" content=\"SalaStampa.eu, world press service\" \/>\n\t<meta name=\"twitter:label2\" content=\"Tiempo de lectura\" \/>\n\t<meta name=\"twitter:data2\" content=\"2 minutos\" \/>\n<script type=\"application\/ld+json\" class=\"yoast-schema-graph\">{\"@context\":\"https:\\\/\\\/schema.org\",\"@graph\":[{\"@type\":\"Article\",\"@id\":\"https:\\\/\\\/elcanillita.info\\\/press\\\/2020\\\/02\\\/25\\\/arrestan-ex-primer-ministro-peruano-odebrecht\\\/#article\",\"isPartOf\":{\"@id\":\"https:\\\/\\\/elcanillita.info\\\/press\\\/2020\\\/02\\\/25\\\/arrestan-ex-primer-ministro-peruano-odebrecht\\\/\"},\"author\":{\"name\":\"SalaStampa.eu, world press service\",\"@id\":\"https:\\\/\\\/elcanillita.info\\\/press\\\/#\\\/schema\\\/person\\\/7fcb79f38045700919f7da6d97e71ba0\"},\"headline\":\"Arrestan a ex primer ministro peruano por caso Odebrecht\",\"datePublished\":\"2020-02-25T12:42:16+00:00\",\"dateModified\":\"2020-02-25T12:42:17+00:00\",\"mainEntityOfPage\":{\"@id\":\"https:\\\/\\\/elcanillita.info\\\/press\\\/2020\\\/02\\\/25\\\/arrestan-ex-primer-ministro-peruano-odebrecht\\\/\"},\"wordCount\":373,\"publisher\":{\"@id\":\"https:\\\/\\\/elcanillita.info\\\/press\\\/#organization\"},\"keywords\":[\"Per\u00fa\"],\"articleSection\":[\"Actualidad\",\"Am\u00e9rica del Sur\",\"Justicia\",\"Politica\"],\"inLanguage\":\"es-AR\"},{\"@type\":\"WebPage\",\"@id\":\"https:\\\/\\\/elcanillita.info\\\/press\\\/2020\\\/02\\\/25\\\/arrestan-ex-primer-ministro-peruano-odebrecht\\\/\",\"url\":\"https:\\\/\\\/elcanillita.info\\\/press\\\/2020\\\/02\\\/25\\\/arrestan-ex-primer-ministro-peruano-odebrecht\\\/\",\"name\":\"Arrestan a ex primer ministro peruano por caso Odebrecht - ElCanillita.Info\",\"isPartOf\":{\"@id\":\"https:\\\/\\\/elcanillita.info\\\/press\\\/#website\"},\"datePublished\":\"2020-02-25T12:42:16+00:00\",\"dateModified\":\"2020-02-25T12:42:17+00:00\",\"inLanguage\":\"es-AR\",\"potentialAction\":[{\"@type\":\"ReadAction\",\"target\":[\"https:\\\/\\\/elcanillita.info\\\/press\\\/2020\\\/02\\\/25\\\/arrestan-ex-primer-ministro-peruano-odebrecht\\\/\"]}]},{\"@type\":\"WebSite\",\"@id\":\"https:\\\/\\\/elcanillita.info\\\/press\\\/#website\",\"url\":\"https:\\\/\\\/elcanillita.info\\\/press\\\/\",\"name\":\"ElCanillita.Info\",\"description\":\"desde los Apeninos a los Andes\",\"publisher\":{\"@id\":\"https:\\\/\\\/elcanillita.info\\\/press\\\/#organization\"},\"potentialAction\":[{\"@type\":\"SearchAction\",\"target\":{\"@type\":\"EntryPoint\",\"urlTemplate\":\"https:\\\/\\\/elcanillita.info\\\/press\\\/?s={search_term_string}\"},\"query-input\":{\"@type\":\"PropertyValueSpecification\",\"valueRequired\":true,\"valueName\":\"search_term_string\"}}],\"inLanguage\":\"es-AR\"},{\"@type\":\"Organization\",\"@id\":\"https:\\\/\\\/elcanillita.info\\\/press\\\/#organization\",\"name\":\"Guzzo Photos & Graphic Publications\",\"url\":\"https:\\\/\\\/elcanillita.info\\\/press\\\/\",\"logo\":{\"@type\":\"ImageObject\",\"inLanguage\":\"es-AR\",\"@id\":\"https:\\\/\\\/elcanillita.info\\\/press\\\/#\\\/schema\\\/logo\\\/image\\\/\",\"url\":\"https:\\\/\\\/elcanillita.info\\\/press\\\/images\\\/2020\\\/01\\\/cropped-cropped-cropped-elcanillitainfo.png\",\"contentUrl\":\"https:\\\/\\\/elcanillita.info\\\/press\\\/images\\\/2020\\\/01\\\/cropped-cropped-cropped-elcanillitainfo.png\",\"width\":460,\"height\":50,\"caption\":\"Guzzo Photos & Graphic Publications\"},\"image\":{\"@id\":\"https:\\\/\\\/elcanillita.info\\\/press\\\/#\\\/schema\\\/logo\\\/image\\\/\"},\"sameAs\":[\"https:\\\/\\\/ar-ar.facebook.com\\\/ElCanillitainfo-114249515285712\\\/\"]},{\"@type\":\"Person\",\"@id\":\"https:\\\/\\\/elcanillita.info\\\/press\\\/#\\\/schema\\\/person\\\/7fcb79f38045700919f7da6d97e71ba0\",\"name\":\"SalaStampa.eu, world press service\",\"image\":{\"@type\":\"ImageObject\",\"inLanguage\":\"es-AR\",\"@id\":\"https:\\\/\\\/secure.gravatar.com\\\/avatar\\\/c2f0e0d515a107624234994507816ca4724c7199cef73fc8bedebf6931d73888?s=96&d=mm&r=g\",\"url\":\"https:\\\/\\\/secure.gravatar.com\\\/avatar\\\/c2f0e0d515a107624234994507816ca4724c7199cef73fc8bedebf6931d73888?s=96&d=mm&r=g\",\"contentUrl\":\"https:\\\/\\\/secure.gravatar.com\\\/avatar\\\/c2f0e0d515a107624234994507816ca4724c7199cef73fc8bedebf6931d73888?s=96&d=mm&r=g\",\"caption\":\"SalaStampa.eu, world press service\"}}]}<\/script>\n<!-- \/ Yoast SEO plugin. -->","yoast_head_json":{"title":"Arrestan a ex primer ministro peruano por caso Odebrecht - ElCanillita.Info","robots":{"index":"index","follow":"follow","max-snippet":"max-snippet:-1","max-image-preview":"max-image-preview:large","max-video-preview":"max-video-preview:-1"},"canonical":"https:\/\/elcanillita.info\/press\/2020\/02\/25\/arrestan-ex-primer-ministro-peruano-odebrecht\/","og_locale":"es_ES","og_type":"article","og_title":"Arrestan a ex primer ministro peruano por caso Odebrecht - ElCanillita.Info","og_description":"Lima, 25.02.2020 - La polic\u00eda detuvo el lunes a Yehude Simon, exprimer ministro del fallecido expresidente peruano Alan Garc\u00eda, mientras es investigado en la trama de corrupci\u00f3n de la constructora brasile\u00f1a Odebrecht que ha salpicado a varios pa\u00edses latinoamericanos.","og_url":"https:\/\/elcanillita.info\/press\/2020\/02\/25\/arrestan-ex-primer-ministro-peruano-odebrecht\/","og_site_name":"ElCanillita.Info","article_publisher":"https:\/\/ar-ar.facebook.com\/ElCanillitainfo-114249515285712\/","article_published_time":"2020-02-25T12:42:16+00:00","article_modified_time":"2020-02-25T12:42:17+00:00","author":"SalaStampa.eu, world press service","twitter_card":"summary_large_image","twitter_misc":{"Escrito por":"SalaStampa.eu, world press service","Tiempo de lectura":"2 minutos"},"schema":{"@context":"https:\/\/schema.org","@graph":[{"@type":"Article","@id":"https:\/\/elcanillita.info\/press\/2020\/02\/25\/arrestan-ex-primer-ministro-peruano-odebrecht\/#article","isPartOf":{"@id":"https:\/\/elcanillita.info\/press\/2020\/02\/25\/arrestan-ex-primer-ministro-peruano-odebrecht\/"},"author":{"name":"SalaStampa.eu, world press service","@id":"https:\/\/elcanillita.info\/press\/#\/schema\/person\/7fcb79f38045700919f7da6d97e71ba0"},"headline":"Arrestan a ex primer ministro peruano por caso Odebrecht","datePublished":"2020-02-25T12:42:16+00:00","dateModified":"2020-02-25T12:42:17+00:00","mainEntityOfPage":{"@id":"https:\/\/elcanillita.info\/press\/2020\/02\/25\/arrestan-ex-primer-ministro-peruano-odebrecht\/"},"wordCount":373,"publisher":{"@id":"https:\/\/elcanillita.info\/press\/#organization"},"keywords":["Per\u00fa"],"articleSection":["Actualidad","Am\u00e9rica del Sur","Justicia","Politica"],"inLanguage":"es-AR"},{"@type":"WebPage","@id":"https:\/\/elcanillita.info\/press\/2020\/02\/25\/arrestan-ex-primer-ministro-peruano-odebrecht\/","url":"https:\/\/elcanillita.info\/press\/2020\/02\/25\/arrestan-ex-primer-ministro-peruano-odebrecht\/","name":"Arrestan a ex primer ministro peruano por caso Odebrecht - ElCanillita.Info","isPartOf":{"@id":"https:\/\/elcanillita.info\/press\/#website"},"datePublished":"2020-02-25T12:42:16+00:00","dateModified":"2020-02-25T12:42:17+00:00","inLanguage":"es-AR","potentialAction":[{"@type":"ReadAction","target":["https:\/\/elcanillita.info\/press\/2020\/02\/25\/arrestan-ex-primer-ministro-peruano-odebrecht\/"]}]},{"@type":"WebSite","@id":"https:\/\/elcanillita.info\/press\/#website","url":"https:\/\/elcanillita.info\/press\/","name":"ElCanillita.Info","description":"desde los Apeninos a los Andes","publisher":{"@id":"https:\/\/elcanillita.info\/press\/#organization"},"potentialAction":[{"@type":"SearchAction","target":{"@type":"EntryPoint","urlTemplate":"https:\/\/elcanillita.info\/press\/?s={search_term_string}"},"query-input":{"@type":"PropertyValueSpecification","valueRequired":true,"valueName":"search_term_string"}}],"inLanguage":"es-AR"},{"@type":"Organization","@id":"https:\/\/elcanillita.info\/press\/#organization","name":"Guzzo Photos & Graphic Publications","url":"https:\/\/elcanillita.info\/press\/","logo":{"@type":"ImageObject","inLanguage":"es-AR","@id":"https:\/\/elcanillita.info\/press\/#\/schema\/logo\/image\/","url":"https:\/\/elcanillita.info\/press\/images\/2020\/01\/cropped-cropped-cropped-elcanillitainfo.png","contentUrl":"https:\/\/elcanillita.info\/press\/images\/2020\/01\/cropped-cropped-cropped-elcanillitainfo.png","width":460,"height":50,"caption":"Guzzo Photos & Graphic Publications"},"image":{"@id":"https:\/\/elcanillita.info\/press\/#\/schema\/logo\/image\/"},"sameAs":["https:\/\/ar-ar.facebook.com\/ElCanillitainfo-114249515285712\/"]},{"@type":"Person","@id":"https:\/\/elcanillita.info\/press\/#\/schema\/person\/7fcb79f38045700919f7da6d97e71ba0","name":"SalaStampa.eu, world press service","image":{"@type":"ImageObject","inLanguage":"es-AR","@id":"https:\/\/secure.gravatar.com\/avatar\/c2f0e0d515a107624234994507816ca4724c7199cef73fc8bedebf6931d73888?s=96&d=mm&r=g","url":"https:\/\/secure.gravatar.com\/avatar\/c2f0e0d515a107624234994507816ca4724c7199cef73fc8bedebf6931d73888?s=96&d=mm&r=g","contentUrl":"https:\/\/secure.gravatar.com\/avatar\/c2f0e0d515a107624234994507816ca4724c7199cef73fc8bedebf6931d73888?s=96&d=mm&r=g","caption":"SalaStampa.eu, world press service"}}]}},"views":762,"_links":{"self":[{"href":"https:\/\/elcanillita.info\/press\/wp-json\/wp\/v2\/posts\/584","targetHints":{"allow":["GET"]}}],"collection":[{"href":"https:\/\/elcanillita.info\/press\/wp-json\/wp\/v2\/posts"}],"about":[{"href":"https:\/\/elcanillita.info\/press\/wp-json\/wp\/v2\/types\/post"}],"author":[{"embeddable":true,"href":"https:\/\/elcanillita.info\/press\/wp-json\/wp\/v2\/users\/1"}],"replies":[{"embeddable":true,"href":"https:\/\/elcanillita.info\/press\/wp-json\/wp\/v2\/comments?post=584"}],"version-history":[{"count":0,"href":"https:\/\/elcanillita.info\/press\/wp-json\/wp\/v2\/posts\/584\/revisions"}],"wp:attachment":[{"href":"https:\/\/elcanillita.info\/press\/wp-json\/wp\/v2\/media?parent=584"}],"wp:term":[{"taxonomy":"category","embeddable":true,"href":"https:\/\/elcanillita.info\/press\/wp-json\/wp\/v2\/categories?post=584"},{"taxonomy":"post_tag","embeddable":true,"href":"https:\/\/elcanillita.info\/press\/wp-json\/wp\/v2\/tags?post=584"}],"curies":[{"name":"wp","href":"https:\/\/api.w.org\/{rel}","templated":true}]}}