{"id":5816,"date":"2026-01-23T17:44:07","date_gmt":"2026-01-23T20:44:07","guid":{"rendered":"https:\/\/elcanillita.info\/press\/?p=5816"},"modified":"2026-01-23T17:55:00","modified_gmt":"2026-01-23T20:55:00","slug":"gen-xxiii","status":"publish","type":"post","link":"https:\/\/elcanillita.info\/press\/2026\/01\/23\/gen-xxiii\/","title":{"rendered":"Motosierra en Vicente L\u00f3pez"},"content":{"rendered":"\n<figure class=\"wp-block-image size-large\"><img loading=\"lazy\" decoding=\"async\" width=\"851\" height=\"567\" src=\"https:\/\/elcanillita.info\/press\/images\/2026\/01\/img_1519.jpg\" alt=\"\" class=\"wp-image-5817\" srcset=\"https:\/\/elcanillita.info\/press\/images\/2026\/01\/img_1519.jpg 851w, https:\/\/elcanillita.info\/press\/images\/2026\/01\/img_1519-300x200.jpg 300w, https:\/\/elcanillita.info\/press\/images\/2026\/01\/img_1519-768x512.jpg 768w\" sizes=\"auto, (max-width: 851px) 100vw, 851px\" \/><\/figure>\n\n\n\n<p>Argentina<\/p>\n\n\n\n<p class=\"p1\">La motosierra lleg\u00f3 a Vicente L\u00f3pez, pero no a los despachos con aire acondicionado. Cay\u00f3, puntual y filosa, sobre un colectivo municipal gratuito que usaban jubilados, chicos en edad escolar y vecinos que no aparecen en los PowerPoint de la gesti\u00f3n. A partir del lunes 26, el Transporte del Bicentenario deja de circular. Sin debate, sin anestesia y con una explicaci\u00f3n que no resiste ni la primera curva del recorrido.<\/p>\n\n\n\n<p class=\"p1\">El argumento oficial suena conocido: \u201chay que priorizar recursos\u201d. Traducido al castellano llano: el ajuste empieza por los que no tienen auto, chofer ni Twitter influyente. Porque si algo demostr\u00f3 esta decisi\u00f3n es que, cuando hay que recortar, siempre es m\u00e1s f\u00e1cil hacerlo en servicios sociales que en privilegios pol\u00edticos.<\/p>\n\n\n\n<p class=\"p1\">Dicen que lo usan menos de 600 personas. Lo dicen con la misma liviandad con la que ignoran que uno de los ramales pasa por varias escuelas primarias y que el Centro Recreativo de Adultos Mayores re\u00fane entre 4.000 y 5.000 participantes. Matem\u00e1tica creativa aplicada a la pol\u00edtica p\u00fablica: si no te cierra el n\u00famero, achic\u00e1 a la gente.<\/p>\n\n\n\n<p class=\"p1\">Tambi\u00e9n dicen que cuesta caro: m\u00e1s de 2.300 millones de pesos al a\u00f1o. Lo que no dicen es cu\u00e1nto vale, en t\u00e9rminos sociales, que un jubilado pueda llegar a una actividad, que un chico llegue a la escuela o que un barrio deje de estar aislado del otro lado del municipio. Pero claro, eso no entra en el presupuesto: no se mide, no se factura y no rinde likes.<\/p>\n\n\n\n<p class=\"p1\">El detalle inc\u00f3modo es que el servicio ten\u00eda presupuesto aprobado para todo el a\u00f1o. Es decir, no era un gasto imprevisto ni una sorpresa heredada. Era una pol\u00edtica sostenida en el tiempo, votada, defendida y ahora descartada como si fuera un error de tipeo. La motosierra no distingue ordenanzas ni historia: corta y despu\u00e9s pregunta.<\/p>\n\n\n\n<p class=\"p1\">Mientras tanto, las 30 conductoras \u2014todas mujeres, s\u00edmbolo de una pol\u00edtica pionera\u2014 seguir\u00e1n trabajando, pero el servicio desaparece. Se preserva el empleo, se vac\u00eda la funci\u00f3n. Una postal perfecta del manual moderno: queda bien en el comunicado, queda mal en la calle.<\/p>\n\n\n\n<p class=\"p1\">Los jubilados protestan, juntan firmas y prometen volver. No piden lujos, piden ruedas. Piden no quedar varados en un distrito que se llena la boca hablando de cercan\u00eda, pero aleja todo lo que no sea rentable en t\u00e9rminos pol\u00edticos.<\/p>\n\n\n\n<p class=\"p1\">Vicente L\u00f3pez ensaya su propio ajuste \u201cresponsable\u201d, versi\u00f3n municipal. No hace falta gritar \u201cno hay plata\u201d cuando se puede susurrar \u201cno son tantos\u201d. El problema es que, cuando la motosierra arranca, siempre hay alguien que escucha el ruido demasiado cerca. Y casi nunca es el que decide.<\/p>\n\n\n\n<p><\/p>\n\n\n\n<p>\u270d\ufe0f \u00a9\ufe0f 2026 \u2699\ufe0f \u201cEl Ajustador de Almas\u201d- All Rights Reserved<\/p>\n\n\n\n<p><\/p>\n\n\n<hr style=\"\n    border: none;\n    height: 1px;\n    background: linear-gradient(to right, transparent, #ccc, transparent);\n    margin: 0;\n\" \/>\n<\/p>\n<p><small>\u00a9\ufe0f2026  Guzzo Photos  &#038; Graphic Publications \u2013 All Rights Reserved \u2013 Copyright \u00a9\ufe0f 2026 SalaStampa.eu, world press service \u2013 Guzzo Photos &#038; Graphic Publications \u2013 Registro Editori e Stampatori n. 1441 Turin, Italy<\/small><\/p>\n\n\n<p><\/p>\n","protected":false},"excerpt":{"rendered":"<p>Cuando el ajuste baja del Excel y se sube al colectivo, siempre hay alguien que queda inconsiderado en la parada.<\/p>\n","protected":false},"author":14,"featured_media":5817,"comment_status":"closed","ping_status":"","sticky":false,"template":"","format":"standard","meta":{"footnotes":"","_links_to":"","_links_to_target":""},"categories":[121,108,70,11,20,23,137,133],"tags":[29],"class_list":["post-5816","post","type-post","status-publish","format-standard","has-post-thumbnail","hentry","category-dc24","category-blogdiario","category-actualidad","category-america-del-sur","category-economia","category-politica","category-sociedad-y-valores","category-trabajo","tag-argentina","entry","double"],"yoast_head":"<!-- This site is optimized with the Yoast SEO plugin v27.5 - https:\/\/yoast.com\/product\/yoast-seo-wordpress\/ -->\n<title>Motosierra en Vicente L\u00f3pez - ElCanillita.Info<\/title>\n<meta name=\"robots\" content=\"index, follow, max-snippet:-1, max-image-preview:large, max-video-preview:-1\" \/>\n<link rel=\"canonical\" href=\"https:\/\/elcanillita.info\/press\/2026\/01\/23\/gen-xxiii\/\" \/>\n<meta property=\"og:locale\" content=\"es_ES\" \/>\n<meta property=\"og:type\" content=\"article\" \/>\n<meta property=\"og:title\" content=\"Motosierra en Vicente L\u00f3pez - ElCanillita.Info\" \/>\n<meta property=\"og:description\" content=\"Cuando el ajuste baja del Excel y se sube al colectivo, siempre hay alguien que queda inconsiderado en la parada.\" \/>\n<meta property=\"og:url\" content=\"https:\/\/elcanillita.info\/press\/2026\/01\/23\/gen-xxiii\/\" \/>\n<meta property=\"og:site_name\" content=\"ElCanillita.Info\" \/>\n<meta property=\"article:publisher\" content=\"https:\/\/ar-ar.facebook.com\/ElCanillitainfo-114249515285712\/\" \/>\n<meta property=\"article:published_time\" content=\"2026-01-23T20:44:07+00:00\" \/>\n<meta property=\"article:modified_time\" content=\"2026-01-23T20:55:00+00:00\" \/>\n<meta property=\"og:image\" content=\"https:\/\/elcanillita.info\/press\/images\/2026\/01\/img_1519.jpg\" \/>\n\t<meta property=\"og:image:width\" content=\"851\" \/>\n\t<meta property=\"og:image:height\" content=\"567\" \/>\n\t<meta property=\"og:image:type\" content=\"image\/jpeg\" \/>\n<meta name=\"author\" content=\"ElCanillita.info Guzzo Photos &amp; Graphic Publications\" \/>\n<meta name=\"twitter:card\" content=\"summary_large_image\" \/>\n<meta name=\"twitter:label1\" content=\"Escrito por\" \/>\n\t<meta name=\"twitter:data1\" content=\"ElCanillita.info Guzzo Photos &amp; Graphic Publications\" \/>\n\t<meta name=\"twitter:label2\" content=\"Tiempo de lectura\" \/>\n\t<meta name=\"twitter:data2\" content=\"2 minutos\" \/>\n<script type=\"application\/ld+json\" class=\"yoast-schema-graph\">{\"@context\":\"https:\\\/\\\/schema.org\",\"@graph\":[{\"@type\":\"Article\",\"@id\":\"https:\\\/\\\/elcanillita.info\\\/press\\\/2026\\\/01\\\/23\\\/gen-xxiii\\\/#article\",\"isPartOf\":{\"@id\":\"https:\\\/\\\/elcanillita.info\\\/press\\\/2026\\\/01\\\/23\\\/gen-xxiii\\\/\"},\"author\":{\"name\":\"ElCanillita.info Guzzo Photos &amp; Graphic Publications\",\"@id\":\"https:\\\/\\\/elcanillita.info\\\/press\\\/#\\\/schema\\\/person\\\/e37a550cff8f5f3407ed112e4cc619cb\"},\"headline\":\"Motosierra en Vicente L\u00f3pez\",\"datePublished\":\"2026-01-23T20:44:07+00:00\",\"dateModified\":\"2026-01-23T20:55:00+00:00\",\"mainEntityOfPage\":{\"@id\":\"https:\\\/\\\/elcanillita.info\\\/press\\\/2026\\\/01\\\/23\\\/gen-xxiii\\\/\"},\"wordCount\":495,\"publisher\":{\"@id\":\"https:\\\/\\\/elcanillita.info\\\/press\\\/#organization\"},\"image\":{\"@id\":\"https:\\\/\\\/elcanillita.info\\\/press\\\/2026\\\/01\\\/23\\\/gen-xxiii\\\/#primaryimage\"},\"thumbnailUrl\":\"https:\\\/\\\/elcanillita.info\\\/press\\\/images\\\/2026\\\/01\\\/img_1519.jpg\",\"keywords\":[\"Argentina\"],\"articleSection\":[\".\",\".\",\"Actualidad\",\"Am\u00e9rica del Sur\",\"Economia\",\"Politica\",\"Sociedad y valores\",\"Trabajo\"],\"inLanguage\":\"es-AR\"},{\"@type\":\"WebPage\",\"@id\":\"https:\\\/\\\/elcanillita.info\\\/press\\\/2026\\\/01\\\/23\\\/gen-xxiii\\\/\",\"url\":\"https:\\\/\\\/elcanillita.info\\\/press\\\/2026\\\/01\\\/23\\\/gen-xxiii\\\/\",\"name\":\"Motosierra en Vicente L\u00f3pez - ElCanillita.Info\",\"isPartOf\":{\"@id\":\"https:\\\/\\\/elcanillita.info\\\/press\\\/#website\"},\"primaryImageOfPage\":{\"@id\":\"https:\\\/\\\/elcanillita.info\\\/press\\\/2026\\\/01\\\/23\\\/gen-xxiii\\\/#primaryimage\"},\"image\":{\"@id\":\"https:\\\/\\\/elcanillita.info\\\/press\\\/2026\\\/01\\\/23\\\/gen-xxiii\\\/#primaryimage\"},\"thumbnailUrl\":\"https:\\\/\\\/elcanillita.info\\\/press\\\/images\\\/2026\\\/01\\\/img_1519.jpg\",\"datePublished\":\"2026-01-23T20:44:07+00:00\",\"dateModified\":\"2026-01-23T20:55:00+00:00\",\"inLanguage\":\"es-AR\",\"potentialAction\":[{\"@type\":\"ReadAction\",\"target\":[\"https:\\\/\\\/elcanillita.info\\\/press\\\/2026\\\/01\\\/23\\\/gen-xxiii\\\/\"]}]},{\"@type\":\"ImageObject\",\"inLanguage\":\"es-AR\",\"@id\":\"https:\\\/\\\/elcanillita.info\\\/press\\\/2026\\\/01\\\/23\\\/gen-xxiii\\\/#primaryimage\",\"url\":\"https:\\\/\\\/elcanillita.info\\\/press\\\/images\\\/2026\\\/01\\\/img_1519.jpg\",\"contentUrl\":\"https:\\\/\\\/elcanillita.info\\\/press\\\/images\\\/2026\\\/01\\\/img_1519.jpg\",\"width\":851,\"height\":567},{\"@type\":\"WebSite\",\"@id\":\"https:\\\/\\\/elcanillita.info\\\/press\\\/#website\",\"url\":\"https:\\\/\\\/elcanillita.info\\\/press\\\/\",\"name\":\"ElCanillita.Info\",\"description\":\"desde los Apeninos a los Andes\",\"publisher\":{\"@id\":\"https:\\\/\\\/elcanillita.info\\\/press\\\/#organization\"},\"potentialAction\":[{\"@type\":\"SearchAction\",\"target\":{\"@type\":\"EntryPoint\",\"urlTemplate\":\"https:\\\/\\\/elcanillita.info\\\/press\\\/?s={search_term_string}\"},\"query-input\":{\"@type\":\"PropertyValueSpecification\",\"valueRequired\":true,\"valueName\":\"search_term_string\"}}],\"inLanguage\":\"es-AR\"},{\"@type\":\"Organization\",\"@id\":\"https:\\\/\\\/elcanillita.info\\\/press\\\/#organization\",\"name\":\"Guzzo Photos & Graphic Publications\",\"url\":\"https:\\\/\\\/elcanillita.info\\\/press\\\/\",\"logo\":{\"@type\":\"ImageObject\",\"inLanguage\":\"es-AR\",\"@id\":\"https:\\\/\\\/elcanillita.info\\\/press\\\/#\\\/schema\\\/logo\\\/image\\\/\",\"url\":\"https:\\\/\\\/elcanillita.info\\\/press\\\/images\\\/2020\\\/01\\\/cropped-cropped-cropped-elcanillitainfo.png\",\"contentUrl\":\"https:\\\/\\\/elcanillita.info\\\/press\\\/images\\\/2020\\\/01\\\/cropped-cropped-cropped-elcanillitainfo.png\",\"width\":460,\"height\":50,\"caption\":\"Guzzo Photos & Graphic Publications\"},\"image\":{\"@id\":\"https:\\\/\\\/elcanillita.info\\\/press\\\/#\\\/schema\\\/logo\\\/image\\\/\"},\"sameAs\":[\"https:\\\/\\\/ar-ar.facebook.com\\\/ElCanillitainfo-114249515285712\\\/\"]},{\"@type\":\"Person\",\"@id\":\"https:\\\/\\\/elcanillita.info\\\/press\\\/#\\\/schema\\\/person\\\/e37a550cff8f5f3407ed112e4cc619cb\",\"name\":\"ElCanillita.info Guzzo Photos &amp; Graphic Publications\",\"image\":{\"@type\":\"ImageObject\",\"inLanguage\":\"es-AR\",\"@id\":\"https:\\\/\\\/secure.gravatar.com\\\/avatar\\\/8914fbe0ef09248907e331ab93dfa89c7f76decf6b51cd1b2f8444e6260db772?s=96&d=mm&r=g\",\"url\":\"https:\\\/\\\/secure.gravatar.com\\\/avatar\\\/8914fbe0ef09248907e331ab93dfa89c7f76decf6b51cd1b2f8444e6260db772?s=96&d=mm&r=g\",\"contentUrl\":\"https:\\\/\\\/secure.gravatar.com\\\/avatar\\\/8914fbe0ef09248907e331ab93dfa89c7f76decf6b51cd1b2f8444e6260db772?s=96&d=mm&r=g\",\"caption\":\"ElCanillita.info Guzzo Photos &amp; Graphic Publications\"},\"sameAs\":[\"http:\\\/\\\/guzzophotos.com\"]}]}<\/script>\n<!-- \/ Yoast SEO plugin. -->","yoast_head_json":{"title":"Motosierra en Vicente L\u00f3pez - ElCanillita.Info","robots":{"index":"index","follow":"follow","max-snippet":"max-snippet:-1","max-image-preview":"max-image-preview:large","max-video-preview":"max-video-preview:-1"},"canonical":"https:\/\/elcanillita.info\/press\/2026\/01\/23\/gen-xxiii\/","og_locale":"es_ES","og_type":"article","og_title":"Motosierra en Vicente L\u00f3pez - ElCanillita.Info","og_description":"Cuando el ajuste baja del Excel y se sube al colectivo, siempre hay alguien que queda inconsiderado en la parada.","og_url":"https:\/\/elcanillita.info\/press\/2026\/01\/23\/gen-xxiii\/","og_site_name":"ElCanillita.Info","article_publisher":"https:\/\/ar-ar.facebook.com\/ElCanillitainfo-114249515285712\/","article_published_time":"2026-01-23T20:44:07+00:00","article_modified_time":"2026-01-23T20:55:00+00:00","og_image":[{"width":851,"height":567,"url":"https:\/\/elcanillita.info\/press\/images\/2026\/01\/img_1519.jpg","type":"image\/jpeg"}],"author":"ElCanillita.info Guzzo Photos &amp; Graphic Publications","twitter_card":"summary_large_image","twitter_misc":{"Escrito por":"ElCanillita.info Guzzo Photos &amp; Graphic Publications","Tiempo de lectura":"2 minutos"},"schema":{"@context":"https:\/\/schema.org","@graph":[{"@type":"Article","@id":"https:\/\/elcanillita.info\/press\/2026\/01\/23\/gen-xxiii\/#article","isPartOf":{"@id":"https:\/\/elcanillita.info\/press\/2026\/01\/23\/gen-xxiii\/"},"author":{"name":"ElCanillita.info Guzzo Photos &amp; Graphic Publications","@id":"https:\/\/elcanillita.info\/press\/#\/schema\/person\/e37a550cff8f5f3407ed112e4cc619cb"},"headline":"Motosierra en Vicente L\u00f3pez","datePublished":"2026-01-23T20:44:07+00:00","dateModified":"2026-01-23T20:55:00+00:00","mainEntityOfPage":{"@id":"https:\/\/elcanillita.info\/press\/2026\/01\/23\/gen-xxiii\/"},"wordCount":495,"publisher":{"@id":"https:\/\/elcanillita.info\/press\/#organization"},"image":{"@id":"https:\/\/elcanillita.info\/press\/2026\/01\/23\/gen-xxiii\/#primaryimage"},"thumbnailUrl":"https:\/\/elcanillita.info\/press\/images\/2026\/01\/img_1519.jpg","keywords":["Argentina"],"articleSection":[".",".","Actualidad","Am\u00e9rica del Sur","Economia","Politica","Sociedad y valores","Trabajo"],"inLanguage":"es-AR"},{"@type":"WebPage","@id":"https:\/\/elcanillita.info\/press\/2026\/01\/23\/gen-xxiii\/","url":"https:\/\/elcanillita.info\/press\/2026\/01\/23\/gen-xxiii\/","name":"Motosierra en Vicente L\u00f3pez - ElCanillita.Info","isPartOf":{"@id":"https:\/\/elcanillita.info\/press\/#website"},"primaryImageOfPage":{"@id":"https:\/\/elcanillita.info\/press\/2026\/01\/23\/gen-xxiii\/#primaryimage"},"image":{"@id":"https:\/\/elcanillita.info\/press\/2026\/01\/23\/gen-xxiii\/#primaryimage"},"thumbnailUrl":"https:\/\/elcanillita.info\/press\/images\/2026\/01\/img_1519.jpg","datePublished":"2026-01-23T20:44:07+00:00","dateModified":"2026-01-23T20:55:00+00:00","inLanguage":"es-AR","potentialAction":[{"@type":"ReadAction","target":["https:\/\/elcanillita.info\/press\/2026\/01\/23\/gen-xxiii\/"]}]},{"@type":"ImageObject","inLanguage":"es-AR","@id":"https:\/\/elcanillita.info\/press\/2026\/01\/23\/gen-xxiii\/#primaryimage","url":"https:\/\/elcanillita.info\/press\/images\/2026\/01\/img_1519.jpg","contentUrl":"https:\/\/elcanillita.info\/press\/images\/2026\/01\/img_1519.jpg","width":851,"height":567},{"@type":"WebSite","@id":"https:\/\/elcanillita.info\/press\/#website","url":"https:\/\/elcanillita.info\/press\/","name":"ElCanillita.Info","description":"desde los Apeninos a los Andes","publisher":{"@id":"https:\/\/elcanillita.info\/press\/#organization"},"potentialAction":[{"@type":"SearchAction","target":{"@type":"EntryPoint","urlTemplate":"https:\/\/elcanillita.info\/press\/?s={search_term_string}"},"query-input":{"@type":"PropertyValueSpecification","valueRequired":true,"valueName":"search_term_string"}}],"inLanguage":"es-AR"},{"@type":"Organization","@id":"https:\/\/elcanillita.info\/press\/#organization","name":"Guzzo Photos & Graphic Publications","url":"https:\/\/elcanillita.info\/press\/","logo":{"@type":"ImageObject","inLanguage":"es-AR","@id":"https:\/\/elcanillita.info\/press\/#\/schema\/logo\/image\/","url":"https:\/\/elcanillita.info\/press\/images\/2020\/01\/cropped-cropped-cropped-elcanillitainfo.png","contentUrl":"https:\/\/elcanillita.info\/press\/images\/2020\/01\/cropped-cropped-cropped-elcanillitainfo.png","width":460,"height":50,"caption":"Guzzo Photos & Graphic Publications"},"image":{"@id":"https:\/\/elcanillita.info\/press\/#\/schema\/logo\/image\/"},"sameAs":["https:\/\/ar-ar.facebook.com\/ElCanillitainfo-114249515285712\/"]},{"@type":"Person","@id":"https:\/\/elcanillita.info\/press\/#\/schema\/person\/e37a550cff8f5f3407ed112e4cc619cb","name":"ElCanillita.info Guzzo Photos &amp; Graphic Publications","image":{"@type":"ImageObject","inLanguage":"es-AR","@id":"https:\/\/secure.gravatar.com\/avatar\/8914fbe0ef09248907e331ab93dfa89c7f76decf6b51cd1b2f8444e6260db772?s=96&d=mm&r=g","url":"https:\/\/secure.gravatar.com\/avatar\/8914fbe0ef09248907e331ab93dfa89c7f76decf6b51cd1b2f8444e6260db772?s=96&d=mm&r=g","contentUrl":"https:\/\/secure.gravatar.com\/avatar\/8914fbe0ef09248907e331ab93dfa89c7f76decf6b51cd1b2f8444e6260db772?s=96&d=mm&r=g","caption":"ElCanillita.info Guzzo Photos &amp; Graphic Publications"},"sameAs":["http:\/\/guzzophotos.com"]}]}},"views":146,"_links":{"self":[{"href":"https:\/\/elcanillita.info\/press\/wp-json\/wp\/v2\/posts\/5816","targetHints":{"allow":["GET"]}}],"collection":[{"href":"https:\/\/elcanillita.info\/press\/wp-json\/wp\/v2\/posts"}],"about":[{"href":"https:\/\/elcanillita.info\/press\/wp-json\/wp\/v2\/types\/post"}],"author":[{"embeddable":true,"href":"https:\/\/elcanillita.info\/press\/wp-json\/wp\/v2\/users\/14"}],"replies":[{"embeddable":true,"href":"https:\/\/elcanillita.info\/press\/wp-json\/wp\/v2\/comments?post=5816"}],"version-history":[{"count":0,"href":"https:\/\/elcanillita.info\/press\/wp-json\/wp\/v2\/posts\/5816\/revisions"}],"wp:featuredmedia":[{"embeddable":true,"href":"https:\/\/elcanillita.info\/press\/wp-json\/wp\/v2\/media\/5817"}],"wp:attachment":[{"href":"https:\/\/elcanillita.info\/press\/wp-json\/wp\/v2\/media?parent=5816"}],"wp:term":[{"taxonomy":"category","embeddable":true,"href":"https:\/\/elcanillita.info\/press\/wp-json\/wp\/v2\/categories?post=5816"},{"taxonomy":"post_tag","embeddable":true,"href":"https:\/\/elcanillita.info\/press\/wp-json\/wp\/v2\/tags?post=5816"}],"curies":[{"name":"wp","href":"https:\/\/api.w.org\/{rel}","templated":true}]}}