{"id":5814,"date":"2026-01-23T06:51:48","date_gmt":"2026-01-23T09:51:48","guid":{"rendered":"https:\/\/elcanillita.info\/press\/?p=5814"},"modified":"2026-01-23T07:20:47","modified_gmt":"2026-01-23T10:20:47","slug":"salud-sanidad","status":"publish","type":"post","link":"https:\/\/elcanillita.info\/press\/2026\/01\/23\/salud-sanidad\/","title":{"rendered":"\u201cDavos arriba, cuarteles abajo\u201d"},"content":{"rendered":"\n<figure class=\"wp-block-image size-large\"><img loading=\"lazy\" decoding=\"async\" width=\"600\" height=\"400\" src=\"https:\/\/elcanillita.info\/press\/images\/2026\/01\/img_1515.jpg\" alt=\"\" class=\"wp-image-5815\" srcset=\"https:\/\/elcanillita.info\/press\/images\/2026\/01\/img_1515.jpg 600w, https:\/\/elcanillita.info\/press\/images\/2026\/01\/img_1515-300x200.jpg 300w\" sizes=\"auto, (max-width: 600px) 100vw, 600px\" \/><\/figure>\n\n\n\n<p class=\"p1\">En Davos, entre alfombras gruesas y caf\u00e9s que cuestan m\u00e1s que un sueldo de soldado raso, <a href=\"chatgpt:\/\/generic-entity?number=0\">Javier Milei<\/a> volvi\u00f3 a desplegar su libreto favorito: equilibrio fiscal, CEOs sonrientes y una Argentina convertida en potencia energ\u00e9tica y minera. Ochenta ejecutivos lo escucharon atentos. Todos bien alimentados, bien pagos y, sobre todo, bien lejos del barro.<\/p>\n\n\n\n<p class=\"p1\">El Presidente habl\u00f3 de consensos sociales y de un rumbo econ\u00f3mico claro. Lo dijo con la seguridad de quien mira la macro desde un dron suizo. Abajo, en cambio, la micro argentina sigue caminando a pie, con borcegu\u00edes gastados y la billetera flaca. Especialmente en un lugar que no sale en las presentaciones de PowerPoint: los cuarteles.<\/p>\n\n\n\n<p class=\"p1\">Mientras Milei celebraba el segundo a\u00f1o de equilibrio fiscal, dentro del <a href=\"chatgpt:\/\/generic-entity?number=1\">Ej\u00e9rcito Argentino<\/a> se encend\u00edan todas las alarmas. En diciembre de 2025, cuatro soldados murieron en poco m\u00e1s de dos d\u00edas. No fue un rayo en cielo sereno: salud mental quebrada, salarios bajo la l\u00ednea de pobreza y deudas que asfixian explican m\u00e1s que cualquier comunicado oficial.<\/p>\n\n\n\n<p class=\"p1\">La respuesta institucional lleg\u00f3 en formato manual. El ministro de Defensa, <a href=\"chatgpt:\/\/generic-entity?number=2\">Carlos Presti<\/a>, orden\u00f3 difundir material instructivo para detectar crisis emocionales y anunci\u00f3 un convenio con Salud. Es decir: primero se rompe el term\u00f3metro, despu\u00e9s se imprime un folleto.<\/p>\n\n\n\n<p class=\"p1\">El problema salarial es brutal y nada abstracto. Hay militares que no llegan a los 700 mil pesos mensuales. A eso se suma la implosi\u00f3n de la obra social IOSFA, endeudada hasta el cuello. El mensaje impl\u00edcito es claro: la Patria agradece el servicio, pero no lo paga ni lo cuida.<\/p>\n\n\n\n<p class=\"p1\">Desde las familias y desde el propio personal recuerdan que esta herencia viene de antes. Es cierto. Pero tambi\u00e9n es cierto que el actual ministro viene del ri\u00f1\u00f3n del Ej\u00e9rcito. Y cuando el m\u00e9dico es de la casa, las excusas suenan m\u00e1s d\u00e9biles.<\/p>\n\n\n\n<p class=\"p1\">La paradoja es obscena: la Sanidad Militar funciona cuando el pa\u00eds la necesita. Lo demostr\u00f3 en la pandemia y lo sigue haciendo con hospitales y despliegues en todo el territorio, bajo la Operaci\u00f3n General Manuel Belgrano. Cuando hay que poner el cuerpo, siempre est\u00e1. Cuando hay que sostenerlo, empieza el silencio.<\/p>\n\n\n\n<p class=\"p1\">Encima, se discute si el personal sanitario debe ir uniformado como combatiente, armado y sin identificaci\u00f3n m\u00e9dica. Una genialidad administrativa que coquetea con violar la Convenci\u00f3n de Ginebra. Modernizaci\u00f3n, le llaman. Desde 1888 venimos \u201cmodernizando\u201d y todav\u00eda no aprendimos a cuidar a los que cuidan.<\/p>\n\n\n\n<p class=\"p1\">As\u00ed, mientras en Davos se aplaude una Argentina \u201cprevisible\u201d, en casa se acumula una crisis silenciosa y peligrosa. Porque no hay equilibrio fiscal que se sostenga si el Estado ajusta justo donde no deber\u00eda: en la salud, el salario y la dignidad de quienes juran defenderlo. Y eso, por m\u00e1s sarcasmo que uno use, no tiene nada de liberal ni de moderno.<\/p>\n\n\n\n<p><\/p>\n\n\n\n<p>\u270d\ufe0f \u00a9\ufe0f 2026 El Analista del Fondo y de la Caja \u2013 All Rights Reserved<\/p>\n\n\n\n<p><\/p>\n\n\n<hr style=\"border: none; height: 1px; background-color: #ccc; margin: 2em 0;\" \/>\n<p><small>\u00a9 2025 SalaStampa.eu, world press service &#8211; All Rights Reserved &#8211;  Guzzo Photos &#038; Graphic  Publications \u2013 Registro Editori e Stampatori n. 1441 Turin, Italy<\/small><\/p>\n\n\n<p><\/p>\n","protected":false},"excerpt":{"rendered":"<p>En Davos, entre alfombras gruesas y caf\u00e9s que cuestan m\u00e1s que un sueldo de soldado raso, Javier Milei volvi\u00f3 a desplegar su libreto favorito: equilibrio fiscal..<\/p>\n","protected":false},"author":14,"featured_media":4556,"comment_status":"closed","ping_status":"","sticky":false,"template":"","format":"standard","meta":{"footnotes":"","_links_to":"","_links_to_target":""},"categories":[108,121,70,11,20,144,23,137],"tags":[29],"class_list":["post-5814","post","type-post","status-publish","format-standard","has-post-thumbnail","hentry","category-blogdiario","category-dc24","category-actualidad","category-america-del-sur","category-economia","category-fuerzas-armadas","category-politica","category-sociedad-y-valores","tag-argentina","entry","double"],"yoast_head":"<!-- This site is optimized with the Yoast SEO plugin v27.4 - https:\/\/yoast.com\/product\/yoast-seo-wordpress\/ -->\n<title>\u201cDavos arriba, cuarteles abajo\u201d - ElCanillita.Info<\/title>\n<meta name=\"robots\" content=\"index, follow, max-snippet:-1, max-image-preview:large, max-video-preview:-1\" \/>\n<link rel=\"canonical\" href=\"https:\/\/elcanillita.info\/press\/2026\/01\/23\/salud-sanidad\/\" \/>\n<meta property=\"og:locale\" content=\"es_ES\" \/>\n<meta property=\"og:type\" content=\"article\" \/>\n<meta property=\"og:title\" content=\"\u201cDavos arriba, cuarteles abajo\u201d - ElCanillita.Info\" \/>\n<meta property=\"og:description\" content=\"En Davos, entre alfombras gruesas y caf\u00e9s que cuestan m\u00e1s que un sueldo de soldado raso, Javier Milei volvi\u00f3 a desplegar su libreto favorito: equilibrio fiscal..\" \/>\n<meta property=\"og:url\" content=\"https:\/\/elcanillita.info\/press\/2026\/01\/23\/salud-sanidad\/\" \/>\n<meta property=\"og:site_name\" content=\"ElCanillita.Info\" \/>\n<meta property=\"article:publisher\" content=\"https:\/\/ar-ar.facebook.com\/ElCanillitainfo-114249515285712\/\" \/>\n<meta property=\"article:published_time\" content=\"2026-01-23T09:51:48+00:00\" \/>\n<meta property=\"article:modified_time\" content=\"2026-01-23T10:20:47+00:00\" \/>\n<meta property=\"og:image\" content=\"https:\/\/elcanillita.info\/press\/images\/2025\/05\/cover_20250506-1.jpg\" \/>\n\t<meta property=\"og:image:width\" content=\"400\" \/>\n\t<meta property=\"og:image:height\" content=\"400\" \/>\n\t<meta property=\"og:image:type\" content=\"image\/jpeg\" \/>\n<meta name=\"author\" content=\"ElCanillita.info Guzzo Photos &amp; Graphic Publications\" \/>\n<meta name=\"twitter:card\" content=\"summary_large_image\" \/>\n<meta name=\"twitter:label1\" content=\"Escrito por\" \/>\n\t<meta name=\"twitter:data1\" content=\"ElCanillita.info Guzzo Photos &amp; Graphic Publications\" \/>\n\t<meta name=\"twitter:label2\" content=\"Tiempo de lectura\" \/>\n\t<meta name=\"twitter:data2\" content=\"3 minutos\" \/>\n<script type=\"application\/ld+json\" class=\"yoast-schema-graph\">{\"@context\":\"https:\\\/\\\/schema.org\",\"@graph\":[{\"@type\":\"Article\",\"@id\":\"https:\\\/\\\/elcanillita.info\\\/press\\\/2026\\\/01\\\/23\\\/salud-sanidad\\\/#article\",\"isPartOf\":{\"@id\":\"https:\\\/\\\/elcanillita.info\\\/press\\\/2026\\\/01\\\/23\\\/salud-sanidad\\\/\"},\"author\":{\"name\":\"ElCanillita.info Guzzo Photos &amp; Graphic Publications\",\"@id\":\"https:\\\/\\\/elcanillita.info\\\/press\\\/#\\\/schema\\\/person\\\/e37a550cff8f5f3407ed112e4cc619cb\"},\"headline\":\"\u201cDavos arriba, cuarteles abajo\u201d\",\"datePublished\":\"2026-01-23T09:51:48+00:00\",\"dateModified\":\"2026-01-23T10:20:47+00:00\",\"mainEntityOfPage\":{\"@id\":\"https:\\\/\\\/elcanillita.info\\\/press\\\/2026\\\/01\\\/23\\\/salud-sanidad\\\/\"},\"wordCount\":523,\"publisher\":{\"@id\":\"https:\\\/\\\/elcanillita.info\\\/press\\\/#organization\"},\"image\":{\"@id\":\"https:\\\/\\\/elcanillita.info\\\/press\\\/2026\\\/01\\\/23\\\/salud-sanidad\\\/#primaryimage\"},\"thumbnailUrl\":\"https:\\\/\\\/elcanillita.info\\\/press\\\/images\\\/2025\\\/05\\\/cover_20250506-1.jpg\",\"keywords\":[\"Argentina\"],\"articleSection\":[\".\",\".\",\"Actualidad\",\"Am\u00e9rica del Sur\",\"Economia\",\"Fuerzas Armadas\",\"Politica\",\"Sociedad y valores\"],\"inLanguage\":\"es-AR\"},{\"@type\":\"WebPage\",\"@id\":\"https:\\\/\\\/elcanillita.info\\\/press\\\/2026\\\/01\\\/23\\\/salud-sanidad\\\/\",\"url\":\"https:\\\/\\\/elcanillita.info\\\/press\\\/2026\\\/01\\\/23\\\/salud-sanidad\\\/\",\"name\":\"\u201cDavos arriba, cuarteles abajo\u201d - ElCanillita.Info\",\"isPartOf\":{\"@id\":\"https:\\\/\\\/elcanillita.info\\\/press\\\/#website\"},\"primaryImageOfPage\":{\"@id\":\"https:\\\/\\\/elcanillita.info\\\/press\\\/2026\\\/01\\\/23\\\/salud-sanidad\\\/#primaryimage\"},\"image\":{\"@id\":\"https:\\\/\\\/elcanillita.info\\\/press\\\/2026\\\/01\\\/23\\\/salud-sanidad\\\/#primaryimage\"},\"thumbnailUrl\":\"https:\\\/\\\/elcanillita.info\\\/press\\\/images\\\/2025\\\/05\\\/cover_20250506-1.jpg\",\"datePublished\":\"2026-01-23T09:51:48+00:00\",\"dateModified\":\"2026-01-23T10:20:47+00:00\",\"inLanguage\":\"es-AR\",\"potentialAction\":[{\"@type\":\"ReadAction\",\"target\":[\"https:\\\/\\\/elcanillita.info\\\/press\\\/2026\\\/01\\\/23\\\/salud-sanidad\\\/\"]}]},{\"@type\":\"ImageObject\",\"inLanguage\":\"es-AR\",\"@id\":\"https:\\\/\\\/elcanillita.info\\\/press\\\/2026\\\/01\\\/23\\\/salud-sanidad\\\/#primaryimage\",\"url\":\"https:\\\/\\\/elcanillita.info\\\/press\\\/images\\\/2025\\\/05\\\/cover_20250506-1.jpg\",\"contentUrl\":\"https:\\\/\\\/elcanillita.info\\\/press\\\/images\\\/2025\\\/05\\\/cover_20250506-1.jpg\",\"width\":400,\"height\":400},{\"@type\":\"WebSite\",\"@id\":\"https:\\\/\\\/elcanillita.info\\\/press\\\/#website\",\"url\":\"https:\\\/\\\/elcanillita.info\\\/press\\\/\",\"name\":\"ElCanillita.Info\",\"description\":\"desde los Apeninos a los Andes\",\"publisher\":{\"@id\":\"https:\\\/\\\/elcanillita.info\\\/press\\\/#organization\"},\"potentialAction\":[{\"@type\":\"SearchAction\",\"target\":{\"@type\":\"EntryPoint\",\"urlTemplate\":\"https:\\\/\\\/elcanillita.info\\\/press\\\/?s={search_term_string}\"},\"query-input\":{\"@type\":\"PropertyValueSpecification\",\"valueRequired\":true,\"valueName\":\"search_term_string\"}}],\"inLanguage\":\"es-AR\"},{\"@type\":\"Organization\",\"@id\":\"https:\\\/\\\/elcanillita.info\\\/press\\\/#organization\",\"name\":\"Guzzo Photos & Graphic Publications\",\"url\":\"https:\\\/\\\/elcanillita.info\\\/press\\\/\",\"logo\":{\"@type\":\"ImageObject\",\"inLanguage\":\"es-AR\",\"@id\":\"https:\\\/\\\/elcanillita.info\\\/press\\\/#\\\/schema\\\/logo\\\/image\\\/\",\"url\":\"https:\\\/\\\/elcanillita.info\\\/press\\\/images\\\/2020\\\/01\\\/cropped-cropped-cropped-elcanillitainfo.png\",\"contentUrl\":\"https:\\\/\\\/elcanillita.info\\\/press\\\/images\\\/2020\\\/01\\\/cropped-cropped-cropped-elcanillitainfo.png\",\"width\":460,\"height\":50,\"caption\":\"Guzzo Photos & Graphic Publications\"},\"image\":{\"@id\":\"https:\\\/\\\/elcanillita.info\\\/press\\\/#\\\/schema\\\/logo\\\/image\\\/\"},\"sameAs\":[\"https:\\\/\\\/ar-ar.facebook.com\\\/ElCanillitainfo-114249515285712\\\/\"]},{\"@type\":\"Person\",\"@id\":\"https:\\\/\\\/elcanillita.info\\\/press\\\/#\\\/schema\\\/person\\\/e37a550cff8f5f3407ed112e4cc619cb\",\"name\":\"ElCanillita.info Guzzo Photos &amp; Graphic Publications\",\"image\":{\"@type\":\"ImageObject\",\"inLanguage\":\"es-AR\",\"@id\":\"https:\\\/\\\/secure.gravatar.com\\\/avatar\\\/8914fbe0ef09248907e331ab93dfa89c7f76decf6b51cd1b2f8444e6260db772?s=96&d=mm&r=g\",\"url\":\"https:\\\/\\\/secure.gravatar.com\\\/avatar\\\/8914fbe0ef09248907e331ab93dfa89c7f76decf6b51cd1b2f8444e6260db772?s=96&d=mm&r=g\",\"contentUrl\":\"https:\\\/\\\/secure.gravatar.com\\\/avatar\\\/8914fbe0ef09248907e331ab93dfa89c7f76decf6b51cd1b2f8444e6260db772?s=96&d=mm&r=g\",\"caption\":\"ElCanillita.info Guzzo Photos &amp; Graphic Publications\"},\"sameAs\":[\"http:\\\/\\\/guzzophotos.com\"]}]}<\/script>\n<!-- \/ Yoast SEO plugin. -->","yoast_head_json":{"title":"\u201cDavos arriba, cuarteles abajo\u201d - ElCanillita.Info","robots":{"index":"index","follow":"follow","max-snippet":"max-snippet:-1","max-image-preview":"max-image-preview:large","max-video-preview":"max-video-preview:-1"},"canonical":"https:\/\/elcanillita.info\/press\/2026\/01\/23\/salud-sanidad\/","og_locale":"es_ES","og_type":"article","og_title":"\u201cDavos arriba, cuarteles abajo\u201d - ElCanillita.Info","og_description":"En Davos, entre alfombras gruesas y caf\u00e9s que cuestan m\u00e1s que un sueldo de soldado raso, Javier Milei volvi\u00f3 a desplegar su libreto favorito: equilibrio fiscal..","og_url":"https:\/\/elcanillita.info\/press\/2026\/01\/23\/salud-sanidad\/","og_site_name":"ElCanillita.Info","article_publisher":"https:\/\/ar-ar.facebook.com\/ElCanillitainfo-114249515285712\/","article_published_time":"2026-01-23T09:51:48+00:00","article_modified_time":"2026-01-23T10:20:47+00:00","og_image":[{"width":400,"height":400,"url":"https:\/\/elcanillita.info\/press\/images\/2025\/05\/cover_20250506-1.jpg","type":"image\/jpeg"}],"author":"ElCanillita.info Guzzo Photos &amp; Graphic Publications","twitter_card":"summary_large_image","twitter_misc":{"Escrito por":"ElCanillita.info Guzzo Photos &amp; Graphic Publications","Tiempo de lectura":"3 minutos"},"schema":{"@context":"https:\/\/schema.org","@graph":[{"@type":"Article","@id":"https:\/\/elcanillita.info\/press\/2026\/01\/23\/salud-sanidad\/#article","isPartOf":{"@id":"https:\/\/elcanillita.info\/press\/2026\/01\/23\/salud-sanidad\/"},"author":{"name":"ElCanillita.info Guzzo Photos &amp; Graphic Publications","@id":"https:\/\/elcanillita.info\/press\/#\/schema\/person\/e37a550cff8f5f3407ed112e4cc619cb"},"headline":"\u201cDavos arriba, cuarteles abajo\u201d","datePublished":"2026-01-23T09:51:48+00:00","dateModified":"2026-01-23T10:20:47+00:00","mainEntityOfPage":{"@id":"https:\/\/elcanillita.info\/press\/2026\/01\/23\/salud-sanidad\/"},"wordCount":523,"publisher":{"@id":"https:\/\/elcanillita.info\/press\/#organization"},"image":{"@id":"https:\/\/elcanillita.info\/press\/2026\/01\/23\/salud-sanidad\/#primaryimage"},"thumbnailUrl":"https:\/\/elcanillita.info\/press\/images\/2025\/05\/cover_20250506-1.jpg","keywords":["Argentina"],"articleSection":[".",".","Actualidad","Am\u00e9rica del Sur","Economia","Fuerzas Armadas","Politica","Sociedad y valores"],"inLanguage":"es-AR"},{"@type":"WebPage","@id":"https:\/\/elcanillita.info\/press\/2026\/01\/23\/salud-sanidad\/","url":"https:\/\/elcanillita.info\/press\/2026\/01\/23\/salud-sanidad\/","name":"\u201cDavos arriba, cuarteles abajo\u201d - ElCanillita.Info","isPartOf":{"@id":"https:\/\/elcanillita.info\/press\/#website"},"primaryImageOfPage":{"@id":"https:\/\/elcanillita.info\/press\/2026\/01\/23\/salud-sanidad\/#primaryimage"},"image":{"@id":"https:\/\/elcanillita.info\/press\/2026\/01\/23\/salud-sanidad\/#primaryimage"},"thumbnailUrl":"https:\/\/elcanillita.info\/press\/images\/2025\/05\/cover_20250506-1.jpg","datePublished":"2026-01-23T09:51:48+00:00","dateModified":"2026-01-23T10:20:47+00:00","inLanguage":"es-AR","potentialAction":[{"@type":"ReadAction","target":["https:\/\/elcanillita.info\/press\/2026\/01\/23\/salud-sanidad\/"]}]},{"@type":"ImageObject","inLanguage":"es-AR","@id":"https:\/\/elcanillita.info\/press\/2026\/01\/23\/salud-sanidad\/#primaryimage","url":"https:\/\/elcanillita.info\/press\/images\/2025\/05\/cover_20250506-1.jpg","contentUrl":"https:\/\/elcanillita.info\/press\/images\/2025\/05\/cover_20250506-1.jpg","width":400,"height":400},{"@type":"WebSite","@id":"https:\/\/elcanillita.info\/press\/#website","url":"https:\/\/elcanillita.info\/press\/","name":"ElCanillita.Info","description":"desde los Apeninos a los Andes","publisher":{"@id":"https:\/\/elcanillita.info\/press\/#organization"},"potentialAction":[{"@type":"SearchAction","target":{"@type":"EntryPoint","urlTemplate":"https:\/\/elcanillita.info\/press\/?s={search_term_string}"},"query-input":{"@type":"PropertyValueSpecification","valueRequired":true,"valueName":"search_term_string"}}],"inLanguage":"es-AR"},{"@type":"Organization","@id":"https:\/\/elcanillita.info\/press\/#organization","name":"Guzzo Photos & Graphic Publications","url":"https:\/\/elcanillita.info\/press\/","logo":{"@type":"ImageObject","inLanguage":"es-AR","@id":"https:\/\/elcanillita.info\/press\/#\/schema\/logo\/image\/","url":"https:\/\/elcanillita.info\/press\/images\/2020\/01\/cropped-cropped-cropped-elcanillitainfo.png","contentUrl":"https:\/\/elcanillita.info\/press\/images\/2020\/01\/cropped-cropped-cropped-elcanillitainfo.png","width":460,"height":50,"caption":"Guzzo Photos & Graphic Publications"},"image":{"@id":"https:\/\/elcanillita.info\/press\/#\/schema\/logo\/image\/"},"sameAs":["https:\/\/ar-ar.facebook.com\/ElCanillitainfo-114249515285712\/"]},{"@type":"Person","@id":"https:\/\/elcanillita.info\/press\/#\/schema\/person\/e37a550cff8f5f3407ed112e4cc619cb","name":"ElCanillita.info Guzzo Photos &amp; Graphic Publications","image":{"@type":"ImageObject","inLanguage":"es-AR","@id":"https:\/\/secure.gravatar.com\/avatar\/8914fbe0ef09248907e331ab93dfa89c7f76decf6b51cd1b2f8444e6260db772?s=96&d=mm&r=g","url":"https:\/\/secure.gravatar.com\/avatar\/8914fbe0ef09248907e331ab93dfa89c7f76decf6b51cd1b2f8444e6260db772?s=96&d=mm&r=g","contentUrl":"https:\/\/secure.gravatar.com\/avatar\/8914fbe0ef09248907e331ab93dfa89c7f76decf6b51cd1b2f8444e6260db772?s=96&d=mm&r=g","caption":"ElCanillita.info Guzzo Photos &amp; Graphic Publications"},"sameAs":["http:\/\/guzzophotos.com"]}]}},"views":245,"_links":{"self":[{"href":"https:\/\/elcanillita.info\/press\/wp-json\/wp\/v2\/posts\/5814","targetHints":{"allow":["GET"]}}],"collection":[{"href":"https:\/\/elcanillita.info\/press\/wp-json\/wp\/v2\/posts"}],"about":[{"href":"https:\/\/elcanillita.info\/press\/wp-json\/wp\/v2\/types\/post"}],"author":[{"embeddable":true,"href":"https:\/\/elcanillita.info\/press\/wp-json\/wp\/v2\/users\/14"}],"replies":[{"embeddable":true,"href":"https:\/\/elcanillita.info\/press\/wp-json\/wp\/v2\/comments?post=5814"}],"version-history":[{"count":0,"href":"https:\/\/elcanillita.info\/press\/wp-json\/wp\/v2\/posts\/5814\/revisions"}],"wp:featuredmedia":[{"embeddable":true,"href":"https:\/\/elcanillita.info\/press\/wp-json\/wp\/v2\/media\/4556"}],"wp:attachment":[{"href":"https:\/\/elcanillita.info\/press\/wp-json\/wp\/v2\/media?parent=5814"}],"wp:term":[{"taxonomy":"category","embeddable":true,"href":"https:\/\/elcanillita.info\/press\/wp-json\/wp\/v2\/categories?post=5814"},{"taxonomy":"post_tag","embeddable":true,"href":"https:\/\/elcanillita.info\/press\/wp-json\/wp\/v2\/tags?post=5814"}],"curies":[{"name":"wp","href":"https:\/\/api.w.org\/{rel}","templated":true}]}}