{"id":581,"date":"2020-02-25T09:31:11","date_gmt":"2020-02-25T12:31:11","guid":{"rendered":"https:\/\/elcanillita.info\/press\/?p=581"},"modified":"2020-02-25T09:31:12","modified_gmt":"2020-02-25T12:31:12","slug":"israel-ataca-grupo-yihad-islamica-gaza-siria","status":"publish","type":"post","link":"https:\/\/elcanillita.info\/press\/2020\/02\/25\/israel-ataca-grupo-yihad-islamica-gaza-siria\/","title":{"rendered":"Israel ataca &#8220;blancos&#8221; del grupo Yihad Isl\u00e1mica en Gaza y Siria"},"content":{"rendered":"\n<p>Gaza, 25.02.2020 &#8211; La aviaci\u00f3n israel\u00ed atac\u00f3 este lunes posiciones del grupo palestino Yihad Isl\u00e1mica en Siria y la Franja de Gaza en respuesta a una serie de cohetes disparados hacia el sur de Israel el domingo al anochecer.<\/p>\n\n\n\n<p>Un comunicado de los militares israel\u00edes inform\u00f3 que los ataques impactaron \u201cblancos de la Yihad Isl\u00e1mica al sur de Damasco\u201d y \u201cdocenas\u201d de posiciones del grupo en la Franja de Gaza.<\/p>\n\n\n\n<p>El bombardeo en la regi\u00f3n siria de Adeliyah fue lanzado contra un centro de actividad de la Yihad Isl\u00e1mica en el vecino pa\u00eds, que incluye instalaciones para la investigaci\u00f3n y el desarrollo de armamento, detall\u00f3 el ej\u00e9rcito.<\/p>\n\n\n\n<p>La prensa estatal siria dijo este lunes que sus defensas a\u00e9reas interceptaron \u201cblancos hostiles\u201d sobre Damasco.<\/p>\n\n\n\n<p>La confrontaci\u00f3n comenz\u00f3 el domingo despu\u00e9s del amanecer cuando Israel dijo que hab\u00eda matado a un palestino que trat\u00f3 de colocar una bomba en la frontera con Gaza.<\/p>\n\n\n\n<p>El grupo palestino se enfureci\u00f3 por las im\u00e1genes del cuerpo sin vida de un hombre que colgaba en la parte frontal de un veh\u00edculo israel\u00ed que entr\u00f3 a Gaza para recuperar el cad\u00e1ver.<\/p>\n\n\n\n<p>En total, los militantes de la Yihad Isl\u00e1mica lanzaron al menos 20 cohetes el domingo por la noche. Israel cerr\u00f3 las escuelas en zonas cercanas a Gaza y restringi\u00f3 las actividades p\u00fablicas al aire libre.<\/p>\n\n\n\n<p>El domingo, el primer ministro israel\u00ed, Benjam\u00edn Netanyahu, amenaz\u00f3 al grupo Hamas, que gobierna Gaza, con una \u201cguerra\u201d si continuaban las rondas de cohetes.<\/p>\n\n\n\n<p>La Yihad Isl\u00e1mica tambi\u00e9n critic\u00f3 a Hamas por no responder a la muerte del palestino en la frontera.<\/p>\n\n\n\n<p>Israel y Hamas han librado tres guerras entre 2008 y 2014 y varias rondas de intensa violencia despu\u00e9s. Autoridad Palestina rompe v\u00ednculos con Israel y Estados Unidos<br>\n<small>2020 voanoticias \u2013 salastampa.eu, afiliada a la red Broadcasting Board of Governors \u00a9 2020 BBG<\/small>\n<\/p>\n","protected":false},"excerpt":{"rendered":"<p>Gaza, 25.02.2020 &#8211; La aviaci\u00f3n israel\u00ed atac\u00f3 este lunes posiciones del grupo palestino Yihad Isl\u00e1mica en Siria y la Franja de Gaza en respuesta a una serie de cohetes disparados hacia el sur de Israel el domingo al anochecer.<\/p>\n","protected":false},"author":1,"featured_media":0,"comment_status":"closed","ping_status":"closed","sticky":false,"template":"","format":"standard","meta":{"footnotes":"","_links_to":"","_links_to_target":""},"categories":[70,15,78,25],"tags":[85],"class_list":["post-581","post","type-post","status-publish","format-standard","hentry","category-actualidad","category-medio-oriente","category-sanidad","category-sociedad","tag-palestina","entry","double"],"yoast_head":"<!-- This site is optimized with the Yoast SEO plugin v27.5 - https:\/\/yoast.com\/product\/yoast-seo-wordpress\/ -->\n<title>Israel ataca &quot;blancos&quot; del grupo Yihad Isl\u00e1mica en Gaza y Siria - ElCanillita.Info<\/title>\n<meta name=\"robots\" content=\"index, follow, max-snippet:-1, max-image-preview:large, max-video-preview:-1\" \/>\n<link rel=\"canonical\" href=\"https:\/\/elcanillita.info\/press\/2020\/02\/25\/israel-ataca-grupo-yihad-islamica-gaza-siria\/\" \/>\n<meta property=\"og:locale\" content=\"es_ES\" \/>\n<meta property=\"og:type\" content=\"article\" \/>\n<meta property=\"og:title\" content=\"Israel ataca &quot;blancos&quot; del grupo Yihad Isl\u00e1mica en Gaza y Siria - ElCanillita.Info\" \/>\n<meta property=\"og:description\" content=\"Gaza, 25.02.2020 - La aviaci\u00f3n israel\u00ed atac\u00f3 este lunes posiciones del grupo palestino Yihad Isl\u00e1mica en Siria y la Franja de Gaza en respuesta a una serie de cohetes disparados hacia el sur de Israel el domingo al anochecer.\" \/>\n<meta property=\"og:url\" content=\"https:\/\/elcanillita.info\/press\/2020\/02\/25\/israel-ataca-grupo-yihad-islamica-gaza-siria\/\" \/>\n<meta property=\"og:site_name\" content=\"ElCanillita.Info\" \/>\n<meta property=\"article:publisher\" content=\"https:\/\/ar-ar.facebook.com\/ElCanillitainfo-114249515285712\/\" \/>\n<meta property=\"article:published_time\" content=\"2020-02-25T12:31:11+00:00\" \/>\n<meta property=\"article:modified_time\" content=\"2020-02-25T12:31:12+00:00\" \/>\n<meta name=\"author\" content=\"SalaStampa.eu, world press service\" \/>\n<meta name=\"twitter:card\" content=\"summary_large_image\" \/>\n<meta name=\"twitter:label1\" content=\"Escrito por\" \/>\n\t<meta name=\"twitter:data1\" content=\"SalaStampa.eu, world press service\" \/>\n\t<meta name=\"twitter:label2\" content=\"Tiempo de lectura\" \/>\n\t<meta name=\"twitter:data2\" content=\"2 minutos\" \/>\n<script type=\"application\/ld+json\" class=\"yoast-schema-graph\">{\"@context\":\"https:\\\/\\\/schema.org\",\"@graph\":[{\"@type\":\"Article\",\"@id\":\"https:\\\/\\\/elcanillita.info\\\/press\\\/2020\\\/02\\\/25\\\/israel-ataca-grupo-yihad-islamica-gaza-siria\\\/#article\",\"isPartOf\":{\"@id\":\"https:\\\/\\\/elcanillita.info\\\/press\\\/2020\\\/02\\\/25\\\/israel-ataca-grupo-yihad-islamica-gaza-siria\\\/\"},\"author\":{\"name\":\"SalaStampa.eu, world press service\",\"@id\":\"https:\\\/\\\/elcanillita.info\\\/press\\\/#\\\/schema\\\/person\\\/7fcb79f38045700919f7da6d97e71ba0\"},\"headline\":\"Israel ataca &#8220;blancos&#8221; del grupo Yihad Isl\u00e1mica en Gaza y Siria\",\"datePublished\":\"2020-02-25T12:31:11+00:00\",\"dateModified\":\"2020-02-25T12:31:12+00:00\",\"mainEntityOfPage\":{\"@id\":\"https:\\\/\\\/elcanillita.info\\\/press\\\/2020\\\/02\\\/25\\\/israel-ataca-grupo-yihad-islamica-gaza-siria\\\/\"},\"wordCount\":331,\"publisher\":{\"@id\":\"https:\\\/\\\/elcanillita.info\\\/press\\\/#organization\"},\"keywords\":[\"Palestina\"],\"articleSection\":[\"Actualidad\",\"Medio Oriente\",\"Sanidad\",\"Sociedad\"],\"inLanguage\":\"es-AR\"},{\"@type\":\"WebPage\",\"@id\":\"https:\\\/\\\/elcanillita.info\\\/press\\\/2020\\\/02\\\/25\\\/israel-ataca-grupo-yihad-islamica-gaza-siria\\\/\",\"url\":\"https:\\\/\\\/elcanillita.info\\\/press\\\/2020\\\/02\\\/25\\\/israel-ataca-grupo-yihad-islamica-gaza-siria\\\/\",\"name\":\"Israel ataca \\\"blancos\\\" del grupo Yihad Isl\u00e1mica en Gaza y Siria - ElCanillita.Info\",\"isPartOf\":{\"@id\":\"https:\\\/\\\/elcanillita.info\\\/press\\\/#website\"},\"datePublished\":\"2020-02-25T12:31:11+00:00\",\"dateModified\":\"2020-02-25T12:31:12+00:00\",\"inLanguage\":\"es-AR\",\"potentialAction\":[{\"@type\":\"ReadAction\",\"target\":[\"https:\\\/\\\/elcanillita.info\\\/press\\\/2020\\\/02\\\/25\\\/israel-ataca-grupo-yihad-islamica-gaza-siria\\\/\"]}]},{\"@type\":\"WebSite\",\"@id\":\"https:\\\/\\\/elcanillita.info\\\/press\\\/#website\",\"url\":\"https:\\\/\\\/elcanillita.info\\\/press\\\/\",\"name\":\"ElCanillita.Info\",\"description\":\"desde los Apeninos a los Andes\",\"publisher\":{\"@id\":\"https:\\\/\\\/elcanillita.info\\\/press\\\/#organization\"},\"potentialAction\":[{\"@type\":\"SearchAction\",\"target\":{\"@type\":\"EntryPoint\",\"urlTemplate\":\"https:\\\/\\\/elcanillita.info\\\/press\\\/?s={search_term_string}\"},\"query-input\":{\"@type\":\"PropertyValueSpecification\",\"valueRequired\":true,\"valueName\":\"search_term_string\"}}],\"inLanguage\":\"es-AR\"},{\"@type\":\"Organization\",\"@id\":\"https:\\\/\\\/elcanillita.info\\\/press\\\/#organization\",\"name\":\"Guzzo Photos & Graphic Publications\",\"url\":\"https:\\\/\\\/elcanillita.info\\\/press\\\/\",\"logo\":{\"@type\":\"ImageObject\",\"inLanguage\":\"es-AR\",\"@id\":\"https:\\\/\\\/elcanillita.info\\\/press\\\/#\\\/schema\\\/logo\\\/image\\\/\",\"url\":\"https:\\\/\\\/elcanillita.info\\\/press\\\/images\\\/2020\\\/01\\\/cropped-cropped-cropped-elcanillitainfo.png\",\"contentUrl\":\"https:\\\/\\\/elcanillita.info\\\/press\\\/images\\\/2020\\\/01\\\/cropped-cropped-cropped-elcanillitainfo.png\",\"width\":460,\"height\":50,\"caption\":\"Guzzo Photos & Graphic Publications\"},\"image\":{\"@id\":\"https:\\\/\\\/elcanillita.info\\\/press\\\/#\\\/schema\\\/logo\\\/image\\\/\"},\"sameAs\":[\"https:\\\/\\\/ar-ar.facebook.com\\\/ElCanillitainfo-114249515285712\\\/\"]},{\"@type\":\"Person\",\"@id\":\"https:\\\/\\\/elcanillita.info\\\/press\\\/#\\\/schema\\\/person\\\/7fcb79f38045700919f7da6d97e71ba0\",\"name\":\"SalaStampa.eu, world press service\",\"image\":{\"@type\":\"ImageObject\",\"inLanguage\":\"es-AR\",\"@id\":\"https:\\\/\\\/secure.gravatar.com\\\/avatar\\\/c2f0e0d515a107624234994507816ca4724c7199cef73fc8bedebf6931d73888?s=96&d=mm&r=g\",\"url\":\"https:\\\/\\\/secure.gravatar.com\\\/avatar\\\/c2f0e0d515a107624234994507816ca4724c7199cef73fc8bedebf6931d73888?s=96&d=mm&r=g\",\"contentUrl\":\"https:\\\/\\\/secure.gravatar.com\\\/avatar\\\/c2f0e0d515a107624234994507816ca4724c7199cef73fc8bedebf6931d73888?s=96&d=mm&r=g\",\"caption\":\"SalaStampa.eu, world press service\"}}]}<\/script>\n<!-- \/ Yoast SEO plugin. -->","yoast_head_json":{"title":"Israel ataca \"blancos\" del grupo Yihad Isl\u00e1mica en Gaza y Siria - ElCanillita.Info","robots":{"index":"index","follow":"follow","max-snippet":"max-snippet:-1","max-image-preview":"max-image-preview:large","max-video-preview":"max-video-preview:-1"},"canonical":"https:\/\/elcanillita.info\/press\/2020\/02\/25\/israel-ataca-grupo-yihad-islamica-gaza-siria\/","og_locale":"es_ES","og_type":"article","og_title":"Israel ataca \"blancos\" del grupo Yihad Isl\u00e1mica en Gaza y Siria - ElCanillita.Info","og_description":"Gaza, 25.02.2020 - La aviaci\u00f3n israel\u00ed atac\u00f3 este lunes posiciones del grupo palestino Yihad Isl\u00e1mica en Siria y la Franja de Gaza en respuesta a una serie de cohetes disparados hacia el sur de Israel el domingo al anochecer.","og_url":"https:\/\/elcanillita.info\/press\/2020\/02\/25\/israel-ataca-grupo-yihad-islamica-gaza-siria\/","og_site_name":"ElCanillita.Info","article_publisher":"https:\/\/ar-ar.facebook.com\/ElCanillitainfo-114249515285712\/","article_published_time":"2020-02-25T12:31:11+00:00","article_modified_time":"2020-02-25T12:31:12+00:00","author":"SalaStampa.eu, world press service","twitter_card":"summary_large_image","twitter_misc":{"Escrito por":"SalaStampa.eu, world press service","Tiempo de lectura":"2 minutos"},"schema":{"@context":"https:\/\/schema.org","@graph":[{"@type":"Article","@id":"https:\/\/elcanillita.info\/press\/2020\/02\/25\/israel-ataca-grupo-yihad-islamica-gaza-siria\/#article","isPartOf":{"@id":"https:\/\/elcanillita.info\/press\/2020\/02\/25\/israel-ataca-grupo-yihad-islamica-gaza-siria\/"},"author":{"name":"SalaStampa.eu, world press service","@id":"https:\/\/elcanillita.info\/press\/#\/schema\/person\/7fcb79f38045700919f7da6d97e71ba0"},"headline":"Israel ataca &#8220;blancos&#8221; del grupo Yihad Isl\u00e1mica en Gaza y Siria","datePublished":"2020-02-25T12:31:11+00:00","dateModified":"2020-02-25T12:31:12+00:00","mainEntityOfPage":{"@id":"https:\/\/elcanillita.info\/press\/2020\/02\/25\/israel-ataca-grupo-yihad-islamica-gaza-siria\/"},"wordCount":331,"publisher":{"@id":"https:\/\/elcanillita.info\/press\/#organization"},"keywords":["Palestina"],"articleSection":["Actualidad","Medio Oriente","Sanidad","Sociedad"],"inLanguage":"es-AR"},{"@type":"WebPage","@id":"https:\/\/elcanillita.info\/press\/2020\/02\/25\/israel-ataca-grupo-yihad-islamica-gaza-siria\/","url":"https:\/\/elcanillita.info\/press\/2020\/02\/25\/israel-ataca-grupo-yihad-islamica-gaza-siria\/","name":"Israel ataca \"blancos\" del grupo Yihad Isl\u00e1mica en Gaza y Siria - ElCanillita.Info","isPartOf":{"@id":"https:\/\/elcanillita.info\/press\/#website"},"datePublished":"2020-02-25T12:31:11+00:00","dateModified":"2020-02-25T12:31:12+00:00","inLanguage":"es-AR","potentialAction":[{"@type":"ReadAction","target":["https:\/\/elcanillita.info\/press\/2020\/02\/25\/israel-ataca-grupo-yihad-islamica-gaza-siria\/"]}]},{"@type":"WebSite","@id":"https:\/\/elcanillita.info\/press\/#website","url":"https:\/\/elcanillita.info\/press\/","name":"ElCanillita.Info","description":"desde los Apeninos a los Andes","publisher":{"@id":"https:\/\/elcanillita.info\/press\/#organization"},"potentialAction":[{"@type":"SearchAction","target":{"@type":"EntryPoint","urlTemplate":"https:\/\/elcanillita.info\/press\/?s={search_term_string}"},"query-input":{"@type":"PropertyValueSpecification","valueRequired":true,"valueName":"search_term_string"}}],"inLanguage":"es-AR"},{"@type":"Organization","@id":"https:\/\/elcanillita.info\/press\/#organization","name":"Guzzo Photos & Graphic Publications","url":"https:\/\/elcanillita.info\/press\/","logo":{"@type":"ImageObject","inLanguage":"es-AR","@id":"https:\/\/elcanillita.info\/press\/#\/schema\/logo\/image\/","url":"https:\/\/elcanillita.info\/press\/images\/2020\/01\/cropped-cropped-cropped-elcanillitainfo.png","contentUrl":"https:\/\/elcanillita.info\/press\/images\/2020\/01\/cropped-cropped-cropped-elcanillitainfo.png","width":460,"height":50,"caption":"Guzzo Photos & Graphic Publications"},"image":{"@id":"https:\/\/elcanillita.info\/press\/#\/schema\/logo\/image\/"},"sameAs":["https:\/\/ar-ar.facebook.com\/ElCanillitainfo-114249515285712\/"]},{"@type":"Person","@id":"https:\/\/elcanillita.info\/press\/#\/schema\/person\/7fcb79f38045700919f7da6d97e71ba0","name":"SalaStampa.eu, world press service","image":{"@type":"ImageObject","inLanguage":"es-AR","@id":"https:\/\/secure.gravatar.com\/avatar\/c2f0e0d515a107624234994507816ca4724c7199cef73fc8bedebf6931d73888?s=96&d=mm&r=g","url":"https:\/\/secure.gravatar.com\/avatar\/c2f0e0d515a107624234994507816ca4724c7199cef73fc8bedebf6931d73888?s=96&d=mm&r=g","contentUrl":"https:\/\/secure.gravatar.com\/avatar\/c2f0e0d515a107624234994507816ca4724c7199cef73fc8bedebf6931d73888?s=96&d=mm&r=g","caption":"SalaStampa.eu, world press service"}}]}},"views":808,"_links":{"self":[{"href":"https:\/\/elcanillita.info\/press\/wp-json\/wp\/v2\/posts\/581","targetHints":{"allow":["GET"]}}],"collection":[{"href":"https:\/\/elcanillita.info\/press\/wp-json\/wp\/v2\/posts"}],"about":[{"href":"https:\/\/elcanillita.info\/press\/wp-json\/wp\/v2\/types\/post"}],"author":[{"embeddable":true,"href":"https:\/\/elcanillita.info\/press\/wp-json\/wp\/v2\/users\/1"}],"replies":[{"embeddable":true,"href":"https:\/\/elcanillita.info\/press\/wp-json\/wp\/v2\/comments?post=581"}],"version-history":[{"count":0,"href":"https:\/\/elcanillita.info\/press\/wp-json\/wp\/v2\/posts\/581\/revisions"}],"wp:attachment":[{"href":"https:\/\/elcanillita.info\/press\/wp-json\/wp\/v2\/media?parent=581"}],"wp:term":[{"taxonomy":"category","embeddable":true,"href":"https:\/\/elcanillita.info\/press\/wp-json\/wp\/v2\/categories?post=581"},{"taxonomy":"post_tag","embeddable":true,"href":"https:\/\/elcanillita.info\/press\/wp-json\/wp\/v2\/tags?post=581"}],"curies":[{"name":"wp","href":"https:\/\/api.w.org\/{rel}","templated":true}]}}