{"id":5805,"date":"2026-01-16T19:30:58","date_gmt":"2026-01-16T22:30:58","guid":{"rendered":"https:\/\/elcanillita.info\/press\/?p=5805"},"modified":"2026-01-16T19:30:58","modified_gmt":"2026-01-16T22:30:58","slug":"boleto-espacial","status":"publish","type":"post","link":"https:\/\/elcanillita.info\/press\/2026\/01\/16\/boleto-espacial\/","title":{"rendered":"Argentina se sube a la Luna (con pasaje ajeno)"},"content":{"rendered":"\n<figure class=\"wp-block-image size-large\"><img loading=\"lazy\" decoding=\"async\" width=\"534\" height=\"800\" src=\"https:\/\/elcanillita.info\/press\/images\/2026\/01\/img_1491.jpg\" alt=\"\" class=\"wp-image-5806\" srcset=\"https:\/\/elcanillita.info\/press\/images\/2026\/01\/img_1491.jpg 534w, https:\/\/elcanillita.info\/press\/images\/2026\/01\/img_1491-200x300.jpg 200w\" sizes=\"auto, (max-width: 534px) 100vw, 534px\" \/><\/figure>\n\n\n\n<p class=\"p1\">El Gobierno anunci\u00f3, con tono epop\u00e9yico y comunicado prolijo, que la Argentina formar\u00e1 parte de la nueva misi\u00f3n lunar de la <a href=\"chatgpt:\/\/generic-entity?number=0\">NASA<\/a>. No se trata de volver a la Luna: se trata de volver a alinearse.<\/p>\n\n\n\n<p class=\"p1\">La administraci\u00f3n libertaria se acopla a Artemisa como quien se sube a una foto hist\u00f3rica: sin liderar, sin decidir el rumbo, pero con entusiasmo suficiente para levantar la mano y decir \u201cac\u00e1 estamos\u201d.<\/p>\n\n\n\n<p class=\"p1\">La novedad t\u00e9cnica es el despliegue del microsat\u00e9lite Atenea, desarrollado por la <a href=\"chatgpt:\/\/generic-entity?number=1\">CONAE<\/a> y socios locales. Un logro cient\u00edfico real, aunque usado como utiler\u00eda en un acto pol\u00edtico cuidadosamente guionado.<\/p>\n\n\n\n<p class=\"p1\">La misi\u00f3n \u2014Artemis II\u2014 ser\u00e1 la primera tripulada en m\u00e1s de medio siglo, aunque sin alunizaje. Los astronautas orbitar\u00e1n lejos, muy lejos: 72.000 kil\u00f3metros de la Tierra. Una distancia simb\u00f3lica que tambi\u00e9n parece describir la desconexi\u00f3n del relato oficial con la realidad cotidiana.<\/p>\n\n\n\n<p class=\"p1\">El Gobierno destaca que el sat\u00e9lite argentino \u201caportar\u00e1 informaci\u00f3n fundamental\u201d a la NASA. Lo que no aclara es qu\u00e9 aporta la NASA a un sistema cient\u00edfico local al que se le recorta presupuesto con la otra mano.<\/p>\n\n\n\n<p class=\"p1\">El comunicado insiste en los \u201cest\u00e1ndares de calidad m\u00e1s exigentes del mundo\u201d. Curioso \u00e9nfasis, viniendo de una administraci\u00f3n que relativiza est\u00e1ndares cuando se trata de educaci\u00f3n, salud o investigaci\u00f3n social.<\/p>\n\n\n\n<p class=\"p1\">La ciencia dura se salva porque cotiza en d\u00f3lares y geopolitiza bien. La blanda, en cambio, queda rotulada como gasto superfluo. No es una discusi\u00f3n t\u00e9cnica: es una decisi\u00f3n ideol\u00f3gica.<\/p>\n\n\n\n<p class=\"p1\">Argentina vuelve al espacio, s\u00ed. Pero lo hace mirando al norte, con casco prestado y dejando en tierra demasiadas preguntas sin despegar.<\/p>\n\n\n\n<p class=\"p1\">As\u00ed, la Luna funciona como escenario perfecto: lejana, silenciosa y fotog\u00e9nica. Un lugar donde no se escuchan reclamos, ni paros, ni estad\u00edsticas inc\u00f3modas.<\/p>\n\n\n\n<p><\/p>\n\n\n\n<p>\u270d\ufe0f \u00a9 2026 El Cart\u00f3grafo del Desorden \u2013 \u7248\u6743\u6240\u6709\uff0c\u4fdd\u7559\u6240\u6709\u6743\u5229<\/p>\n\n\n\n<p><\/p>\n\n\n<hr style=\"\n    border: none;\n    height: 1px;\n    background: linear-gradient(to right, transparent, #ccc, transparent);\n    margin: 0;\n\" \/>\n<\/p>\n<p><small>\u00a9\ufe0f2026  Guzzo Photos  &#038; Graphic Publications \u2013 All Rights Reserved \u2013 Copyright \u00a9\ufe0f 2026 SalaStampa.eu, world press service \u2013 Guzzo Photos &#038; Graphic Publications \u2013 Registro Editori e Stampatori n. 1441 Turin, Italy<\/small><\/p>\n\n\n<p><\/p>\n","protected":false},"excerpt":{"rendered":"<p>El Gobierno celebra su ingreso a la misi\u00f3n Artemisa de la NASA como un hito cient\u00edfico, mientras usa el despegue para reafirmar su alineamiento pol\u00edtico y ajustar cuentas con la inversi\u00f3n social en la Tierra.<\/p>\n","protected":false},"author":14,"featured_media":5806,"comment_status":"closed","ping_status":"","sticky":false,"template":"","format":"standard","meta":{"footnotes":"","_links_to":"","_links_to_target":""},"categories":[121,108,70,11,24,18,23],"tags":[29],"class_list":["post-5805","post","type-post","status-publish","format-standard","has-post-thumbnail","hentry","category-dc24","category-blogdiario","category-actualidad","category-america-del-sur","category-ciencia-tecnologia","category-cosmo","category-politica","tag-argentina","entry","double"],"yoast_head":"<!-- This site is optimized with the Yoast SEO plugin v27.5 - https:\/\/yoast.com\/product\/yoast-seo-wordpress\/ -->\n<title>Argentina se sube a la Luna (con pasaje ajeno) - ElCanillita.Info<\/title>\n<meta name=\"robots\" content=\"index, follow, max-snippet:-1, max-image-preview:large, max-video-preview:-1\" \/>\n<link rel=\"canonical\" href=\"https:\/\/elcanillita.info\/press\/2026\/01\/16\/boleto-espacial\/\" \/>\n<meta property=\"og:locale\" content=\"es_ES\" \/>\n<meta property=\"og:type\" content=\"article\" \/>\n<meta property=\"og:title\" content=\"Argentina se sube a la Luna (con pasaje ajeno) - ElCanillita.Info\" \/>\n<meta property=\"og:description\" content=\"El Gobierno celebra su ingreso a la misi\u00f3n Artemisa de la NASA como un hito cient\u00edfico, mientras usa el despegue para reafirmar su alineamiento pol\u00edtico y ajustar cuentas con la inversi\u00f3n social en la Tierra.\" \/>\n<meta property=\"og:url\" content=\"https:\/\/elcanillita.info\/press\/2026\/01\/16\/boleto-espacial\/\" \/>\n<meta property=\"og:site_name\" content=\"ElCanillita.Info\" \/>\n<meta property=\"article:publisher\" content=\"https:\/\/ar-ar.facebook.com\/ElCanillitainfo-114249515285712\/\" \/>\n<meta property=\"article:published_time\" content=\"2026-01-16T22:30:58+00:00\" \/>\n<meta property=\"og:image\" content=\"https:\/\/elcanillita.info\/press\/images\/2026\/01\/img_1491.jpg\" \/>\n\t<meta property=\"og:image:width\" content=\"534\" \/>\n\t<meta property=\"og:image:height\" content=\"800\" \/>\n\t<meta property=\"og:image:type\" content=\"image\/jpeg\" \/>\n<meta name=\"author\" content=\"ElCanillita.info Guzzo Photos &amp; Graphic Publications\" \/>\n<meta name=\"twitter:card\" content=\"summary_large_image\" \/>\n<meta name=\"twitter:label1\" content=\"Escrito por\" \/>\n\t<meta name=\"twitter:data1\" content=\"ElCanillita.info Guzzo Photos &amp; Graphic Publications\" \/>\n\t<meta name=\"twitter:label2\" content=\"Tiempo de lectura\" \/>\n\t<meta name=\"twitter:data2\" content=\"2 minutos\" \/>\n<script type=\"application\/ld+json\" class=\"yoast-schema-graph\">{\"@context\":\"https:\\\/\\\/schema.org\",\"@graph\":[{\"@type\":\"Article\",\"@id\":\"https:\\\/\\\/elcanillita.info\\\/press\\\/2026\\\/01\\\/16\\\/boleto-espacial\\\/#article\",\"isPartOf\":{\"@id\":\"https:\\\/\\\/elcanillita.info\\\/press\\\/2026\\\/01\\\/16\\\/boleto-espacial\\\/\"},\"author\":{\"name\":\"ElCanillita.info Guzzo Photos &amp; Graphic Publications\",\"@id\":\"https:\\\/\\\/elcanillita.info\\\/press\\\/#\\\/schema\\\/person\\\/e37a550cff8f5f3407ed112e4cc619cb\"},\"headline\":\"Argentina se sube a la Luna (con pasaje ajeno)\",\"datePublished\":\"2026-01-16T22:30:58+00:00\",\"mainEntityOfPage\":{\"@id\":\"https:\\\/\\\/elcanillita.info\\\/press\\\/2026\\\/01\\\/16\\\/boleto-espacial\\\/\"},\"wordCount\":354,\"publisher\":{\"@id\":\"https:\\\/\\\/elcanillita.info\\\/press\\\/#organization\"},\"image\":{\"@id\":\"https:\\\/\\\/elcanillita.info\\\/press\\\/2026\\\/01\\\/16\\\/boleto-espacial\\\/#primaryimage\"},\"thumbnailUrl\":\"https:\\\/\\\/elcanillita.info\\\/press\\\/images\\\/2026\\\/01\\\/img_1491.jpg\",\"keywords\":[\"Argentina\"],\"articleSection\":[\".\",\".\",\"Actualidad\",\"Am\u00e9rica del Sur\",\"Ciencia y Tecnologia\",\"Cosmo\",\"Politica\"],\"inLanguage\":\"es-AR\"},{\"@type\":\"WebPage\",\"@id\":\"https:\\\/\\\/elcanillita.info\\\/press\\\/2026\\\/01\\\/16\\\/boleto-espacial\\\/\",\"url\":\"https:\\\/\\\/elcanillita.info\\\/press\\\/2026\\\/01\\\/16\\\/boleto-espacial\\\/\",\"name\":\"Argentina se sube a la Luna (con pasaje ajeno) - ElCanillita.Info\",\"isPartOf\":{\"@id\":\"https:\\\/\\\/elcanillita.info\\\/press\\\/#website\"},\"primaryImageOfPage\":{\"@id\":\"https:\\\/\\\/elcanillita.info\\\/press\\\/2026\\\/01\\\/16\\\/boleto-espacial\\\/#primaryimage\"},\"image\":{\"@id\":\"https:\\\/\\\/elcanillita.info\\\/press\\\/2026\\\/01\\\/16\\\/boleto-espacial\\\/#primaryimage\"},\"thumbnailUrl\":\"https:\\\/\\\/elcanillita.info\\\/press\\\/images\\\/2026\\\/01\\\/img_1491.jpg\",\"datePublished\":\"2026-01-16T22:30:58+00:00\",\"inLanguage\":\"es-AR\",\"potentialAction\":[{\"@type\":\"ReadAction\",\"target\":[\"https:\\\/\\\/elcanillita.info\\\/press\\\/2026\\\/01\\\/16\\\/boleto-espacial\\\/\"]}]},{\"@type\":\"ImageObject\",\"inLanguage\":\"es-AR\",\"@id\":\"https:\\\/\\\/elcanillita.info\\\/press\\\/2026\\\/01\\\/16\\\/boleto-espacial\\\/#primaryimage\",\"url\":\"https:\\\/\\\/elcanillita.info\\\/press\\\/images\\\/2026\\\/01\\\/img_1491.jpg\",\"contentUrl\":\"https:\\\/\\\/elcanillita.info\\\/press\\\/images\\\/2026\\\/01\\\/img_1491.jpg\",\"width\":534,\"height\":800},{\"@type\":\"WebSite\",\"@id\":\"https:\\\/\\\/elcanillita.info\\\/press\\\/#website\",\"url\":\"https:\\\/\\\/elcanillita.info\\\/press\\\/\",\"name\":\"ElCanillita.Info\",\"description\":\"desde los Apeninos a los Andes\",\"publisher\":{\"@id\":\"https:\\\/\\\/elcanillita.info\\\/press\\\/#organization\"},\"potentialAction\":[{\"@type\":\"SearchAction\",\"target\":{\"@type\":\"EntryPoint\",\"urlTemplate\":\"https:\\\/\\\/elcanillita.info\\\/press\\\/?s={search_term_string}\"},\"query-input\":{\"@type\":\"PropertyValueSpecification\",\"valueRequired\":true,\"valueName\":\"search_term_string\"}}],\"inLanguage\":\"es-AR\"},{\"@type\":\"Organization\",\"@id\":\"https:\\\/\\\/elcanillita.info\\\/press\\\/#organization\",\"name\":\"Guzzo Photos & Graphic Publications\",\"url\":\"https:\\\/\\\/elcanillita.info\\\/press\\\/\",\"logo\":{\"@type\":\"ImageObject\",\"inLanguage\":\"es-AR\",\"@id\":\"https:\\\/\\\/elcanillita.info\\\/press\\\/#\\\/schema\\\/logo\\\/image\\\/\",\"url\":\"https:\\\/\\\/elcanillita.info\\\/press\\\/images\\\/2020\\\/01\\\/cropped-cropped-cropped-elcanillitainfo.png\",\"contentUrl\":\"https:\\\/\\\/elcanillita.info\\\/press\\\/images\\\/2020\\\/01\\\/cropped-cropped-cropped-elcanillitainfo.png\",\"width\":460,\"height\":50,\"caption\":\"Guzzo Photos & Graphic Publications\"},\"image\":{\"@id\":\"https:\\\/\\\/elcanillita.info\\\/press\\\/#\\\/schema\\\/logo\\\/image\\\/\"},\"sameAs\":[\"https:\\\/\\\/ar-ar.facebook.com\\\/ElCanillitainfo-114249515285712\\\/\"]},{\"@type\":\"Person\",\"@id\":\"https:\\\/\\\/elcanillita.info\\\/press\\\/#\\\/schema\\\/person\\\/e37a550cff8f5f3407ed112e4cc619cb\",\"name\":\"ElCanillita.info Guzzo Photos &amp; Graphic Publications\",\"image\":{\"@type\":\"ImageObject\",\"inLanguage\":\"es-AR\",\"@id\":\"https:\\\/\\\/secure.gravatar.com\\\/avatar\\\/8914fbe0ef09248907e331ab93dfa89c7f76decf6b51cd1b2f8444e6260db772?s=96&d=mm&r=g\",\"url\":\"https:\\\/\\\/secure.gravatar.com\\\/avatar\\\/8914fbe0ef09248907e331ab93dfa89c7f76decf6b51cd1b2f8444e6260db772?s=96&d=mm&r=g\",\"contentUrl\":\"https:\\\/\\\/secure.gravatar.com\\\/avatar\\\/8914fbe0ef09248907e331ab93dfa89c7f76decf6b51cd1b2f8444e6260db772?s=96&d=mm&r=g\",\"caption\":\"ElCanillita.info Guzzo Photos &amp; Graphic Publications\"},\"sameAs\":[\"http:\\\/\\\/guzzophotos.com\"]}]}<\/script>\n<!-- \/ Yoast SEO plugin. -->","yoast_head_json":{"title":"Argentina se sube a la Luna (con pasaje ajeno) - ElCanillita.Info","robots":{"index":"index","follow":"follow","max-snippet":"max-snippet:-1","max-image-preview":"max-image-preview:large","max-video-preview":"max-video-preview:-1"},"canonical":"https:\/\/elcanillita.info\/press\/2026\/01\/16\/boleto-espacial\/","og_locale":"es_ES","og_type":"article","og_title":"Argentina se sube a la Luna (con pasaje ajeno) - ElCanillita.Info","og_description":"El Gobierno celebra su ingreso a la misi\u00f3n Artemisa de la NASA como un hito cient\u00edfico, mientras usa el despegue para reafirmar su alineamiento pol\u00edtico y ajustar cuentas con la inversi\u00f3n social en la Tierra.","og_url":"https:\/\/elcanillita.info\/press\/2026\/01\/16\/boleto-espacial\/","og_site_name":"ElCanillita.Info","article_publisher":"https:\/\/ar-ar.facebook.com\/ElCanillitainfo-114249515285712\/","article_published_time":"2026-01-16T22:30:58+00:00","og_image":[{"width":534,"height":800,"url":"https:\/\/elcanillita.info\/press\/images\/2026\/01\/img_1491.jpg","type":"image\/jpeg"}],"author":"ElCanillita.info Guzzo Photos &amp; Graphic Publications","twitter_card":"summary_large_image","twitter_misc":{"Escrito por":"ElCanillita.info Guzzo Photos &amp; Graphic Publications","Tiempo de lectura":"2 minutos"},"schema":{"@context":"https:\/\/schema.org","@graph":[{"@type":"Article","@id":"https:\/\/elcanillita.info\/press\/2026\/01\/16\/boleto-espacial\/#article","isPartOf":{"@id":"https:\/\/elcanillita.info\/press\/2026\/01\/16\/boleto-espacial\/"},"author":{"name":"ElCanillita.info Guzzo Photos &amp; Graphic Publications","@id":"https:\/\/elcanillita.info\/press\/#\/schema\/person\/e37a550cff8f5f3407ed112e4cc619cb"},"headline":"Argentina se sube a la Luna (con pasaje ajeno)","datePublished":"2026-01-16T22:30:58+00:00","mainEntityOfPage":{"@id":"https:\/\/elcanillita.info\/press\/2026\/01\/16\/boleto-espacial\/"},"wordCount":354,"publisher":{"@id":"https:\/\/elcanillita.info\/press\/#organization"},"image":{"@id":"https:\/\/elcanillita.info\/press\/2026\/01\/16\/boleto-espacial\/#primaryimage"},"thumbnailUrl":"https:\/\/elcanillita.info\/press\/images\/2026\/01\/img_1491.jpg","keywords":["Argentina"],"articleSection":[".",".","Actualidad","Am\u00e9rica del Sur","Ciencia y Tecnologia","Cosmo","Politica"],"inLanguage":"es-AR"},{"@type":"WebPage","@id":"https:\/\/elcanillita.info\/press\/2026\/01\/16\/boleto-espacial\/","url":"https:\/\/elcanillita.info\/press\/2026\/01\/16\/boleto-espacial\/","name":"Argentina se sube a la Luna (con pasaje ajeno) - ElCanillita.Info","isPartOf":{"@id":"https:\/\/elcanillita.info\/press\/#website"},"primaryImageOfPage":{"@id":"https:\/\/elcanillita.info\/press\/2026\/01\/16\/boleto-espacial\/#primaryimage"},"image":{"@id":"https:\/\/elcanillita.info\/press\/2026\/01\/16\/boleto-espacial\/#primaryimage"},"thumbnailUrl":"https:\/\/elcanillita.info\/press\/images\/2026\/01\/img_1491.jpg","datePublished":"2026-01-16T22:30:58+00:00","inLanguage":"es-AR","potentialAction":[{"@type":"ReadAction","target":["https:\/\/elcanillita.info\/press\/2026\/01\/16\/boleto-espacial\/"]}]},{"@type":"ImageObject","inLanguage":"es-AR","@id":"https:\/\/elcanillita.info\/press\/2026\/01\/16\/boleto-espacial\/#primaryimage","url":"https:\/\/elcanillita.info\/press\/images\/2026\/01\/img_1491.jpg","contentUrl":"https:\/\/elcanillita.info\/press\/images\/2026\/01\/img_1491.jpg","width":534,"height":800},{"@type":"WebSite","@id":"https:\/\/elcanillita.info\/press\/#website","url":"https:\/\/elcanillita.info\/press\/","name":"ElCanillita.Info","description":"desde los Apeninos a los Andes","publisher":{"@id":"https:\/\/elcanillita.info\/press\/#organization"},"potentialAction":[{"@type":"SearchAction","target":{"@type":"EntryPoint","urlTemplate":"https:\/\/elcanillita.info\/press\/?s={search_term_string}"},"query-input":{"@type":"PropertyValueSpecification","valueRequired":true,"valueName":"search_term_string"}}],"inLanguage":"es-AR"},{"@type":"Organization","@id":"https:\/\/elcanillita.info\/press\/#organization","name":"Guzzo Photos & Graphic Publications","url":"https:\/\/elcanillita.info\/press\/","logo":{"@type":"ImageObject","inLanguage":"es-AR","@id":"https:\/\/elcanillita.info\/press\/#\/schema\/logo\/image\/","url":"https:\/\/elcanillita.info\/press\/images\/2020\/01\/cropped-cropped-cropped-elcanillitainfo.png","contentUrl":"https:\/\/elcanillita.info\/press\/images\/2020\/01\/cropped-cropped-cropped-elcanillitainfo.png","width":460,"height":50,"caption":"Guzzo Photos & Graphic Publications"},"image":{"@id":"https:\/\/elcanillita.info\/press\/#\/schema\/logo\/image\/"},"sameAs":["https:\/\/ar-ar.facebook.com\/ElCanillitainfo-114249515285712\/"]},{"@type":"Person","@id":"https:\/\/elcanillita.info\/press\/#\/schema\/person\/e37a550cff8f5f3407ed112e4cc619cb","name":"ElCanillita.info Guzzo Photos &amp; Graphic Publications","image":{"@type":"ImageObject","inLanguage":"es-AR","@id":"https:\/\/secure.gravatar.com\/avatar\/8914fbe0ef09248907e331ab93dfa89c7f76decf6b51cd1b2f8444e6260db772?s=96&d=mm&r=g","url":"https:\/\/secure.gravatar.com\/avatar\/8914fbe0ef09248907e331ab93dfa89c7f76decf6b51cd1b2f8444e6260db772?s=96&d=mm&r=g","contentUrl":"https:\/\/secure.gravatar.com\/avatar\/8914fbe0ef09248907e331ab93dfa89c7f76decf6b51cd1b2f8444e6260db772?s=96&d=mm&r=g","caption":"ElCanillita.info Guzzo Photos &amp; Graphic Publications"},"sameAs":["http:\/\/guzzophotos.com"]}]}},"views":148,"_links":{"self":[{"href":"https:\/\/elcanillita.info\/press\/wp-json\/wp\/v2\/posts\/5805","targetHints":{"allow":["GET"]}}],"collection":[{"href":"https:\/\/elcanillita.info\/press\/wp-json\/wp\/v2\/posts"}],"about":[{"href":"https:\/\/elcanillita.info\/press\/wp-json\/wp\/v2\/types\/post"}],"author":[{"embeddable":true,"href":"https:\/\/elcanillita.info\/press\/wp-json\/wp\/v2\/users\/14"}],"replies":[{"embeddable":true,"href":"https:\/\/elcanillita.info\/press\/wp-json\/wp\/v2\/comments?post=5805"}],"version-history":[{"count":0,"href":"https:\/\/elcanillita.info\/press\/wp-json\/wp\/v2\/posts\/5805\/revisions"}],"wp:featuredmedia":[{"embeddable":true,"href":"https:\/\/elcanillita.info\/press\/wp-json\/wp\/v2\/media\/5806"}],"wp:attachment":[{"href":"https:\/\/elcanillita.info\/press\/wp-json\/wp\/v2\/media?parent=5805"}],"wp:term":[{"taxonomy":"category","embeddable":true,"href":"https:\/\/elcanillita.info\/press\/wp-json\/wp\/v2\/categories?post=5805"},{"taxonomy":"post_tag","embeddable":true,"href":"https:\/\/elcanillita.info\/press\/wp-json\/wp\/v2\/tags?post=5805"}],"curies":[{"name":"wp","href":"https:\/\/api.w.org\/{rel}","templated":true}]}}