{"id":5803,"date":"2026-01-16T03:26:54","date_gmt":"2026-01-16T06:26:54","guid":{"rendered":"https:\/\/elcanillita.info\/press\/?p=5803"},"modified":"2026-01-16T03:26:54","modified_gmt":"2026-01-16T06:26:54","slug":"side-dnu","status":"publish","type":"post","link":"https:\/\/elcanillita.info\/press\/2026\/01\/16\/side-dnu\/","title":{"rendered":"El DNU de la SIDE ingresa al Congreso\u2026 y Bullrich manda a \u201crescatar\u201d a los presos pol\u00edticos \u201cinexistentes\u201d en Venezuela"},"content":{"rendered":"\n<figure class=\"wp-block-image size-large\"><img loading=\"lazy\" decoding=\"async\" width=\"850\" height=\"567\" src=\"https:\/\/elcanillita.info\/press\/images\/2026\/01\/img_1466.jpg\" alt=\"\" class=\"wp-image-5804\" srcset=\"https:\/\/elcanillita.info\/press\/images\/2026\/01\/img_1466.jpg 850w, https:\/\/elcanillita.info\/press\/images\/2026\/01\/img_1466-300x200.jpg 300w, https:\/\/elcanillita.info\/press\/images\/2026\/01\/img_1466-768x512.jpg 768w\" sizes=\"auto, (max-width: 850px) 100vw, 850px\" \/><\/figure>\n\n\n\n<p>Argentina<\/p>\n\n\n\n<p class=\"p1\">A primera hora de este viernes, el Poder Ejecutivo decidi\u00f3 poner en marcha su ofensiva legislativa: remiti\u00f3 al Congreso el controvertido Decreto de Necesidad y Urgencia que redefine el papel de la Secretar\u00eda de Inteligencia del Estado (SIDE), dot\u00e1ndola de facultades operativas, incluida la capacidad de realizar detenciones en el acto. El objetivo oficial es modernizar el sistema de inteligencia nacional, aunque no faltan voces que alertan por la falta de debate parlamentario y el espectro de ampliar tareas m\u00e1s propias de una polic\u00eda secreta que de un organismo de inteligencia.&nbsp;<\/p>\n\n\n\n<p class=\"p1\">La oposici\u00f3n, que hab\u00eda puesto el grito en el cielo ante la publicaci\u00f3n y env\u00edo tard\u00edo del DNU, prepara ahora sus argumentos para intentar voltearlo en el Parlamento. La cr\u00edtica central: que un cambio de tama\u00f1a envergadura no puede limitarse a un decreto, y que abre una puerta peligrosa para arbitrariedades institucionales.&nbsp;<\/p>\n\n\n\n<p class=\"p1\">Justo cuando la escena pol\u00edtica local parec\u00eda concentrarse en esa tensi\u00f3n entre Ejecutivo y legisladores, desde otro flanco lleg\u00f3 otra trama que combina diplomacia, derechos humanos y un toque de absurdo: la ex ministra de Seguridad y actual figura de peso en La Libertad Avanza, Patricia Bullrich, sali\u00f3 a reclamar la liberaci\u00f3n de ciudadanos argentinos detenidos en Venezuela por el r\u00e9gimen chavista.&nbsp;<\/p>\n\n\n\n<p class=\"p1\">Bullrich \u2014quien tambi\u00e9n destac\u00f3 que los presos pol\u00edticos en Venezuela estaban \u201csubregistrados\u201d\u2014 hizo p\u00fablica la identificaci\u00f3n de al menos cinco argentinos bajo custodia en c\u00e1rceles del pa\u00eds caribe\u00f1o. Entre ellos se incluye a un trabajador gastron\u00f3mico con doble nacionalidad y otros casos que las ONG y familiares siguen con atenci\u00f3n.&nbsp;<\/p>\n\n\n\n<p class=\"p1\">En los \u00faltimos d\u00edas, Venezuela ha anunciado la liberaci\u00f3n de presos pol\u00edticos en el marco de un proceso descrito por las autoridades como parte de un gesto de \u201cpaz y reconciliaci\u00f3n\u201d. Sin embargo, organizaciones como el Foro Penal verifican cifras menores y advierten que muchos detenidos siguen tras las rejas sin acceso claro a procesos justos.&nbsp;<\/p>\n\n\n\n<p class=\"p1\">Es en este escenario donde Bullrich \u2014funcionaria y ex terrorista seg\u00fan ciertos relatos extremos de la pol\u00edtica local\u2014 intenta convertirse en portavoz de compatriotas que, para muchos en Argentina, suenan m\u00e1s a an\u00e9cdota de diplomacia desordenada que a una crisis nacional de peso. El contraste, ir\u00f3nico para algunos, subraya la paradoja: mientras un DNU redefine el rol de la inteligencia dom\u00e9stica, una figura del oficialismo demanda la intervenci\u00f3n humanitaria en un pa\u00eds extranjero.<\/p>\n\n\n\n<p class=\"p1\">Para analistas locales, la jugada tiene sabor a estrategia comunicacional: capitalizar la sensibilidad por argentinos en el exterior para eclipsar la discusi\u00f3n interna sobre el DNU de la SIDE. Para otros, es simplemente un sketch pol\u00edtico donde la seriedad de los temas internacionales compite con la narrativa oficial sobre seguridad y soberan\u00eda.<\/p>\n\n\n\n<p class=\"p1\">En cualquier caso, la semana pol\u00edtica se perfila tan gruesa como surrealista: en el mismo contexto se discute el alcance de un organismo de inteligencia con poderes reforzados mientras se libra batalla medi\u00e1tica por libertades y detenciones que algunos dicen existir y otros apenas cuentan.<\/p>\n\n\n\n<p class=\"p1\">De fondo, el Congreso se alista para una bater\u00eda de debates que probablemente incluyan no solo el destino del DNU de la SIDE, sino tambi\u00e9n r\u00e9plicas, curiosidades y giros propios del melodrama pol\u00edtico argentino de estos tiempos.<\/p>\n\n\n\n<p><\/p>\n\n\n\n<p>\u270d\ufe0f \u00a9 2026 El Cart\u00f3grafo del Desorden \u2013 \u7248\u6743\u6240\u6709\uff0c\u4fdd\u7559\u6240\u6709\u6743\u5229<\/p>\n\n\n\n<p><\/p>\n\n\n<hr style=\"\n    border: none;\n    height: 1px;\n    background: linear-gradient(to right, transparent, #ccc, transparent);\n    margin: 0;\n\" \/>\n<\/p>\n<p><small>\u00a9\ufe0f2026  Guzzo Photos  &#038; Graphic Publications \u2013 All Rights Reserved \u2013 Copyright \u00a9\ufe0f 2026 SalaStampa.eu, world press service \u2013 Guzzo Photos &#038; Graphic Publications \u2013 Registro Editori e Stampatori n. 1441 Turin, Italy<\/small><\/p>\n\n\n<p><\/p>\n","protected":false},"excerpt":{"rendered":"<p>Mientras el Gobierno de Javier Milei intenta blindar por decreto las nuevas facultades de la SIDE frente al Congreso, desde otro costado de la pol\u00edtica Patricia Bullrich reclama la liberaci\u00f3n de argentinos \u201csubregistrados\u201d como presos pol\u00edticos en Venezuela, en una escena que parece salida de una comedia de enredos.<\/p>\n","protected":false},"author":1,"featured_media":5804,"comment_status":"closed","ping_status":"","sticky":false,"template":"","format":"standard","meta":{"footnotes":"","_links_to":"","_links_to_target":""},"categories":[108,121,70,11,23,143],"tags":[29],"class_list":["post-5803","post","type-post","status-publish","format-standard","has-post-thumbnail","hentry","category-blogdiario","category-dc24","category-actualidad","category-america-del-sur","category-politica","category-terrorismo","tag-argentina","entry","double"],"yoast_head":"<!-- This site is optimized with the Yoast SEO plugin v27.5 - https:\/\/yoast.com\/product\/yoast-seo-wordpress\/ -->\n<title>El DNU de la SIDE ingresa al Congreso\u2026 y Bullrich manda a \u201crescatar\u201d a los presos pol\u00edticos \u201cinexistentes\u201d en Venezuela - ElCanillita.Info<\/title>\n<meta name=\"robots\" content=\"index, follow, max-snippet:-1, max-image-preview:large, max-video-preview:-1\" \/>\n<link rel=\"canonical\" href=\"https:\/\/elcanillita.info\/press\/2026\/01\/16\/side-dnu\/\" \/>\n<meta property=\"og:locale\" content=\"es_ES\" \/>\n<meta property=\"og:type\" content=\"article\" \/>\n<meta property=\"og:title\" content=\"El DNU de la SIDE ingresa al Congreso\u2026 y Bullrich manda a \u201crescatar\u201d a los presos pol\u00edticos \u201cinexistentes\u201d en Venezuela - ElCanillita.Info\" \/>\n<meta property=\"og:description\" content=\"Mientras el Gobierno de Javier Milei intenta blindar por decreto las nuevas facultades de la SIDE frente al Congreso, desde otro costado de la pol\u00edtica Patricia Bullrich reclama la liberaci\u00f3n de argentinos \u201csubregistrados\u201d como presos pol\u00edticos en Venezuela, en una escena que parece salida de una comedia de enredos.\" \/>\n<meta property=\"og:url\" content=\"https:\/\/elcanillita.info\/press\/2026\/01\/16\/side-dnu\/\" \/>\n<meta property=\"og:site_name\" content=\"ElCanillita.Info\" \/>\n<meta property=\"article:publisher\" content=\"https:\/\/ar-ar.facebook.com\/ElCanillitainfo-114249515285712\/\" \/>\n<meta property=\"article:published_time\" content=\"2026-01-16T06:26:54+00:00\" \/>\n<meta property=\"og:image\" content=\"https:\/\/elcanillita.info\/press\/images\/2026\/01\/img_1466.jpg\" \/>\n\t<meta property=\"og:image:width\" content=\"850\" \/>\n\t<meta property=\"og:image:height\" content=\"567\" \/>\n\t<meta property=\"og:image:type\" content=\"image\/jpeg\" \/>\n<meta name=\"author\" content=\"SalaStampa.eu, world press service\" \/>\n<meta name=\"twitter:card\" content=\"summary_large_image\" \/>\n<meta name=\"twitter:label1\" content=\"Escrito por\" \/>\n\t<meta name=\"twitter:data1\" content=\"SalaStampa.eu, world press service\" \/>\n\t<meta name=\"twitter:label2\" content=\"Tiempo de lectura\" \/>\n\t<meta name=\"twitter:data2\" content=\"3 minutos\" \/>\n<script type=\"application\/ld+json\" class=\"yoast-schema-graph\">{\"@context\":\"https:\\\/\\\/schema.org\",\"@graph\":[{\"@type\":\"Article\",\"@id\":\"https:\\\/\\\/elcanillita.info\\\/press\\\/2026\\\/01\\\/16\\\/side-dnu\\\/#article\",\"isPartOf\":{\"@id\":\"https:\\\/\\\/elcanillita.info\\\/press\\\/2026\\\/01\\\/16\\\/side-dnu\\\/\"},\"author\":{\"name\":\"SalaStampa.eu, world press service\",\"@id\":\"https:\\\/\\\/elcanillita.info\\\/press\\\/#\\\/schema\\\/person\\\/7fcb79f38045700919f7da6d97e71ba0\"},\"headline\":\"El DNU de la SIDE ingresa al Congreso\u2026 y Bullrich manda a \u201crescatar\u201d a los presos pol\u00edticos \u201cinexistentes\u201d en Venezuela\",\"datePublished\":\"2026-01-16T06:26:54+00:00\",\"mainEntityOfPage\":{\"@id\":\"https:\\\/\\\/elcanillita.info\\\/press\\\/2026\\\/01\\\/16\\\/side-dnu\\\/\"},\"wordCount\":620,\"publisher\":{\"@id\":\"https:\\\/\\\/elcanillita.info\\\/press\\\/#organization\"},\"image\":{\"@id\":\"https:\\\/\\\/elcanillita.info\\\/press\\\/2026\\\/01\\\/16\\\/side-dnu\\\/#primaryimage\"},\"thumbnailUrl\":\"https:\\\/\\\/elcanillita.info\\\/press\\\/images\\\/2026\\\/01\\\/img_1466.jpg\",\"keywords\":[\"Argentina\"],\"articleSection\":[\".\",\".\",\"Actualidad\",\"Am\u00e9rica del Sur\",\"Politica\",\"Terrorismo\"],\"inLanguage\":\"es-AR\"},{\"@type\":\"WebPage\",\"@id\":\"https:\\\/\\\/elcanillita.info\\\/press\\\/2026\\\/01\\\/16\\\/side-dnu\\\/\",\"url\":\"https:\\\/\\\/elcanillita.info\\\/press\\\/2026\\\/01\\\/16\\\/side-dnu\\\/\",\"name\":\"El DNU de la SIDE ingresa al Congreso\u2026 y Bullrich manda a \u201crescatar\u201d a los presos pol\u00edticos \u201cinexistentes\u201d en Venezuela - ElCanillita.Info\",\"isPartOf\":{\"@id\":\"https:\\\/\\\/elcanillita.info\\\/press\\\/#website\"},\"primaryImageOfPage\":{\"@id\":\"https:\\\/\\\/elcanillita.info\\\/press\\\/2026\\\/01\\\/16\\\/side-dnu\\\/#primaryimage\"},\"image\":{\"@id\":\"https:\\\/\\\/elcanillita.info\\\/press\\\/2026\\\/01\\\/16\\\/side-dnu\\\/#primaryimage\"},\"thumbnailUrl\":\"https:\\\/\\\/elcanillita.info\\\/press\\\/images\\\/2026\\\/01\\\/img_1466.jpg\",\"datePublished\":\"2026-01-16T06:26:54+00:00\",\"inLanguage\":\"es-AR\",\"potentialAction\":[{\"@type\":\"ReadAction\",\"target\":[\"https:\\\/\\\/elcanillita.info\\\/press\\\/2026\\\/01\\\/16\\\/side-dnu\\\/\"]}]},{\"@type\":\"ImageObject\",\"inLanguage\":\"es-AR\",\"@id\":\"https:\\\/\\\/elcanillita.info\\\/press\\\/2026\\\/01\\\/16\\\/side-dnu\\\/#primaryimage\",\"url\":\"https:\\\/\\\/elcanillita.info\\\/press\\\/images\\\/2026\\\/01\\\/img_1466.jpg\",\"contentUrl\":\"https:\\\/\\\/elcanillita.info\\\/press\\\/images\\\/2026\\\/01\\\/img_1466.jpg\",\"width\":850,\"height\":567},{\"@type\":\"WebSite\",\"@id\":\"https:\\\/\\\/elcanillita.info\\\/press\\\/#website\",\"url\":\"https:\\\/\\\/elcanillita.info\\\/press\\\/\",\"name\":\"ElCanillita.Info\",\"description\":\"desde los Apeninos a los Andes\",\"publisher\":{\"@id\":\"https:\\\/\\\/elcanillita.info\\\/press\\\/#organization\"},\"potentialAction\":[{\"@type\":\"SearchAction\",\"target\":{\"@type\":\"EntryPoint\",\"urlTemplate\":\"https:\\\/\\\/elcanillita.info\\\/press\\\/?s={search_term_string}\"},\"query-input\":{\"@type\":\"PropertyValueSpecification\",\"valueRequired\":true,\"valueName\":\"search_term_string\"}}],\"inLanguage\":\"es-AR\"},{\"@type\":\"Organization\",\"@id\":\"https:\\\/\\\/elcanillita.info\\\/press\\\/#organization\",\"name\":\"Guzzo Photos & Graphic Publications\",\"url\":\"https:\\\/\\\/elcanillita.info\\\/press\\\/\",\"logo\":{\"@type\":\"ImageObject\",\"inLanguage\":\"es-AR\",\"@id\":\"https:\\\/\\\/elcanillita.info\\\/press\\\/#\\\/schema\\\/logo\\\/image\\\/\",\"url\":\"https:\\\/\\\/elcanillita.info\\\/press\\\/images\\\/2020\\\/01\\\/cropped-cropped-cropped-elcanillitainfo.png\",\"contentUrl\":\"https:\\\/\\\/elcanillita.info\\\/press\\\/images\\\/2020\\\/01\\\/cropped-cropped-cropped-elcanillitainfo.png\",\"width\":460,\"height\":50,\"caption\":\"Guzzo Photos & Graphic Publications\"},\"image\":{\"@id\":\"https:\\\/\\\/elcanillita.info\\\/press\\\/#\\\/schema\\\/logo\\\/image\\\/\"},\"sameAs\":[\"https:\\\/\\\/ar-ar.facebook.com\\\/ElCanillitainfo-114249515285712\\\/\"]},{\"@type\":\"Person\",\"@id\":\"https:\\\/\\\/elcanillita.info\\\/press\\\/#\\\/schema\\\/person\\\/7fcb79f38045700919f7da6d97e71ba0\",\"name\":\"SalaStampa.eu, world press service\",\"image\":{\"@type\":\"ImageObject\",\"inLanguage\":\"es-AR\",\"@id\":\"https:\\\/\\\/secure.gravatar.com\\\/avatar\\\/c2f0e0d515a107624234994507816ca4724c7199cef73fc8bedebf6931d73888?s=96&d=mm&r=g\",\"url\":\"https:\\\/\\\/secure.gravatar.com\\\/avatar\\\/c2f0e0d515a107624234994507816ca4724c7199cef73fc8bedebf6931d73888?s=96&d=mm&r=g\",\"contentUrl\":\"https:\\\/\\\/secure.gravatar.com\\\/avatar\\\/c2f0e0d515a107624234994507816ca4724c7199cef73fc8bedebf6931d73888?s=96&d=mm&r=g\",\"caption\":\"SalaStampa.eu, world press service\"}}]}<\/script>\n<!-- \/ Yoast SEO plugin. -->","yoast_head_json":{"title":"El DNU de la SIDE ingresa al Congreso\u2026 y Bullrich manda a \u201crescatar\u201d a los presos pol\u00edticos \u201cinexistentes\u201d en Venezuela - ElCanillita.Info","robots":{"index":"index","follow":"follow","max-snippet":"max-snippet:-1","max-image-preview":"max-image-preview:large","max-video-preview":"max-video-preview:-1"},"canonical":"https:\/\/elcanillita.info\/press\/2026\/01\/16\/side-dnu\/","og_locale":"es_ES","og_type":"article","og_title":"El DNU de la SIDE ingresa al Congreso\u2026 y Bullrich manda a \u201crescatar\u201d a los presos pol\u00edticos \u201cinexistentes\u201d en Venezuela - ElCanillita.Info","og_description":"Mientras el Gobierno de Javier Milei intenta blindar por decreto las nuevas facultades de la SIDE frente al Congreso, desde otro costado de la pol\u00edtica Patricia Bullrich reclama la liberaci\u00f3n de argentinos \u201csubregistrados\u201d como presos pol\u00edticos en Venezuela, en una escena que parece salida de una comedia de enredos.","og_url":"https:\/\/elcanillita.info\/press\/2026\/01\/16\/side-dnu\/","og_site_name":"ElCanillita.Info","article_publisher":"https:\/\/ar-ar.facebook.com\/ElCanillitainfo-114249515285712\/","article_published_time":"2026-01-16T06:26:54+00:00","og_image":[{"width":850,"height":567,"url":"https:\/\/elcanillita.info\/press\/images\/2026\/01\/img_1466.jpg","type":"image\/jpeg"}],"author":"SalaStampa.eu, world press service","twitter_card":"summary_large_image","twitter_misc":{"Escrito por":"SalaStampa.eu, world press service","Tiempo de lectura":"3 minutos"},"schema":{"@context":"https:\/\/schema.org","@graph":[{"@type":"Article","@id":"https:\/\/elcanillita.info\/press\/2026\/01\/16\/side-dnu\/#article","isPartOf":{"@id":"https:\/\/elcanillita.info\/press\/2026\/01\/16\/side-dnu\/"},"author":{"name":"SalaStampa.eu, world press service","@id":"https:\/\/elcanillita.info\/press\/#\/schema\/person\/7fcb79f38045700919f7da6d97e71ba0"},"headline":"El DNU de la SIDE ingresa al Congreso\u2026 y Bullrich manda a \u201crescatar\u201d a los presos pol\u00edticos \u201cinexistentes\u201d en Venezuela","datePublished":"2026-01-16T06:26:54+00:00","mainEntityOfPage":{"@id":"https:\/\/elcanillita.info\/press\/2026\/01\/16\/side-dnu\/"},"wordCount":620,"publisher":{"@id":"https:\/\/elcanillita.info\/press\/#organization"},"image":{"@id":"https:\/\/elcanillita.info\/press\/2026\/01\/16\/side-dnu\/#primaryimage"},"thumbnailUrl":"https:\/\/elcanillita.info\/press\/images\/2026\/01\/img_1466.jpg","keywords":["Argentina"],"articleSection":[".",".","Actualidad","Am\u00e9rica del Sur","Politica","Terrorismo"],"inLanguage":"es-AR"},{"@type":"WebPage","@id":"https:\/\/elcanillita.info\/press\/2026\/01\/16\/side-dnu\/","url":"https:\/\/elcanillita.info\/press\/2026\/01\/16\/side-dnu\/","name":"El DNU de la SIDE ingresa al Congreso\u2026 y Bullrich manda a \u201crescatar\u201d a los presos pol\u00edticos \u201cinexistentes\u201d en Venezuela - ElCanillita.Info","isPartOf":{"@id":"https:\/\/elcanillita.info\/press\/#website"},"primaryImageOfPage":{"@id":"https:\/\/elcanillita.info\/press\/2026\/01\/16\/side-dnu\/#primaryimage"},"image":{"@id":"https:\/\/elcanillita.info\/press\/2026\/01\/16\/side-dnu\/#primaryimage"},"thumbnailUrl":"https:\/\/elcanillita.info\/press\/images\/2026\/01\/img_1466.jpg","datePublished":"2026-01-16T06:26:54+00:00","inLanguage":"es-AR","potentialAction":[{"@type":"ReadAction","target":["https:\/\/elcanillita.info\/press\/2026\/01\/16\/side-dnu\/"]}]},{"@type":"ImageObject","inLanguage":"es-AR","@id":"https:\/\/elcanillita.info\/press\/2026\/01\/16\/side-dnu\/#primaryimage","url":"https:\/\/elcanillita.info\/press\/images\/2026\/01\/img_1466.jpg","contentUrl":"https:\/\/elcanillita.info\/press\/images\/2026\/01\/img_1466.jpg","width":850,"height":567},{"@type":"WebSite","@id":"https:\/\/elcanillita.info\/press\/#website","url":"https:\/\/elcanillita.info\/press\/","name":"ElCanillita.Info","description":"desde los Apeninos a los Andes","publisher":{"@id":"https:\/\/elcanillita.info\/press\/#organization"},"potentialAction":[{"@type":"SearchAction","target":{"@type":"EntryPoint","urlTemplate":"https:\/\/elcanillita.info\/press\/?s={search_term_string}"},"query-input":{"@type":"PropertyValueSpecification","valueRequired":true,"valueName":"search_term_string"}}],"inLanguage":"es-AR"},{"@type":"Organization","@id":"https:\/\/elcanillita.info\/press\/#organization","name":"Guzzo Photos & Graphic Publications","url":"https:\/\/elcanillita.info\/press\/","logo":{"@type":"ImageObject","inLanguage":"es-AR","@id":"https:\/\/elcanillita.info\/press\/#\/schema\/logo\/image\/","url":"https:\/\/elcanillita.info\/press\/images\/2020\/01\/cropped-cropped-cropped-elcanillitainfo.png","contentUrl":"https:\/\/elcanillita.info\/press\/images\/2020\/01\/cropped-cropped-cropped-elcanillitainfo.png","width":460,"height":50,"caption":"Guzzo Photos & Graphic Publications"},"image":{"@id":"https:\/\/elcanillita.info\/press\/#\/schema\/logo\/image\/"},"sameAs":["https:\/\/ar-ar.facebook.com\/ElCanillitainfo-114249515285712\/"]},{"@type":"Person","@id":"https:\/\/elcanillita.info\/press\/#\/schema\/person\/7fcb79f38045700919f7da6d97e71ba0","name":"SalaStampa.eu, world press service","image":{"@type":"ImageObject","inLanguage":"es-AR","@id":"https:\/\/secure.gravatar.com\/avatar\/c2f0e0d515a107624234994507816ca4724c7199cef73fc8bedebf6931d73888?s=96&d=mm&r=g","url":"https:\/\/secure.gravatar.com\/avatar\/c2f0e0d515a107624234994507816ca4724c7199cef73fc8bedebf6931d73888?s=96&d=mm&r=g","contentUrl":"https:\/\/secure.gravatar.com\/avatar\/c2f0e0d515a107624234994507816ca4724c7199cef73fc8bedebf6931d73888?s=96&d=mm&r=g","caption":"SalaStampa.eu, world press service"}}]}},"views":135,"_links":{"self":[{"href":"https:\/\/elcanillita.info\/press\/wp-json\/wp\/v2\/posts\/5803","targetHints":{"allow":["GET"]}}],"collection":[{"href":"https:\/\/elcanillita.info\/press\/wp-json\/wp\/v2\/posts"}],"about":[{"href":"https:\/\/elcanillita.info\/press\/wp-json\/wp\/v2\/types\/post"}],"author":[{"embeddable":true,"href":"https:\/\/elcanillita.info\/press\/wp-json\/wp\/v2\/users\/1"}],"replies":[{"embeddable":true,"href":"https:\/\/elcanillita.info\/press\/wp-json\/wp\/v2\/comments?post=5803"}],"version-history":[{"count":0,"href":"https:\/\/elcanillita.info\/press\/wp-json\/wp\/v2\/posts\/5803\/revisions"}],"wp:featuredmedia":[{"embeddable":true,"href":"https:\/\/elcanillita.info\/press\/wp-json\/wp\/v2\/media\/5804"}],"wp:attachment":[{"href":"https:\/\/elcanillita.info\/press\/wp-json\/wp\/v2\/media?parent=5803"}],"wp:term":[{"taxonomy":"category","embeddable":true,"href":"https:\/\/elcanillita.info\/press\/wp-json\/wp\/v2\/categories?post=5803"},{"taxonomy":"post_tag","embeddable":true,"href":"https:\/\/elcanillita.info\/press\/wp-json\/wp\/v2\/tags?post=5803"}],"curies":[{"name":"wp","href":"https:\/\/api.w.org\/{rel}","templated":true}]}}