{"id":580,"date":"2020-02-25T09:20:24","date_gmt":"2020-02-25T12:20:24","guid":{"rendered":"https:\/\/elcanillita.info\/press\/?p=580"},"modified":"2020-02-25T09:21:36","modified_gmt":"2020-02-25T12:21:36","slug":"coronavirus-europa-alarma-mundial","status":"publish","type":"post","link":"https:\/\/elcanillita.info\/press\/2020\/02\/25\/coronavirus-europa-alarma-mundial\/","title":{"rendered":"Coronavirus llega a Europa, la alarma es mundial"},"content":{"rendered":"\n<p>Pekin, 25.02.2020 &#8211; China volvi\u00f3 a reportar este lunes menos casos nuevos de coronavirus, pero la epidemia ha comenzado a expandirse en el exterior, con reportes de m\u00e1s infecciones en Italia, Ir\u00e1n y Corea del Sur, que est\u00e1n generando alarma y nuevas preocupaciones de la Organizaci\u00f3n Mundial de la Salud, OMS.<\/p>\n\n\n\n<p>Tambi\u00e9n los mercados han sufrido el efecto y los inversionistas recurrieron al oro en medio de p\u00e9rdidas atribuidas a las advertencias de algunas compa\u00f1\u00edas sobre el efecto que tendr\u00e1 el coronavirus en sus cadenas de suministros y en la salud financiera en general.<\/p>\n\n\n\n<p>Excluyendo a la provincia central de Hubei, el centro de la epidemia, China report\u00f3 solamente 11 nuevos casos. En Hubei, sin embargo, la cifra fue de 409, menor que la del d\u00eda anterior de 648.<\/p>\n\n\n\n<p>En total, el virus ha infectado a 77.150 personas en China, y la cantidad de muertos asciende a 2.592, en su gran mayor\u00eda en Hubei.<\/p>\n\n\n\n<p>China anunci\u00f3 este lunes que seguir\u00e1 manteniendo las restricciones de viajes impuestas a Hubei y en especial a la ciudad de Wuhan, pero alivi\u00f3 algunas en Beijing.<\/p>\n\n\n\n<p>China: Wuhan revoca su decisi\u00f3n de aliviar el bloqueo por el coronavirus<\/p>\n\n\n\n<p>No obstante, los dirigentes chinos decidieron aplaza su reuni\u00f3n pol\u00edtica m\u00e1s importante del a\u00f1o, Congreso Popular Nacional, para una nueva fecha.<br>\nMuchos nuevos casos fuera de China<\/p>\n\n\n\n<p>El foco de la atenci\u00f3n por el coronavirus est\u00e1 centrado ahora en Italia, Corea del Sur e Ir\u00e1n, donde los casos se multiplicaron alarmantemente desde la semana pasada.<\/p>\n\n\n\n<p>Corea del Sur report\u00f3 231 casos nuevos, con lo que ya suma 833. La mayor\u00eda son en la ciudad de Dagu, la cuarta en poblaci\u00f3n del pa\u00eds.<\/p>\n\n\n\n<p>Una larga fila de personas esperan para comprar mascarillas en Dagu, Corea del Sur, donde se han reportado cientos de casos de coronavirsus, el 24 de febrero de 2020.<\/p>\n\n\n\n<p>Ir\u00e1n, que anunci\u00f3 sus dos primeros casos el mi\u00e9rcoles pasado, ya ha confirmado 43 con ocho muertes, casi todos en la ciudad de Qom.<\/p>\n\n\n\n<p>En el norte de Italia, las infecciones se dispararon de tres a 150 desde el viernes y ya son cinco los muertos. Italia se ha convertido en un foco del brote en Europa y de los temores a que se propague.<\/p>\n\n\n\n<p>Las autoridades a\u00fan no han localizado el origen del contagio, que este lunes se expandi\u00f3 a m\u00e1s de media docena de regiones e hizo que Austria paralizara temporalmente el tr\u00e1fico ferroviario en su frontera con Italia.<\/p>\n\n\n\n<p>Tambi\u00e9n muchos eventos tradicionales fueron suspendidos, como el Carnaval de Venecia, partidos de f\u00fatbol en el \u00e1rea afectada y espect\u00e1culos de \u00f3pera y teatro, como en la legendaria La Scala de Mil\u00e1n. El Norte de Italia empieza a aislarse por coronavirus<\/p>\n\n\n\n<p><strong>Medidas y advertencias<\/strong><\/p>\n\n\n\n<p>La Organizaci\u00f3n Mundial de la Salud insisti\u00f3 en que el brote de coronavirus sigue siendo una emergencia internacional.<\/p>\n\n\n\n<p>&#8220;Estamos especialmente preocupados por el r\u00e1pido aumento de los casos en \u2026 Ir\u00e1n, Italia y Corea del Sur\u201d, dijo el director de la OMS, Tedros Adhanom Ghebreyesus, en una conferencia de prensa desde Ginebra.<\/p>\n\n\n\n<p>La OMS hab\u00eda advertido desde hace varias semanas su temor a que el brote llegara a pa\u00edses con d\u00e9biles sistemas de atenci\u00f3n de la salud.<\/p>\n\n\n\n<p>Los cient\u00edficos en todo el mundo est\u00e1n luchando para analizar el virus, pero la elaboraci\u00f3n de una vacuna podr\u00eda tardar un a\u00f1o m\u00e1s. Presidente de China pide m\u00e1s esfuerzos contra coronavirus<br><br> <small>2020 voanoticias \u2013 salastampa.eu, afiliada a la red Broadcasting Board of Governors \u00a9 2020 BBG<\/small> <\/p>\n","protected":false},"excerpt":{"rendered":"<p>Pekin, 24.02.2020 &#8211; China volvi\u00f3 a reportar este lunes menos casos nuevos de coronavirus, pero la epidemia ha comenzado a expandirse en el exterior, con reportes de m\u00e1s infecciones en Italia, Ir\u00e1n y Corea del Sur, que est\u00e1n generando alarma y nuevas preocupaciones de la Organizaci\u00f3n Mundial de la Salud, OMS.<\/p>\n","protected":false},"author":1,"featured_media":0,"comment_status":"closed","ping_status":"closed","sticky":false,"template":"","format":"standard","meta":{"footnotes":"","_links_to":"","_links_to_target":""},"categories":[70,16,78,25],"tags":[55],"class_list":["post-580","post","type-post","status-publish","format-standard","hentry","category-actualidad","category-asia","category-sanidad","category-sociedad","tag-china","entry","double"],"yoast_head":"<!-- This site is optimized with the Yoast SEO plugin v27.5 - https:\/\/yoast.com\/product\/yoast-seo-wordpress\/ -->\n<title>Coronavirus llega a Europa, la alarma es mundial - ElCanillita.Info<\/title>\n<meta name=\"robots\" content=\"index, follow, max-snippet:-1, max-image-preview:large, max-video-preview:-1\" \/>\n<link rel=\"canonical\" href=\"https:\/\/elcanillita.info\/press\/2020\/02\/25\/coronavirus-europa-alarma-mundial\/\" \/>\n<meta property=\"og:locale\" content=\"es_ES\" \/>\n<meta property=\"og:type\" content=\"article\" \/>\n<meta property=\"og:title\" content=\"Coronavirus llega a Europa, la alarma es mundial - ElCanillita.Info\" \/>\n<meta property=\"og:description\" content=\"Pekin, 24.02.2020 - China volvi\u00f3 a reportar este lunes menos casos nuevos de coronavirus, pero la epidemia ha comenzado a expandirse en el exterior, con reportes de m\u00e1s infecciones en Italia, Ir\u00e1n y Corea del Sur, que est\u00e1n generando alarma y nuevas preocupaciones de la Organizaci\u00f3n Mundial de la Salud, OMS.\" \/>\n<meta property=\"og:url\" content=\"https:\/\/elcanillita.info\/press\/2020\/02\/25\/coronavirus-europa-alarma-mundial\/\" \/>\n<meta property=\"og:site_name\" content=\"ElCanillita.Info\" \/>\n<meta property=\"article:publisher\" content=\"https:\/\/ar-ar.facebook.com\/ElCanillitainfo-114249515285712\/\" \/>\n<meta property=\"article:published_time\" content=\"2020-02-25T12:20:24+00:00\" \/>\n<meta property=\"article:modified_time\" content=\"2020-02-25T12:21:36+00:00\" \/>\n<meta name=\"author\" content=\"SalaStampa.eu, world press service\" \/>\n<meta name=\"twitter:card\" content=\"summary_large_image\" \/>\n<meta name=\"twitter:label1\" content=\"Escrito por\" \/>\n\t<meta name=\"twitter:data1\" content=\"SalaStampa.eu, world press service\" \/>\n\t<meta name=\"twitter:label2\" content=\"Tiempo de lectura\" \/>\n\t<meta name=\"twitter:data2\" content=\"3 minutos\" \/>\n<script type=\"application\/ld+json\" class=\"yoast-schema-graph\">{\"@context\":\"https:\\\/\\\/schema.org\",\"@graph\":[{\"@type\":\"Article\",\"@id\":\"https:\\\/\\\/elcanillita.info\\\/press\\\/2020\\\/02\\\/25\\\/coronavirus-europa-alarma-mundial\\\/#article\",\"isPartOf\":{\"@id\":\"https:\\\/\\\/elcanillita.info\\\/press\\\/2020\\\/02\\\/25\\\/coronavirus-europa-alarma-mundial\\\/\"},\"author\":{\"name\":\"SalaStampa.eu, world press service\",\"@id\":\"https:\\\/\\\/elcanillita.info\\\/press\\\/#\\\/schema\\\/person\\\/7fcb79f38045700919f7da6d97e71ba0\"},\"headline\":\"Coronavirus llega a Europa, la alarma es mundial\",\"datePublished\":\"2020-02-25T12:20:24+00:00\",\"dateModified\":\"2020-02-25T12:21:36+00:00\",\"mainEntityOfPage\":{\"@id\":\"https:\\\/\\\/elcanillita.info\\\/press\\\/2020\\\/02\\\/25\\\/coronavirus-europa-alarma-mundial\\\/\"},\"wordCount\":606,\"publisher\":{\"@id\":\"https:\\\/\\\/elcanillita.info\\\/press\\\/#organization\"},\"keywords\":[\"China\"],\"articleSection\":[\"Actualidad\",\"Asia\",\"Sanidad\",\"Sociedad\"],\"inLanguage\":\"es-AR\"},{\"@type\":\"WebPage\",\"@id\":\"https:\\\/\\\/elcanillita.info\\\/press\\\/2020\\\/02\\\/25\\\/coronavirus-europa-alarma-mundial\\\/\",\"url\":\"https:\\\/\\\/elcanillita.info\\\/press\\\/2020\\\/02\\\/25\\\/coronavirus-europa-alarma-mundial\\\/\",\"name\":\"Coronavirus llega a Europa, la alarma es mundial - ElCanillita.Info\",\"isPartOf\":{\"@id\":\"https:\\\/\\\/elcanillita.info\\\/press\\\/#website\"},\"datePublished\":\"2020-02-25T12:20:24+00:00\",\"dateModified\":\"2020-02-25T12:21:36+00:00\",\"inLanguage\":\"es-AR\",\"potentialAction\":[{\"@type\":\"ReadAction\",\"target\":[\"https:\\\/\\\/elcanillita.info\\\/press\\\/2020\\\/02\\\/25\\\/coronavirus-europa-alarma-mundial\\\/\"]}]},{\"@type\":\"WebSite\",\"@id\":\"https:\\\/\\\/elcanillita.info\\\/press\\\/#website\",\"url\":\"https:\\\/\\\/elcanillita.info\\\/press\\\/\",\"name\":\"ElCanillita.Info\",\"description\":\"desde los Apeninos a los Andes\",\"publisher\":{\"@id\":\"https:\\\/\\\/elcanillita.info\\\/press\\\/#organization\"},\"potentialAction\":[{\"@type\":\"SearchAction\",\"target\":{\"@type\":\"EntryPoint\",\"urlTemplate\":\"https:\\\/\\\/elcanillita.info\\\/press\\\/?s={search_term_string}\"},\"query-input\":{\"@type\":\"PropertyValueSpecification\",\"valueRequired\":true,\"valueName\":\"search_term_string\"}}],\"inLanguage\":\"es-AR\"},{\"@type\":\"Organization\",\"@id\":\"https:\\\/\\\/elcanillita.info\\\/press\\\/#organization\",\"name\":\"Guzzo Photos & Graphic Publications\",\"url\":\"https:\\\/\\\/elcanillita.info\\\/press\\\/\",\"logo\":{\"@type\":\"ImageObject\",\"inLanguage\":\"es-AR\",\"@id\":\"https:\\\/\\\/elcanillita.info\\\/press\\\/#\\\/schema\\\/logo\\\/image\\\/\",\"url\":\"https:\\\/\\\/elcanillita.info\\\/press\\\/images\\\/2020\\\/01\\\/cropped-cropped-cropped-elcanillitainfo.png\",\"contentUrl\":\"https:\\\/\\\/elcanillita.info\\\/press\\\/images\\\/2020\\\/01\\\/cropped-cropped-cropped-elcanillitainfo.png\",\"width\":460,\"height\":50,\"caption\":\"Guzzo Photos & Graphic Publications\"},\"image\":{\"@id\":\"https:\\\/\\\/elcanillita.info\\\/press\\\/#\\\/schema\\\/logo\\\/image\\\/\"},\"sameAs\":[\"https:\\\/\\\/ar-ar.facebook.com\\\/ElCanillitainfo-114249515285712\\\/\"]},{\"@type\":\"Person\",\"@id\":\"https:\\\/\\\/elcanillita.info\\\/press\\\/#\\\/schema\\\/person\\\/7fcb79f38045700919f7da6d97e71ba0\",\"name\":\"SalaStampa.eu, world press service\",\"image\":{\"@type\":\"ImageObject\",\"inLanguage\":\"es-AR\",\"@id\":\"https:\\\/\\\/secure.gravatar.com\\\/avatar\\\/c2f0e0d515a107624234994507816ca4724c7199cef73fc8bedebf6931d73888?s=96&d=mm&r=g\",\"url\":\"https:\\\/\\\/secure.gravatar.com\\\/avatar\\\/c2f0e0d515a107624234994507816ca4724c7199cef73fc8bedebf6931d73888?s=96&d=mm&r=g\",\"contentUrl\":\"https:\\\/\\\/secure.gravatar.com\\\/avatar\\\/c2f0e0d515a107624234994507816ca4724c7199cef73fc8bedebf6931d73888?s=96&d=mm&r=g\",\"caption\":\"SalaStampa.eu, world press service\"}}]}<\/script>\n<!-- \/ Yoast SEO plugin. -->","yoast_head_json":{"title":"Coronavirus llega a Europa, la alarma es mundial - ElCanillita.Info","robots":{"index":"index","follow":"follow","max-snippet":"max-snippet:-1","max-image-preview":"max-image-preview:large","max-video-preview":"max-video-preview:-1"},"canonical":"https:\/\/elcanillita.info\/press\/2020\/02\/25\/coronavirus-europa-alarma-mundial\/","og_locale":"es_ES","og_type":"article","og_title":"Coronavirus llega a Europa, la alarma es mundial - ElCanillita.Info","og_description":"Pekin, 24.02.2020 - China volvi\u00f3 a reportar este lunes menos casos nuevos de coronavirus, pero la epidemia ha comenzado a expandirse en el exterior, con reportes de m\u00e1s infecciones en Italia, Ir\u00e1n y Corea del Sur, que est\u00e1n generando alarma y nuevas preocupaciones de la Organizaci\u00f3n Mundial de la Salud, OMS.","og_url":"https:\/\/elcanillita.info\/press\/2020\/02\/25\/coronavirus-europa-alarma-mundial\/","og_site_name":"ElCanillita.Info","article_publisher":"https:\/\/ar-ar.facebook.com\/ElCanillitainfo-114249515285712\/","article_published_time":"2020-02-25T12:20:24+00:00","article_modified_time":"2020-02-25T12:21:36+00:00","author":"SalaStampa.eu, world press service","twitter_card":"summary_large_image","twitter_misc":{"Escrito por":"SalaStampa.eu, world press service","Tiempo de lectura":"3 minutos"},"schema":{"@context":"https:\/\/schema.org","@graph":[{"@type":"Article","@id":"https:\/\/elcanillita.info\/press\/2020\/02\/25\/coronavirus-europa-alarma-mundial\/#article","isPartOf":{"@id":"https:\/\/elcanillita.info\/press\/2020\/02\/25\/coronavirus-europa-alarma-mundial\/"},"author":{"name":"SalaStampa.eu, world press service","@id":"https:\/\/elcanillita.info\/press\/#\/schema\/person\/7fcb79f38045700919f7da6d97e71ba0"},"headline":"Coronavirus llega a Europa, la alarma es mundial","datePublished":"2020-02-25T12:20:24+00:00","dateModified":"2020-02-25T12:21:36+00:00","mainEntityOfPage":{"@id":"https:\/\/elcanillita.info\/press\/2020\/02\/25\/coronavirus-europa-alarma-mundial\/"},"wordCount":606,"publisher":{"@id":"https:\/\/elcanillita.info\/press\/#organization"},"keywords":["China"],"articleSection":["Actualidad","Asia","Sanidad","Sociedad"],"inLanguage":"es-AR"},{"@type":"WebPage","@id":"https:\/\/elcanillita.info\/press\/2020\/02\/25\/coronavirus-europa-alarma-mundial\/","url":"https:\/\/elcanillita.info\/press\/2020\/02\/25\/coronavirus-europa-alarma-mundial\/","name":"Coronavirus llega a Europa, la alarma es mundial - ElCanillita.Info","isPartOf":{"@id":"https:\/\/elcanillita.info\/press\/#website"},"datePublished":"2020-02-25T12:20:24+00:00","dateModified":"2020-02-25T12:21:36+00:00","inLanguage":"es-AR","potentialAction":[{"@type":"ReadAction","target":["https:\/\/elcanillita.info\/press\/2020\/02\/25\/coronavirus-europa-alarma-mundial\/"]}]},{"@type":"WebSite","@id":"https:\/\/elcanillita.info\/press\/#website","url":"https:\/\/elcanillita.info\/press\/","name":"ElCanillita.Info","description":"desde los Apeninos a los Andes","publisher":{"@id":"https:\/\/elcanillita.info\/press\/#organization"},"potentialAction":[{"@type":"SearchAction","target":{"@type":"EntryPoint","urlTemplate":"https:\/\/elcanillita.info\/press\/?s={search_term_string}"},"query-input":{"@type":"PropertyValueSpecification","valueRequired":true,"valueName":"search_term_string"}}],"inLanguage":"es-AR"},{"@type":"Organization","@id":"https:\/\/elcanillita.info\/press\/#organization","name":"Guzzo Photos & Graphic Publications","url":"https:\/\/elcanillita.info\/press\/","logo":{"@type":"ImageObject","inLanguage":"es-AR","@id":"https:\/\/elcanillita.info\/press\/#\/schema\/logo\/image\/","url":"https:\/\/elcanillita.info\/press\/images\/2020\/01\/cropped-cropped-cropped-elcanillitainfo.png","contentUrl":"https:\/\/elcanillita.info\/press\/images\/2020\/01\/cropped-cropped-cropped-elcanillitainfo.png","width":460,"height":50,"caption":"Guzzo Photos & Graphic Publications"},"image":{"@id":"https:\/\/elcanillita.info\/press\/#\/schema\/logo\/image\/"},"sameAs":["https:\/\/ar-ar.facebook.com\/ElCanillitainfo-114249515285712\/"]},{"@type":"Person","@id":"https:\/\/elcanillita.info\/press\/#\/schema\/person\/7fcb79f38045700919f7da6d97e71ba0","name":"SalaStampa.eu, world press service","image":{"@type":"ImageObject","inLanguage":"es-AR","@id":"https:\/\/secure.gravatar.com\/avatar\/c2f0e0d515a107624234994507816ca4724c7199cef73fc8bedebf6931d73888?s=96&d=mm&r=g","url":"https:\/\/secure.gravatar.com\/avatar\/c2f0e0d515a107624234994507816ca4724c7199cef73fc8bedebf6931d73888?s=96&d=mm&r=g","contentUrl":"https:\/\/secure.gravatar.com\/avatar\/c2f0e0d515a107624234994507816ca4724c7199cef73fc8bedebf6931d73888?s=96&d=mm&r=g","caption":"SalaStampa.eu, world press service"}}]}},"views":755,"_links":{"self":[{"href":"https:\/\/elcanillita.info\/press\/wp-json\/wp\/v2\/posts\/580","targetHints":{"allow":["GET"]}}],"collection":[{"href":"https:\/\/elcanillita.info\/press\/wp-json\/wp\/v2\/posts"}],"about":[{"href":"https:\/\/elcanillita.info\/press\/wp-json\/wp\/v2\/types\/post"}],"author":[{"embeddable":true,"href":"https:\/\/elcanillita.info\/press\/wp-json\/wp\/v2\/users\/1"}],"replies":[{"embeddable":true,"href":"https:\/\/elcanillita.info\/press\/wp-json\/wp\/v2\/comments?post=580"}],"version-history":[{"count":0,"href":"https:\/\/elcanillita.info\/press\/wp-json\/wp\/v2\/posts\/580\/revisions"}],"wp:attachment":[{"href":"https:\/\/elcanillita.info\/press\/wp-json\/wp\/v2\/media?parent=580"}],"wp:term":[{"taxonomy":"category","embeddable":true,"href":"https:\/\/elcanillita.info\/press\/wp-json\/wp\/v2\/categories?post=580"},{"taxonomy":"post_tag","embeddable":true,"href":"https:\/\/elcanillita.info\/press\/wp-json\/wp\/v2\/tags?post=580"}],"curies":[{"name":"wp","href":"https:\/\/api.w.org\/{rel}","templated":true}]}}