{"id":5795,"date":"2026-01-12T22:34:56","date_gmt":"2026-01-13T01:34:56","guid":{"rendered":"https:\/\/elcanillita.info\/press\/?p=5795"},"modified":"2026-01-13T12:24:09","modified_gmt":"2026-01-13T15:24:09","slug":"discordia-presidencial","status":"publish","type":"post","link":"https:\/\/elcanillita.info\/press\/2026\/01\/12\/discordia-presidencial\/","title":{"rendered":"\u00bfArde Argentina?"},"content":{"rendered":"\n<figure class=\"wp-block-image size-large\"><img loading=\"lazy\" decoding=\"async\" width=\"567\" height=\"851\" src=\"https:\/\/elcanillita.info\/press\/images\/2026\/01\/img_1453-1.jpg\" alt=\"\" class=\"wp-image-5800\" srcset=\"https:\/\/elcanillita.info\/press\/images\/2026\/01\/img_1453-1.jpg 567w, https:\/\/elcanillita.info\/press\/images\/2026\/01\/img_1453-1-200x300.jpg 200w\" sizes=\"auto, (max-width: 567px) 100vw, 567px\" \/><\/figure>\n\n\n\n<p class=\"p1\">El fuego avanza en el sur y, como suele ocurrir, tambi\u00e9n lo hace la pol\u00edtica. Esta vez no por una ley ni por un decreto, sino por un helic\u00f3ptero que habr\u00eda pedido \u2014o no\u2014 la vicepresidenta <a href=\"chatgpt:\/\/generic-entity?number=0\">Victoria Villarruel<\/a> para recorrer <a href=\"chatgpt:\/\/generic-entity?number=1\">Chubut<\/a>.<\/p>\n\n\n\n<p class=\"p1\">Seg\u00fan versiones oficiales, la solicitud habr\u00eda llegado a la <a href=\"chatgpt:\/\/generic-entity?number=2\">Agencia Federal de Emergencias<\/a>, dependiente del Ministerio de Seguridad. La respuesta fue negativa y el episodio se convirti\u00f3 en algo m\u00e1s que una an\u00e9cdota log\u00edstica: una nueva muesca en la interna del poder libertario.<\/p>\n\n\n\n<p class=\"p1\">Desde el entorno de Villarruel negaron el pedido. Desde el Ejecutivo, en cambio, dejaron correr la versi\u00f3n. Entre desmentidas y off the record, el helic\u00f3ptero termin\u00f3 volando sin despegar, cargado de significados pol\u00edticos.<\/p>\n\n\n\n<p class=\"p1\">No es la primera vez que la vicepresidenta queda al margen del c\u00edrculo de decisiones. La titular del Senado parece moverse en una autonom\u00eda vigilada: puede viajar, puede hablar, pero no siempre puede despegar.<\/p>\n\n\n\n<p class=\"p1\">La paradoja es evidente. Mientras el fuego real arrasa miles de hect\u00e1reas, el incendio simb\u00f3lico consume la coordinaci\u00f3n pol\u00edtica. En el oficialismo, la interna termin\u00f3 desplazando al incendio: el foco ya no est\u00e1 en la respuesta del Estado, sino en la pulseada de poder.<\/p>\n\n\n\n<p class=\"p1\">En paralelo, el presidente <a href=\"chatgpt:\/\/generic-entity?number=3\">Javier Milei<\/a> eligi\u00f3 el tono \u00e9pico desde las redes sociales. Agradeci\u00f3 a brigadistas, bomberos y voluntarios, y destac\u00f3 el hero\u00edsmo de quienes combaten las llamas en la <a href=\"chatgpt:\/\/generic-entity?number=4\">Patagonia<\/a>. Mensaje sobrio, distancia prudente.<\/p>\n\n\n\n<p class=\"p1\">La ministra <a href=\"chatgpt:\/\/generic-entity?number=5\">Alejandra Monteoliva<\/a> qued\u00f3, sin buscarlo, en el centro del episodio. Su cartera administra los recursos y, por estas horas, tambi\u00e9n los silencios inc\u00f3modos.<\/p>\n\n\n\n<p class=\"p1\">As\u00ed, entre helic\u00f3pteros imaginarios y fuegos muy reales, la pol\u00edtica vuelve a mostrar su costado m\u00e1s inflamable. En Argentina, a veces, lo que m\u00e1s arde no es el bosque, sino el poder.<\/p>\n\n\n\n<p><\/p>\n\n\n\n<p>\u270d\ufe0f \u00a9 2026&nbsp; El Cart\u00f3grafo del Desorden &#8211; All Rights Reserved<\/p>\n\n\n\n<p><\/p>\n\n\n<hr style=\"\n    border: none;\n    height: 1px;\n    background: linear-gradient(to right, transparent, #ccc, transparent);\n    margin: 0;\n\" \/>\n<\/p>\n<p><small>\u00a9\ufe0f2026  Guzzo Photos  &#038; Graphic Publications \u2013 All Rights Reserved \u2013 Copyright \u00a9\ufe0f 2026 SalaStampa.eu, world press service \u2013 Guzzo Photos &#038; Graphic Publications \u2013 Registro Editori e Stampatori n. 1441 Turin, Italy<\/small><\/p>\n\n\n<p><\/p>\n","protected":false},"excerpt":{"rendered":"<p>Una supuesta solicitud de helic\u00f3ptero de la vicepresidenta para sobrevolar los incendios en Chubut reaviva la interna libertaria y expone, entre cenizas y comunicados, un poder que se quema puertas adentro.<\/p>\n","protected":false},"author":14,"featured_media":5800,"comment_status":"closed","ping_status":"","sticky":false,"template":"","format":"standard","meta":{"footnotes":"","_links_to":"","_links_to_target":""},"categories":[1],"tags":[29],"class_list":["post-5795","post","type-post","status-publish","format-standard","has-post-thumbnail","hentry","category-archivo","tag-argentina","entry","double"],"yoast_head":"<!-- This site is optimized with the Yoast SEO plugin v27.5 - https:\/\/yoast.com\/product\/yoast-seo-wordpress\/ -->\n<title>\u00bfArde Argentina? - ElCanillita.Info<\/title>\n<meta name=\"robots\" content=\"index, follow, max-snippet:-1, max-image-preview:large, max-video-preview:-1\" \/>\n<link rel=\"canonical\" href=\"https:\/\/elcanillita.info\/press\/2026\/01\/12\/discordia-presidencial\/\" \/>\n<meta property=\"og:locale\" content=\"es_ES\" \/>\n<meta property=\"og:type\" content=\"article\" \/>\n<meta property=\"og:title\" content=\"\u00bfArde Argentina? - ElCanillita.Info\" \/>\n<meta property=\"og:description\" content=\"Una supuesta solicitud de helic\u00f3ptero de la vicepresidenta para sobrevolar los incendios en Chubut reaviva la interna libertaria y expone, entre cenizas y comunicados, un poder que se quema puertas adentro.\" \/>\n<meta property=\"og:url\" content=\"https:\/\/elcanillita.info\/press\/2026\/01\/12\/discordia-presidencial\/\" \/>\n<meta property=\"og:site_name\" content=\"ElCanillita.Info\" \/>\n<meta property=\"article:publisher\" content=\"https:\/\/ar-ar.facebook.com\/ElCanillitainfo-114249515285712\/\" \/>\n<meta property=\"article:published_time\" content=\"2026-01-13T01:34:56+00:00\" \/>\n<meta property=\"article:modified_time\" content=\"2026-01-13T15:24:09+00:00\" \/>\n<meta property=\"og:image\" content=\"https:\/\/elcanillita.info\/press\/images\/2026\/01\/img_1453-1.jpg\" \/>\n\t<meta property=\"og:image:width\" content=\"567\" \/>\n\t<meta property=\"og:image:height\" content=\"851\" \/>\n\t<meta property=\"og:image:type\" content=\"image\/jpeg\" \/>\n<meta name=\"author\" content=\"ElCanillita.info Guzzo Photos &amp; Graphic Publications\" \/>\n<meta name=\"twitter:card\" content=\"summary_large_image\" \/>\n<meta name=\"twitter:label1\" content=\"Escrito por\" \/>\n\t<meta name=\"twitter:data1\" content=\"ElCanillita.info Guzzo Photos &amp; Graphic Publications\" \/>\n\t<meta name=\"twitter:label2\" content=\"Tiempo de lectura\" \/>\n\t<meta name=\"twitter:data2\" content=\"2 minutos\" \/>\n<script type=\"application\/ld+json\" class=\"yoast-schema-graph\">{\"@context\":\"https:\\\/\\\/schema.org\",\"@graph\":[{\"@type\":\"Article\",\"@id\":\"https:\\\/\\\/elcanillita.info\\\/press\\\/2026\\\/01\\\/12\\\/discordia-presidencial\\\/#article\",\"isPartOf\":{\"@id\":\"https:\\\/\\\/elcanillita.info\\\/press\\\/2026\\\/01\\\/12\\\/discordia-presidencial\\\/\"},\"author\":{\"name\":\"ElCanillita.info Guzzo Photos &amp; Graphic Publications\",\"@id\":\"https:\\\/\\\/elcanillita.info\\\/press\\\/#\\\/schema\\\/person\\\/e37a550cff8f5f3407ed112e4cc619cb\"},\"headline\":\"\u00bfArde Argentina?\",\"datePublished\":\"2026-01-13T01:34:56+00:00\",\"dateModified\":\"2026-01-13T15:24:09+00:00\",\"mainEntityOfPage\":{\"@id\":\"https:\\\/\\\/elcanillita.info\\\/press\\\/2026\\\/01\\\/12\\\/discordia-presidencial\\\/\"},\"wordCount\":349,\"publisher\":{\"@id\":\"https:\\\/\\\/elcanillita.info\\\/press\\\/#organization\"},\"image\":{\"@id\":\"https:\\\/\\\/elcanillita.info\\\/press\\\/2026\\\/01\\\/12\\\/discordia-presidencial\\\/#primaryimage\"},\"thumbnailUrl\":\"https:\\\/\\\/elcanillita.info\\\/press\\\/images\\\/2026\\\/01\\\/img_1453-1.jpg\",\"keywords\":[\"Argentina\"],\"articleSection\":[\"Archivo\"],\"inLanguage\":\"es-AR\"},{\"@type\":\"WebPage\",\"@id\":\"https:\\\/\\\/elcanillita.info\\\/press\\\/2026\\\/01\\\/12\\\/discordia-presidencial\\\/\",\"url\":\"https:\\\/\\\/elcanillita.info\\\/press\\\/2026\\\/01\\\/12\\\/discordia-presidencial\\\/\",\"name\":\"\u00bfArde Argentina? - ElCanillita.Info\",\"isPartOf\":{\"@id\":\"https:\\\/\\\/elcanillita.info\\\/press\\\/#website\"},\"primaryImageOfPage\":{\"@id\":\"https:\\\/\\\/elcanillita.info\\\/press\\\/2026\\\/01\\\/12\\\/discordia-presidencial\\\/#primaryimage\"},\"image\":{\"@id\":\"https:\\\/\\\/elcanillita.info\\\/press\\\/2026\\\/01\\\/12\\\/discordia-presidencial\\\/#primaryimage\"},\"thumbnailUrl\":\"https:\\\/\\\/elcanillita.info\\\/press\\\/images\\\/2026\\\/01\\\/img_1453-1.jpg\",\"datePublished\":\"2026-01-13T01:34:56+00:00\",\"dateModified\":\"2026-01-13T15:24:09+00:00\",\"inLanguage\":\"es-AR\",\"potentialAction\":[{\"@type\":\"ReadAction\",\"target\":[\"https:\\\/\\\/elcanillita.info\\\/press\\\/2026\\\/01\\\/12\\\/discordia-presidencial\\\/\"]}]},{\"@type\":\"ImageObject\",\"inLanguage\":\"es-AR\",\"@id\":\"https:\\\/\\\/elcanillita.info\\\/press\\\/2026\\\/01\\\/12\\\/discordia-presidencial\\\/#primaryimage\",\"url\":\"https:\\\/\\\/elcanillita.info\\\/press\\\/images\\\/2026\\\/01\\\/img_1453-1.jpg\",\"contentUrl\":\"https:\\\/\\\/elcanillita.info\\\/press\\\/images\\\/2026\\\/01\\\/img_1453-1.jpg\",\"width\":567,\"height\":851},{\"@type\":\"WebSite\",\"@id\":\"https:\\\/\\\/elcanillita.info\\\/press\\\/#website\",\"url\":\"https:\\\/\\\/elcanillita.info\\\/press\\\/\",\"name\":\"ElCanillita.Info\",\"description\":\"desde los Apeninos a los Andes\",\"publisher\":{\"@id\":\"https:\\\/\\\/elcanillita.info\\\/press\\\/#organization\"},\"potentialAction\":[{\"@type\":\"SearchAction\",\"target\":{\"@type\":\"EntryPoint\",\"urlTemplate\":\"https:\\\/\\\/elcanillita.info\\\/press\\\/?s={search_term_string}\"},\"query-input\":{\"@type\":\"PropertyValueSpecification\",\"valueRequired\":true,\"valueName\":\"search_term_string\"}}],\"inLanguage\":\"es-AR\"},{\"@type\":\"Organization\",\"@id\":\"https:\\\/\\\/elcanillita.info\\\/press\\\/#organization\",\"name\":\"Guzzo Photos & Graphic Publications\",\"url\":\"https:\\\/\\\/elcanillita.info\\\/press\\\/\",\"logo\":{\"@type\":\"ImageObject\",\"inLanguage\":\"es-AR\",\"@id\":\"https:\\\/\\\/elcanillita.info\\\/press\\\/#\\\/schema\\\/logo\\\/image\\\/\",\"url\":\"https:\\\/\\\/elcanillita.info\\\/press\\\/images\\\/2020\\\/01\\\/cropped-cropped-cropped-elcanillitainfo.png\",\"contentUrl\":\"https:\\\/\\\/elcanillita.info\\\/press\\\/images\\\/2020\\\/01\\\/cropped-cropped-cropped-elcanillitainfo.png\",\"width\":460,\"height\":50,\"caption\":\"Guzzo Photos & Graphic Publications\"},\"image\":{\"@id\":\"https:\\\/\\\/elcanillita.info\\\/press\\\/#\\\/schema\\\/logo\\\/image\\\/\"},\"sameAs\":[\"https:\\\/\\\/ar-ar.facebook.com\\\/ElCanillitainfo-114249515285712\\\/\"]},{\"@type\":\"Person\",\"@id\":\"https:\\\/\\\/elcanillita.info\\\/press\\\/#\\\/schema\\\/person\\\/e37a550cff8f5f3407ed112e4cc619cb\",\"name\":\"ElCanillita.info Guzzo Photos &amp; Graphic Publications\",\"image\":{\"@type\":\"ImageObject\",\"inLanguage\":\"es-AR\",\"@id\":\"https:\\\/\\\/secure.gravatar.com\\\/avatar\\\/8914fbe0ef09248907e331ab93dfa89c7f76decf6b51cd1b2f8444e6260db772?s=96&d=mm&r=g\",\"url\":\"https:\\\/\\\/secure.gravatar.com\\\/avatar\\\/8914fbe0ef09248907e331ab93dfa89c7f76decf6b51cd1b2f8444e6260db772?s=96&d=mm&r=g\",\"contentUrl\":\"https:\\\/\\\/secure.gravatar.com\\\/avatar\\\/8914fbe0ef09248907e331ab93dfa89c7f76decf6b51cd1b2f8444e6260db772?s=96&d=mm&r=g\",\"caption\":\"ElCanillita.info Guzzo Photos &amp; Graphic Publications\"},\"sameAs\":[\"http:\\\/\\\/guzzophotos.com\"]}]}<\/script>\n<!-- \/ Yoast SEO plugin. -->","yoast_head_json":{"title":"\u00bfArde Argentina? - ElCanillita.Info","robots":{"index":"index","follow":"follow","max-snippet":"max-snippet:-1","max-image-preview":"max-image-preview:large","max-video-preview":"max-video-preview:-1"},"canonical":"https:\/\/elcanillita.info\/press\/2026\/01\/12\/discordia-presidencial\/","og_locale":"es_ES","og_type":"article","og_title":"\u00bfArde Argentina? - ElCanillita.Info","og_description":"Una supuesta solicitud de helic\u00f3ptero de la vicepresidenta para sobrevolar los incendios en Chubut reaviva la interna libertaria y expone, entre cenizas y comunicados, un poder que se quema puertas adentro.","og_url":"https:\/\/elcanillita.info\/press\/2026\/01\/12\/discordia-presidencial\/","og_site_name":"ElCanillita.Info","article_publisher":"https:\/\/ar-ar.facebook.com\/ElCanillitainfo-114249515285712\/","article_published_time":"2026-01-13T01:34:56+00:00","article_modified_time":"2026-01-13T15:24:09+00:00","og_image":[{"width":567,"height":851,"url":"https:\/\/elcanillita.info\/press\/images\/2026\/01\/img_1453-1.jpg","type":"image\/jpeg"}],"author":"ElCanillita.info Guzzo Photos &amp; Graphic Publications","twitter_card":"summary_large_image","twitter_misc":{"Escrito por":"ElCanillita.info Guzzo Photos &amp; Graphic Publications","Tiempo de lectura":"2 minutos"},"schema":{"@context":"https:\/\/schema.org","@graph":[{"@type":"Article","@id":"https:\/\/elcanillita.info\/press\/2026\/01\/12\/discordia-presidencial\/#article","isPartOf":{"@id":"https:\/\/elcanillita.info\/press\/2026\/01\/12\/discordia-presidencial\/"},"author":{"name":"ElCanillita.info Guzzo Photos &amp; Graphic Publications","@id":"https:\/\/elcanillita.info\/press\/#\/schema\/person\/e37a550cff8f5f3407ed112e4cc619cb"},"headline":"\u00bfArde Argentina?","datePublished":"2026-01-13T01:34:56+00:00","dateModified":"2026-01-13T15:24:09+00:00","mainEntityOfPage":{"@id":"https:\/\/elcanillita.info\/press\/2026\/01\/12\/discordia-presidencial\/"},"wordCount":349,"publisher":{"@id":"https:\/\/elcanillita.info\/press\/#organization"},"image":{"@id":"https:\/\/elcanillita.info\/press\/2026\/01\/12\/discordia-presidencial\/#primaryimage"},"thumbnailUrl":"https:\/\/elcanillita.info\/press\/images\/2026\/01\/img_1453-1.jpg","keywords":["Argentina"],"articleSection":["Archivo"],"inLanguage":"es-AR"},{"@type":"WebPage","@id":"https:\/\/elcanillita.info\/press\/2026\/01\/12\/discordia-presidencial\/","url":"https:\/\/elcanillita.info\/press\/2026\/01\/12\/discordia-presidencial\/","name":"\u00bfArde Argentina? - ElCanillita.Info","isPartOf":{"@id":"https:\/\/elcanillita.info\/press\/#website"},"primaryImageOfPage":{"@id":"https:\/\/elcanillita.info\/press\/2026\/01\/12\/discordia-presidencial\/#primaryimage"},"image":{"@id":"https:\/\/elcanillita.info\/press\/2026\/01\/12\/discordia-presidencial\/#primaryimage"},"thumbnailUrl":"https:\/\/elcanillita.info\/press\/images\/2026\/01\/img_1453-1.jpg","datePublished":"2026-01-13T01:34:56+00:00","dateModified":"2026-01-13T15:24:09+00:00","inLanguage":"es-AR","potentialAction":[{"@type":"ReadAction","target":["https:\/\/elcanillita.info\/press\/2026\/01\/12\/discordia-presidencial\/"]}]},{"@type":"ImageObject","inLanguage":"es-AR","@id":"https:\/\/elcanillita.info\/press\/2026\/01\/12\/discordia-presidencial\/#primaryimage","url":"https:\/\/elcanillita.info\/press\/images\/2026\/01\/img_1453-1.jpg","contentUrl":"https:\/\/elcanillita.info\/press\/images\/2026\/01\/img_1453-1.jpg","width":567,"height":851},{"@type":"WebSite","@id":"https:\/\/elcanillita.info\/press\/#website","url":"https:\/\/elcanillita.info\/press\/","name":"ElCanillita.Info","description":"desde los Apeninos a los Andes","publisher":{"@id":"https:\/\/elcanillita.info\/press\/#organization"},"potentialAction":[{"@type":"SearchAction","target":{"@type":"EntryPoint","urlTemplate":"https:\/\/elcanillita.info\/press\/?s={search_term_string}"},"query-input":{"@type":"PropertyValueSpecification","valueRequired":true,"valueName":"search_term_string"}}],"inLanguage":"es-AR"},{"@type":"Organization","@id":"https:\/\/elcanillita.info\/press\/#organization","name":"Guzzo Photos & Graphic Publications","url":"https:\/\/elcanillita.info\/press\/","logo":{"@type":"ImageObject","inLanguage":"es-AR","@id":"https:\/\/elcanillita.info\/press\/#\/schema\/logo\/image\/","url":"https:\/\/elcanillita.info\/press\/images\/2020\/01\/cropped-cropped-cropped-elcanillitainfo.png","contentUrl":"https:\/\/elcanillita.info\/press\/images\/2020\/01\/cropped-cropped-cropped-elcanillitainfo.png","width":460,"height":50,"caption":"Guzzo Photos & Graphic Publications"},"image":{"@id":"https:\/\/elcanillita.info\/press\/#\/schema\/logo\/image\/"},"sameAs":["https:\/\/ar-ar.facebook.com\/ElCanillitainfo-114249515285712\/"]},{"@type":"Person","@id":"https:\/\/elcanillita.info\/press\/#\/schema\/person\/e37a550cff8f5f3407ed112e4cc619cb","name":"ElCanillita.info Guzzo Photos &amp; Graphic Publications","image":{"@type":"ImageObject","inLanguage":"es-AR","@id":"https:\/\/secure.gravatar.com\/avatar\/8914fbe0ef09248907e331ab93dfa89c7f76decf6b51cd1b2f8444e6260db772?s=96&d=mm&r=g","url":"https:\/\/secure.gravatar.com\/avatar\/8914fbe0ef09248907e331ab93dfa89c7f76decf6b51cd1b2f8444e6260db772?s=96&d=mm&r=g","contentUrl":"https:\/\/secure.gravatar.com\/avatar\/8914fbe0ef09248907e331ab93dfa89c7f76decf6b51cd1b2f8444e6260db772?s=96&d=mm&r=g","caption":"ElCanillita.info Guzzo Photos &amp; Graphic Publications"},"sameAs":["http:\/\/guzzophotos.com"]}]}},"views":107,"_links":{"self":[{"href":"https:\/\/elcanillita.info\/press\/wp-json\/wp\/v2\/posts\/5795","targetHints":{"allow":["GET"]}}],"collection":[{"href":"https:\/\/elcanillita.info\/press\/wp-json\/wp\/v2\/posts"}],"about":[{"href":"https:\/\/elcanillita.info\/press\/wp-json\/wp\/v2\/types\/post"}],"author":[{"embeddable":true,"href":"https:\/\/elcanillita.info\/press\/wp-json\/wp\/v2\/users\/14"}],"replies":[{"embeddable":true,"href":"https:\/\/elcanillita.info\/press\/wp-json\/wp\/v2\/comments?post=5795"}],"version-history":[{"count":0,"href":"https:\/\/elcanillita.info\/press\/wp-json\/wp\/v2\/posts\/5795\/revisions"}],"wp:featuredmedia":[{"embeddable":true,"href":"https:\/\/elcanillita.info\/press\/wp-json\/wp\/v2\/media\/5800"}],"wp:attachment":[{"href":"https:\/\/elcanillita.info\/press\/wp-json\/wp\/v2\/media?parent=5795"}],"wp:term":[{"taxonomy":"category","embeddable":true,"href":"https:\/\/elcanillita.info\/press\/wp-json\/wp\/v2\/categories?post=5795"},{"taxonomy":"post_tag","embeddable":true,"href":"https:\/\/elcanillita.info\/press\/wp-json\/wp\/v2\/tags?post=5795"}],"curies":[{"name":"wp","href":"https:\/\/api.w.org\/{rel}","templated":true}]}}