{"id":5793,"date":"2026-01-11T22:01:37","date_gmt":"2026-01-12T01:01:37","guid":{"rendered":"https:\/\/elcanillita.info\/press\/?p=5793"},"modified":"2026-01-11T22:01:37","modified_gmt":"2026-01-12T01:01:37","slug":"politica-exterior","status":"publish","type":"post","link":"https:\/\/elcanillita.info\/press\/2026\/01\/11\/politica-exterior\/","title":{"rendered":"El petr\u00f3leo como lenguaje del poder"},"content":{"rendered":"\n<figure class=\"wp-block-image size-large\"><img loading=\"lazy\" decoding=\"async\" width=\"550\" height=\"550\" src=\"https:\/\/elcanillita.info\/press\/images\/2026\/01\/img_1430.jpg\" alt=\"\" class=\"wp-image-5794\" srcset=\"https:\/\/elcanillita.info\/press\/images\/2026\/01\/img_1430.jpg 550w, https:\/\/elcanillita.info\/press\/images\/2026\/01\/img_1430-300x300.jpg 300w, https:\/\/elcanillita.info\/press\/images\/2026\/01\/img_1430-150x150.jpg 150w\" sizes=\"auto, (max-width: 550px) 100vw, 550px\" \/><\/figure>\n\n\n\n<p class=\"p1\">La pol\u00edtica exterior de <a href=\"chatgpt:\/\/generic-entity?number=0\">Donald Trump<\/a> ha vuelto a pronunciarse en el registro que mejor domina: la advertencia p\u00fablica, directa y sin matices. Esta vez, el destinatario es Cuba, invitada \u2014o conminada\u2014 a \u201cllegar a un acuerdo\u201d antes de que se agote, no el tiempo, sino el combustible.<\/p>\n\n\n\n<p class=\"p1\">El mensaje no llega en el vac\u00edo. Se produce tras la captura en Caracas de <a href=\"chatgpt:\/\/generic-entity?number=1\">Nicol\u00e1s Maduro<\/a>, episodio que reconfigura el tablero regional y debilita un eje pol\u00edtico y energ\u00e9tico que durante a\u00f1os sostuvo a La Habana. El petr\u00f3leo venezolano, vital para la isla, aparece ahora como ficha retenida en manos de Washington.<\/p>\n\n\n\n<p class=\"p1\">Durante d\u00e9cadas, Cuba sobrevivi\u00f3 \u2014y resisti\u00f3\u2014 gracias a alianzas estrat\u00e9gicas que compensaban su aislamiento. Venezuela fue la m\u00e1s decisiva en los \u00faltimos a\u00f1os: crudo a cambio de lealtad pol\u00edtica y cooperaci\u00f3n sensible. Trump lo dice sin rodeos y sin diplomacia: ese cap\u00edtulo se ha cerrado.<\/p>\n\n\n\n<p class=\"p1\">Desde La Habana, la respuesta fue previsible pero no por ello irrelevante. El gobierno cubano reivindic\u00f3 su derecho soberano a comerciar sin interferencias y rechaz\u00f3 cualquier forma de presi\u00f3n o chantaje. El tono fue firme, casi ceremonial, como quien reafirma principios aun cuando el margen material se estrecha.<\/p>\n\n\n\n<p class=\"p1\">Sin embargo, la elegancia ret\u00f3rica no enciende centrales el\u00e9ctricas. La incautaci\u00f3n de petroleros y el cerrojo sobre los env\u00edos venezolanos ya se traducen en apagones y escasez. El discurso de soberan\u00eda choca con una realidad energ\u00e9tica que no admite consignas.<\/p>\n\n\n\n<p class=\"p1\">Trump, fiel a su estilo, no especifica condiciones ni detalla consecuencias. Deja que la amenaza flote, ambigua pero eficaz. El acuerdo es una puerta entreabierta; lo que hay detr\u00e1s, deliberadamente, queda en penumbra.<\/p>\n\n\n\n<p class=\"p1\">Para Cuba, el dilema es antiguo pero renovado: negociar con su hist\u00f3rico antagonista o reafirmar una independencia que tiene costos crecientes. Cada opci\u00f3n implica riesgos, y ninguna ofrece garant\u00edas inmediatas.<\/p>\n\n\n\n<p class=\"p1\">En este cruce de voluntades, Washington ejerce poder sin adornos y La Habana responde con dignidad discursiva. El desenlace no depender\u00e1 solo de declaraciones, sino de cu\u00e1nto tiempo puede resistir una isla cuando la geopol\u00edtica decide cerrar la llave del petr\u00f3leo.<\/p>\n\n\n\n<p class=\"p1\">Elegancia, al final, no es suavidad. Es decir lo esencial sin estridencias. Y lo esencial hoy es claro: el conflicto no es ideol\u00f3gico, sino energ\u00e9tico; no es simb\u00f3lico, sino concreto. El resto es ret\u00f3rica.<\/p>\n\n\n\n<p><\/p>\n\n\n<p><small>\u00a9\ufe0f 2026 ElCanillita.info \/ BlogDiario.info \u2013 All Rights Reserved \u2013 SalaStampa.eu, world press service &#8211; Guzzo Photos &#038; Graphic Publications \u2013 Registro Editori e Stampatori n. 1441 Turin, Italy<\/small><\/p>\n\n\n<p><\/p>\n","protected":false},"excerpt":{"rendered":"<p>La pol\u00edtica exterior de Donald Trump ha vuelto a pronunciarse en el registro que mejor domina: la advertencia p\u00fablica, directa y sin matices. Esta vez, el destinatario es Cuba, invitada \u2014o conminada\u2014 a \u201cllegar a un acuerdo\u201d antes de que se agote, no el tiempo, sino el combustible.<\/p>\n","protected":false},"author":1,"featured_media":5794,"comment_status":"closed","ping_status":"","sticky":false,"template":"","format":"standard","meta":{"footnotes":"","_links_to":"","_links_to_target":""},"categories":[108,121,70,8,20,23,25],"tags":[48,34,37],"class_list":["post-5793","post","type-post","status-publish","format-standard","has-post-thumbnail","hentry","category-blogdiario","category-dc24","category-actualidad","category-america","category-economia","category-politica","category-sociedad","tag-cuba","tag-estados-unidos","tag-venezuela","entry","double"],"yoast_head":"<!-- This site is optimized with the Yoast SEO plugin v27.4 - https:\/\/yoast.com\/product\/yoast-seo-wordpress\/ -->\n<title>El petr\u00f3leo como lenguaje del poder - ElCanillita.Info<\/title>\n<meta name=\"robots\" content=\"index, follow, max-snippet:-1, max-image-preview:large, max-video-preview:-1\" \/>\n<link rel=\"canonical\" href=\"https:\/\/elcanillita.info\/press\/2026\/01\/11\/politica-exterior\/\" \/>\n<meta property=\"og:locale\" content=\"es_ES\" \/>\n<meta property=\"og:type\" content=\"article\" \/>\n<meta property=\"og:title\" content=\"El petr\u00f3leo como lenguaje del poder - ElCanillita.Info\" \/>\n<meta property=\"og:description\" content=\"La pol\u00edtica exterior de Donald Trump ha vuelto a pronunciarse en el registro que mejor domina: la advertencia p\u00fablica, directa y sin matices. Esta vez, el destinatario es Cuba, invitada \u2014o conminada\u2014 a \u201cllegar a un acuerdo\u201d antes de que se agote, no el tiempo, sino el combustible.\" \/>\n<meta property=\"og:url\" content=\"https:\/\/elcanillita.info\/press\/2026\/01\/11\/politica-exterior\/\" \/>\n<meta property=\"og:site_name\" content=\"ElCanillita.Info\" \/>\n<meta property=\"article:publisher\" content=\"https:\/\/ar-ar.facebook.com\/ElCanillitainfo-114249515285712\/\" \/>\n<meta property=\"article:published_time\" content=\"2026-01-12T01:01:37+00:00\" \/>\n<meta property=\"og:image\" content=\"https:\/\/elcanillita.info\/press\/images\/2026\/01\/img_1430.jpg\" \/>\n\t<meta property=\"og:image:width\" content=\"550\" \/>\n\t<meta property=\"og:image:height\" content=\"550\" \/>\n\t<meta property=\"og:image:type\" content=\"image\/jpeg\" \/>\n<meta name=\"author\" content=\"SalaStampa.eu, world press service\" \/>\n<meta name=\"twitter:card\" content=\"summary_large_image\" \/>\n<meta name=\"twitter:label1\" content=\"Escrito por\" \/>\n\t<meta name=\"twitter:data1\" content=\"SalaStampa.eu, world press service\" \/>\n\t<meta name=\"twitter:label2\" content=\"Tiempo de lectura\" \/>\n\t<meta name=\"twitter:data2\" content=\"2 minutos\" \/>\n<script type=\"application\/ld+json\" class=\"yoast-schema-graph\">{\"@context\":\"https:\\\/\\\/schema.org\",\"@graph\":[{\"@type\":\"Article\",\"@id\":\"https:\\\/\\\/elcanillita.info\\\/press\\\/2026\\\/01\\\/11\\\/politica-exterior\\\/#article\",\"isPartOf\":{\"@id\":\"https:\\\/\\\/elcanillita.info\\\/press\\\/2026\\\/01\\\/11\\\/politica-exterior\\\/\"},\"author\":{\"name\":\"SalaStampa.eu, world press service\",\"@id\":\"https:\\\/\\\/elcanillita.info\\\/press\\\/#\\\/schema\\\/person\\\/7fcb79f38045700919f7da6d97e71ba0\"},\"headline\":\"El petr\u00f3leo como lenguaje del poder\",\"datePublished\":\"2026-01-12T01:01:37+00:00\",\"mainEntityOfPage\":{\"@id\":\"https:\\\/\\\/elcanillita.info\\\/press\\\/2026\\\/01\\\/11\\\/politica-exterior\\\/\"},\"wordCount\":436,\"publisher\":{\"@id\":\"https:\\\/\\\/elcanillita.info\\\/press\\\/#organization\"},\"image\":{\"@id\":\"https:\\\/\\\/elcanillita.info\\\/press\\\/2026\\\/01\\\/11\\\/politica-exterior\\\/#primaryimage\"},\"thumbnailUrl\":\"https:\\\/\\\/elcanillita.info\\\/press\\\/images\\\/2026\\\/01\\\/img_1430.jpg\",\"keywords\":[\"Cuba\",\"Estados Unidos\",\"Venezuela\"],\"articleSection\":[\".\",\".\",\"Actualidad\",\"Am\u00e9rica\",\"Economia\",\"Politica\",\"Sociedad\"],\"inLanguage\":\"es-AR\"},{\"@type\":\"WebPage\",\"@id\":\"https:\\\/\\\/elcanillita.info\\\/press\\\/2026\\\/01\\\/11\\\/politica-exterior\\\/\",\"url\":\"https:\\\/\\\/elcanillita.info\\\/press\\\/2026\\\/01\\\/11\\\/politica-exterior\\\/\",\"name\":\"El petr\u00f3leo como lenguaje del poder - ElCanillita.Info\",\"isPartOf\":{\"@id\":\"https:\\\/\\\/elcanillita.info\\\/press\\\/#website\"},\"primaryImageOfPage\":{\"@id\":\"https:\\\/\\\/elcanillita.info\\\/press\\\/2026\\\/01\\\/11\\\/politica-exterior\\\/#primaryimage\"},\"image\":{\"@id\":\"https:\\\/\\\/elcanillita.info\\\/press\\\/2026\\\/01\\\/11\\\/politica-exterior\\\/#primaryimage\"},\"thumbnailUrl\":\"https:\\\/\\\/elcanillita.info\\\/press\\\/images\\\/2026\\\/01\\\/img_1430.jpg\",\"datePublished\":\"2026-01-12T01:01:37+00:00\",\"inLanguage\":\"es-AR\",\"potentialAction\":[{\"@type\":\"ReadAction\",\"target\":[\"https:\\\/\\\/elcanillita.info\\\/press\\\/2026\\\/01\\\/11\\\/politica-exterior\\\/\"]}]},{\"@type\":\"ImageObject\",\"inLanguage\":\"es-AR\",\"@id\":\"https:\\\/\\\/elcanillita.info\\\/press\\\/2026\\\/01\\\/11\\\/politica-exterior\\\/#primaryimage\",\"url\":\"https:\\\/\\\/elcanillita.info\\\/press\\\/images\\\/2026\\\/01\\\/img_1430.jpg\",\"contentUrl\":\"https:\\\/\\\/elcanillita.info\\\/press\\\/images\\\/2026\\\/01\\\/img_1430.jpg\",\"width\":550,\"height\":550},{\"@type\":\"WebSite\",\"@id\":\"https:\\\/\\\/elcanillita.info\\\/press\\\/#website\",\"url\":\"https:\\\/\\\/elcanillita.info\\\/press\\\/\",\"name\":\"ElCanillita.Info\",\"description\":\"desde los Apeninos a los Andes\",\"publisher\":{\"@id\":\"https:\\\/\\\/elcanillita.info\\\/press\\\/#organization\"},\"potentialAction\":[{\"@type\":\"SearchAction\",\"target\":{\"@type\":\"EntryPoint\",\"urlTemplate\":\"https:\\\/\\\/elcanillita.info\\\/press\\\/?s={search_term_string}\"},\"query-input\":{\"@type\":\"PropertyValueSpecification\",\"valueRequired\":true,\"valueName\":\"search_term_string\"}}],\"inLanguage\":\"es-AR\"},{\"@type\":\"Organization\",\"@id\":\"https:\\\/\\\/elcanillita.info\\\/press\\\/#organization\",\"name\":\"Guzzo Photos & Graphic Publications\",\"url\":\"https:\\\/\\\/elcanillita.info\\\/press\\\/\",\"logo\":{\"@type\":\"ImageObject\",\"inLanguage\":\"es-AR\",\"@id\":\"https:\\\/\\\/elcanillita.info\\\/press\\\/#\\\/schema\\\/logo\\\/image\\\/\",\"url\":\"https:\\\/\\\/elcanillita.info\\\/press\\\/images\\\/2020\\\/01\\\/cropped-cropped-cropped-elcanillitainfo.png\",\"contentUrl\":\"https:\\\/\\\/elcanillita.info\\\/press\\\/images\\\/2020\\\/01\\\/cropped-cropped-cropped-elcanillitainfo.png\",\"width\":460,\"height\":50,\"caption\":\"Guzzo Photos & Graphic Publications\"},\"image\":{\"@id\":\"https:\\\/\\\/elcanillita.info\\\/press\\\/#\\\/schema\\\/logo\\\/image\\\/\"},\"sameAs\":[\"https:\\\/\\\/ar-ar.facebook.com\\\/ElCanillitainfo-114249515285712\\\/\"]},{\"@type\":\"Person\",\"@id\":\"https:\\\/\\\/elcanillita.info\\\/press\\\/#\\\/schema\\\/person\\\/7fcb79f38045700919f7da6d97e71ba0\",\"name\":\"SalaStampa.eu, world press service\",\"image\":{\"@type\":\"ImageObject\",\"inLanguage\":\"es-AR\",\"@id\":\"https:\\\/\\\/secure.gravatar.com\\\/avatar\\\/c2f0e0d515a107624234994507816ca4724c7199cef73fc8bedebf6931d73888?s=96&d=mm&r=g\",\"url\":\"https:\\\/\\\/secure.gravatar.com\\\/avatar\\\/c2f0e0d515a107624234994507816ca4724c7199cef73fc8bedebf6931d73888?s=96&d=mm&r=g\",\"contentUrl\":\"https:\\\/\\\/secure.gravatar.com\\\/avatar\\\/c2f0e0d515a107624234994507816ca4724c7199cef73fc8bedebf6931d73888?s=96&d=mm&r=g\",\"caption\":\"SalaStampa.eu, world press service\"}}]}<\/script>\n<!-- \/ Yoast SEO plugin. -->","yoast_head_json":{"title":"El petr\u00f3leo como lenguaje del poder - ElCanillita.Info","robots":{"index":"index","follow":"follow","max-snippet":"max-snippet:-1","max-image-preview":"max-image-preview:large","max-video-preview":"max-video-preview:-1"},"canonical":"https:\/\/elcanillita.info\/press\/2026\/01\/11\/politica-exterior\/","og_locale":"es_ES","og_type":"article","og_title":"El petr\u00f3leo como lenguaje del poder - ElCanillita.Info","og_description":"La pol\u00edtica exterior de Donald Trump ha vuelto a pronunciarse en el registro que mejor domina: la advertencia p\u00fablica, directa y sin matices. Esta vez, el destinatario es Cuba, invitada \u2014o conminada\u2014 a \u201cllegar a un acuerdo\u201d antes de que se agote, no el tiempo, sino el combustible.","og_url":"https:\/\/elcanillita.info\/press\/2026\/01\/11\/politica-exterior\/","og_site_name":"ElCanillita.Info","article_publisher":"https:\/\/ar-ar.facebook.com\/ElCanillitainfo-114249515285712\/","article_published_time":"2026-01-12T01:01:37+00:00","og_image":[{"width":550,"height":550,"url":"https:\/\/elcanillita.info\/press\/images\/2026\/01\/img_1430.jpg","type":"image\/jpeg"}],"author":"SalaStampa.eu, world press service","twitter_card":"summary_large_image","twitter_misc":{"Escrito por":"SalaStampa.eu, world press service","Tiempo de lectura":"2 minutos"},"schema":{"@context":"https:\/\/schema.org","@graph":[{"@type":"Article","@id":"https:\/\/elcanillita.info\/press\/2026\/01\/11\/politica-exterior\/#article","isPartOf":{"@id":"https:\/\/elcanillita.info\/press\/2026\/01\/11\/politica-exterior\/"},"author":{"name":"SalaStampa.eu, world press service","@id":"https:\/\/elcanillita.info\/press\/#\/schema\/person\/7fcb79f38045700919f7da6d97e71ba0"},"headline":"El petr\u00f3leo como lenguaje del poder","datePublished":"2026-01-12T01:01:37+00:00","mainEntityOfPage":{"@id":"https:\/\/elcanillita.info\/press\/2026\/01\/11\/politica-exterior\/"},"wordCount":436,"publisher":{"@id":"https:\/\/elcanillita.info\/press\/#organization"},"image":{"@id":"https:\/\/elcanillita.info\/press\/2026\/01\/11\/politica-exterior\/#primaryimage"},"thumbnailUrl":"https:\/\/elcanillita.info\/press\/images\/2026\/01\/img_1430.jpg","keywords":["Cuba","Estados Unidos","Venezuela"],"articleSection":[".",".","Actualidad","Am\u00e9rica","Economia","Politica","Sociedad"],"inLanguage":"es-AR"},{"@type":"WebPage","@id":"https:\/\/elcanillita.info\/press\/2026\/01\/11\/politica-exterior\/","url":"https:\/\/elcanillita.info\/press\/2026\/01\/11\/politica-exterior\/","name":"El petr\u00f3leo como lenguaje del poder - ElCanillita.Info","isPartOf":{"@id":"https:\/\/elcanillita.info\/press\/#website"},"primaryImageOfPage":{"@id":"https:\/\/elcanillita.info\/press\/2026\/01\/11\/politica-exterior\/#primaryimage"},"image":{"@id":"https:\/\/elcanillita.info\/press\/2026\/01\/11\/politica-exterior\/#primaryimage"},"thumbnailUrl":"https:\/\/elcanillita.info\/press\/images\/2026\/01\/img_1430.jpg","datePublished":"2026-01-12T01:01:37+00:00","inLanguage":"es-AR","potentialAction":[{"@type":"ReadAction","target":["https:\/\/elcanillita.info\/press\/2026\/01\/11\/politica-exterior\/"]}]},{"@type":"ImageObject","inLanguage":"es-AR","@id":"https:\/\/elcanillita.info\/press\/2026\/01\/11\/politica-exterior\/#primaryimage","url":"https:\/\/elcanillita.info\/press\/images\/2026\/01\/img_1430.jpg","contentUrl":"https:\/\/elcanillita.info\/press\/images\/2026\/01\/img_1430.jpg","width":550,"height":550},{"@type":"WebSite","@id":"https:\/\/elcanillita.info\/press\/#website","url":"https:\/\/elcanillita.info\/press\/","name":"ElCanillita.Info","description":"desde los Apeninos a los Andes","publisher":{"@id":"https:\/\/elcanillita.info\/press\/#organization"},"potentialAction":[{"@type":"SearchAction","target":{"@type":"EntryPoint","urlTemplate":"https:\/\/elcanillita.info\/press\/?s={search_term_string}"},"query-input":{"@type":"PropertyValueSpecification","valueRequired":true,"valueName":"search_term_string"}}],"inLanguage":"es-AR"},{"@type":"Organization","@id":"https:\/\/elcanillita.info\/press\/#organization","name":"Guzzo Photos & Graphic Publications","url":"https:\/\/elcanillita.info\/press\/","logo":{"@type":"ImageObject","inLanguage":"es-AR","@id":"https:\/\/elcanillita.info\/press\/#\/schema\/logo\/image\/","url":"https:\/\/elcanillita.info\/press\/images\/2020\/01\/cropped-cropped-cropped-elcanillitainfo.png","contentUrl":"https:\/\/elcanillita.info\/press\/images\/2020\/01\/cropped-cropped-cropped-elcanillitainfo.png","width":460,"height":50,"caption":"Guzzo Photos & Graphic Publications"},"image":{"@id":"https:\/\/elcanillita.info\/press\/#\/schema\/logo\/image\/"},"sameAs":["https:\/\/ar-ar.facebook.com\/ElCanillitainfo-114249515285712\/"]},{"@type":"Person","@id":"https:\/\/elcanillita.info\/press\/#\/schema\/person\/7fcb79f38045700919f7da6d97e71ba0","name":"SalaStampa.eu, world press service","image":{"@type":"ImageObject","inLanguage":"es-AR","@id":"https:\/\/secure.gravatar.com\/avatar\/c2f0e0d515a107624234994507816ca4724c7199cef73fc8bedebf6931d73888?s=96&d=mm&r=g","url":"https:\/\/secure.gravatar.com\/avatar\/c2f0e0d515a107624234994507816ca4724c7199cef73fc8bedebf6931d73888?s=96&d=mm&r=g","contentUrl":"https:\/\/secure.gravatar.com\/avatar\/c2f0e0d515a107624234994507816ca4724c7199cef73fc8bedebf6931d73888?s=96&d=mm&r=g","caption":"SalaStampa.eu, world press service"}}]}},"views":152,"_links":{"self":[{"href":"https:\/\/elcanillita.info\/press\/wp-json\/wp\/v2\/posts\/5793","targetHints":{"allow":["GET"]}}],"collection":[{"href":"https:\/\/elcanillita.info\/press\/wp-json\/wp\/v2\/posts"}],"about":[{"href":"https:\/\/elcanillita.info\/press\/wp-json\/wp\/v2\/types\/post"}],"author":[{"embeddable":true,"href":"https:\/\/elcanillita.info\/press\/wp-json\/wp\/v2\/users\/1"}],"replies":[{"embeddable":true,"href":"https:\/\/elcanillita.info\/press\/wp-json\/wp\/v2\/comments?post=5793"}],"version-history":[{"count":0,"href":"https:\/\/elcanillita.info\/press\/wp-json\/wp\/v2\/posts\/5793\/revisions"}],"wp:featuredmedia":[{"embeddable":true,"href":"https:\/\/elcanillita.info\/press\/wp-json\/wp\/v2\/media\/5794"}],"wp:attachment":[{"href":"https:\/\/elcanillita.info\/press\/wp-json\/wp\/v2\/media?parent=5793"}],"wp:term":[{"taxonomy":"category","embeddable":true,"href":"https:\/\/elcanillita.info\/press\/wp-json\/wp\/v2\/categories?post=5793"},{"taxonomy":"post_tag","embeddable":true,"href":"https:\/\/elcanillita.info\/press\/wp-json\/wp\/v2\/tags?post=5793"}],"curies":[{"name":"wp","href":"https:\/\/api.w.org\/{rel}","templated":true}]}}