{"id":578,"date":"2020-02-24T16:21:54","date_gmt":"2020-02-24T19:21:54","guid":{"rendered":"https:\/\/elcanillita.info\/press\/?p=578"},"modified":"2020-02-24T16:21:57","modified_gmt":"2020-02-24T19:21:57","slug":"londres-audiencia-extradicion-julian-assange","status":"publish","type":"post","link":"https:\/\/elcanillita.info\/press\/2020\/02\/24\/londres-audiencia-extradicion-julian-assange\/","title":{"rendered":"Comienza en Londres audiencia para extradici\u00f3n de Julian Assange"},"content":{"rendered":"\n<p>Londres, 24.02.2020 &#8211; El lunes comenz\u00f3 en Londres la audiencia para la solicitud de extradici\u00f3n a Estados Unidos del fundador de WikiLeaks, Julian Assange.<\/p>\n\n\n\n<p>A lo largo de este proceso, un juez del tribunal de Woolwich escuchar\u00e1 los argumentos de los abogados que representan a Washington, que han presentado 17 cargos de espionaje y uno de pirater\u00eda inform\u00e1tica contra el activista.<\/p>\n\n\n\n<p>En caso de ser declarado&nbsp;culpable en Estados Unidos, el australiano, de 48 a\u00f1os de edad, se enfrentar\u00eda a una sentencia m\u00e1xima de 175 a\u00f1os tras entre rejas.<\/p>\n\n\n\n<p>Los cargos est\u00e1n relacionados con la publicaci\u00f3n por parte de WikiLeaks de materiales clasificados del Departamento de Estado de EE.UU. y del Pent\u00e1gono, en los que se revelan detalles las campa\u00f1as militares de en Afganist\u00e1n e Irak; as\u00ed como con cables enviados a funcionarios de Exteriores desde embajadas estadounidenses en varios pa\u00edses.<\/p>\n\n\n\n<p>Los partidarios de Assange, entre los que se encuentran muchas celebridades del mundo de la m\u00fasica, el cine o la moda, han argumentado que su enjuiciamiento ha sido pol\u00edtico y personal desde el principio, y han exigido su liberaci\u00f3n.<\/p>\n\n\n\n<p>Algunas empresas period\u00edsticas tambi\u00e9n han manifestado su apoyo a Assange, calificando los cargos contra \u00e9l como un asalto a la libertad de prensa.<\/p>\n\n\n\n<p>Assange pas\u00f3 siete a\u00f1os en un exilio autoimpuesto en la embajada de Ecuador en Londres. Despu\u00e9s de ser finalmente desalojado en 2019, las autoridades brit\u00e1nicas lo enviaron a una prisi\u00f3n de m\u00e1xima seguridad.<\/p>\n\n\n\n<p>El australiano fue arrestado por primera vez en 2010, en Londres, a petici\u00f3n de Suecia, que quer\u00eda interrogarle sobre sendas acusaciones de violaci\u00f3n y agresi\u00f3n sexual que pesaban sobre \u00e9l.<br><br>\n<small>2020 voanoticias \u2013 salastampa.eu, afiliada a la red Broadcasting Board of Governors \u00a9 2020 BBG<\/small><\/p>\n","protected":false},"excerpt":{"rendered":"<p>Londres, 24.02.2020 &#8211; El lunes comenz\u00f3 en Londres la audiencia para la solicitud de extradici\u00f3n a Estados Unidos del fundador de WikiLeaks, Julian Assange.<\/p>\n","protected":false},"author":1,"featured_media":0,"comment_status":"closed","ping_status":"closed","sticky":false,"template":"","format":"standard","meta":{"footnotes":"","_links_to":"","_links_to_target":""},"categories":[70,5,22,23,25],"tags":[58],"class_list":["post-578","post","type-post","status-publish","format-standard","hentry","category-actualidad","category-europa","category-justicia","category-politica","category-sociedad","tag-reino-unido","entry","double"],"yoast_head":"<!-- This site is optimized with the Yoast SEO plugin v27.5 - https:\/\/yoast.com\/product\/yoast-seo-wordpress\/ -->\n<title>Comienza en Londres audiencia para extradici\u00f3n de Julian Assange - ElCanillita.Info<\/title>\n<meta name=\"robots\" content=\"index, follow, max-snippet:-1, max-image-preview:large, max-video-preview:-1\" \/>\n<link rel=\"canonical\" href=\"https:\/\/elcanillita.info\/press\/2020\/02\/24\/londres-audiencia-extradicion-julian-assange\/\" \/>\n<meta property=\"og:locale\" content=\"es_ES\" \/>\n<meta property=\"og:type\" content=\"article\" \/>\n<meta property=\"og:title\" content=\"Comienza en Londres audiencia para extradici\u00f3n de Julian Assange - ElCanillita.Info\" \/>\n<meta property=\"og:description\" content=\"Londres, 24.02.2020 - El lunes comenz\u00f3 en Londres la audiencia para la solicitud de extradici\u00f3n a Estados Unidos del fundador de WikiLeaks, Julian Assange.\" \/>\n<meta property=\"og:url\" content=\"https:\/\/elcanillita.info\/press\/2020\/02\/24\/londres-audiencia-extradicion-julian-assange\/\" \/>\n<meta property=\"og:site_name\" content=\"ElCanillita.Info\" \/>\n<meta property=\"article:publisher\" content=\"https:\/\/ar-ar.facebook.com\/ElCanillitainfo-114249515285712\/\" \/>\n<meta property=\"article:published_time\" content=\"2020-02-24T19:21:54+00:00\" \/>\n<meta property=\"article:modified_time\" content=\"2020-02-24T19:21:57+00:00\" \/>\n<meta name=\"author\" content=\"SalaStampa.eu, world press service\" \/>\n<meta name=\"twitter:card\" content=\"summary_large_image\" \/>\n<meta name=\"twitter:label1\" content=\"Escrito por\" \/>\n\t<meta name=\"twitter:data1\" content=\"SalaStampa.eu, world press service\" \/>\n\t<meta name=\"twitter:label2\" content=\"Tiempo de lectura\" \/>\n\t<meta name=\"twitter:data2\" content=\"2 minutos\" \/>\n<script type=\"application\/ld+json\" class=\"yoast-schema-graph\">{\"@context\":\"https:\\\/\\\/schema.org\",\"@graph\":[{\"@type\":\"Article\",\"@id\":\"https:\\\/\\\/elcanillita.info\\\/press\\\/2020\\\/02\\\/24\\\/londres-audiencia-extradicion-julian-assange\\\/#article\",\"isPartOf\":{\"@id\":\"https:\\\/\\\/elcanillita.info\\\/press\\\/2020\\\/02\\\/24\\\/londres-audiencia-extradicion-julian-assange\\\/\"},\"author\":{\"name\":\"SalaStampa.eu, world press service\",\"@id\":\"https:\\\/\\\/elcanillita.info\\\/press\\\/#\\\/schema\\\/person\\\/7fcb79f38045700919f7da6d97e71ba0\"},\"headline\":\"Comienza en Londres audiencia para extradici\u00f3n de Julian Assange\",\"datePublished\":\"2020-02-24T19:21:54+00:00\",\"dateModified\":\"2020-02-24T19:21:57+00:00\",\"mainEntityOfPage\":{\"@id\":\"https:\\\/\\\/elcanillita.info\\\/press\\\/2020\\\/02\\\/24\\\/londres-audiencia-extradicion-julian-assange\\\/\"},\"wordCount\":311,\"publisher\":{\"@id\":\"https:\\\/\\\/elcanillita.info\\\/press\\\/#organization\"},\"keywords\":[\"Reino Unido\"],\"articleSection\":[\"Actualidad\",\"Europa\",\"Justicia\",\"Politica\",\"Sociedad\"],\"inLanguage\":\"es-AR\"},{\"@type\":\"WebPage\",\"@id\":\"https:\\\/\\\/elcanillita.info\\\/press\\\/2020\\\/02\\\/24\\\/londres-audiencia-extradicion-julian-assange\\\/\",\"url\":\"https:\\\/\\\/elcanillita.info\\\/press\\\/2020\\\/02\\\/24\\\/londres-audiencia-extradicion-julian-assange\\\/\",\"name\":\"Comienza en Londres audiencia para extradici\u00f3n de Julian Assange - ElCanillita.Info\",\"isPartOf\":{\"@id\":\"https:\\\/\\\/elcanillita.info\\\/press\\\/#website\"},\"datePublished\":\"2020-02-24T19:21:54+00:00\",\"dateModified\":\"2020-02-24T19:21:57+00:00\",\"inLanguage\":\"es-AR\",\"potentialAction\":[{\"@type\":\"ReadAction\",\"target\":[\"https:\\\/\\\/elcanillita.info\\\/press\\\/2020\\\/02\\\/24\\\/londres-audiencia-extradicion-julian-assange\\\/\"]}]},{\"@type\":\"WebSite\",\"@id\":\"https:\\\/\\\/elcanillita.info\\\/press\\\/#website\",\"url\":\"https:\\\/\\\/elcanillita.info\\\/press\\\/\",\"name\":\"ElCanillita.Info\",\"description\":\"desde los Apeninos a los Andes\",\"publisher\":{\"@id\":\"https:\\\/\\\/elcanillita.info\\\/press\\\/#organization\"},\"potentialAction\":[{\"@type\":\"SearchAction\",\"target\":{\"@type\":\"EntryPoint\",\"urlTemplate\":\"https:\\\/\\\/elcanillita.info\\\/press\\\/?s={search_term_string}\"},\"query-input\":{\"@type\":\"PropertyValueSpecification\",\"valueRequired\":true,\"valueName\":\"search_term_string\"}}],\"inLanguage\":\"es-AR\"},{\"@type\":\"Organization\",\"@id\":\"https:\\\/\\\/elcanillita.info\\\/press\\\/#organization\",\"name\":\"Guzzo Photos & Graphic Publications\",\"url\":\"https:\\\/\\\/elcanillita.info\\\/press\\\/\",\"logo\":{\"@type\":\"ImageObject\",\"inLanguage\":\"es-AR\",\"@id\":\"https:\\\/\\\/elcanillita.info\\\/press\\\/#\\\/schema\\\/logo\\\/image\\\/\",\"url\":\"https:\\\/\\\/elcanillita.info\\\/press\\\/images\\\/2020\\\/01\\\/cropped-cropped-cropped-elcanillitainfo.png\",\"contentUrl\":\"https:\\\/\\\/elcanillita.info\\\/press\\\/images\\\/2020\\\/01\\\/cropped-cropped-cropped-elcanillitainfo.png\",\"width\":460,\"height\":50,\"caption\":\"Guzzo Photos & Graphic Publications\"},\"image\":{\"@id\":\"https:\\\/\\\/elcanillita.info\\\/press\\\/#\\\/schema\\\/logo\\\/image\\\/\"},\"sameAs\":[\"https:\\\/\\\/ar-ar.facebook.com\\\/ElCanillitainfo-114249515285712\\\/\"]},{\"@type\":\"Person\",\"@id\":\"https:\\\/\\\/elcanillita.info\\\/press\\\/#\\\/schema\\\/person\\\/7fcb79f38045700919f7da6d97e71ba0\",\"name\":\"SalaStampa.eu, world press service\",\"image\":{\"@type\":\"ImageObject\",\"inLanguage\":\"es-AR\",\"@id\":\"https:\\\/\\\/secure.gravatar.com\\\/avatar\\\/c2f0e0d515a107624234994507816ca4724c7199cef73fc8bedebf6931d73888?s=96&d=mm&r=g\",\"url\":\"https:\\\/\\\/secure.gravatar.com\\\/avatar\\\/c2f0e0d515a107624234994507816ca4724c7199cef73fc8bedebf6931d73888?s=96&d=mm&r=g\",\"contentUrl\":\"https:\\\/\\\/secure.gravatar.com\\\/avatar\\\/c2f0e0d515a107624234994507816ca4724c7199cef73fc8bedebf6931d73888?s=96&d=mm&r=g\",\"caption\":\"SalaStampa.eu, world press service\"}}]}<\/script>\n<!-- \/ Yoast SEO plugin. -->","yoast_head_json":{"title":"Comienza en Londres audiencia para extradici\u00f3n de Julian Assange - ElCanillita.Info","robots":{"index":"index","follow":"follow","max-snippet":"max-snippet:-1","max-image-preview":"max-image-preview:large","max-video-preview":"max-video-preview:-1"},"canonical":"https:\/\/elcanillita.info\/press\/2020\/02\/24\/londres-audiencia-extradicion-julian-assange\/","og_locale":"es_ES","og_type":"article","og_title":"Comienza en Londres audiencia para extradici\u00f3n de Julian Assange - ElCanillita.Info","og_description":"Londres, 24.02.2020 - El lunes comenz\u00f3 en Londres la audiencia para la solicitud de extradici\u00f3n a Estados Unidos del fundador de WikiLeaks, Julian Assange.","og_url":"https:\/\/elcanillita.info\/press\/2020\/02\/24\/londres-audiencia-extradicion-julian-assange\/","og_site_name":"ElCanillita.Info","article_publisher":"https:\/\/ar-ar.facebook.com\/ElCanillitainfo-114249515285712\/","article_published_time":"2020-02-24T19:21:54+00:00","article_modified_time":"2020-02-24T19:21:57+00:00","author":"SalaStampa.eu, world press service","twitter_card":"summary_large_image","twitter_misc":{"Escrito por":"SalaStampa.eu, world press service","Tiempo de lectura":"2 minutos"},"schema":{"@context":"https:\/\/schema.org","@graph":[{"@type":"Article","@id":"https:\/\/elcanillita.info\/press\/2020\/02\/24\/londres-audiencia-extradicion-julian-assange\/#article","isPartOf":{"@id":"https:\/\/elcanillita.info\/press\/2020\/02\/24\/londres-audiencia-extradicion-julian-assange\/"},"author":{"name":"SalaStampa.eu, world press service","@id":"https:\/\/elcanillita.info\/press\/#\/schema\/person\/7fcb79f38045700919f7da6d97e71ba0"},"headline":"Comienza en Londres audiencia para extradici\u00f3n de Julian Assange","datePublished":"2020-02-24T19:21:54+00:00","dateModified":"2020-02-24T19:21:57+00:00","mainEntityOfPage":{"@id":"https:\/\/elcanillita.info\/press\/2020\/02\/24\/londres-audiencia-extradicion-julian-assange\/"},"wordCount":311,"publisher":{"@id":"https:\/\/elcanillita.info\/press\/#organization"},"keywords":["Reino Unido"],"articleSection":["Actualidad","Europa","Justicia","Politica","Sociedad"],"inLanguage":"es-AR"},{"@type":"WebPage","@id":"https:\/\/elcanillita.info\/press\/2020\/02\/24\/londres-audiencia-extradicion-julian-assange\/","url":"https:\/\/elcanillita.info\/press\/2020\/02\/24\/londres-audiencia-extradicion-julian-assange\/","name":"Comienza en Londres audiencia para extradici\u00f3n de Julian Assange - ElCanillita.Info","isPartOf":{"@id":"https:\/\/elcanillita.info\/press\/#website"},"datePublished":"2020-02-24T19:21:54+00:00","dateModified":"2020-02-24T19:21:57+00:00","inLanguage":"es-AR","potentialAction":[{"@type":"ReadAction","target":["https:\/\/elcanillita.info\/press\/2020\/02\/24\/londres-audiencia-extradicion-julian-assange\/"]}]},{"@type":"WebSite","@id":"https:\/\/elcanillita.info\/press\/#website","url":"https:\/\/elcanillita.info\/press\/","name":"ElCanillita.Info","description":"desde los Apeninos a los Andes","publisher":{"@id":"https:\/\/elcanillita.info\/press\/#organization"},"potentialAction":[{"@type":"SearchAction","target":{"@type":"EntryPoint","urlTemplate":"https:\/\/elcanillita.info\/press\/?s={search_term_string}"},"query-input":{"@type":"PropertyValueSpecification","valueRequired":true,"valueName":"search_term_string"}}],"inLanguage":"es-AR"},{"@type":"Organization","@id":"https:\/\/elcanillita.info\/press\/#organization","name":"Guzzo Photos & Graphic Publications","url":"https:\/\/elcanillita.info\/press\/","logo":{"@type":"ImageObject","inLanguage":"es-AR","@id":"https:\/\/elcanillita.info\/press\/#\/schema\/logo\/image\/","url":"https:\/\/elcanillita.info\/press\/images\/2020\/01\/cropped-cropped-cropped-elcanillitainfo.png","contentUrl":"https:\/\/elcanillita.info\/press\/images\/2020\/01\/cropped-cropped-cropped-elcanillitainfo.png","width":460,"height":50,"caption":"Guzzo Photos & Graphic Publications"},"image":{"@id":"https:\/\/elcanillita.info\/press\/#\/schema\/logo\/image\/"},"sameAs":["https:\/\/ar-ar.facebook.com\/ElCanillitainfo-114249515285712\/"]},{"@type":"Person","@id":"https:\/\/elcanillita.info\/press\/#\/schema\/person\/7fcb79f38045700919f7da6d97e71ba0","name":"SalaStampa.eu, world press service","image":{"@type":"ImageObject","inLanguage":"es-AR","@id":"https:\/\/secure.gravatar.com\/avatar\/c2f0e0d515a107624234994507816ca4724c7199cef73fc8bedebf6931d73888?s=96&d=mm&r=g","url":"https:\/\/secure.gravatar.com\/avatar\/c2f0e0d515a107624234994507816ca4724c7199cef73fc8bedebf6931d73888?s=96&d=mm&r=g","contentUrl":"https:\/\/secure.gravatar.com\/avatar\/c2f0e0d515a107624234994507816ca4724c7199cef73fc8bedebf6931d73888?s=96&d=mm&r=g","caption":"SalaStampa.eu, world press service"}}]}},"views":684,"_links":{"self":[{"href":"https:\/\/elcanillita.info\/press\/wp-json\/wp\/v2\/posts\/578","targetHints":{"allow":["GET"]}}],"collection":[{"href":"https:\/\/elcanillita.info\/press\/wp-json\/wp\/v2\/posts"}],"about":[{"href":"https:\/\/elcanillita.info\/press\/wp-json\/wp\/v2\/types\/post"}],"author":[{"embeddable":true,"href":"https:\/\/elcanillita.info\/press\/wp-json\/wp\/v2\/users\/1"}],"replies":[{"embeddable":true,"href":"https:\/\/elcanillita.info\/press\/wp-json\/wp\/v2\/comments?post=578"}],"version-history":[{"count":0,"href":"https:\/\/elcanillita.info\/press\/wp-json\/wp\/v2\/posts\/578\/revisions"}],"wp:attachment":[{"href":"https:\/\/elcanillita.info\/press\/wp-json\/wp\/v2\/media?parent=578"}],"wp:term":[{"taxonomy":"category","embeddable":true,"href":"https:\/\/elcanillita.info\/press\/wp-json\/wp\/v2\/categories?post=578"},{"taxonomy":"post_tag","embeddable":true,"href":"https:\/\/elcanillita.info\/press\/wp-json\/wp\/v2\/tags?post=578"}],"curies":[{"name":"wp","href":"https:\/\/api.w.org\/{rel}","templated":true}]}}