{"id":5773,"date":"2026-01-05T19:37:28","date_gmt":"2026-01-05T22:37:28","guid":{"rendered":"https:\/\/elcanillita.info\/press\/?p=5773"},"modified":"2026-01-05T19:37:29","modified_gmt":"2026-01-05T22:37:29","slug":"legitimidad-democratica","status":"publish","type":"post","link":"https:\/\/elcanillita.info\/press\/2026\/01\/05\/legitimidad-democratica\/","title":{"rendered":"A un a\u00f1o de la investidura que encendi\u00f3 el continente"},"content":{"rendered":"\n<figure class=\"wp-block-image size-large\"><img loading=\"lazy\" decoding=\"async\" width=\"600\" height=\"445\" src=\"https:\/\/elcanillita.info\/press\/images\/2026\/01\/img_1363.jpg\" alt=\"\" class=\"wp-image-5774\" srcset=\"https:\/\/elcanillita.info\/press\/images\/2026\/01\/img_1363.jpg 600w, https:\/\/elcanillita.info\/press\/images\/2026\/01\/img_1363-300x223.jpg 300w\" sizes=\"auto, (max-width: 600px) 100vw, 600px\" \/><\/figure>\n\n\n\n<p class=\"p1\">Hace exactamente un a\u00f1o, el 11 de enero de 2025, <a href=\"chatgpt:\/\/generic-entity?number=0\">Nicol\u00e1s Maduro<\/a> juraba un nuevo mandato en Caracas. No fue una ceremonia m\u00e1s: para buena parte de Am\u00e9rica Latina y la <a href=\"chatgpt:\/\/generic-entity?number=1\">Uni\u00f3n Europea<\/a>, aquella investidura naci\u00f3 envuelta en dudas sobre su legitimidad y en denuncias de un proceso electoral sin garant\u00edas plenas.<\/p>\n\n\n\n<p class=\"p1\">Las reacciones fueron inmediatas y desparejas. Gobiernos aliados celebraron la continuidad del chavismo, mientras otros Estados de la regi\u00f3n optaron por comunicados prudentes o directamente cr\u00edticos. Bruselas, en tanto, reforz\u00f3 su postura de no reconocimiento pol\u00edtico y mantuvo el esquema de sanciones, subrayando la necesidad de elecciones libres y verificables.<\/p>\n\n\n\n<p class=\"p1\">En ese enero de 2025, el conflicto parec\u00eda a\u00fan contenido en el plano diplom\u00e1tico. El eje era claro: reconocimiento o aislamiento. Pero el a\u00f1o que sigui\u00f3 mostr\u00f3 que la crisis venezolana hab\u00eda dejado de ser solo un problema interno para convertirse en una ficha sensible del tablero internacional.<\/p>\n\n\n\n<p class=\"p1\">Durante 2025, el cerco pol\u00edtico y econ\u00f3mico se fue cerrando. El di\u00e1logo qued\u00f3 empantanado, las posiciones se endurecieron y Venezuela pas\u00f3 a ser un punto fijo en la disputa global entre potencias, intereses estrat\u00e9gicos y discursos sobre soberan\u00eda y derechos humanos.<\/p>\n\n\n\n<p class=\"p1\">El giro definitivo lleg\u00f3 a comienzos de 2026. La detenci\u00f3n de Maduro por fuerzas estadounidenses \u2014un hecho sin precedentes en la historia reciente de la regi\u00f3n\u2014 transform\u00f3 una controversia electoral en una crisis geopol\u00edtica de alto voltaje. Am\u00e9rica Latina qued\u00f3 partida entre quienes denunciaron una violaci\u00f3n flagrante de la soberan\u00eda y quienes celebraron el final abrupto de un ciclo de poder.<\/p>\n\n\n\n<p class=\"p1\">As\u00ed, lo que empez\u00f3 como una investidura cuestionada termin\u00f3, un a\u00f1o despu\u00e9s, en un escenario de m\u00e1xima tensi\u00f3n internacional. Venezuela dej\u00f3 de ser solo un espejo inc\u00f3modo para la regi\u00f3n y pas\u00f3 a ser un recordatorio brutal: cuando la legitimidad se erosiona, el conflicto rara vez se queda en casa.<\/p>\n\n\n\n<p><\/p>\n\n\n\n<p>\u270d\ufe0f \u00a9 2026 SalaStampa.eu \u2013 All Rights Reserved<\/p>\n\n\n\n<p><\/p>\n\n\n\n<blockquote class=\"wp-block-quote is-layout-flow wp-block-quote-is-layout-flow\">\n<p>Para leer en contexto<\/p>\n<\/blockquote>\n\n\n\n<blockquote class=\"wp-block-quote is-layout-flow wp-block-quote-is-layout-flow\">\n<p>\u27a4 <a href=\"https:\/\/elcanillita.info\/press\/2025\/01\/11\/gobiernos-de-latinoamerica-y-la-ue-reaccionan-a-la-investidura-del-conductor-nicolas-maduro-en-venezuela\/\">La investidura que abri\u00f3 la grieta diplom\u00e1tica<\/a><\/p>\n<\/blockquote>\n\n\n\n<p><\/p>\n\n\n<hr style=\"\n    border: none;\n    height: 1px;\n    background: linear-gradient(to right, transparent, #ccc, transparent);\n    margin: 0;\n\" \/><\/p>\n<p><small>\u00a9\ufe0f2026  Guzzo Photos  &amp; Graphic Publications \u2013 All Rights Reserved \u2013 Copyright \u00a9\ufe0f 2026 SalaStampa.eu, world press service \u2013 Guzzo Photos &amp; Graphic Publications \u2013 Registro Editori e Stampatori n. 1441 Turin, Italy<\/small><\/p>\n\n\n<p><\/p>\n\n\n\n<p><\/p>\n","protected":false},"excerpt":{"rendered":"<p>Lo que en enero de 2025 fue una crisis de legitimidad democr\u00e1tica termin\u00f3, doce meses despu\u00e9s, en una fractura geopol\u00edtica abierta con consecuencias a\u00fan imprevisibles.<\/p>\n","protected":false},"author":1,"featured_media":5775,"comment_status":"closed","ping_status":"closed","sticky":false,"template":"","format":"standard","meta":{"footnotes":"","_links_to":"","_links_to_target":""},"categories":[121,108,70,11,118,144,22,23],"tags":[37],"class_list":["post-5773","post","type-post","status-publish","format-standard","has-post-thumbnail","hentry","category-dc24","category-blogdiario","category-actualidad","category-america-del-sur","category-corrupcion","category-fuerzas-armadas","category-justicia","category-politica","tag-venezuela","entry","double"],"yoast_head":"<!-- This site is optimized with the Yoast SEO plugin v27.4 - https:\/\/yoast.com\/product\/yoast-seo-wordpress\/ -->\n<title>A un a\u00f1o de la investidura que encendi\u00f3 el continente - ElCanillita.Info<\/title>\n<meta name=\"robots\" content=\"index, follow, max-snippet:-1, max-image-preview:large, max-video-preview:-1\" \/>\n<link rel=\"canonical\" href=\"https:\/\/elcanillita.info\/press\/2026\/01\/05\/legitimidad-democratica\/\" \/>\n<meta property=\"og:locale\" content=\"es_ES\" \/>\n<meta property=\"og:type\" content=\"article\" \/>\n<meta property=\"og:title\" content=\"A un a\u00f1o de la investidura que encendi\u00f3 el continente - ElCanillita.Info\" \/>\n<meta property=\"og:description\" content=\"Lo que en enero de 2025 fue una crisis de legitimidad democr\u00e1tica termin\u00f3, doce meses despu\u00e9s, en una fractura geopol\u00edtica abierta con consecuencias a\u00fan imprevisibles.\" \/>\n<meta property=\"og:url\" content=\"https:\/\/elcanillita.info\/press\/2026\/01\/05\/legitimidad-democratica\/\" \/>\n<meta property=\"og:site_name\" content=\"ElCanillita.Info\" \/>\n<meta property=\"article:publisher\" content=\"https:\/\/ar-ar.facebook.com\/ElCanillitainfo-114249515285712\/\" \/>\n<meta property=\"article:published_time\" content=\"2026-01-05T22:37:28+00:00\" \/>\n<meta property=\"article:modified_time\" content=\"2026-01-05T22:37:29+00:00\" \/>\n<meta property=\"og:image\" content=\"https:\/\/elcanillita.info\/press\/images\/2026\/01\/img_1364.jpg\" \/>\n\t<meta property=\"og:image:width\" content=\"600\" \/>\n\t<meta property=\"og:image:height\" content=\"400\" \/>\n\t<meta property=\"og:image:type\" content=\"image\/jpeg\" \/>\n<meta name=\"author\" content=\"SalaStampa.eu, world press service\" \/>\n<meta name=\"twitter:card\" content=\"summary_large_image\" \/>\n<meta name=\"twitter:label1\" content=\"Escrito por\" \/>\n\t<meta name=\"twitter:data1\" content=\"SalaStampa.eu, world press service\" \/>\n\t<meta name=\"twitter:label2\" content=\"Tiempo de lectura\" \/>\n\t<meta name=\"twitter:data2\" content=\"2 minutos\" \/>\n<script type=\"application\/ld+json\" class=\"yoast-schema-graph\">{\"@context\":\"https:\\\/\\\/schema.org\",\"@graph\":[{\"@type\":\"Article\",\"@id\":\"https:\\\/\\\/elcanillita.info\\\/press\\\/2026\\\/01\\\/05\\\/legitimidad-democratica\\\/#article\",\"isPartOf\":{\"@id\":\"https:\\\/\\\/elcanillita.info\\\/press\\\/2026\\\/01\\\/05\\\/legitimidad-democratica\\\/\"},\"author\":{\"name\":\"SalaStampa.eu, world press service\",\"@id\":\"https:\\\/\\\/elcanillita.info\\\/press\\\/#\\\/schema\\\/person\\\/7fcb79f38045700919f7da6d97e71ba0\"},\"headline\":\"A un a\u00f1o de la investidura que encendi\u00f3 el continente\",\"datePublished\":\"2026-01-05T22:37:28+00:00\",\"dateModified\":\"2026-01-05T22:37:29+00:00\",\"mainEntityOfPage\":{\"@id\":\"https:\\\/\\\/elcanillita.info\\\/press\\\/2026\\\/01\\\/05\\\/legitimidad-democratica\\\/\"},\"wordCount\":382,\"publisher\":{\"@id\":\"https:\\\/\\\/elcanillita.info\\\/press\\\/#organization\"},\"image\":{\"@id\":\"https:\\\/\\\/elcanillita.info\\\/press\\\/2026\\\/01\\\/05\\\/legitimidad-democratica\\\/#primaryimage\"},\"thumbnailUrl\":\"https:\\\/\\\/elcanillita.info\\\/press\\\/images\\\/2026\\\/01\\\/img_1364.jpg\",\"keywords\":[\"Venezuela\"],\"articleSection\":[\".\",\".\",\"Actualidad\",\"Am\u00e9rica del Sur\",\"Corrupci\u00f3n\",\"Fuerzas Armadas\",\"Justicia\",\"Politica\"],\"inLanguage\":\"es-AR\"},{\"@type\":\"WebPage\",\"@id\":\"https:\\\/\\\/elcanillita.info\\\/press\\\/2026\\\/01\\\/05\\\/legitimidad-democratica\\\/\",\"url\":\"https:\\\/\\\/elcanillita.info\\\/press\\\/2026\\\/01\\\/05\\\/legitimidad-democratica\\\/\",\"name\":\"A un a\u00f1o de la investidura que encendi\u00f3 el continente - ElCanillita.Info\",\"isPartOf\":{\"@id\":\"https:\\\/\\\/elcanillita.info\\\/press\\\/#website\"},\"primaryImageOfPage\":{\"@id\":\"https:\\\/\\\/elcanillita.info\\\/press\\\/2026\\\/01\\\/05\\\/legitimidad-democratica\\\/#primaryimage\"},\"image\":{\"@id\":\"https:\\\/\\\/elcanillita.info\\\/press\\\/2026\\\/01\\\/05\\\/legitimidad-democratica\\\/#primaryimage\"},\"thumbnailUrl\":\"https:\\\/\\\/elcanillita.info\\\/press\\\/images\\\/2026\\\/01\\\/img_1364.jpg\",\"datePublished\":\"2026-01-05T22:37:28+00:00\",\"dateModified\":\"2026-01-05T22:37:29+00:00\",\"inLanguage\":\"es-AR\",\"potentialAction\":[{\"@type\":\"ReadAction\",\"target\":[\"https:\\\/\\\/elcanillita.info\\\/press\\\/2026\\\/01\\\/05\\\/legitimidad-democratica\\\/\"]}]},{\"@type\":\"ImageObject\",\"inLanguage\":\"es-AR\",\"@id\":\"https:\\\/\\\/elcanillita.info\\\/press\\\/2026\\\/01\\\/05\\\/legitimidad-democratica\\\/#primaryimage\",\"url\":\"https:\\\/\\\/elcanillita.info\\\/press\\\/images\\\/2026\\\/01\\\/img_1364.jpg\",\"contentUrl\":\"https:\\\/\\\/elcanillita.info\\\/press\\\/images\\\/2026\\\/01\\\/img_1364.jpg\",\"width\":600,\"height\":400},{\"@type\":\"WebSite\",\"@id\":\"https:\\\/\\\/elcanillita.info\\\/press\\\/#website\",\"url\":\"https:\\\/\\\/elcanillita.info\\\/press\\\/\",\"name\":\"ElCanillita.Info\",\"description\":\"desde los Apeninos a los Andes\",\"publisher\":{\"@id\":\"https:\\\/\\\/elcanillita.info\\\/press\\\/#organization\"},\"potentialAction\":[{\"@type\":\"SearchAction\",\"target\":{\"@type\":\"EntryPoint\",\"urlTemplate\":\"https:\\\/\\\/elcanillita.info\\\/press\\\/?s={search_term_string}\"},\"query-input\":{\"@type\":\"PropertyValueSpecification\",\"valueRequired\":true,\"valueName\":\"search_term_string\"}}],\"inLanguage\":\"es-AR\"},{\"@type\":\"Organization\",\"@id\":\"https:\\\/\\\/elcanillita.info\\\/press\\\/#organization\",\"name\":\"Guzzo Photos & Graphic Publications\",\"url\":\"https:\\\/\\\/elcanillita.info\\\/press\\\/\",\"logo\":{\"@type\":\"ImageObject\",\"inLanguage\":\"es-AR\",\"@id\":\"https:\\\/\\\/elcanillita.info\\\/press\\\/#\\\/schema\\\/logo\\\/image\\\/\",\"url\":\"https:\\\/\\\/elcanillita.info\\\/press\\\/images\\\/2020\\\/01\\\/cropped-cropped-cropped-elcanillitainfo.png\",\"contentUrl\":\"https:\\\/\\\/elcanillita.info\\\/press\\\/images\\\/2020\\\/01\\\/cropped-cropped-cropped-elcanillitainfo.png\",\"width\":460,\"height\":50,\"caption\":\"Guzzo Photos & Graphic Publications\"},\"image\":{\"@id\":\"https:\\\/\\\/elcanillita.info\\\/press\\\/#\\\/schema\\\/logo\\\/image\\\/\"},\"sameAs\":[\"https:\\\/\\\/ar-ar.facebook.com\\\/ElCanillitainfo-114249515285712\\\/\"]},{\"@type\":\"Person\",\"@id\":\"https:\\\/\\\/elcanillita.info\\\/press\\\/#\\\/schema\\\/person\\\/7fcb79f38045700919f7da6d97e71ba0\",\"name\":\"SalaStampa.eu, world press service\",\"image\":{\"@type\":\"ImageObject\",\"inLanguage\":\"es-AR\",\"@id\":\"https:\\\/\\\/secure.gravatar.com\\\/avatar\\\/c2f0e0d515a107624234994507816ca4724c7199cef73fc8bedebf6931d73888?s=96&d=mm&r=g\",\"url\":\"https:\\\/\\\/secure.gravatar.com\\\/avatar\\\/c2f0e0d515a107624234994507816ca4724c7199cef73fc8bedebf6931d73888?s=96&d=mm&r=g\",\"contentUrl\":\"https:\\\/\\\/secure.gravatar.com\\\/avatar\\\/c2f0e0d515a107624234994507816ca4724c7199cef73fc8bedebf6931d73888?s=96&d=mm&r=g\",\"caption\":\"SalaStampa.eu, world press service\"}}]}<\/script>\n<!-- \/ Yoast SEO plugin. -->","yoast_head_json":{"title":"A un a\u00f1o de la investidura que encendi\u00f3 el continente - ElCanillita.Info","robots":{"index":"index","follow":"follow","max-snippet":"max-snippet:-1","max-image-preview":"max-image-preview:large","max-video-preview":"max-video-preview:-1"},"canonical":"https:\/\/elcanillita.info\/press\/2026\/01\/05\/legitimidad-democratica\/","og_locale":"es_ES","og_type":"article","og_title":"A un a\u00f1o de la investidura que encendi\u00f3 el continente - ElCanillita.Info","og_description":"Lo que en enero de 2025 fue una crisis de legitimidad democr\u00e1tica termin\u00f3, doce meses despu\u00e9s, en una fractura geopol\u00edtica abierta con consecuencias a\u00fan imprevisibles.","og_url":"https:\/\/elcanillita.info\/press\/2026\/01\/05\/legitimidad-democratica\/","og_site_name":"ElCanillita.Info","article_publisher":"https:\/\/ar-ar.facebook.com\/ElCanillitainfo-114249515285712\/","article_published_time":"2026-01-05T22:37:28+00:00","article_modified_time":"2026-01-05T22:37:29+00:00","og_image":[{"width":600,"height":400,"url":"https:\/\/elcanillita.info\/press\/images\/2026\/01\/img_1364.jpg","type":"image\/jpeg"}],"author":"SalaStampa.eu, world press service","twitter_card":"summary_large_image","twitter_misc":{"Escrito por":"SalaStampa.eu, world press service","Tiempo de lectura":"2 minutos"},"schema":{"@context":"https:\/\/schema.org","@graph":[{"@type":"Article","@id":"https:\/\/elcanillita.info\/press\/2026\/01\/05\/legitimidad-democratica\/#article","isPartOf":{"@id":"https:\/\/elcanillita.info\/press\/2026\/01\/05\/legitimidad-democratica\/"},"author":{"name":"SalaStampa.eu, world press service","@id":"https:\/\/elcanillita.info\/press\/#\/schema\/person\/7fcb79f38045700919f7da6d97e71ba0"},"headline":"A un a\u00f1o de la investidura que encendi\u00f3 el continente","datePublished":"2026-01-05T22:37:28+00:00","dateModified":"2026-01-05T22:37:29+00:00","mainEntityOfPage":{"@id":"https:\/\/elcanillita.info\/press\/2026\/01\/05\/legitimidad-democratica\/"},"wordCount":382,"publisher":{"@id":"https:\/\/elcanillita.info\/press\/#organization"},"image":{"@id":"https:\/\/elcanillita.info\/press\/2026\/01\/05\/legitimidad-democratica\/#primaryimage"},"thumbnailUrl":"https:\/\/elcanillita.info\/press\/images\/2026\/01\/img_1364.jpg","keywords":["Venezuela"],"articleSection":[".",".","Actualidad","Am\u00e9rica del Sur","Corrupci\u00f3n","Fuerzas Armadas","Justicia","Politica"],"inLanguage":"es-AR"},{"@type":"WebPage","@id":"https:\/\/elcanillita.info\/press\/2026\/01\/05\/legitimidad-democratica\/","url":"https:\/\/elcanillita.info\/press\/2026\/01\/05\/legitimidad-democratica\/","name":"A un a\u00f1o de la investidura que encendi\u00f3 el continente - ElCanillita.Info","isPartOf":{"@id":"https:\/\/elcanillita.info\/press\/#website"},"primaryImageOfPage":{"@id":"https:\/\/elcanillita.info\/press\/2026\/01\/05\/legitimidad-democratica\/#primaryimage"},"image":{"@id":"https:\/\/elcanillita.info\/press\/2026\/01\/05\/legitimidad-democratica\/#primaryimage"},"thumbnailUrl":"https:\/\/elcanillita.info\/press\/images\/2026\/01\/img_1364.jpg","datePublished":"2026-01-05T22:37:28+00:00","dateModified":"2026-01-05T22:37:29+00:00","inLanguage":"es-AR","potentialAction":[{"@type":"ReadAction","target":["https:\/\/elcanillita.info\/press\/2026\/01\/05\/legitimidad-democratica\/"]}]},{"@type":"ImageObject","inLanguage":"es-AR","@id":"https:\/\/elcanillita.info\/press\/2026\/01\/05\/legitimidad-democratica\/#primaryimage","url":"https:\/\/elcanillita.info\/press\/images\/2026\/01\/img_1364.jpg","contentUrl":"https:\/\/elcanillita.info\/press\/images\/2026\/01\/img_1364.jpg","width":600,"height":400},{"@type":"WebSite","@id":"https:\/\/elcanillita.info\/press\/#website","url":"https:\/\/elcanillita.info\/press\/","name":"ElCanillita.Info","description":"desde los Apeninos a los Andes","publisher":{"@id":"https:\/\/elcanillita.info\/press\/#organization"},"potentialAction":[{"@type":"SearchAction","target":{"@type":"EntryPoint","urlTemplate":"https:\/\/elcanillita.info\/press\/?s={search_term_string}"},"query-input":{"@type":"PropertyValueSpecification","valueRequired":true,"valueName":"search_term_string"}}],"inLanguage":"es-AR"},{"@type":"Organization","@id":"https:\/\/elcanillita.info\/press\/#organization","name":"Guzzo Photos & Graphic Publications","url":"https:\/\/elcanillita.info\/press\/","logo":{"@type":"ImageObject","inLanguage":"es-AR","@id":"https:\/\/elcanillita.info\/press\/#\/schema\/logo\/image\/","url":"https:\/\/elcanillita.info\/press\/images\/2020\/01\/cropped-cropped-cropped-elcanillitainfo.png","contentUrl":"https:\/\/elcanillita.info\/press\/images\/2020\/01\/cropped-cropped-cropped-elcanillitainfo.png","width":460,"height":50,"caption":"Guzzo Photos & Graphic Publications"},"image":{"@id":"https:\/\/elcanillita.info\/press\/#\/schema\/logo\/image\/"},"sameAs":["https:\/\/ar-ar.facebook.com\/ElCanillitainfo-114249515285712\/"]},{"@type":"Person","@id":"https:\/\/elcanillita.info\/press\/#\/schema\/person\/7fcb79f38045700919f7da6d97e71ba0","name":"SalaStampa.eu, world press service","image":{"@type":"ImageObject","inLanguage":"es-AR","@id":"https:\/\/secure.gravatar.com\/avatar\/c2f0e0d515a107624234994507816ca4724c7199cef73fc8bedebf6931d73888?s=96&d=mm&r=g","url":"https:\/\/secure.gravatar.com\/avatar\/c2f0e0d515a107624234994507816ca4724c7199cef73fc8bedebf6931d73888?s=96&d=mm&r=g","contentUrl":"https:\/\/secure.gravatar.com\/avatar\/c2f0e0d515a107624234994507816ca4724c7199cef73fc8bedebf6931d73888?s=96&d=mm&r=g","caption":"SalaStampa.eu, world press service"}}]}},"views":183,"_links":{"self":[{"href":"https:\/\/elcanillita.info\/press\/wp-json\/wp\/v2\/posts\/5773","targetHints":{"allow":["GET"]}}],"collection":[{"href":"https:\/\/elcanillita.info\/press\/wp-json\/wp\/v2\/posts"}],"about":[{"href":"https:\/\/elcanillita.info\/press\/wp-json\/wp\/v2\/types\/post"}],"author":[{"embeddable":true,"href":"https:\/\/elcanillita.info\/press\/wp-json\/wp\/v2\/users\/1"}],"replies":[{"embeddable":true,"href":"https:\/\/elcanillita.info\/press\/wp-json\/wp\/v2\/comments?post=5773"}],"version-history":[{"count":0,"href":"https:\/\/elcanillita.info\/press\/wp-json\/wp\/v2\/posts\/5773\/revisions"}],"wp:featuredmedia":[{"embeddable":true,"href":"https:\/\/elcanillita.info\/press\/wp-json\/wp\/v2\/media\/5775"}],"wp:attachment":[{"href":"https:\/\/elcanillita.info\/press\/wp-json\/wp\/v2\/media?parent=5773"}],"wp:term":[{"taxonomy":"category","embeddable":true,"href":"https:\/\/elcanillita.info\/press\/wp-json\/wp\/v2\/categories?post=5773"},{"taxonomy":"post_tag","embeddable":true,"href":"https:\/\/elcanillita.info\/press\/wp-json\/wp\/v2\/tags?post=5773"}],"curies":[{"name":"wp","href":"https:\/\/api.w.org\/{rel}","templated":true}]}}