{"id":5753,"date":"2026-01-02T05:15:05","date_gmt":"2026-01-02T08:15:05","guid":{"rendered":"https:\/\/elcanillita.info\/press\/?p=5753"},"modified":"2026-01-02T05:41:05","modified_gmt":"2026-01-02T08:41:05","slug":"mision-secreta","status":"publish","type":"post","link":"https:\/\/elcanillita.info\/press\/2026\/01\/02\/mision-secreta\/","title":{"rendered":"Pr\u00f3ximo estreno: Bond Criollo"},"content":{"rendered":"\n<figure class=\"wp-block-image size-large\"><img loading=\"lazy\" decoding=\"async\" width=\"401\" height=\"600\" src=\"https:\/\/elcanillita.info\/press\/images\/2026\/01\/img_1307.jpg\" alt=\"\" class=\"wp-image-5756\" srcset=\"https:\/\/elcanillita.info\/press\/images\/2026\/01\/img_1307.jpg 401w, https:\/\/elcanillita.info\/press\/images\/2026\/01\/img_1307-201x300.jpg 201w\" sizes=\"auto, (max-width: 401px) 100vw, 401px\" \/><\/figure>\n\n\n\n<p class=\"p1\">La pol\u00edtica argentina arranc\u00f3 el a\u00f1o con tr\u00e1iler incluido. A trav\u00e9s de un DNU publicado en el Bolet\u00edn Oficial, el Ejecutivo reestructur\u00f3 la ley de inteligencia y redefini\u00f3 el rol de la Secretar\u00eda de Inteligencia del Estado (SIDE), otorg\u00e1ndole una capacidad que hasta ayer pertenec\u00eda a otro reparto: la aprehensi\u00f3n de personas.<\/p>\n\n\n\n<p class=\"p1\">El cambio no lleg\u00f3 por sorpresa. Hab\u00eda sido anticipado por el propio Gobierno, que lo present\u00f3 como una actualizaci\u00f3n necesaria frente a los \u201criesgos estrat\u00e9gicos\u201d. La novedad \u2014y el ruido\u2014 est\u00e1 en el detalle: agentes de inteligencia que, en determinados supuestos, pueden detener y luego avisar. Primero el acto, despu\u00e9s el tr\u00e1mite.<\/p>\n\n\n\n<p class=\"p1\">El texto es elocuente y el\u00e1stico. Declara \u201cencubiertas\u201d todas las actividades de inteligencia por su sensibilidad y para \u201cminimizar el Riesgo Estrat\u00e9gico Nacional\u201d. Una f\u00f3rmula amplia, de esas que en el cine habilitan persecuciones nocturnas; en la vida real, interpretaciones generosas.<\/p>\n\n\n\n<p class=\"p1\">El art\u00edculo m\u00e1s cuestionado habilita la aprehensi\u00f3n \u201cen el marco del desarrollo de actividades de inteligencia, auxilio o requerimiento judicial o comisi\u00f3n de delitos en flagrancia\u201d, con aviso inmediato a fuerzas policiales o de seguridad. La pregunta que flota no es el aviso, sino qui\u00e9n decide cu\u00e1ndo empieza la escena.<\/p>\n\n\n\n<p class=\"p1\">Desde la oposici\u00f3n, las alarmas sonaron al un\u00edsono. Se habl\u00f3 de \u201cespionaje pol\u00edtico\u201d, de confusi\u00f3n de roles y de un retroceso democr\u00e1tico. El fantasma de una polic\u00eda secreta \u2014ese cl\u00e1sico del g\u00e9nero\u2014 volvi\u00f3 a caminar los pasillos del Congreso, aunque el decreto haya elegido evitarlos.<\/p>\n\n\n\n<p class=\"p1\">El exdiputado <a href=\"chatgpt:\/\/generic-entity?number=0\">Leopoldo Moreau<\/a> fue directo: calific\u00f3 la medida como la creaci\u00f3n de una polic\u00eda secreta y sostuvo que clausura la conducci\u00f3n civil de la inteligencia militar. Record\u00f3, adem\u00e1s, que no es la primera vez que el sistema se modifica por decreto, sino la segunda, y con menos sutileza institucional.<\/p>\n\n\n\n<p class=\"p1\">Moreau fue m\u00e1s all\u00e1 y denunci\u00f3 que el DNU \u201cpasa descaradamente por encima de las facultades del Congreso\u201d y obliga a la administraci\u00f3n nacional y provincial a convertirse en delatores de la oposici\u00f3n. En su lectura, el libreto no es de acci\u00f3n sino de vigilancia.<\/p>\n\n\n\n<p class=\"p1\">Desde la Casa Rosada, la defensa se apoya en la eficiencia y la prevenci\u00f3n. Bajo la batuta del presidente <a href=\"chatgpt:\/\/generic-entity?number=1\">Javier Milei<\/a>, el Ejecutivo insiste en que se trata de dotar al Estado de herramientas modernas frente a amenazas complejas, sin alterar \u2014dicen\u2014 el equilibrio republicano.<\/p>\n\n\n\n<p class=\"p1\">Pero la frontera entre inteligencia y seguridad siempre fue delicada. Cuando se corre un cent\u00edmetro, el piso tiembla. Y si adem\u00e1s se corre por decreto, el temblor se siente m\u00e1s fuerte. El \u201cBond criollo\u201d ya tiene permiso para actuar; resta saber qui\u00e9n controla el guion y qui\u00e9n corta la escena si algo sale mal.<\/p>\n\n\n\n<p class=\"p1\">Por ahora, el estreno divide a la cr\u00edtica. Algunos aplauden la mano dura preventiva; otros advierten que, sin controles claros, el final puede ser de terror institucional. En Argentina, se sabe, los spin-offs suelen durar m\u00e1s que las garant\u00edas.<\/p>\n\n\n\n<p><\/p>\n\n\n\n<blockquote class=\"wp-block-quote is-layout-flow wp-block-quote-is-layout-flow\">\n<p>\u270d\ufe0f \u00a9\ufe0f 2026 Agente 00 Plata \u2013 All Rights Reserved<\/p>\n<\/blockquote>\n\n\n\n<p><\/p>\n\n\n<hr style=\"\n    border: none;\n    height: 1px;\n    background: linear-gradient(to right, transparent, #ccc, transparent);\n    margin: 0;\n\" \/>\n<\/p>\n<p><small>\u00a9\ufe0f2026  Guzzo Photos  &#038; Graphic Publications \u2013 All Rights Reserved \u2013 Copyright \u00a9\ufe0f 2026 SalaStampa.eu, world press service \u2013 Guzzo Photos &#038; Graphic Publications \u2013 Registro Editori e Stampatori n. 1441 Turin, Italy<\/small><\/p>\n\n\n<p><\/p>\n","protected":false},"excerpt":{"rendered":"<p>Entre decretos expr\u00e9s, siglas recicladas y zonas grises, el Gobierno reescribe la ley de inteligencia y le agrega una escena in\u00e9dita: agentes con facultades de aprehensi\u00f3n. La oposici\u00f3n habla de \u201cpolic\u00eda secreta\u201d. El guion promete suspenso; la institucionalidad, no tanto.<\/p>\n","protected":false},"author":14,"featured_media":5756,"comment_status":"closed","ping_status":"","sticky":false,"template":"","format":"standard","meta":{"footnotes":"","_links_to":"","_links_to_target":""},"categories":[108,121,70,11,23,137],"tags":[29],"class_list":["post-5753","post","type-post","status-publish","format-standard","has-post-thumbnail","hentry","category-blogdiario","category-dc24","category-actualidad","category-america-del-sur","category-politica","category-sociedad-y-valores","tag-argentina","entry","double"],"yoast_head":"<!-- This site is optimized with the Yoast SEO plugin v27.5 - https:\/\/yoast.com\/product\/yoast-seo-wordpress\/ -->\n<title>Pr\u00f3ximo estreno: Bond Criollo - ElCanillita.Info<\/title>\n<meta name=\"robots\" content=\"index, follow, max-snippet:-1, max-image-preview:large, max-video-preview:-1\" \/>\n<link rel=\"canonical\" href=\"https:\/\/elcanillita.info\/press\/2026\/01\/02\/mision-secreta\/\" \/>\n<meta property=\"og:locale\" content=\"es_ES\" \/>\n<meta property=\"og:type\" content=\"article\" \/>\n<meta property=\"og:title\" content=\"Pr\u00f3ximo estreno: Bond Criollo - ElCanillita.Info\" \/>\n<meta property=\"og:description\" content=\"Entre decretos expr\u00e9s, siglas recicladas y zonas grises, el Gobierno reescribe la ley de inteligencia y le agrega una escena in\u00e9dita: agentes con facultades de aprehensi\u00f3n. La oposici\u00f3n habla de \u201cpolic\u00eda secreta\u201d. El guion promete suspenso; la institucionalidad, no tanto.\" \/>\n<meta property=\"og:url\" content=\"https:\/\/elcanillita.info\/press\/2026\/01\/02\/mision-secreta\/\" \/>\n<meta property=\"og:site_name\" content=\"ElCanillita.Info\" \/>\n<meta property=\"article:publisher\" content=\"https:\/\/ar-ar.facebook.com\/ElCanillitainfo-114249515285712\/\" \/>\n<meta property=\"article:published_time\" content=\"2026-01-02T08:15:05+00:00\" \/>\n<meta property=\"article:modified_time\" content=\"2026-01-02T08:41:05+00:00\" \/>\n<meta property=\"og:image\" content=\"https:\/\/elcanillita.info\/press\/images\/2026\/01\/img_1307.jpg\" \/>\n\t<meta property=\"og:image:width\" content=\"401\" \/>\n\t<meta property=\"og:image:height\" content=\"600\" \/>\n\t<meta property=\"og:image:type\" content=\"image\/jpeg\" \/>\n<meta name=\"author\" content=\"ElCanillita.info Guzzo Photos &amp; Graphic Publications\" \/>\n<meta name=\"twitter:card\" content=\"summary_large_image\" \/>\n<meta name=\"twitter:label1\" content=\"Escrito por\" \/>\n\t<meta name=\"twitter:data1\" content=\"ElCanillita.info Guzzo Photos &amp; Graphic Publications\" \/>\n\t<meta name=\"twitter:label2\" content=\"Tiempo de lectura\" \/>\n\t<meta name=\"twitter:data2\" content=\"3 minutos\" \/>\n<script type=\"application\/ld+json\" class=\"yoast-schema-graph\">{\"@context\":\"https:\\\/\\\/schema.org\",\"@graph\":[{\"@type\":\"Article\",\"@id\":\"https:\\\/\\\/elcanillita.info\\\/press\\\/2026\\\/01\\\/02\\\/mision-secreta\\\/#article\",\"isPartOf\":{\"@id\":\"https:\\\/\\\/elcanillita.info\\\/press\\\/2026\\\/01\\\/02\\\/mision-secreta\\\/\"},\"author\":{\"name\":\"ElCanillita.info Guzzo Photos &amp; Graphic Publications\",\"@id\":\"https:\\\/\\\/elcanillita.info\\\/press\\\/#\\\/schema\\\/person\\\/e37a550cff8f5f3407ed112e4cc619cb\"},\"headline\":\"Pr\u00f3ximo estreno: Bond Criollo\",\"datePublished\":\"2026-01-02T08:15:05+00:00\",\"dateModified\":\"2026-01-02T08:41:05+00:00\",\"mainEntityOfPage\":{\"@id\":\"https:\\\/\\\/elcanillita.info\\\/press\\\/2026\\\/01\\\/02\\\/mision-secreta\\\/\"},\"wordCount\":555,\"publisher\":{\"@id\":\"https:\\\/\\\/elcanillita.info\\\/press\\\/#organization\"},\"image\":{\"@id\":\"https:\\\/\\\/elcanillita.info\\\/press\\\/2026\\\/01\\\/02\\\/mision-secreta\\\/#primaryimage\"},\"thumbnailUrl\":\"https:\\\/\\\/elcanillita.info\\\/press\\\/images\\\/2026\\\/01\\\/img_1307.jpg\",\"keywords\":[\"Argentina\"],\"articleSection\":[\".\",\".\",\"Actualidad\",\"Am\u00e9rica del Sur\",\"Politica\",\"Sociedad y valores\"],\"inLanguage\":\"es-AR\"},{\"@type\":\"WebPage\",\"@id\":\"https:\\\/\\\/elcanillita.info\\\/press\\\/2026\\\/01\\\/02\\\/mision-secreta\\\/\",\"url\":\"https:\\\/\\\/elcanillita.info\\\/press\\\/2026\\\/01\\\/02\\\/mision-secreta\\\/\",\"name\":\"Pr\u00f3ximo estreno: Bond Criollo - ElCanillita.Info\",\"isPartOf\":{\"@id\":\"https:\\\/\\\/elcanillita.info\\\/press\\\/#website\"},\"primaryImageOfPage\":{\"@id\":\"https:\\\/\\\/elcanillita.info\\\/press\\\/2026\\\/01\\\/02\\\/mision-secreta\\\/#primaryimage\"},\"image\":{\"@id\":\"https:\\\/\\\/elcanillita.info\\\/press\\\/2026\\\/01\\\/02\\\/mision-secreta\\\/#primaryimage\"},\"thumbnailUrl\":\"https:\\\/\\\/elcanillita.info\\\/press\\\/images\\\/2026\\\/01\\\/img_1307.jpg\",\"datePublished\":\"2026-01-02T08:15:05+00:00\",\"dateModified\":\"2026-01-02T08:41:05+00:00\",\"inLanguage\":\"es-AR\",\"potentialAction\":[{\"@type\":\"ReadAction\",\"target\":[\"https:\\\/\\\/elcanillita.info\\\/press\\\/2026\\\/01\\\/02\\\/mision-secreta\\\/\"]}]},{\"@type\":\"ImageObject\",\"inLanguage\":\"es-AR\",\"@id\":\"https:\\\/\\\/elcanillita.info\\\/press\\\/2026\\\/01\\\/02\\\/mision-secreta\\\/#primaryimage\",\"url\":\"https:\\\/\\\/elcanillita.info\\\/press\\\/images\\\/2026\\\/01\\\/img_1307.jpg\",\"contentUrl\":\"https:\\\/\\\/elcanillita.info\\\/press\\\/images\\\/2026\\\/01\\\/img_1307.jpg\",\"width\":401,\"height\":600},{\"@type\":\"WebSite\",\"@id\":\"https:\\\/\\\/elcanillita.info\\\/press\\\/#website\",\"url\":\"https:\\\/\\\/elcanillita.info\\\/press\\\/\",\"name\":\"ElCanillita.Info\",\"description\":\"desde los Apeninos a los Andes\",\"publisher\":{\"@id\":\"https:\\\/\\\/elcanillita.info\\\/press\\\/#organization\"},\"potentialAction\":[{\"@type\":\"SearchAction\",\"target\":{\"@type\":\"EntryPoint\",\"urlTemplate\":\"https:\\\/\\\/elcanillita.info\\\/press\\\/?s={search_term_string}\"},\"query-input\":{\"@type\":\"PropertyValueSpecification\",\"valueRequired\":true,\"valueName\":\"search_term_string\"}}],\"inLanguage\":\"es-AR\"},{\"@type\":\"Organization\",\"@id\":\"https:\\\/\\\/elcanillita.info\\\/press\\\/#organization\",\"name\":\"Guzzo Photos & Graphic Publications\",\"url\":\"https:\\\/\\\/elcanillita.info\\\/press\\\/\",\"logo\":{\"@type\":\"ImageObject\",\"inLanguage\":\"es-AR\",\"@id\":\"https:\\\/\\\/elcanillita.info\\\/press\\\/#\\\/schema\\\/logo\\\/image\\\/\",\"url\":\"https:\\\/\\\/elcanillita.info\\\/press\\\/images\\\/2020\\\/01\\\/cropped-cropped-cropped-elcanillitainfo.png\",\"contentUrl\":\"https:\\\/\\\/elcanillita.info\\\/press\\\/images\\\/2020\\\/01\\\/cropped-cropped-cropped-elcanillitainfo.png\",\"width\":460,\"height\":50,\"caption\":\"Guzzo Photos & Graphic Publications\"},\"image\":{\"@id\":\"https:\\\/\\\/elcanillita.info\\\/press\\\/#\\\/schema\\\/logo\\\/image\\\/\"},\"sameAs\":[\"https:\\\/\\\/ar-ar.facebook.com\\\/ElCanillitainfo-114249515285712\\\/\"]},{\"@type\":\"Person\",\"@id\":\"https:\\\/\\\/elcanillita.info\\\/press\\\/#\\\/schema\\\/person\\\/e37a550cff8f5f3407ed112e4cc619cb\",\"name\":\"ElCanillita.info Guzzo Photos &amp; Graphic Publications\",\"image\":{\"@type\":\"ImageObject\",\"inLanguage\":\"es-AR\",\"@id\":\"https:\\\/\\\/secure.gravatar.com\\\/avatar\\\/8914fbe0ef09248907e331ab93dfa89c7f76decf6b51cd1b2f8444e6260db772?s=96&d=mm&r=g\",\"url\":\"https:\\\/\\\/secure.gravatar.com\\\/avatar\\\/8914fbe0ef09248907e331ab93dfa89c7f76decf6b51cd1b2f8444e6260db772?s=96&d=mm&r=g\",\"contentUrl\":\"https:\\\/\\\/secure.gravatar.com\\\/avatar\\\/8914fbe0ef09248907e331ab93dfa89c7f76decf6b51cd1b2f8444e6260db772?s=96&d=mm&r=g\",\"caption\":\"ElCanillita.info Guzzo Photos &amp; Graphic Publications\"},\"sameAs\":[\"http:\\\/\\\/guzzophotos.com\"]}]}<\/script>\n<!-- \/ Yoast SEO plugin. -->","yoast_head_json":{"title":"Pr\u00f3ximo estreno: Bond Criollo - ElCanillita.Info","robots":{"index":"index","follow":"follow","max-snippet":"max-snippet:-1","max-image-preview":"max-image-preview:large","max-video-preview":"max-video-preview:-1"},"canonical":"https:\/\/elcanillita.info\/press\/2026\/01\/02\/mision-secreta\/","og_locale":"es_ES","og_type":"article","og_title":"Pr\u00f3ximo estreno: Bond Criollo - ElCanillita.Info","og_description":"Entre decretos expr\u00e9s, siglas recicladas y zonas grises, el Gobierno reescribe la ley de inteligencia y le agrega una escena in\u00e9dita: agentes con facultades de aprehensi\u00f3n. La oposici\u00f3n habla de \u201cpolic\u00eda secreta\u201d. El guion promete suspenso; la institucionalidad, no tanto.","og_url":"https:\/\/elcanillita.info\/press\/2026\/01\/02\/mision-secreta\/","og_site_name":"ElCanillita.Info","article_publisher":"https:\/\/ar-ar.facebook.com\/ElCanillitainfo-114249515285712\/","article_published_time":"2026-01-02T08:15:05+00:00","article_modified_time":"2026-01-02T08:41:05+00:00","og_image":[{"width":401,"height":600,"url":"https:\/\/elcanillita.info\/press\/images\/2026\/01\/img_1307.jpg","type":"image\/jpeg"}],"author":"ElCanillita.info Guzzo Photos &amp; Graphic Publications","twitter_card":"summary_large_image","twitter_misc":{"Escrito por":"ElCanillita.info Guzzo Photos &amp; Graphic Publications","Tiempo de lectura":"3 minutos"},"schema":{"@context":"https:\/\/schema.org","@graph":[{"@type":"Article","@id":"https:\/\/elcanillita.info\/press\/2026\/01\/02\/mision-secreta\/#article","isPartOf":{"@id":"https:\/\/elcanillita.info\/press\/2026\/01\/02\/mision-secreta\/"},"author":{"name":"ElCanillita.info Guzzo Photos &amp; Graphic Publications","@id":"https:\/\/elcanillita.info\/press\/#\/schema\/person\/e37a550cff8f5f3407ed112e4cc619cb"},"headline":"Pr\u00f3ximo estreno: Bond Criollo","datePublished":"2026-01-02T08:15:05+00:00","dateModified":"2026-01-02T08:41:05+00:00","mainEntityOfPage":{"@id":"https:\/\/elcanillita.info\/press\/2026\/01\/02\/mision-secreta\/"},"wordCount":555,"publisher":{"@id":"https:\/\/elcanillita.info\/press\/#organization"},"image":{"@id":"https:\/\/elcanillita.info\/press\/2026\/01\/02\/mision-secreta\/#primaryimage"},"thumbnailUrl":"https:\/\/elcanillita.info\/press\/images\/2026\/01\/img_1307.jpg","keywords":["Argentina"],"articleSection":[".",".","Actualidad","Am\u00e9rica del Sur","Politica","Sociedad y valores"],"inLanguage":"es-AR"},{"@type":"WebPage","@id":"https:\/\/elcanillita.info\/press\/2026\/01\/02\/mision-secreta\/","url":"https:\/\/elcanillita.info\/press\/2026\/01\/02\/mision-secreta\/","name":"Pr\u00f3ximo estreno: Bond Criollo - ElCanillita.Info","isPartOf":{"@id":"https:\/\/elcanillita.info\/press\/#website"},"primaryImageOfPage":{"@id":"https:\/\/elcanillita.info\/press\/2026\/01\/02\/mision-secreta\/#primaryimage"},"image":{"@id":"https:\/\/elcanillita.info\/press\/2026\/01\/02\/mision-secreta\/#primaryimage"},"thumbnailUrl":"https:\/\/elcanillita.info\/press\/images\/2026\/01\/img_1307.jpg","datePublished":"2026-01-02T08:15:05+00:00","dateModified":"2026-01-02T08:41:05+00:00","inLanguage":"es-AR","potentialAction":[{"@type":"ReadAction","target":["https:\/\/elcanillita.info\/press\/2026\/01\/02\/mision-secreta\/"]}]},{"@type":"ImageObject","inLanguage":"es-AR","@id":"https:\/\/elcanillita.info\/press\/2026\/01\/02\/mision-secreta\/#primaryimage","url":"https:\/\/elcanillita.info\/press\/images\/2026\/01\/img_1307.jpg","contentUrl":"https:\/\/elcanillita.info\/press\/images\/2026\/01\/img_1307.jpg","width":401,"height":600},{"@type":"WebSite","@id":"https:\/\/elcanillita.info\/press\/#website","url":"https:\/\/elcanillita.info\/press\/","name":"ElCanillita.Info","description":"desde los Apeninos a los Andes","publisher":{"@id":"https:\/\/elcanillita.info\/press\/#organization"},"potentialAction":[{"@type":"SearchAction","target":{"@type":"EntryPoint","urlTemplate":"https:\/\/elcanillita.info\/press\/?s={search_term_string}"},"query-input":{"@type":"PropertyValueSpecification","valueRequired":true,"valueName":"search_term_string"}}],"inLanguage":"es-AR"},{"@type":"Organization","@id":"https:\/\/elcanillita.info\/press\/#organization","name":"Guzzo Photos & Graphic Publications","url":"https:\/\/elcanillita.info\/press\/","logo":{"@type":"ImageObject","inLanguage":"es-AR","@id":"https:\/\/elcanillita.info\/press\/#\/schema\/logo\/image\/","url":"https:\/\/elcanillita.info\/press\/images\/2020\/01\/cropped-cropped-cropped-elcanillitainfo.png","contentUrl":"https:\/\/elcanillita.info\/press\/images\/2020\/01\/cropped-cropped-cropped-elcanillitainfo.png","width":460,"height":50,"caption":"Guzzo Photos & Graphic Publications"},"image":{"@id":"https:\/\/elcanillita.info\/press\/#\/schema\/logo\/image\/"},"sameAs":["https:\/\/ar-ar.facebook.com\/ElCanillitainfo-114249515285712\/"]},{"@type":"Person","@id":"https:\/\/elcanillita.info\/press\/#\/schema\/person\/e37a550cff8f5f3407ed112e4cc619cb","name":"ElCanillita.info Guzzo Photos &amp; Graphic Publications","image":{"@type":"ImageObject","inLanguage":"es-AR","@id":"https:\/\/secure.gravatar.com\/avatar\/8914fbe0ef09248907e331ab93dfa89c7f76decf6b51cd1b2f8444e6260db772?s=96&d=mm&r=g","url":"https:\/\/secure.gravatar.com\/avatar\/8914fbe0ef09248907e331ab93dfa89c7f76decf6b51cd1b2f8444e6260db772?s=96&d=mm&r=g","contentUrl":"https:\/\/secure.gravatar.com\/avatar\/8914fbe0ef09248907e331ab93dfa89c7f76decf6b51cd1b2f8444e6260db772?s=96&d=mm&r=g","caption":"ElCanillita.info Guzzo Photos &amp; Graphic Publications"},"sameAs":["http:\/\/guzzophotos.com"]}]}},"views":184,"_links":{"self":[{"href":"https:\/\/elcanillita.info\/press\/wp-json\/wp\/v2\/posts\/5753","targetHints":{"allow":["GET"]}}],"collection":[{"href":"https:\/\/elcanillita.info\/press\/wp-json\/wp\/v2\/posts"}],"about":[{"href":"https:\/\/elcanillita.info\/press\/wp-json\/wp\/v2\/types\/post"}],"author":[{"embeddable":true,"href":"https:\/\/elcanillita.info\/press\/wp-json\/wp\/v2\/users\/14"}],"replies":[{"embeddable":true,"href":"https:\/\/elcanillita.info\/press\/wp-json\/wp\/v2\/comments?post=5753"}],"version-history":[{"count":0,"href":"https:\/\/elcanillita.info\/press\/wp-json\/wp\/v2\/posts\/5753\/revisions"}],"wp:featuredmedia":[{"embeddable":true,"href":"https:\/\/elcanillita.info\/press\/wp-json\/wp\/v2\/media\/5756"}],"wp:attachment":[{"href":"https:\/\/elcanillita.info\/press\/wp-json\/wp\/v2\/media?parent=5753"}],"wp:term":[{"taxonomy":"category","embeddable":true,"href":"https:\/\/elcanillita.info\/press\/wp-json\/wp\/v2\/categories?post=5753"},{"taxonomy":"post_tag","embeddable":true,"href":"https:\/\/elcanillita.info\/press\/wp-json\/wp\/v2\/tags?post=5753"}],"curies":[{"name":"wp","href":"https:\/\/api.w.org\/{rel}","templated":true}]}}