{"id":575,"date":"2020-02-24T16:17:34","date_gmt":"2020-02-24T19:17:34","guid":{"rendered":"https:\/\/elcanillita.info\/press\/?p=575"},"modified":"2020-02-24T16:17:36","modified_gmt":"2020-02-24T19:17:36","slug":"mexico-no-preven-reacciones-violentas-extradicion-presunto-narcotraficante-usa","status":"publish","type":"post","link":"https:\/\/elcanillita.info\/press\/2020\/02\/24\/mexico-no-preven-reacciones-violentas-extradicion-presunto-narcotraficante-usa\/","title":{"rendered":"M\u00e9xico: No prev\u00e9n reacciones violentas por extradici\u00f3n de presunto narcotraficante a EE.UU."},"content":{"rendered":"\n<p>M\u00e9xico, 24.02.2020 &#8211; Las autoridades mexicanas informaron que hasta el momento no ha habido reacciones violentas en el pa\u00eds tras la extradici\u00f3n a Estados Unidos de Rub\u00e9n Oseguera Gonz\u00e1lez, alias \u201cEl Menchito\u201d, hijo del l\u00edder del c\u00e1rtel Jalisco Nueva Generaci\u00f3n, considerada una de las organizaciones m\u00e1s violentas de M\u00e9xico.<\/p>\n\n\n\n<p>Autoridades federales mexicanas y el Departamento de Justicia de Estados Unidos confirmaron el viernes la extradici\u00f3n de \u201cEl Menchito\u201d para enfrentar cargos de conspiraci\u00f3n para traficar drogas.<\/p>\n\n\n\n<p>El consulado de Estados Unidos en Guadalajara hab\u00eda emitido una alerta a sus ciudadanos en la que les pidi\u00f3 tener cuidado en el \u00e1rea metropolitana de esta ciudad, evitar salir de noche y verificar que sus veh\u00edculos tuvieran el tanque de gasolina lleno, ante posibles represalias del crimen organizado.<\/p>\n\n\n\n<p>Extraditan a EE.UU. al hijo del l\u00edder del c\u00e1rtel de Jalisco Nueva Generaci\u00f3n<\/p>\n\n\n\n<p>El secretario de Seguridad Ciudadana de M\u00e9xico, Alfonso Durazo, dijo que la extradici\u00f3n de \u201cEl Menchito\u201d fue una acci\u00f3n conjunta apegada a la legalidad, encabezada por la Fiscal\u00eda General de la Rep\u00fablica y la previa aprobaci\u00f3n de la Secretar\u00eda de Relaciones Exteriores.<\/p>\n\n\n\n<p>Durazo se\u00f1al\u00f3 que si bien las autoridades estaban pendientes a cualquier hecho de violencia no se hab\u00eda emitido una alerta.<\/p>\n\n\n\n<p>Detall\u00f3 que el proceso de extradici\u00f3n fue largo debido a la presentaci\u00f3n de diversos amparos que imposibilitaban el traslado de \u201cEl Menchito\u201d a Estados Unidos. Uno de esos recursos, explic\u00f3, provoc\u00f3 un retraso de ocho meses.<\/p>\n\n\n\n<p>\u201cTodas las autoridades federales estamos invariablemente pendientes, pero eso lo hacemos todos los d\u00edas\u201d, declar\u00f3 el funcionario.<\/p>\n\n\n\n<p>\u201cNo quisiera decir que por esta acci\u00f3n hay una alerta en particular, simple y sencillamente todas las autoridades estamos pendientes todos los d\u00edas de cualquier acontecimiento de car\u00e1cter criminal\u201d, agreg\u00f3.<\/p>\n\n\n\n<p>M\u00e9xico arresta y libera a hijo menor de &#8220;El Chapo&#8221; Guzm\u00e1n ante violencia en Culiac\u00e1n<\/p>\n\n\n\n<p>Oseguera es conocido como \u201cEl Menchito\u201d, debido a su padre, Nemesio Oseguera, alias \u201cEl Mencho\u201d. Oseguera naci\u00f3 en California y tiene doble ciudadan\u00eda estadounidense-mexicana.<\/p>\n\n\n\n<p>El c\u00e1rtel Jalisco Nueva Generaci\u00f3n es actualmente una de las organizaciones m\u00e1s violentas y de m\u00e1s r\u00e1pido crecimiento en M\u00e9xico y las autoridades tem\u00edan que su extradici\u00f3n pudiera desatar una ola de violencia similar a la vivida el a\u00f1o pasado cuando arrestaron a Ovidio Guzm\u00e1n, hijo del narcotraficante Joaqu\u00edn &#8216;el Chapo&#8217; Guzm\u00e1n.<br><br>Informe desde M\u00e9xico<br> Las autoridades estadounidenses solicitaron la extradici\u00f3n de Oseguera para que sea juzgado por narcotr\u00e1fico, por distribuir coca\u00edna y metanfetaminas y por uso de armas de fuego.<br>Gobierno cede control a c\u00e1rteles en muchas partes de M\u00e9xico<br><br>\n<small>2020 voanoticias \u2013 salastampa.eu, afiliada a la red Broadcasting Board of Governors \u00a9 2020 BBG<\/small><\/p>\n","protected":false},"excerpt":{"rendered":"<p>M\u00e9xico, 24.02.2020 &#8211; Las autoridades mexicanas informaron que hasta el momento no ha habido reacciones violentas en el pa\u00eds tras la extradici\u00f3n a Estados Unidos de Rub\u00e9n Oseguera Gonz\u00e1lez, alias \u201cEl Menchito\u201d, hijo del l\u00edder del c\u00e1rtel Jalisco Nueva Generaci\u00f3n, considerada una de las organizaciones m\u00e1s violentas de M\u00e9xico.<\/p>\n","protected":false},"author":1,"featured_media":0,"comment_status":"closed","ping_status":"closed","sticky":false,"template":"","format":"standard","meta":{"footnotes":"","_links_to":"","_links_to_target":""},"categories":[70,9,22,23,25],"tags":[57],"class_list":["post-575","post","type-post","status-publish","format-standard","hentry","category-actualidad","category-america-del-norte","category-justicia","category-politica","category-sociedad","tag-mejico","entry","double"],"yoast_head":"<!-- This site is optimized with the Yoast SEO plugin v27.5 - https:\/\/yoast.com\/product\/yoast-seo-wordpress\/ -->\n<title>M\u00e9xico: No prev\u00e9n reacciones violentas por extradici\u00f3n de presunto narcotraficante a EE.UU. - ElCanillita.Info<\/title>\n<meta name=\"robots\" content=\"index, follow, max-snippet:-1, max-image-preview:large, max-video-preview:-1\" \/>\n<link rel=\"canonical\" href=\"https:\/\/elcanillita.info\/press\/2020\/02\/24\/mexico-no-preven-reacciones-violentas-extradicion-presunto-narcotraficante-usa\/\" \/>\n<meta property=\"og:locale\" content=\"es_ES\" \/>\n<meta property=\"og:type\" content=\"article\" \/>\n<meta property=\"og:title\" content=\"M\u00e9xico: No prev\u00e9n reacciones violentas por extradici\u00f3n de presunto narcotraficante a EE.UU. - ElCanillita.Info\" \/>\n<meta property=\"og:description\" content=\"M\u00e9xico, 24.02.2020 - Las autoridades mexicanas informaron que hasta el momento no ha habido reacciones violentas en el pa\u00eds tras la extradici\u00f3n a Estados Unidos de Rub\u00e9n Oseguera Gonz\u00e1lez, alias \u201cEl Menchito\u201d, hijo del l\u00edder del c\u00e1rtel Jalisco Nueva Generaci\u00f3n, considerada una de las organizaciones m\u00e1s violentas de M\u00e9xico.\" \/>\n<meta property=\"og:url\" content=\"https:\/\/elcanillita.info\/press\/2020\/02\/24\/mexico-no-preven-reacciones-violentas-extradicion-presunto-narcotraficante-usa\/\" \/>\n<meta property=\"og:site_name\" content=\"ElCanillita.Info\" \/>\n<meta property=\"article:publisher\" content=\"https:\/\/ar-ar.facebook.com\/ElCanillitainfo-114249515285712\/\" \/>\n<meta property=\"article:published_time\" content=\"2020-02-24T19:17:34+00:00\" \/>\n<meta property=\"article:modified_time\" content=\"2020-02-24T19:17:36+00:00\" \/>\n<meta name=\"author\" content=\"SalaStampa.eu, world press service\" \/>\n<meta name=\"twitter:card\" content=\"summary_large_image\" \/>\n<meta name=\"twitter:label1\" content=\"Escrito por\" \/>\n\t<meta name=\"twitter:data1\" content=\"SalaStampa.eu, world press service\" \/>\n\t<meta name=\"twitter:label2\" content=\"Tiempo de lectura\" \/>\n\t<meta name=\"twitter:data2\" content=\"2 minutos\" \/>\n<script type=\"application\/ld+json\" class=\"yoast-schema-graph\">{\"@context\":\"https:\\\/\\\/schema.org\",\"@graph\":[{\"@type\":\"Article\",\"@id\":\"https:\\\/\\\/elcanillita.info\\\/press\\\/2020\\\/02\\\/24\\\/mexico-no-preven-reacciones-violentas-extradicion-presunto-narcotraficante-usa\\\/#article\",\"isPartOf\":{\"@id\":\"https:\\\/\\\/elcanillita.info\\\/press\\\/2020\\\/02\\\/24\\\/mexico-no-preven-reacciones-violentas-extradicion-presunto-narcotraficante-usa\\\/\"},\"author\":{\"name\":\"SalaStampa.eu, world press service\",\"@id\":\"https:\\\/\\\/elcanillita.info\\\/press\\\/#\\\/schema\\\/person\\\/7fcb79f38045700919f7da6d97e71ba0\"},\"headline\":\"M\u00e9xico: No prev\u00e9n reacciones violentas por extradici\u00f3n de presunto narcotraficante a EE.UU.\",\"datePublished\":\"2020-02-24T19:17:34+00:00\",\"dateModified\":\"2020-02-24T19:17:36+00:00\",\"mainEntityOfPage\":{\"@id\":\"https:\\\/\\\/elcanillita.info\\\/press\\\/2020\\\/02\\\/24\\\/mexico-no-preven-reacciones-violentas-extradicion-presunto-narcotraficante-usa\\\/\"},\"wordCount\":495,\"publisher\":{\"@id\":\"https:\\\/\\\/elcanillita.info\\\/press\\\/#organization\"},\"keywords\":[\"M\u00e9jico\"],\"articleSection\":[\"Actualidad\",\"Am\u00e9rica del Norte\",\"Justicia\",\"Politica\",\"Sociedad\"],\"inLanguage\":\"es-AR\"},{\"@type\":\"WebPage\",\"@id\":\"https:\\\/\\\/elcanillita.info\\\/press\\\/2020\\\/02\\\/24\\\/mexico-no-preven-reacciones-violentas-extradicion-presunto-narcotraficante-usa\\\/\",\"url\":\"https:\\\/\\\/elcanillita.info\\\/press\\\/2020\\\/02\\\/24\\\/mexico-no-preven-reacciones-violentas-extradicion-presunto-narcotraficante-usa\\\/\",\"name\":\"M\u00e9xico: No prev\u00e9n reacciones violentas por extradici\u00f3n de presunto narcotraficante a EE.UU. - ElCanillita.Info\",\"isPartOf\":{\"@id\":\"https:\\\/\\\/elcanillita.info\\\/press\\\/#website\"},\"datePublished\":\"2020-02-24T19:17:34+00:00\",\"dateModified\":\"2020-02-24T19:17:36+00:00\",\"inLanguage\":\"es-AR\",\"potentialAction\":[{\"@type\":\"ReadAction\",\"target\":[\"https:\\\/\\\/elcanillita.info\\\/press\\\/2020\\\/02\\\/24\\\/mexico-no-preven-reacciones-violentas-extradicion-presunto-narcotraficante-usa\\\/\"]}]},{\"@type\":\"WebSite\",\"@id\":\"https:\\\/\\\/elcanillita.info\\\/press\\\/#website\",\"url\":\"https:\\\/\\\/elcanillita.info\\\/press\\\/\",\"name\":\"ElCanillita.Info\",\"description\":\"desde los Apeninos a los Andes\",\"publisher\":{\"@id\":\"https:\\\/\\\/elcanillita.info\\\/press\\\/#organization\"},\"potentialAction\":[{\"@type\":\"SearchAction\",\"target\":{\"@type\":\"EntryPoint\",\"urlTemplate\":\"https:\\\/\\\/elcanillita.info\\\/press\\\/?s={search_term_string}\"},\"query-input\":{\"@type\":\"PropertyValueSpecification\",\"valueRequired\":true,\"valueName\":\"search_term_string\"}}],\"inLanguage\":\"es-AR\"},{\"@type\":\"Organization\",\"@id\":\"https:\\\/\\\/elcanillita.info\\\/press\\\/#organization\",\"name\":\"Guzzo Photos & Graphic Publications\",\"url\":\"https:\\\/\\\/elcanillita.info\\\/press\\\/\",\"logo\":{\"@type\":\"ImageObject\",\"inLanguage\":\"es-AR\",\"@id\":\"https:\\\/\\\/elcanillita.info\\\/press\\\/#\\\/schema\\\/logo\\\/image\\\/\",\"url\":\"https:\\\/\\\/elcanillita.info\\\/press\\\/images\\\/2020\\\/01\\\/cropped-cropped-cropped-elcanillitainfo.png\",\"contentUrl\":\"https:\\\/\\\/elcanillita.info\\\/press\\\/images\\\/2020\\\/01\\\/cropped-cropped-cropped-elcanillitainfo.png\",\"width\":460,\"height\":50,\"caption\":\"Guzzo Photos & Graphic Publications\"},\"image\":{\"@id\":\"https:\\\/\\\/elcanillita.info\\\/press\\\/#\\\/schema\\\/logo\\\/image\\\/\"},\"sameAs\":[\"https:\\\/\\\/ar-ar.facebook.com\\\/ElCanillitainfo-114249515285712\\\/\"]},{\"@type\":\"Person\",\"@id\":\"https:\\\/\\\/elcanillita.info\\\/press\\\/#\\\/schema\\\/person\\\/7fcb79f38045700919f7da6d97e71ba0\",\"name\":\"SalaStampa.eu, world press service\",\"image\":{\"@type\":\"ImageObject\",\"inLanguage\":\"es-AR\",\"@id\":\"https:\\\/\\\/secure.gravatar.com\\\/avatar\\\/c2f0e0d515a107624234994507816ca4724c7199cef73fc8bedebf6931d73888?s=96&d=mm&r=g\",\"url\":\"https:\\\/\\\/secure.gravatar.com\\\/avatar\\\/c2f0e0d515a107624234994507816ca4724c7199cef73fc8bedebf6931d73888?s=96&d=mm&r=g\",\"contentUrl\":\"https:\\\/\\\/secure.gravatar.com\\\/avatar\\\/c2f0e0d515a107624234994507816ca4724c7199cef73fc8bedebf6931d73888?s=96&d=mm&r=g\",\"caption\":\"SalaStampa.eu, world press service\"}}]}<\/script>\n<!-- \/ Yoast SEO plugin. -->","yoast_head_json":{"title":"M\u00e9xico: No prev\u00e9n reacciones violentas por extradici\u00f3n de presunto narcotraficante a EE.UU. - ElCanillita.Info","robots":{"index":"index","follow":"follow","max-snippet":"max-snippet:-1","max-image-preview":"max-image-preview:large","max-video-preview":"max-video-preview:-1"},"canonical":"https:\/\/elcanillita.info\/press\/2020\/02\/24\/mexico-no-preven-reacciones-violentas-extradicion-presunto-narcotraficante-usa\/","og_locale":"es_ES","og_type":"article","og_title":"M\u00e9xico: No prev\u00e9n reacciones violentas por extradici\u00f3n de presunto narcotraficante a EE.UU. - ElCanillita.Info","og_description":"M\u00e9xico, 24.02.2020 - Las autoridades mexicanas informaron que hasta el momento no ha habido reacciones violentas en el pa\u00eds tras la extradici\u00f3n a Estados Unidos de Rub\u00e9n Oseguera Gonz\u00e1lez, alias \u201cEl Menchito\u201d, hijo del l\u00edder del c\u00e1rtel Jalisco Nueva Generaci\u00f3n, considerada una de las organizaciones m\u00e1s violentas de M\u00e9xico.","og_url":"https:\/\/elcanillita.info\/press\/2020\/02\/24\/mexico-no-preven-reacciones-violentas-extradicion-presunto-narcotraficante-usa\/","og_site_name":"ElCanillita.Info","article_publisher":"https:\/\/ar-ar.facebook.com\/ElCanillitainfo-114249515285712\/","article_published_time":"2020-02-24T19:17:34+00:00","article_modified_time":"2020-02-24T19:17:36+00:00","author":"SalaStampa.eu, world press service","twitter_card":"summary_large_image","twitter_misc":{"Escrito por":"SalaStampa.eu, world press service","Tiempo de lectura":"2 minutos"},"schema":{"@context":"https:\/\/schema.org","@graph":[{"@type":"Article","@id":"https:\/\/elcanillita.info\/press\/2020\/02\/24\/mexico-no-preven-reacciones-violentas-extradicion-presunto-narcotraficante-usa\/#article","isPartOf":{"@id":"https:\/\/elcanillita.info\/press\/2020\/02\/24\/mexico-no-preven-reacciones-violentas-extradicion-presunto-narcotraficante-usa\/"},"author":{"name":"SalaStampa.eu, world press service","@id":"https:\/\/elcanillita.info\/press\/#\/schema\/person\/7fcb79f38045700919f7da6d97e71ba0"},"headline":"M\u00e9xico: No prev\u00e9n reacciones violentas por extradici\u00f3n de presunto narcotraficante a EE.UU.","datePublished":"2020-02-24T19:17:34+00:00","dateModified":"2020-02-24T19:17:36+00:00","mainEntityOfPage":{"@id":"https:\/\/elcanillita.info\/press\/2020\/02\/24\/mexico-no-preven-reacciones-violentas-extradicion-presunto-narcotraficante-usa\/"},"wordCount":495,"publisher":{"@id":"https:\/\/elcanillita.info\/press\/#organization"},"keywords":["M\u00e9jico"],"articleSection":["Actualidad","Am\u00e9rica del Norte","Justicia","Politica","Sociedad"],"inLanguage":"es-AR"},{"@type":"WebPage","@id":"https:\/\/elcanillita.info\/press\/2020\/02\/24\/mexico-no-preven-reacciones-violentas-extradicion-presunto-narcotraficante-usa\/","url":"https:\/\/elcanillita.info\/press\/2020\/02\/24\/mexico-no-preven-reacciones-violentas-extradicion-presunto-narcotraficante-usa\/","name":"M\u00e9xico: No prev\u00e9n reacciones violentas por extradici\u00f3n de presunto narcotraficante a EE.UU. - ElCanillita.Info","isPartOf":{"@id":"https:\/\/elcanillita.info\/press\/#website"},"datePublished":"2020-02-24T19:17:34+00:00","dateModified":"2020-02-24T19:17:36+00:00","inLanguage":"es-AR","potentialAction":[{"@type":"ReadAction","target":["https:\/\/elcanillita.info\/press\/2020\/02\/24\/mexico-no-preven-reacciones-violentas-extradicion-presunto-narcotraficante-usa\/"]}]},{"@type":"WebSite","@id":"https:\/\/elcanillita.info\/press\/#website","url":"https:\/\/elcanillita.info\/press\/","name":"ElCanillita.Info","description":"desde los Apeninos a los Andes","publisher":{"@id":"https:\/\/elcanillita.info\/press\/#organization"},"potentialAction":[{"@type":"SearchAction","target":{"@type":"EntryPoint","urlTemplate":"https:\/\/elcanillita.info\/press\/?s={search_term_string}"},"query-input":{"@type":"PropertyValueSpecification","valueRequired":true,"valueName":"search_term_string"}}],"inLanguage":"es-AR"},{"@type":"Organization","@id":"https:\/\/elcanillita.info\/press\/#organization","name":"Guzzo Photos & Graphic Publications","url":"https:\/\/elcanillita.info\/press\/","logo":{"@type":"ImageObject","inLanguage":"es-AR","@id":"https:\/\/elcanillita.info\/press\/#\/schema\/logo\/image\/","url":"https:\/\/elcanillita.info\/press\/images\/2020\/01\/cropped-cropped-cropped-elcanillitainfo.png","contentUrl":"https:\/\/elcanillita.info\/press\/images\/2020\/01\/cropped-cropped-cropped-elcanillitainfo.png","width":460,"height":50,"caption":"Guzzo Photos & Graphic Publications"},"image":{"@id":"https:\/\/elcanillita.info\/press\/#\/schema\/logo\/image\/"},"sameAs":["https:\/\/ar-ar.facebook.com\/ElCanillitainfo-114249515285712\/"]},{"@type":"Person","@id":"https:\/\/elcanillita.info\/press\/#\/schema\/person\/7fcb79f38045700919f7da6d97e71ba0","name":"SalaStampa.eu, world press service","image":{"@type":"ImageObject","inLanguage":"es-AR","@id":"https:\/\/secure.gravatar.com\/avatar\/c2f0e0d515a107624234994507816ca4724c7199cef73fc8bedebf6931d73888?s=96&d=mm&r=g","url":"https:\/\/secure.gravatar.com\/avatar\/c2f0e0d515a107624234994507816ca4724c7199cef73fc8bedebf6931d73888?s=96&d=mm&r=g","contentUrl":"https:\/\/secure.gravatar.com\/avatar\/c2f0e0d515a107624234994507816ca4724c7199cef73fc8bedebf6931d73888?s=96&d=mm&r=g","caption":"SalaStampa.eu, world press service"}}]}},"views":832,"_links":{"self":[{"href":"https:\/\/elcanillita.info\/press\/wp-json\/wp\/v2\/posts\/575","targetHints":{"allow":["GET"]}}],"collection":[{"href":"https:\/\/elcanillita.info\/press\/wp-json\/wp\/v2\/posts"}],"about":[{"href":"https:\/\/elcanillita.info\/press\/wp-json\/wp\/v2\/types\/post"}],"author":[{"embeddable":true,"href":"https:\/\/elcanillita.info\/press\/wp-json\/wp\/v2\/users\/1"}],"replies":[{"embeddable":true,"href":"https:\/\/elcanillita.info\/press\/wp-json\/wp\/v2\/comments?post=575"}],"version-history":[{"count":0,"href":"https:\/\/elcanillita.info\/press\/wp-json\/wp\/v2\/posts\/575\/revisions"}],"wp:attachment":[{"href":"https:\/\/elcanillita.info\/press\/wp-json\/wp\/v2\/media?parent=575"}],"wp:term":[{"taxonomy":"category","embeddable":true,"href":"https:\/\/elcanillita.info\/press\/wp-json\/wp\/v2\/categories?post=575"},{"taxonomy":"post_tag","embeddable":true,"href":"https:\/\/elcanillita.info\/press\/wp-json\/wp\/v2\/tags?post=575"}],"curies":[{"name":"wp","href":"https:\/\/api.w.org\/{rel}","templated":true}]}}