{"id":5749,"date":"2025-12-29T03:36:15","date_gmt":"2025-12-29T06:36:15","guid":{"rendered":"https:\/\/elcanillita.info\/press\/?p=5749"},"modified":"2025-12-29T03:36:15","modified_gmt":"2025-12-29T06:36:15","slug":"inteligencia-argentina","status":"publish","type":"post","link":"https:\/\/elcanillita.info\/press\/2025\/12\/29\/inteligencia-argentina\/","title":{"rendered":"La inteligencia que no esp\u00eda, contrata: la denuncia que vuelve a encender la SIDE"},"content":{"rendered":"\n<figure class=\"wp-block-image size-large\"><img loading=\"lazy\" decoding=\"async\" width=\"600\" height=\"400\" src=\"https:\/\/elcanillita.info\/press\/images\/2025\/12\/img_1250.jpg\" alt=\"\" class=\"wp-image-5750\" srcset=\"https:\/\/elcanillita.info\/press\/images\/2025\/12\/img_1250.jpg 600w, https:\/\/elcanillita.info\/press\/images\/2025\/12\/img_1250-300x200.jpg 300w\" sizes=\"auto, (max-width: 600px) 100vw, 600px\" \/><\/figure>\n\n\n\n<p>Argentina <\/p>\n\n\n\n<p class=\"p1\">La denuncia presentada por <a href=\"chatgpt:\/\/generic-entity?number=0\">Mar\u00eda Eugenia Talerico<\/a> en <a href=\"chatgpt:\/\/generic-entity?number=1\">Comodoro Py<\/a> no llega en silencio: entra haciendo ruido. Apunta a <a href=\"chatgpt:\/\/generic-entity?number=2\">Santiago Caputo<\/a> y a un entramado donde la <a href=\"chatgpt:\/\/generic-entity?number=3\">Secretar\u00eda de Inteligencia del Estado<\/a> aparece desviada de su carril legal hacia zonas grises de lobby, contratos y diplomacia por la banquina.<\/p>\n\n\n\n<p class=\"p1\">El punto de arranque es un acuerdo firmado el 12 de febrero de 2025 entre la SIDE y <a href=\"chatgpt:\/\/generic-entity?number=4\">Tactic Global<\/a>, consultora creada en Estados Unidos apenas dos meses antes. La premura no es un detalle t\u00e9cnico: es el primer hilo que la denuncia tira para cuestionar razonabilidad, antecedentes y finalidad del contrato.<\/p>\n\n\n\n<p class=\"p1\">Detr\u00e1s de la firma aparece <a href=\"chatgpt:\/\/generic-entity?number=5\">Leonardo Scatturice<\/a>, empresario con v\u00ednculos con inteligencia y negocios p\u00fablicos, y <a href=\"chatgpt:\/\/generic-entity?number=6\">Barry Bennett<\/a>, lobista que se presenta como cercano a <a href=\"chatgpt:\/\/generic-entity?number=7\">Donald Trump<\/a>. Seg\u00fan la presentaci\u00f3n, lo contratado no apunta a seguridad nacional sino a gesti\u00f3n de influencias: lobby pol\u00edtico y empresarial con sello \u201cconsultor\u00eda\u201d.<\/p>\n\n\n\n<p class=\"p1\">La denuncia introduce un concepto que incomoda: \u201cembajadas paralelas\u201d. Canales informales entre Buenos Aires y Washington que habr\u00edan operado al margen de Canciller\u00eda y de las embajadas formales. Atajos diplom\u00e1ticos, dice el escrito, que explican gestiones sensibles realizadas fuera de los carriles institucionales.<\/p>\n\n\n\n<p class=\"p1\">Otro cap\u00edtulo agrega picante: la presunta injerencia de Bennett en la pol\u00edtica interna argentina. Acciones para moldear opini\u00f3n p\u00fablica y legisladores, algo expresamente vedado por la Ley de Inteligencia cuando hay actores ligados al sistema. Si la SIDE mira, escucha o empuja debates dom\u00e9sticos, la l\u00ednea roja ya qued\u00f3 atr\u00e1s.<\/p>\n\n\n\n<p class=\"p1\">En paralelo, la denuncia detalla el crecimiento de los negocios de Scatturice con el Estado. Al menos 21 contratos, incluyendo licitaciones de peso en Econom\u00eda y Educaci\u00f3n, a trav\u00e9s de <a href=\"chatgpt:\/\/generic-entity?number=8\">OCP Tech<\/a>. Los datos surgen del Bolet\u00edn Oficial y dibujan una curva ascendente mientras se estrechan v\u00ednculos pol\u00edticos.<\/p>\n\n\n\n<p class=\"p1\">La trama suma nombres y cargos: se menciona la recomendaci\u00f3n de funcionarios en \u00e1reas estrat\u00e9gicas, como la <a href=\"chatgpt:\/\/generic-entity?number=9\">Agencia de Recaudaci\u00f3n y Control Aduanero<\/a> (ARCA), bajo \u00f3rbita pol\u00edtica del propio Caputo. No es prueba definitiva, pero s\u00ed un patr\u00f3n que la Justicia deber\u00e1 desarmar o confirmar.<\/p>\n\n\n\n<p class=\"p1\">La base probatoria combina periodismo de investigaci\u00f3n, registros p\u00fablicos internacionales \u2014como los del Estado de Florida sobre Tactic Global\u2014 y declaraciones del propio Bennett, quien reconoci\u00f3 haber trabajado para consolidar respaldo pol\u00edtico alrededor de Caputo. Todo eso, ahora, entra al expediente.<\/p>\n\n\n\n<p class=\"p1\">La denuncia invoca figuras cl\u00e1sicas del C\u00f3digo Penal \u2014negociaciones incompatibles, tr\u00e1fico de influencias\u2014 y la Ley 25.520. En traducci\u00f3n llana: si la inteligencia se convierte en gestor\u00eda pol\u00edtica y los contratos en pasillos diplom\u00e1ticos, el problema ya no es de estilo, sino de legalidad. El expediente arranca; el ruido, tambi\u00e9n.<\/p>\n\n\n\n<p><\/p>\n\n\n\n<p>\u270d\ufe0f \u00a9\ufe0f2025 El Testigo Invisible &#8211; All Rights Reserved<\/p>\n\n\n\n<p><\/p>\n\n\n<hr style=\"\n    border: none;\n    height: 1px;\n    background: linear-gradient(to right, transparent, #ccc, transparent);\n    margin: 0;\n\" \/>\n<\/p>\n<p><small>\u00a9\ufe0f2025  Guzzo Photos  &#038; Graphic Publications \u2013 All Rights Reserved \u2013 Copyright \u00a9\ufe0f 2025 SalaStampa.eu, world press service \u2013 Guzzo Photos &#038; Graphic Publications \u2013 Registro Editori e Stampatori n. 1441 Turin, Italy<\/small><\/p>\n\n\n<p><\/p>\n","protected":false},"excerpt":{"rendered":"<p>Una presentaci\u00f3n en Comodoro Py pone bajo la lupa una trama de contratos, lobby y atajos diplom\u00e1ticos. Nombres propios, fechas precisas y una pregunta inc\u00f3moda: \u00bfinteligencia estrat\u00e9gica o pol\u00edtica tercerizada?<\/p>\n","protected":false},"author":14,"featured_media":5750,"comment_status":"closed","ping_status":"","sticky":false,"template":"","format":"standard","meta":{"footnotes":"","_links_to":"","_links_to_target":""},"categories":[108,121,70,11,22,23,137],"tags":[29],"class_list":["post-5749","post","type-post","status-publish","format-standard","has-post-thumbnail","hentry","category-blogdiario","category-dc24","category-actualidad","category-america-del-sur","category-justicia","category-politica","category-sociedad-y-valores","tag-argentina","entry","double"],"yoast_head":"<!-- This site is optimized with the Yoast SEO plugin v27.5 - https:\/\/yoast.com\/product\/yoast-seo-wordpress\/ -->\n<title>La inteligencia que no esp\u00eda, contrata: la denuncia que vuelve a encender la SIDE - ElCanillita.Info<\/title>\n<meta name=\"robots\" content=\"index, follow, max-snippet:-1, max-image-preview:large, max-video-preview:-1\" \/>\n<link rel=\"canonical\" href=\"https:\/\/elcanillita.info\/press\/2025\/12\/29\/inteligencia-argentina\/\" \/>\n<meta property=\"og:locale\" content=\"es_ES\" \/>\n<meta property=\"og:type\" content=\"article\" \/>\n<meta property=\"og:title\" content=\"La inteligencia que no esp\u00eda, contrata: la denuncia que vuelve a encender la SIDE - ElCanillita.Info\" \/>\n<meta property=\"og:description\" content=\"Una presentaci\u00f3n en Comodoro Py pone bajo la lupa una trama de contratos, lobby y atajos diplom\u00e1ticos. Nombres propios, fechas precisas y una pregunta inc\u00f3moda: \u00bfinteligencia estrat\u00e9gica o pol\u00edtica tercerizada?\" \/>\n<meta property=\"og:url\" content=\"https:\/\/elcanillita.info\/press\/2025\/12\/29\/inteligencia-argentina\/\" \/>\n<meta property=\"og:site_name\" content=\"ElCanillita.Info\" \/>\n<meta property=\"article:publisher\" content=\"https:\/\/ar-ar.facebook.com\/ElCanillitainfo-114249515285712\/\" \/>\n<meta property=\"article:published_time\" content=\"2025-12-29T06:36:15+00:00\" \/>\n<meta property=\"og:image\" content=\"https:\/\/elcanillita.info\/press\/images\/2025\/12\/img_1250.jpg\" \/>\n\t<meta property=\"og:image:width\" content=\"600\" \/>\n\t<meta property=\"og:image:height\" content=\"400\" \/>\n\t<meta property=\"og:image:type\" content=\"image\/jpeg\" \/>\n<meta name=\"author\" content=\"ElCanillita.info Guzzo Photos &amp; Graphic Publications\" \/>\n<meta name=\"twitter:card\" content=\"summary_large_image\" \/>\n<meta name=\"twitter:label1\" content=\"Escrito por\" \/>\n\t<meta name=\"twitter:data1\" content=\"ElCanillita.info Guzzo Photos &amp; Graphic Publications\" \/>\n\t<meta name=\"twitter:label2\" content=\"Tiempo de lectura\" \/>\n\t<meta name=\"twitter:data2\" content=\"2 minutos\" \/>\n<script type=\"application\/ld+json\" class=\"yoast-schema-graph\">{\"@context\":\"https:\\\/\\\/schema.org\",\"@graph\":[{\"@type\":\"Article\",\"@id\":\"https:\\\/\\\/elcanillita.info\\\/press\\\/2025\\\/12\\\/29\\\/inteligencia-argentina\\\/#article\",\"isPartOf\":{\"@id\":\"https:\\\/\\\/elcanillita.info\\\/press\\\/2025\\\/12\\\/29\\\/inteligencia-argentina\\\/\"},\"author\":{\"name\":\"ElCanillita.info Guzzo Photos &amp; Graphic Publications\",\"@id\":\"https:\\\/\\\/elcanillita.info\\\/press\\\/#\\\/schema\\\/person\\\/e37a550cff8f5f3407ed112e4cc619cb\"},\"headline\":\"La inteligencia que no esp\u00eda, contrata: la denuncia que vuelve a encender la SIDE\",\"datePublished\":\"2025-12-29T06:36:15+00:00\",\"mainEntityOfPage\":{\"@id\":\"https:\\\/\\\/elcanillita.info\\\/press\\\/2025\\\/12\\\/29\\\/inteligencia-argentina\\\/\"},\"wordCount\":513,\"publisher\":{\"@id\":\"https:\\\/\\\/elcanillita.info\\\/press\\\/#organization\"},\"image\":{\"@id\":\"https:\\\/\\\/elcanillita.info\\\/press\\\/2025\\\/12\\\/29\\\/inteligencia-argentina\\\/#primaryimage\"},\"thumbnailUrl\":\"https:\\\/\\\/elcanillita.info\\\/press\\\/images\\\/2025\\\/12\\\/img_1250.jpg\",\"keywords\":[\"Argentina\"],\"articleSection\":[\".\",\".\",\"Actualidad\",\"Am\u00e9rica del Sur\",\"Justicia\",\"Politica\",\"Sociedad y valores\"],\"inLanguage\":\"es-AR\"},{\"@type\":\"WebPage\",\"@id\":\"https:\\\/\\\/elcanillita.info\\\/press\\\/2025\\\/12\\\/29\\\/inteligencia-argentina\\\/\",\"url\":\"https:\\\/\\\/elcanillita.info\\\/press\\\/2025\\\/12\\\/29\\\/inteligencia-argentina\\\/\",\"name\":\"La inteligencia que no esp\u00eda, contrata: la denuncia que vuelve a encender la SIDE - ElCanillita.Info\",\"isPartOf\":{\"@id\":\"https:\\\/\\\/elcanillita.info\\\/press\\\/#website\"},\"primaryImageOfPage\":{\"@id\":\"https:\\\/\\\/elcanillita.info\\\/press\\\/2025\\\/12\\\/29\\\/inteligencia-argentina\\\/#primaryimage\"},\"image\":{\"@id\":\"https:\\\/\\\/elcanillita.info\\\/press\\\/2025\\\/12\\\/29\\\/inteligencia-argentina\\\/#primaryimage\"},\"thumbnailUrl\":\"https:\\\/\\\/elcanillita.info\\\/press\\\/images\\\/2025\\\/12\\\/img_1250.jpg\",\"datePublished\":\"2025-12-29T06:36:15+00:00\",\"inLanguage\":\"es-AR\",\"potentialAction\":[{\"@type\":\"ReadAction\",\"target\":[\"https:\\\/\\\/elcanillita.info\\\/press\\\/2025\\\/12\\\/29\\\/inteligencia-argentina\\\/\"]}]},{\"@type\":\"ImageObject\",\"inLanguage\":\"es-AR\",\"@id\":\"https:\\\/\\\/elcanillita.info\\\/press\\\/2025\\\/12\\\/29\\\/inteligencia-argentina\\\/#primaryimage\",\"url\":\"https:\\\/\\\/elcanillita.info\\\/press\\\/images\\\/2025\\\/12\\\/img_1250.jpg\",\"contentUrl\":\"https:\\\/\\\/elcanillita.info\\\/press\\\/images\\\/2025\\\/12\\\/img_1250.jpg\",\"width\":600,\"height\":400},{\"@type\":\"WebSite\",\"@id\":\"https:\\\/\\\/elcanillita.info\\\/press\\\/#website\",\"url\":\"https:\\\/\\\/elcanillita.info\\\/press\\\/\",\"name\":\"ElCanillita.Info\",\"description\":\"desde los Apeninos a los Andes\",\"publisher\":{\"@id\":\"https:\\\/\\\/elcanillita.info\\\/press\\\/#organization\"},\"potentialAction\":[{\"@type\":\"SearchAction\",\"target\":{\"@type\":\"EntryPoint\",\"urlTemplate\":\"https:\\\/\\\/elcanillita.info\\\/press\\\/?s={search_term_string}\"},\"query-input\":{\"@type\":\"PropertyValueSpecification\",\"valueRequired\":true,\"valueName\":\"search_term_string\"}}],\"inLanguage\":\"es-AR\"},{\"@type\":\"Organization\",\"@id\":\"https:\\\/\\\/elcanillita.info\\\/press\\\/#organization\",\"name\":\"Guzzo Photos & Graphic Publications\",\"url\":\"https:\\\/\\\/elcanillita.info\\\/press\\\/\",\"logo\":{\"@type\":\"ImageObject\",\"inLanguage\":\"es-AR\",\"@id\":\"https:\\\/\\\/elcanillita.info\\\/press\\\/#\\\/schema\\\/logo\\\/image\\\/\",\"url\":\"https:\\\/\\\/elcanillita.info\\\/press\\\/images\\\/2020\\\/01\\\/cropped-cropped-cropped-elcanillitainfo.png\",\"contentUrl\":\"https:\\\/\\\/elcanillita.info\\\/press\\\/images\\\/2020\\\/01\\\/cropped-cropped-cropped-elcanillitainfo.png\",\"width\":460,\"height\":50,\"caption\":\"Guzzo Photos & Graphic Publications\"},\"image\":{\"@id\":\"https:\\\/\\\/elcanillita.info\\\/press\\\/#\\\/schema\\\/logo\\\/image\\\/\"},\"sameAs\":[\"https:\\\/\\\/ar-ar.facebook.com\\\/ElCanillitainfo-114249515285712\\\/\"]},{\"@type\":\"Person\",\"@id\":\"https:\\\/\\\/elcanillita.info\\\/press\\\/#\\\/schema\\\/person\\\/e37a550cff8f5f3407ed112e4cc619cb\",\"name\":\"ElCanillita.info Guzzo Photos &amp; Graphic Publications\",\"image\":{\"@type\":\"ImageObject\",\"inLanguage\":\"es-AR\",\"@id\":\"https:\\\/\\\/secure.gravatar.com\\\/avatar\\\/8914fbe0ef09248907e331ab93dfa89c7f76decf6b51cd1b2f8444e6260db772?s=96&d=mm&r=g\",\"url\":\"https:\\\/\\\/secure.gravatar.com\\\/avatar\\\/8914fbe0ef09248907e331ab93dfa89c7f76decf6b51cd1b2f8444e6260db772?s=96&d=mm&r=g\",\"contentUrl\":\"https:\\\/\\\/secure.gravatar.com\\\/avatar\\\/8914fbe0ef09248907e331ab93dfa89c7f76decf6b51cd1b2f8444e6260db772?s=96&d=mm&r=g\",\"caption\":\"ElCanillita.info Guzzo Photos &amp; Graphic Publications\"},\"sameAs\":[\"http:\\\/\\\/guzzophotos.com\"]}]}<\/script>\n<!-- \/ Yoast SEO plugin. -->","yoast_head_json":{"title":"La inteligencia que no esp\u00eda, contrata: la denuncia que vuelve a encender la SIDE - ElCanillita.Info","robots":{"index":"index","follow":"follow","max-snippet":"max-snippet:-1","max-image-preview":"max-image-preview:large","max-video-preview":"max-video-preview:-1"},"canonical":"https:\/\/elcanillita.info\/press\/2025\/12\/29\/inteligencia-argentina\/","og_locale":"es_ES","og_type":"article","og_title":"La inteligencia que no esp\u00eda, contrata: la denuncia que vuelve a encender la SIDE - ElCanillita.Info","og_description":"Una presentaci\u00f3n en Comodoro Py pone bajo la lupa una trama de contratos, lobby y atajos diplom\u00e1ticos. Nombres propios, fechas precisas y una pregunta inc\u00f3moda: \u00bfinteligencia estrat\u00e9gica o pol\u00edtica tercerizada?","og_url":"https:\/\/elcanillita.info\/press\/2025\/12\/29\/inteligencia-argentina\/","og_site_name":"ElCanillita.Info","article_publisher":"https:\/\/ar-ar.facebook.com\/ElCanillitainfo-114249515285712\/","article_published_time":"2025-12-29T06:36:15+00:00","og_image":[{"width":600,"height":400,"url":"https:\/\/elcanillita.info\/press\/images\/2025\/12\/img_1250.jpg","type":"image\/jpeg"}],"author":"ElCanillita.info Guzzo Photos &amp; Graphic Publications","twitter_card":"summary_large_image","twitter_misc":{"Escrito por":"ElCanillita.info Guzzo Photos &amp; Graphic Publications","Tiempo de lectura":"2 minutos"},"schema":{"@context":"https:\/\/schema.org","@graph":[{"@type":"Article","@id":"https:\/\/elcanillita.info\/press\/2025\/12\/29\/inteligencia-argentina\/#article","isPartOf":{"@id":"https:\/\/elcanillita.info\/press\/2025\/12\/29\/inteligencia-argentina\/"},"author":{"name":"ElCanillita.info Guzzo Photos &amp; Graphic Publications","@id":"https:\/\/elcanillita.info\/press\/#\/schema\/person\/e37a550cff8f5f3407ed112e4cc619cb"},"headline":"La inteligencia que no esp\u00eda, contrata: la denuncia que vuelve a encender la SIDE","datePublished":"2025-12-29T06:36:15+00:00","mainEntityOfPage":{"@id":"https:\/\/elcanillita.info\/press\/2025\/12\/29\/inteligencia-argentina\/"},"wordCount":513,"publisher":{"@id":"https:\/\/elcanillita.info\/press\/#organization"},"image":{"@id":"https:\/\/elcanillita.info\/press\/2025\/12\/29\/inteligencia-argentina\/#primaryimage"},"thumbnailUrl":"https:\/\/elcanillita.info\/press\/images\/2025\/12\/img_1250.jpg","keywords":["Argentina"],"articleSection":[".",".","Actualidad","Am\u00e9rica del Sur","Justicia","Politica","Sociedad y valores"],"inLanguage":"es-AR"},{"@type":"WebPage","@id":"https:\/\/elcanillita.info\/press\/2025\/12\/29\/inteligencia-argentina\/","url":"https:\/\/elcanillita.info\/press\/2025\/12\/29\/inteligencia-argentina\/","name":"La inteligencia que no esp\u00eda, contrata: la denuncia que vuelve a encender la SIDE - ElCanillita.Info","isPartOf":{"@id":"https:\/\/elcanillita.info\/press\/#website"},"primaryImageOfPage":{"@id":"https:\/\/elcanillita.info\/press\/2025\/12\/29\/inteligencia-argentina\/#primaryimage"},"image":{"@id":"https:\/\/elcanillita.info\/press\/2025\/12\/29\/inteligencia-argentina\/#primaryimage"},"thumbnailUrl":"https:\/\/elcanillita.info\/press\/images\/2025\/12\/img_1250.jpg","datePublished":"2025-12-29T06:36:15+00:00","inLanguage":"es-AR","potentialAction":[{"@type":"ReadAction","target":["https:\/\/elcanillita.info\/press\/2025\/12\/29\/inteligencia-argentina\/"]}]},{"@type":"ImageObject","inLanguage":"es-AR","@id":"https:\/\/elcanillita.info\/press\/2025\/12\/29\/inteligencia-argentina\/#primaryimage","url":"https:\/\/elcanillita.info\/press\/images\/2025\/12\/img_1250.jpg","contentUrl":"https:\/\/elcanillita.info\/press\/images\/2025\/12\/img_1250.jpg","width":600,"height":400},{"@type":"WebSite","@id":"https:\/\/elcanillita.info\/press\/#website","url":"https:\/\/elcanillita.info\/press\/","name":"ElCanillita.Info","description":"desde los Apeninos a los Andes","publisher":{"@id":"https:\/\/elcanillita.info\/press\/#organization"},"potentialAction":[{"@type":"SearchAction","target":{"@type":"EntryPoint","urlTemplate":"https:\/\/elcanillita.info\/press\/?s={search_term_string}"},"query-input":{"@type":"PropertyValueSpecification","valueRequired":true,"valueName":"search_term_string"}}],"inLanguage":"es-AR"},{"@type":"Organization","@id":"https:\/\/elcanillita.info\/press\/#organization","name":"Guzzo Photos & Graphic Publications","url":"https:\/\/elcanillita.info\/press\/","logo":{"@type":"ImageObject","inLanguage":"es-AR","@id":"https:\/\/elcanillita.info\/press\/#\/schema\/logo\/image\/","url":"https:\/\/elcanillita.info\/press\/images\/2020\/01\/cropped-cropped-cropped-elcanillitainfo.png","contentUrl":"https:\/\/elcanillita.info\/press\/images\/2020\/01\/cropped-cropped-cropped-elcanillitainfo.png","width":460,"height":50,"caption":"Guzzo Photos & Graphic Publications"},"image":{"@id":"https:\/\/elcanillita.info\/press\/#\/schema\/logo\/image\/"},"sameAs":["https:\/\/ar-ar.facebook.com\/ElCanillitainfo-114249515285712\/"]},{"@type":"Person","@id":"https:\/\/elcanillita.info\/press\/#\/schema\/person\/e37a550cff8f5f3407ed112e4cc619cb","name":"ElCanillita.info Guzzo Photos &amp; Graphic Publications","image":{"@type":"ImageObject","inLanguage":"es-AR","@id":"https:\/\/secure.gravatar.com\/avatar\/8914fbe0ef09248907e331ab93dfa89c7f76decf6b51cd1b2f8444e6260db772?s=96&d=mm&r=g","url":"https:\/\/secure.gravatar.com\/avatar\/8914fbe0ef09248907e331ab93dfa89c7f76decf6b51cd1b2f8444e6260db772?s=96&d=mm&r=g","contentUrl":"https:\/\/secure.gravatar.com\/avatar\/8914fbe0ef09248907e331ab93dfa89c7f76decf6b51cd1b2f8444e6260db772?s=96&d=mm&r=g","caption":"ElCanillita.info Guzzo Photos &amp; Graphic Publications"},"sameAs":["http:\/\/guzzophotos.com"]}]}},"views":579,"_links":{"self":[{"href":"https:\/\/elcanillita.info\/press\/wp-json\/wp\/v2\/posts\/5749","targetHints":{"allow":["GET"]}}],"collection":[{"href":"https:\/\/elcanillita.info\/press\/wp-json\/wp\/v2\/posts"}],"about":[{"href":"https:\/\/elcanillita.info\/press\/wp-json\/wp\/v2\/types\/post"}],"author":[{"embeddable":true,"href":"https:\/\/elcanillita.info\/press\/wp-json\/wp\/v2\/users\/14"}],"replies":[{"embeddable":true,"href":"https:\/\/elcanillita.info\/press\/wp-json\/wp\/v2\/comments?post=5749"}],"version-history":[{"count":0,"href":"https:\/\/elcanillita.info\/press\/wp-json\/wp\/v2\/posts\/5749\/revisions"}],"wp:featuredmedia":[{"embeddable":true,"href":"https:\/\/elcanillita.info\/press\/wp-json\/wp\/v2\/media\/5750"}],"wp:attachment":[{"href":"https:\/\/elcanillita.info\/press\/wp-json\/wp\/v2\/media?parent=5749"}],"wp:term":[{"taxonomy":"category","embeddable":true,"href":"https:\/\/elcanillita.info\/press\/wp-json\/wp\/v2\/categories?post=5749"},{"taxonomy":"post_tag","embeddable":true,"href":"https:\/\/elcanillita.info\/press\/wp-json\/wp\/v2\/tags?post=5749"}],"curies":[{"name":"wp","href":"https:\/\/api.w.org\/{rel}","templated":true}]}}