{"id":5748,"date":"2025-12-27T23:02:36","date_gmt":"2025-12-28T02:02:36","guid":{"rendered":"https:\/\/elcanillita.info\/press\/?p=5748"},"modified":"2025-12-27T23:06:53","modified_gmt":"2025-12-28T02:06:53","slug":"epica-libertaria","status":"publish","type":"post","link":"https:\/\/elcanillita.info\/press\/2025\/12\/27\/epica-libertaria\/","title":{"rendered":"Presupuesto aprobado y \u201cinocencia\u201d recuperada: Milei canta victoria y marca la cancha"},"content":{"rendered":"\n<figure class=\"wp-block-image size-large\"><img loading=\"lazy\" decoding=\"async\" width=\"1024\" height=\"683\" src=\"https:\/\/elcanillita.info\/press\/images\/2025\/08\/cbfc0fd3-e2d9-4a7e-8121-b4fb86066025-2-1-1024x683.jpg\" alt=\"\" class=\"wp-image-5278\" srcset=\"https:\/\/elcanillita.info\/press\/images\/2025\/08\/cbfc0fd3-e2d9-4a7e-8121-b4fb86066025-2-1-1024x683.jpg 1024w, https:\/\/elcanillita.info\/press\/images\/2025\/08\/cbfc0fd3-e2d9-4a7e-8121-b4fb86066025-2-1-300x200.jpg 300w, https:\/\/elcanillita.info\/press\/images\/2025\/08\/cbfc0fd3-e2d9-4a7e-8121-b4fb86066025-2-1-768x512.jpg 768w, https:\/\/elcanillita.info\/press\/images\/2025\/08\/cbfc0fd3-e2d9-4a7e-8121-b4fb86066025-2-1.jpg 1536w\" sizes=\"auto, (max-width: 1024px) 100vw, 1024px\" \/><\/figure>\n\n\n\n<p>Argentina<\/p>\n\n\n\n<p class=\"p1\">El presidente Javier Milei sali\u00f3 a festejar la aprobaci\u00f3n del Presupuesto 2026 y la Ley de Inocencia Fiscal como si hubiera cruzado el Rubic\u00f3n. \u201cHito hist\u00f3rico\u201d, dijo, con tono de sentencia fundacional. Para el mandatario, no es un tr\u00e1mite legislativo: es la clausura simb\u00f3lica de una \u00e9poca que define como \u201cla estafa de la pol\u00edtica\u201d.<\/p>\n\n\n\n<p class=\"p1\">El mensaje fue n\u00edtido y sin anestesia. D\u00e9ficit cero como dogma, previsibilidad fiscal como bandera y un Estado que, seg\u00fan la narrativa oficial, deja de tratar a los contribuyentes como sospechosos seriales. En el libreto libertario, la presunci\u00f3n de inocencia no es un principio jur\u00eddico: es una victoria cultural.<\/p>\n\n\n\n<p class=\"p1\">El resultado parlamentario \u201446 votos a favor, 25 en contra\u2014 le dio al Gobierno algo m\u00e1s que una ley. Le dio una foto. Incluso los art\u00edculos m\u00e1s sensibles, como los vinculados a educaci\u00f3n, pasaron sin sobresaltos. El mercado tom\u00f3 nota; la oposici\u00f3n dura, tambi\u00e9n.<\/p>\n\n\n\n<p class=\"p1\">La Ley de Inocencia Fiscal fue presentada como una reparaci\u00f3n hist\u00f3rica. Milei insiste en que el sistema anterior invert\u00eda la carga moral del derecho: primero culpable, despu\u00e9s inocente. La nueva norma promete simplificar, descomprimir y habilitar, entre otras cosas, el retorno de los famosos \u201cd\u00f3lares del colch\u00f3n\u201d al circuito formal.<\/p>\n\n\n\n<p class=\"p1\">El relato no escatima \u00e9pica. Para el Presidente, la pol\u00edtica hab\u00eda cruzado una l\u00ednea de \u201cperversi\u00f3n constitucional\u201d y esta ley la borra de un plumazo. Es un discurso pensado para la tribuna, pero tambi\u00e9n para los balances: menos fricci\u00f3n, menos tr\u00e1mites, menos miedo.<\/p>\n\n\n\n<p class=\"p1\">En la cocina del poder, el oficialismo logr\u00f3 lo que parec\u00eda dif\u00edcil semanas atr\u00e1s. Articul\u00f3 una mayor\u00eda con sectores dialoguistas, dej\u00f3 a la oposici\u00f3n cerrada en minor\u00eda y mostr\u00f3 disciplina interna. La matem\u00e1tica parlamentaria, esta vez, jug\u00f3 a favor.<\/p>\n\n\n\n<p class=\"p1\">Detr\u00e1s del tel\u00f3n, el equipo econ\u00f3mico festeja en silencio. Con el plan de gastos e ingresos blindado, el Gobierno env\u00eda una se\u00f1al de fortaleza hacia adentro y hacia afuera. Organismos internacionales incluidos. El mensaje es simple: hay rumbo y hay control.<\/p>\n\n\n\n<p class=\"p1\">Queda, claro, la pregunta de fondo. \u00bfAlcanza la ley para cambiar la realidad o la gloria se adelant\u00f3 al resultado? Milei eligi\u00f3 no dudar. Declar\u00f3 el final de una era y abri\u00f3 otra. En pol\u00edtica, a veces, nombrar la victoria es el primer paso para intentar hacerla realidad.<\/p>\n\n\n\n<p><\/p>\n\n\n\n<p>\u270d\ufe0f&nbsp; \u00a9 2025 A Great Genius at Work \u2013 All rights reserved<\/p>\n\n\n\n<p><\/p>\n\n\n<hr style=\"\n    border: none;\n    height: 1px;\n    background: linear-gradient(to right, transparent, #ccc, transparent);\n    margin: 0;\n\" \/>\n<\/p>\n<p><small>\u00a9\ufe0f2025  Guzzo Photos  &#038; Graphic Publications \u2013 All Rights Reserved \u2013 Copyright \u00a9\ufe0f 2025 SalaStampa.eu, world press service \u2013 Guzzo Photos &#038; Graphic Publications \u2013 Registro Editori e Stampatori n. 1441 Turin, Italy<\/small><\/p>\n\n\n<p><\/p>\n","protected":false},"excerpt":{"rendered":"<p>El Gobierno celebra el Presupuesto 2026 y la Ley de Inocencia Fiscal como un punto de inflexi\u00f3n. Entre la epopeya libertaria, se\u00f1ales al mercado y un Congreso alineado, el oficialismo proclama el fin de una era y el comienzo de otra.<\/p>\n","protected":false},"author":14,"featured_media":5424,"comment_status":"closed","ping_status":"","sticky":false,"template":"","format":"standard","meta":{"footnotes":"","_links_to":"","_links_to_target":""},"categories":[121,108,70,11,20,23,137],"tags":[29],"class_list":["post-5748","post","type-post","status-publish","format-standard","has-post-thumbnail","hentry","category-dc24","category-blogdiario","category-actualidad","category-america-del-sur","category-economia","category-politica","category-sociedad-y-valores","tag-argentina","entry","double"],"yoast_head":"<!-- This site is optimized with the Yoast SEO plugin v27.5 - https:\/\/yoast.com\/product\/yoast-seo-wordpress\/ -->\n<title>Presupuesto aprobado y \u201cinocencia\u201d recuperada: Milei canta victoria y marca la cancha - ElCanillita.Info<\/title>\n<meta name=\"robots\" content=\"index, follow, max-snippet:-1, max-image-preview:large, max-video-preview:-1\" \/>\n<link rel=\"canonical\" href=\"https:\/\/elcanillita.info\/press\/2025\/12\/27\/epica-libertaria\/\" \/>\n<meta property=\"og:locale\" content=\"es_ES\" \/>\n<meta property=\"og:type\" content=\"article\" \/>\n<meta property=\"og:title\" content=\"Presupuesto aprobado y \u201cinocencia\u201d recuperada: Milei canta victoria y marca la cancha - ElCanillita.Info\" \/>\n<meta property=\"og:description\" content=\"El Gobierno celebra el Presupuesto 2026 y la Ley de Inocencia Fiscal como un punto de inflexi\u00f3n. Entre la epopeya libertaria, se\u00f1ales al mercado y un Congreso alineado, el oficialismo proclama el fin de una era y el comienzo de otra.\" \/>\n<meta property=\"og:url\" content=\"https:\/\/elcanillita.info\/press\/2025\/12\/27\/epica-libertaria\/\" \/>\n<meta property=\"og:site_name\" content=\"ElCanillita.Info\" \/>\n<meta property=\"article:publisher\" content=\"https:\/\/ar-ar.facebook.com\/ElCanillitainfo-114249515285712\/\" \/>\n<meta property=\"article:published_time\" content=\"2025-12-28T02:02:36+00:00\" \/>\n<meta property=\"article:modified_time\" content=\"2025-12-28T02:06:53+00:00\" \/>\n<meta property=\"og:image\" content=\"https:\/\/elcanillita.info\/press\/images\/2025\/09\/porotacoved.jpg\" \/>\n\t<meta property=\"og:image:width\" content=\"600\" \/>\n\t<meta property=\"og:image:height\" content=\"450\" \/>\n\t<meta property=\"og:image:type\" content=\"image\/jpeg\" \/>\n<meta name=\"author\" content=\"ElCanillita.info Guzzo Photos &amp; Graphic Publications\" \/>\n<meta name=\"twitter:card\" content=\"summary_large_image\" \/>\n<meta name=\"twitter:label1\" content=\"Escrito por\" \/>\n\t<meta name=\"twitter:data1\" content=\"ElCanillita.info Guzzo Photos &amp; Graphic Publications\" \/>\n\t<meta name=\"twitter:label2\" content=\"Tiempo de lectura\" \/>\n\t<meta name=\"twitter:data2\" content=\"2 minutos\" \/>\n<script type=\"application\/ld+json\" class=\"yoast-schema-graph\">{\"@context\":\"https:\\\/\\\/schema.org\",\"@graph\":[{\"@type\":\"Article\",\"@id\":\"https:\\\/\\\/elcanillita.info\\\/press\\\/2025\\\/12\\\/27\\\/epica-libertaria\\\/#article\",\"isPartOf\":{\"@id\":\"https:\\\/\\\/elcanillita.info\\\/press\\\/2025\\\/12\\\/27\\\/epica-libertaria\\\/\"},\"author\":{\"name\":\"ElCanillita.info Guzzo Photos &amp; Graphic Publications\",\"@id\":\"https:\\\/\\\/elcanillita.info\\\/press\\\/#\\\/schema\\\/person\\\/e37a550cff8f5f3407ed112e4cc619cb\"},\"headline\":\"Presupuesto aprobado y \u201cinocencia\u201d recuperada: Milei canta victoria y marca la cancha\",\"datePublished\":\"2025-12-28T02:02:36+00:00\",\"dateModified\":\"2025-12-28T02:06:53+00:00\",\"mainEntityOfPage\":{\"@id\":\"https:\\\/\\\/elcanillita.info\\\/press\\\/2025\\\/12\\\/27\\\/epica-libertaria\\\/\"},\"wordCount\":455,\"publisher\":{\"@id\":\"https:\\\/\\\/elcanillita.info\\\/press\\\/#organization\"},\"image\":{\"@id\":\"https:\\\/\\\/elcanillita.info\\\/press\\\/2025\\\/12\\\/27\\\/epica-libertaria\\\/#primaryimage\"},\"thumbnailUrl\":\"https:\\\/\\\/elcanillita.info\\\/press\\\/images\\\/2025\\\/09\\\/porotacoved.jpg\",\"keywords\":[\"Argentina\"],\"articleSection\":[\".\",\".\",\"Actualidad\",\"Am\u00e9rica del Sur\",\"Economia\",\"Politica\",\"Sociedad y valores\"],\"inLanguage\":\"es-AR\"},{\"@type\":\"WebPage\",\"@id\":\"https:\\\/\\\/elcanillita.info\\\/press\\\/2025\\\/12\\\/27\\\/epica-libertaria\\\/\",\"url\":\"https:\\\/\\\/elcanillita.info\\\/press\\\/2025\\\/12\\\/27\\\/epica-libertaria\\\/\",\"name\":\"Presupuesto aprobado y \u201cinocencia\u201d recuperada: Milei canta victoria y marca la cancha - ElCanillita.Info\",\"isPartOf\":{\"@id\":\"https:\\\/\\\/elcanillita.info\\\/press\\\/#website\"},\"primaryImageOfPage\":{\"@id\":\"https:\\\/\\\/elcanillita.info\\\/press\\\/2025\\\/12\\\/27\\\/epica-libertaria\\\/#primaryimage\"},\"image\":{\"@id\":\"https:\\\/\\\/elcanillita.info\\\/press\\\/2025\\\/12\\\/27\\\/epica-libertaria\\\/#primaryimage\"},\"thumbnailUrl\":\"https:\\\/\\\/elcanillita.info\\\/press\\\/images\\\/2025\\\/09\\\/porotacoved.jpg\",\"datePublished\":\"2025-12-28T02:02:36+00:00\",\"dateModified\":\"2025-12-28T02:06:53+00:00\",\"inLanguage\":\"es-AR\",\"potentialAction\":[{\"@type\":\"ReadAction\",\"target\":[\"https:\\\/\\\/elcanillita.info\\\/press\\\/2025\\\/12\\\/27\\\/epica-libertaria\\\/\"]}]},{\"@type\":\"ImageObject\",\"inLanguage\":\"es-AR\",\"@id\":\"https:\\\/\\\/elcanillita.info\\\/press\\\/2025\\\/12\\\/27\\\/epica-libertaria\\\/#primaryimage\",\"url\":\"https:\\\/\\\/elcanillita.info\\\/press\\\/images\\\/2025\\\/09\\\/porotacoved.jpg\",\"contentUrl\":\"https:\\\/\\\/elcanillita.info\\\/press\\\/images\\\/2025\\\/09\\\/porotacoved.jpg\",\"width\":600,\"height\":450},{\"@type\":\"WebSite\",\"@id\":\"https:\\\/\\\/elcanillita.info\\\/press\\\/#website\",\"url\":\"https:\\\/\\\/elcanillita.info\\\/press\\\/\",\"name\":\"ElCanillita.Info\",\"description\":\"desde los Apeninos a los Andes\",\"publisher\":{\"@id\":\"https:\\\/\\\/elcanillita.info\\\/press\\\/#organization\"},\"potentialAction\":[{\"@type\":\"SearchAction\",\"target\":{\"@type\":\"EntryPoint\",\"urlTemplate\":\"https:\\\/\\\/elcanillita.info\\\/press\\\/?s={search_term_string}\"},\"query-input\":{\"@type\":\"PropertyValueSpecification\",\"valueRequired\":true,\"valueName\":\"search_term_string\"}}],\"inLanguage\":\"es-AR\"},{\"@type\":\"Organization\",\"@id\":\"https:\\\/\\\/elcanillita.info\\\/press\\\/#organization\",\"name\":\"Guzzo Photos & Graphic Publications\",\"url\":\"https:\\\/\\\/elcanillita.info\\\/press\\\/\",\"logo\":{\"@type\":\"ImageObject\",\"inLanguage\":\"es-AR\",\"@id\":\"https:\\\/\\\/elcanillita.info\\\/press\\\/#\\\/schema\\\/logo\\\/image\\\/\",\"url\":\"https:\\\/\\\/elcanillita.info\\\/press\\\/images\\\/2020\\\/01\\\/cropped-cropped-cropped-elcanillitainfo.png\",\"contentUrl\":\"https:\\\/\\\/elcanillita.info\\\/press\\\/images\\\/2020\\\/01\\\/cropped-cropped-cropped-elcanillitainfo.png\",\"width\":460,\"height\":50,\"caption\":\"Guzzo Photos & Graphic Publications\"},\"image\":{\"@id\":\"https:\\\/\\\/elcanillita.info\\\/press\\\/#\\\/schema\\\/logo\\\/image\\\/\"},\"sameAs\":[\"https:\\\/\\\/ar-ar.facebook.com\\\/ElCanillitainfo-114249515285712\\\/\"]},{\"@type\":\"Person\",\"@id\":\"https:\\\/\\\/elcanillita.info\\\/press\\\/#\\\/schema\\\/person\\\/e37a550cff8f5f3407ed112e4cc619cb\",\"name\":\"ElCanillita.info Guzzo Photos &amp; Graphic Publications\",\"image\":{\"@type\":\"ImageObject\",\"inLanguage\":\"es-AR\",\"@id\":\"https:\\\/\\\/secure.gravatar.com\\\/avatar\\\/8914fbe0ef09248907e331ab93dfa89c7f76decf6b51cd1b2f8444e6260db772?s=96&d=mm&r=g\",\"url\":\"https:\\\/\\\/secure.gravatar.com\\\/avatar\\\/8914fbe0ef09248907e331ab93dfa89c7f76decf6b51cd1b2f8444e6260db772?s=96&d=mm&r=g\",\"contentUrl\":\"https:\\\/\\\/secure.gravatar.com\\\/avatar\\\/8914fbe0ef09248907e331ab93dfa89c7f76decf6b51cd1b2f8444e6260db772?s=96&d=mm&r=g\",\"caption\":\"ElCanillita.info Guzzo Photos &amp; Graphic Publications\"},\"sameAs\":[\"http:\\\/\\\/guzzophotos.com\"]}]}<\/script>\n<!-- \/ Yoast SEO plugin. -->","yoast_head_json":{"title":"Presupuesto aprobado y \u201cinocencia\u201d recuperada: Milei canta victoria y marca la cancha - ElCanillita.Info","robots":{"index":"index","follow":"follow","max-snippet":"max-snippet:-1","max-image-preview":"max-image-preview:large","max-video-preview":"max-video-preview:-1"},"canonical":"https:\/\/elcanillita.info\/press\/2025\/12\/27\/epica-libertaria\/","og_locale":"es_ES","og_type":"article","og_title":"Presupuesto aprobado y \u201cinocencia\u201d recuperada: Milei canta victoria y marca la cancha - ElCanillita.Info","og_description":"El Gobierno celebra el Presupuesto 2026 y la Ley de Inocencia Fiscal como un punto de inflexi\u00f3n. Entre la epopeya libertaria, se\u00f1ales al mercado y un Congreso alineado, el oficialismo proclama el fin de una era y el comienzo de otra.","og_url":"https:\/\/elcanillita.info\/press\/2025\/12\/27\/epica-libertaria\/","og_site_name":"ElCanillita.Info","article_publisher":"https:\/\/ar-ar.facebook.com\/ElCanillitainfo-114249515285712\/","article_published_time":"2025-12-28T02:02:36+00:00","article_modified_time":"2025-12-28T02:06:53+00:00","og_image":[{"width":600,"height":450,"url":"https:\/\/elcanillita.info\/press\/images\/2025\/09\/porotacoved.jpg","type":"image\/jpeg"}],"author":"ElCanillita.info Guzzo Photos &amp; Graphic Publications","twitter_card":"summary_large_image","twitter_misc":{"Escrito por":"ElCanillita.info Guzzo Photos &amp; Graphic Publications","Tiempo de lectura":"2 minutos"},"schema":{"@context":"https:\/\/schema.org","@graph":[{"@type":"Article","@id":"https:\/\/elcanillita.info\/press\/2025\/12\/27\/epica-libertaria\/#article","isPartOf":{"@id":"https:\/\/elcanillita.info\/press\/2025\/12\/27\/epica-libertaria\/"},"author":{"name":"ElCanillita.info Guzzo Photos &amp; Graphic Publications","@id":"https:\/\/elcanillita.info\/press\/#\/schema\/person\/e37a550cff8f5f3407ed112e4cc619cb"},"headline":"Presupuesto aprobado y \u201cinocencia\u201d recuperada: Milei canta victoria y marca la cancha","datePublished":"2025-12-28T02:02:36+00:00","dateModified":"2025-12-28T02:06:53+00:00","mainEntityOfPage":{"@id":"https:\/\/elcanillita.info\/press\/2025\/12\/27\/epica-libertaria\/"},"wordCount":455,"publisher":{"@id":"https:\/\/elcanillita.info\/press\/#organization"},"image":{"@id":"https:\/\/elcanillita.info\/press\/2025\/12\/27\/epica-libertaria\/#primaryimage"},"thumbnailUrl":"https:\/\/elcanillita.info\/press\/images\/2025\/09\/porotacoved.jpg","keywords":["Argentina"],"articleSection":[".",".","Actualidad","Am\u00e9rica del Sur","Economia","Politica","Sociedad y valores"],"inLanguage":"es-AR"},{"@type":"WebPage","@id":"https:\/\/elcanillita.info\/press\/2025\/12\/27\/epica-libertaria\/","url":"https:\/\/elcanillita.info\/press\/2025\/12\/27\/epica-libertaria\/","name":"Presupuesto aprobado y \u201cinocencia\u201d recuperada: Milei canta victoria y marca la cancha - ElCanillita.Info","isPartOf":{"@id":"https:\/\/elcanillita.info\/press\/#website"},"primaryImageOfPage":{"@id":"https:\/\/elcanillita.info\/press\/2025\/12\/27\/epica-libertaria\/#primaryimage"},"image":{"@id":"https:\/\/elcanillita.info\/press\/2025\/12\/27\/epica-libertaria\/#primaryimage"},"thumbnailUrl":"https:\/\/elcanillita.info\/press\/images\/2025\/09\/porotacoved.jpg","datePublished":"2025-12-28T02:02:36+00:00","dateModified":"2025-12-28T02:06:53+00:00","inLanguage":"es-AR","potentialAction":[{"@type":"ReadAction","target":["https:\/\/elcanillita.info\/press\/2025\/12\/27\/epica-libertaria\/"]}]},{"@type":"ImageObject","inLanguage":"es-AR","@id":"https:\/\/elcanillita.info\/press\/2025\/12\/27\/epica-libertaria\/#primaryimage","url":"https:\/\/elcanillita.info\/press\/images\/2025\/09\/porotacoved.jpg","contentUrl":"https:\/\/elcanillita.info\/press\/images\/2025\/09\/porotacoved.jpg","width":600,"height":450},{"@type":"WebSite","@id":"https:\/\/elcanillita.info\/press\/#website","url":"https:\/\/elcanillita.info\/press\/","name":"ElCanillita.Info","description":"desde los Apeninos a los Andes","publisher":{"@id":"https:\/\/elcanillita.info\/press\/#organization"},"potentialAction":[{"@type":"SearchAction","target":{"@type":"EntryPoint","urlTemplate":"https:\/\/elcanillita.info\/press\/?s={search_term_string}"},"query-input":{"@type":"PropertyValueSpecification","valueRequired":true,"valueName":"search_term_string"}}],"inLanguage":"es-AR"},{"@type":"Organization","@id":"https:\/\/elcanillita.info\/press\/#organization","name":"Guzzo Photos & Graphic Publications","url":"https:\/\/elcanillita.info\/press\/","logo":{"@type":"ImageObject","inLanguage":"es-AR","@id":"https:\/\/elcanillita.info\/press\/#\/schema\/logo\/image\/","url":"https:\/\/elcanillita.info\/press\/images\/2020\/01\/cropped-cropped-cropped-elcanillitainfo.png","contentUrl":"https:\/\/elcanillita.info\/press\/images\/2020\/01\/cropped-cropped-cropped-elcanillitainfo.png","width":460,"height":50,"caption":"Guzzo Photos & Graphic Publications"},"image":{"@id":"https:\/\/elcanillita.info\/press\/#\/schema\/logo\/image\/"},"sameAs":["https:\/\/ar-ar.facebook.com\/ElCanillitainfo-114249515285712\/"]},{"@type":"Person","@id":"https:\/\/elcanillita.info\/press\/#\/schema\/person\/e37a550cff8f5f3407ed112e4cc619cb","name":"ElCanillita.info Guzzo Photos &amp; Graphic Publications","image":{"@type":"ImageObject","inLanguage":"es-AR","@id":"https:\/\/secure.gravatar.com\/avatar\/8914fbe0ef09248907e331ab93dfa89c7f76decf6b51cd1b2f8444e6260db772?s=96&d=mm&r=g","url":"https:\/\/secure.gravatar.com\/avatar\/8914fbe0ef09248907e331ab93dfa89c7f76decf6b51cd1b2f8444e6260db772?s=96&d=mm&r=g","contentUrl":"https:\/\/secure.gravatar.com\/avatar\/8914fbe0ef09248907e331ab93dfa89c7f76decf6b51cd1b2f8444e6260db772?s=96&d=mm&r=g","caption":"ElCanillita.info Guzzo Photos &amp; Graphic Publications"},"sameAs":["http:\/\/guzzophotos.com"]}]}},"views":194,"_links":{"self":[{"href":"https:\/\/elcanillita.info\/press\/wp-json\/wp\/v2\/posts\/5748","targetHints":{"allow":["GET"]}}],"collection":[{"href":"https:\/\/elcanillita.info\/press\/wp-json\/wp\/v2\/posts"}],"about":[{"href":"https:\/\/elcanillita.info\/press\/wp-json\/wp\/v2\/types\/post"}],"author":[{"embeddable":true,"href":"https:\/\/elcanillita.info\/press\/wp-json\/wp\/v2\/users\/14"}],"replies":[{"embeddable":true,"href":"https:\/\/elcanillita.info\/press\/wp-json\/wp\/v2\/comments?post=5748"}],"version-history":[{"count":0,"href":"https:\/\/elcanillita.info\/press\/wp-json\/wp\/v2\/posts\/5748\/revisions"}],"wp:featuredmedia":[{"embeddable":true,"href":"https:\/\/elcanillita.info\/press\/wp-json\/wp\/v2\/media\/5424"}],"wp:attachment":[{"href":"https:\/\/elcanillita.info\/press\/wp-json\/wp\/v2\/media?parent=5748"}],"wp:term":[{"taxonomy":"category","embeddable":true,"href":"https:\/\/elcanillita.info\/press\/wp-json\/wp\/v2\/categories?post=5748"},{"taxonomy":"post_tag","embeddable":true,"href":"https:\/\/elcanillita.info\/press\/wp-json\/wp\/v2\/tags?post=5748"}],"curies":[{"name":"wp","href":"https:\/\/api.w.org\/{rel}","templated":true}]}}