{"id":5741,"date":"2025-12-25T01:13:08","date_gmt":"2025-12-25T04:13:08","guid":{"rendered":"https:\/\/elcanillita.info\/press\/?p=5741"},"modified":"2025-12-25T01:13:08","modified_gmt":"2025-12-25T04:13:08","slug":"evonomia-distorcionada","status":"publish","type":"post","link":"https:\/\/elcanillita.info\/press\/2025\/12\/25\/evonomia-distorcionada\/","title":{"rendered":"Navidad bajo la lluvia: cuando Dios baja del pedestal"},"content":{"rendered":"\n<figure class=\"wp-block-image size-large\"><img loading=\"lazy\" decoding=\"async\" width=\"600\" height=\"400\" src=\"https:\/\/elcanillita.info\/press\/images\/2025\/12\/img_1223.jpg\" alt=\"\" class=\"wp-image-5743\" srcset=\"https:\/\/elcanillita.info\/press\/images\/2025\/12\/img_1223.jpg 600w, https:\/\/elcanillita.info\/press\/images\/2025\/12\/img_1223-300x200.jpg 300w\" sizes=\"auto, (max-width: 600px) 100vw, 600px\" \/><\/figure>\n\n\n\n<p>Ciudad del Vaticano<\/p>\n\n\n\n<p class=\"p1\">El pont\u00edfice hizo su primera aparici\u00f3n sorpresa en la Plaza de San Pedro y agradeci\u00f3 a los fieles: &#8220;Gracias por venir incluso bajo la lluvia&#8221;. El Papa Le\u00f3n preside su primera Misa de la Nochebuena.<\/p>\n\n\n\n<p class=\"p1\">&#8220;Mientras una econom\u00eda distorsionada nos lleva a tratar a las personas como mercanc\u00edas, Dios se hace como nosotros, revelando la infinita dignidad de cada persona. Mientras el hombre quiere hacerse Dios para dominar a su pr\u00f3jimo, Dios quiere hacerse hombre para liberarnos de toda esclavitud. \u00bfSer\u00e1 suficiente este amor para cambiar nuestra historia?&#8221;, dijo el pont\u00edfice.<\/p>\n\n\n\n<p class=\"p1\">Le\u00f3n nos invita a admirar la sabidur\u00eda de la Navidad: &#8220;Frente a la violencia y la opresi\u00f3n, en el Ni\u00f1o Jes\u00fas, Dios da al mundo una nueva vida: la suya, para todos&#8221;.<\/p>\n\n\n\n<p class=\"p1\">Cerca de 250 cardenales, obispos y sacerdotes concelebraron la solemne liturgia con el Pont\u00edfice en el Altar Central de la Confesi\u00f3n.&nbsp;<\/p>\n\n\n\n<p class=\"p1\">El Coro de la Capilla Sixtina acompa\u00f1\u00f3 la entrada con el canto &#8220;Noel&#8221;.<\/p>\n\n\n\n<p class=\"p1\">Antes de presidir la Misa, el Papa Le\u00f3n XIII descubri\u00f3 el rostro del Ni\u00f1o Jes\u00fas en el pesebre colocado sobre un peque\u00f1o trono ante el Altar de la Confesi\u00f3n en la Bas\u00edlica Vaticana. El gesto del Pont\u00edfice fue seguido por una ofrenda floral de ni\u00f1os de todo el mundo, incluyendo Ucrania.<\/p>\n\n\n\n<p class=\"p1\">Seg\u00fan la Oficina de Prensa de la Santa Sede, &#8220;unos 6.000 fieles asistieron a la Misa en la Bas\u00edlica, adem\u00e1s de los aproximadamente 5.000 que se congregaron en la plaza&#8221; bajo la lluvia.<\/p>\n\n\n\n<p class=\"p1\">El Papa, sorprendentemente, sali\u00f3 a la plaza antes de la Misa, bajo la lluvia, para saludar a los presentes: &#8220;\u00a1Gracias por venir incluso bajo la lluvia! \u00a1Les deseo lo mejor a todos!&#8221;, dijo.<\/p>\n\n\n\n<p class=\"p1\">&#8220;Queremos celebrar la Navidad juntos. Jesucristo, que naci\u00f3 por nosotros, nos trae la paz y el amor de Dios. Les deseo lo mejor a todos. Que Dios los proteja y bendiga a todas sus familias&#8221;, a\u00f1adi\u00f3.<\/p>\n\n\n\n<p><\/p>\n\n\n\n<p>&nbsp;&nbsp;\u270d\ufe0f \u00a9 2025 SalaStampa.eu \u2013 All Rights Reserved<\/p>\n\n\n\n<p><\/p>\n\n\n<hr style=\"\n    border: none;\n    height: 1px;\n    background: linear-gradient(to right, transparent, #ccc, transparent);\n    margin: 0;\n\" \/>\n<\/p>\n<p><small>\u00a9\ufe0f2025  Guzzo Photos  &#038; Graphic Publications \u2013 All Rights Reserved \u2013 Copyright \u00a9\ufe0f 2025 SalaStampa.eu, world press service \u2013 Guzzo Photos &#038; Graphic Publications \u2013 Registro Editori e Stampatori n. 1441 Turin, Italy<\/small><\/p>\n\n\n<p><\/p>\n","protected":false},"excerpt":{"rendered":"<p>Papa Le\u00f3n XIV, Primera Misa de la Nochebuena: &#8220;Contra las Tentaciones de Dominaci\u00f3n, Dios se Hace Hombre&#8221;<\/p>\n","protected":false},"author":1,"featured_media":5744,"comment_status":"closed","ping_status":"","sticky":false,"template":"","format":"standard","meta":{"footnotes":"","_links_to":"","_links_to_target":""},"categories":[108,121,70,19,134,5,137],"tags":[50],"class_list":["post-5741","post","type-post","status-publish","format-standard","has-post-thumbnail","hentry","category-blogdiario","category-dc24","category-actualidad","category-cultura","category-educacion","category-europa","category-sociedad-y-valores","tag-ciudad-vaticano","entry","double"],"yoast_head":"<!-- This site is optimized with the Yoast SEO plugin v27.4 - https:\/\/yoast.com\/product\/yoast-seo-wordpress\/ -->\n<title>Navidad bajo la lluvia: cuando Dios baja del pedestal - ElCanillita.Info<\/title>\n<meta name=\"robots\" content=\"index, follow, max-snippet:-1, max-image-preview:large, max-video-preview:-1\" \/>\n<link rel=\"canonical\" href=\"https:\/\/elcanillita.info\/press\/2025\/12\/25\/evonomia-distorcionada\/\" \/>\n<meta property=\"og:locale\" content=\"es_ES\" \/>\n<meta property=\"og:type\" content=\"article\" \/>\n<meta property=\"og:title\" content=\"Navidad bajo la lluvia: cuando Dios baja del pedestal - ElCanillita.Info\" \/>\n<meta property=\"og:description\" content=\"Papa Le\u00f3n XIV, Primera Misa de la Nochebuena: &quot;Contra las Tentaciones de Dominaci\u00f3n, Dios se Hace Hombre&quot;\" \/>\n<meta property=\"og:url\" content=\"https:\/\/elcanillita.info\/press\/2025\/12\/25\/evonomia-distorcionada\/\" \/>\n<meta property=\"og:site_name\" content=\"ElCanillita.Info\" \/>\n<meta property=\"article:publisher\" content=\"https:\/\/ar-ar.facebook.com\/ElCanillitainfo-114249515285712\/\" \/>\n<meta property=\"article:published_time\" content=\"2025-12-25T04:13:08+00:00\" \/>\n<meta property=\"og:image\" content=\"https:\/\/elcanillita.info\/press\/images\/2025\/12\/img_1223-1.jpg\" \/>\n\t<meta property=\"og:image:width\" content=\"600\" \/>\n\t<meta property=\"og:image:height\" content=\"400\" \/>\n\t<meta property=\"og:image:type\" content=\"image\/jpeg\" \/>\n<meta name=\"author\" content=\"SalaStampa.eu, world press service\" \/>\n<meta name=\"twitter:card\" content=\"summary_large_image\" \/>\n<meta name=\"twitter:label1\" content=\"Escrito por\" \/>\n\t<meta name=\"twitter:data1\" content=\"SalaStampa.eu, world press service\" \/>\n\t<meta name=\"twitter:label2\" content=\"Tiempo de lectura\" \/>\n\t<meta name=\"twitter:data2\" content=\"2 minutos\" \/>\n<script type=\"application\/ld+json\" class=\"yoast-schema-graph\">{\"@context\":\"https:\\\/\\\/schema.org\",\"@graph\":[{\"@type\":\"Article\",\"@id\":\"https:\\\/\\\/elcanillita.info\\\/press\\\/2025\\\/12\\\/25\\\/evonomia-distorcionada\\\/#article\",\"isPartOf\":{\"@id\":\"https:\\\/\\\/elcanillita.info\\\/press\\\/2025\\\/12\\\/25\\\/evonomia-distorcionada\\\/\"},\"author\":{\"name\":\"SalaStampa.eu, world press service\",\"@id\":\"https:\\\/\\\/elcanillita.info\\\/press\\\/#\\\/schema\\\/person\\\/7fcb79f38045700919f7da6d97e71ba0\"},\"headline\":\"Navidad bajo la lluvia: cuando Dios baja del pedestal\",\"datePublished\":\"2025-12-25T04:13:08+00:00\",\"mainEntityOfPage\":{\"@id\":\"https:\\\/\\\/elcanillita.info\\\/press\\\/2025\\\/12\\\/25\\\/evonomia-distorcionada\\\/\"},\"wordCount\":377,\"publisher\":{\"@id\":\"https:\\\/\\\/elcanillita.info\\\/press\\\/#organization\"},\"image\":{\"@id\":\"https:\\\/\\\/elcanillita.info\\\/press\\\/2025\\\/12\\\/25\\\/evonomia-distorcionada\\\/#primaryimage\"},\"thumbnailUrl\":\"https:\\\/\\\/elcanillita.info\\\/press\\\/images\\\/2025\\\/12\\\/img_1223-1.jpg\",\"keywords\":[\"Ciudad del Vaticano\"],\"articleSection\":[\".\",\".\",\"Actualidad\",\"Cultura\",\"Educaci\u00f3n\",\"Europa\",\"Sociedad y valores\"],\"inLanguage\":\"es-AR\"},{\"@type\":\"WebPage\",\"@id\":\"https:\\\/\\\/elcanillita.info\\\/press\\\/2025\\\/12\\\/25\\\/evonomia-distorcionada\\\/\",\"url\":\"https:\\\/\\\/elcanillita.info\\\/press\\\/2025\\\/12\\\/25\\\/evonomia-distorcionada\\\/\",\"name\":\"Navidad bajo la lluvia: cuando Dios baja del pedestal - ElCanillita.Info\",\"isPartOf\":{\"@id\":\"https:\\\/\\\/elcanillita.info\\\/press\\\/#website\"},\"primaryImageOfPage\":{\"@id\":\"https:\\\/\\\/elcanillita.info\\\/press\\\/2025\\\/12\\\/25\\\/evonomia-distorcionada\\\/#primaryimage\"},\"image\":{\"@id\":\"https:\\\/\\\/elcanillita.info\\\/press\\\/2025\\\/12\\\/25\\\/evonomia-distorcionada\\\/#primaryimage\"},\"thumbnailUrl\":\"https:\\\/\\\/elcanillita.info\\\/press\\\/images\\\/2025\\\/12\\\/img_1223-1.jpg\",\"datePublished\":\"2025-12-25T04:13:08+00:00\",\"inLanguage\":\"es-AR\",\"potentialAction\":[{\"@type\":\"ReadAction\",\"target\":[\"https:\\\/\\\/elcanillita.info\\\/press\\\/2025\\\/12\\\/25\\\/evonomia-distorcionada\\\/\"]}]},{\"@type\":\"ImageObject\",\"inLanguage\":\"es-AR\",\"@id\":\"https:\\\/\\\/elcanillita.info\\\/press\\\/2025\\\/12\\\/25\\\/evonomia-distorcionada\\\/#primaryimage\",\"url\":\"https:\\\/\\\/elcanillita.info\\\/press\\\/images\\\/2025\\\/12\\\/img_1223-1.jpg\",\"contentUrl\":\"https:\\\/\\\/elcanillita.info\\\/press\\\/images\\\/2025\\\/12\\\/img_1223-1.jpg\",\"width\":600,\"height\":400},{\"@type\":\"WebSite\",\"@id\":\"https:\\\/\\\/elcanillita.info\\\/press\\\/#website\",\"url\":\"https:\\\/\\\/elcanillita.info\\\/press\\\/\",\"name\":\"ElCanillita.Info\",\"description\":\"desde los Apeninos a los Andes\",\"publisher\":{\"@id\":\"https:\\\/\\\/elcanillita.info\\\/press\\\/#organization\"},\"potentialAction\":[{\"@type\":\"SearchAction\",\"target\":{\"@type\":\"EntryPoint\",\"urlTemplate\":\"https:\\\/\\\/elcanillita.info\\\/press\\\/?s={search_term_string}\"},\"query-input\":{\"@type\":\"PropertyValueSpecification\",\"valueRequired\":true,\"valueName\":\"search_term_string\"}}],\"inLanguage\":\"es-AR\"},{\"@type\":\"Organization\",\"@id\":\"https:\\\/\\\/elcanillita.info\\\/press\\\/#organization\",\"name\":\"Guzzo Photos & Graphic Publications\",\"url\":\"https:\\\/\\\/elcanillita.info\\\/press\\\/\",\"logo\":{\"@type\":\"ImageObject\",\"inLanguage\":\"es-AR\",\"@id\":\"https:\\\/\\\/elcanillita.info\\\/press\\\/#\\\/schema\\\/logo\\\/image\\\/\",\"url\":\"https:\\\/\\\/elcanillita.info\\\/press\\\/images\\\/2020\\\/01\\\/cropped-cropped-cropped-elcanillitainfo.png\",\"contentUrl\":\"https:\\\/\\\/elcanillita.info\\\/press\\\/images\\\/2020\\\/01\\\/cropped-cropped-cropped-elcanillitainfo.png\",\"width\":460,\"height\":50,\"caption\":\"Guzzo Photos & Graphic Publications\"},\"image\":{\"@id\":\"https:\\\/\\\/elcanillita.info\\\/press\\\/#\\\/schema\\\/logo\\\/image\\\/\"},\"sameAs\":[\"https:\\\/\\\/ar-ar.facebook.com\\\/ElCanillitainfo-114249515285712\\\/\"]},{\"@type\":\"Person\",\"@id\":\"https:\\\/\\\/elcanillita.info\\\/press\\\/#\\\/schema\\\/person\\\/7fcb79f38045700919f7da6d97e71ba0\",\"name\":\"SalaStampa.eu, world press service\",\"image\":{\"@type\":\"ImageObject\",\"inLanguage\":\"es-AR\",\"@id\":\"https:\\\/\\\/secure.gravatar.com\\\/avatar\\\/c2f0e0d515a107624234994507816ca4724c7199cef73fc8bedebf6931d73888?s=96&d=mm&r=g\",\"url\":\"https:\\\/\\\/secure.gravatar.com\\\/avatar\\\/c2f0e0d515a107624234994507816ca4724c7199cef73fc8bedebf6931d73888?s=96&d=mm&r=g\",\"contentUrl\":\"https:\\\/\\\/secure.gravatar.com\\\/avatar\\\/c2f0e0d515a107624234994507816ca4724c7199cef73fc8bedebf6931d73888?s=96&d=mm&r=g\",\"caption\":\"SalaStampa.eu, world press service\"}}]}<\/script>\n<!-- \/ Yoast SEO plugin. -->","yoast_head_json":{"title":"Navidad bajo la lluvia: cuando Dios baja del pedestal - ElCanillita.Info","robots":{"index":"index","follow":"follow","max-snippet":"max-snippet:-1","max-image-preview":"max-image-preview:large","max-video-preview":"max-video-preview:-1"},"canonical":"https:\/\/elcanillita.info\/press\/2025\/12\/25\/evonomia-distorcionada\/","og_locale":"es_ES","og_type":"article","og_title":"Navidad bajo la lluvia: cuando Dios baja del pedestal - ElCanillita.Info","og_description":"Papa Le\u00f3n XIV, Primera Misa de la Nochebuena: \"Contra las Tentaciones de Dominaci\u00f3n, Dios se Hace Hombre\"","og_url":"https:\/\/elcanillita.info\/press\/2025\/12\/25\/evonomia-distorcionada\/","og_site_name":"ElCanillita.Info","article_publisher":"https:\/\/ar-ar.facebook.com\/ElCanillitainfo-114249515285712\/","article_published_time":"2025-12-25T04:13:08+00:00","og_image":[{"width":600,"height":400,"url":"https:\/\/elcanillita.info\/press\/images\/2025\/12\/img_1223-1.jpg","type":"image\/jpeg"}],"author":"SalaStampa.eu, world press service","twitter_card":"summary_large_image","twitter_misc":{"Escrito por":"SalaStampa.eu, world press service","Tiempo de lectura":"2 minutos"},"schema":{"@context":"https:\/\/schema.org","@graph":[{"@type":"Article","@id":"https:\/\/elcanillita.info\/press\/2025\/12\/25\/evonomia-distorcionada\/#article","isPartOf":{"@id":"https:\/\/elcanillita.info\/press\/2025\/12\/25\/evonomia-distorcionada\/"},"author":{"name":"SalaStampa.eu, world press service","@id":"https:\/\/elcanillita.info\/press\/#\/schema\/person\/7fcb79f38045700919f7da6d97e71ba0"},"headline":"Navidad bajo la lluvia: cuando Dios baja del pedestal","datePublished":"2025-12-25T04:13:08+00:00","mainEntityOfPage":{"@id":"https:\/\/elcanillita.info\/press\/2025\/12\/25\/evonomia-distorcionada\/"},"wordCount":377,"publisher":{"@id":"https:\/\/elcanillita.info\/press\/#organization"},"image":{"@id":"https:\/\/elcanillita.info\/press\/2025\/12\/25\/evonomia-distorcionada\/#primaryimage"},"thumbnailUrl":"https:\/\/elcanillita.info\/press\/images\/2025\/12\/img_1223-1.jpg","keywords":["Ciudad del Vaticano"],"articleSection":[".",".","Actualidad","Cultura","Educaci\u00f3n","Europa","Sociedad y valores"],"inLanguage":"es-AR"},{"@type":"WebPage","@id":"https:\/\/elcanillita.info\/press\/2025\/12\/25\/evonomia-distorcionada\/","url":"https:\/\/elcanillita.info\/press\/2025\/12\/25\/evonomia-distorcionada\/","name":"Navidad bajo la lluvia: cuando Dios baja del pedestal - ElCanillita.Info","isPartOf":{"@id":"https:\/\/elcanillita.info\/press\/#website"},"primaryImageOfPage":{"@id":"https:\/\/elcanillita.info\/press\/2025\/12\/25\/evonomia-distorcionada\/#primaryimage"},"image":{"@id":"https:\/\/elcanillita.info\/press\/2025\/12\/25\/evonomia-distorcionada\/#primaryimage"},"thumbnailUrl":"https:\/\/elcanillita.info\/press\/images\/2025\/12\/img_1223-1.jpg","datePublished":"2025-12-25T04:13:08+00:00","inLanguage":"es-AR","potentialAction":[{"@type":"ReadAction","target":["https:\/\/elcanillita.info\/press\/2025\/12\/25\/evonomia-distorcionada\/"]}]},{"@type":"ImageObject","inLanguage":"es-AR","@id":"https:\/\/elcanillita.info\/press\/2025\/12\/25\/evonomia-distorcionada\/#primaryimage","url":"https:\/\/elcanillita.info\/press\/images\/2025\/12\/img_1223-1.jpg","contentUrl":"https:\/\/elcanillita.info\/press\/images\/2025\/12\/img_1223-1.jpg","width":600,"height":400},{"@type":"WebSite","@id":"https:\/\/elcanillita.info\/press\/#website","url":"https:\/\/elcanillita.info\/press\/","name":"ElCanillita.Info","description":"desde los Apeninos a los Andes","publisher":{"@id":"https:\/\/elcanillita.info\/press\/#organization"},"potentialAction":[{"@type":"SearchAction","target":{"@type":"EntryPoint","urlTemplate":"https:\/\/elcanillita.info\/press\/?s={search_term_string}"},"query-input":{"@type":"PropertyValueSpecification","valueRequired":true,"valueName":"search_term_string"}}],"inLanguage":"es-AR"},{"@type":"Organization","@id":"https:\/\/elcanillita.info\/press\/#organization","name":"Guzzo Photos & Graphic Publications","url":"https:\/\/elcanillita.info\/press\/","logo":{"@type":"ImageObject","inLanguage":"es-AR","@id":"https:\/\/elcanillita.info\/press\/#\/schema\/logo\/image\/","url":"https:\/\/elcanillita.info\/press\/images\/2020\/01\/cropped-cropped-cropped-elcanillitainfo.png","contentUrl":"https:\/\/elcanillita.info\/press\/images\/2020\/01\/cropped-cropped-cropped-elcanillitainfo.png","width":460,"height":50,"caption":"Guzzo Photos & Graphic Publications"},"image":{"@id":"https:\/\/elcanillita.info\/press\/#\/schema\/logo\/image\/"},"sameAs":["https:\/\/ar-ar.facebook.com\/ElCanillitainfo-114249515285712\/"]},{"@type":"Person","@id":"https:\/\/elcanillita.info\/press\/#\/schema\/person\/7fcb79f38045700919f7da6d97e71ba0","name":"SalaStampa.eu, world press service","image":{"@type":"ImageObject","inLanguage":"es-AR","@id":"https:\/\/secure.gravatar.com\/avatar\/c2f0e0d515a107624234994507816ca4724c7199cef73fc8bedebf6931d73888?s=96&d=mm&r=g","url":"https:\/\/secure.gravatar.com\/avatar\/c2f0e0d515a107624234994507816ca4724c7199cef73fc8bedebf6931d73888?s=96&d=mm&r=g","contentUrl":"https:\/\/secure.gravatar.com\/avatar\/c2f0e0d515a107624234994507816ca4724c7199cef73fc8bedebf6931d73888?s=96&d=mm&r=g","caption":"SalaStampa.eu, world press service"}}]}},"views":179,"_links":{"self":[{"href":"https:\/\/elcanillita.info\/press\/wp-json\/wp\/v2\/posts\/5741","targetHints":{"allow":["GET"]}}],"collection":[{"href":"https:\/\/elcanillita.info\/press\/wp-json\/wp\/v2\/posts"}],"about":[{"href":"https:\/\/elcanillita.info\/press\/wp-json\/wp\/v2\/types\/post"}],"author":[{"embeddable":true,"href":"https:\/\/elcanillita.info\/press\/wp-json\/wp\/v2\/users\/1"}],"replies":[{"embeddable":true,"href":"https:\/\/elcanillita.info\/press\/wp-json\/wp\/v2\/comments?post=5741"}],"version-history":[{"count":0,"href":"https:\/\/elcanillita.info\/press\/wp-json\/wp\/v2\/posts\/5741\/revisions"}],"wp:featuredmedia":[{"embeddable":true,"href":"https:\/\/elcanillita.info\/press\/wp-json\/wp\/v2\/media\/5744"}],"wp:attachment":[{"href":"https:\/\/elcanillita.info\/press\/wp-json\/wp\/v2\/media?parent=5741"}],"wp:term":[{"taxonomy":"category","embeddable":true,"href":"https:\/\/elcanillita.info\/press\/wp-json\/wp\/v2\/categories?post=5741"},{"taxonomy":"post_tag","embeddable":true,"href":"https:\/\/elcanillita.info\/press\/wp-json\/wp\/v2\/tags?post=5741"}],"curies":[{"name":"wp","href":"https:\/\/api.w.org\/{rel}","templated":true}]}}