{"id":573,"date":"2020-02-24T16:12:35","date_gmt":"2020-02-24T19:12:35","guid":{"rendered":"https:\/\/elcanillita.info\/press\/?p=573"},"modified":"2020-02-24T16:12:38","modified_gmt":"2020-02-24T19:12:38","slug":"china-wuhan-revoca-decision-aliviar-bloqueo-coronavirus","status":"publish","type":"post","link":"https:\/\/elcanillita.info\/press\/2020\/02\/24\/china-wuhan-revoca-decision-aliviar-bloqueo-coronavirus\/","title":{"rendered":"China: Wuhan revoca su decisi\u00f3n de aliviar el bloqueo por el coronavirus"},"content":{"rendered":"\n<p>Wuhan, 24.02.2020 &#8211; El anuncio de que la ciudad china de Wuhan relajar\u00eda algunas de sus restricciones de viaje y permitir\u00eda que algunas personas se fueran sin autorizaci\u00f3n expresa ha sido revocado, anunci\u00f3 el lunes el gobierno local.<\/p>\n\n\n\n<p>La ciudad, en el epicentro de un brote de coronavirus que ya ha matado a m\u00e1s de 2.500 personas, dijo que continuar\u00eda imponiendo controles estrictos sobre sus confines para evitar que el virus se propague a\u00fan m\u00e1s.<\/p>\n\n\n\n<p>Asimismo, el gobierno dijo que hab\u00eda reprendido a las personas responsables del anuncio anterior de que a las personas sanas se les permitir\u00eda irse si ten\u00edan que atender asuntos vitales.<\/p>\n\n\n\n<p>El anuncio anterior se produjo en medio de signos de que la propagaci\u00f3n del virus en China se estaba desacelerando, con m\u00e1s de 20 jurisdicciones a nivel de provincia que informaron de cero nuevas infecciones el domingo, lo que llev\u00f3 a varias regiones a reducir sus niveles de emergencia.<\/p>\n\n\n\n<p>Wuhan, donde se cree que se origin\u00f3 el virus y que ha estado bajo bloqueo durante un mes, inform\u00f3 el domingo de 348 nuevas infecciones y 131 muertes.<\/p>\n\n\n\n<p>Wuhan ha visto un total de 46.607 casos de infecci\u00f3n, lo que representa&nbsp;alrededor del 60% del total registrado en China.<\/p>\n\n\n\n<p><strong>Aerol\u00edneas suspenden sus vuelos a China<\/strong><\/p>\n\n\n\n<p>Desde hace d\u00edas, diversas aerol\u00edneas han estado suspendiendo vuelos o modificando su servicio en respuesta al brote del coronavirus.<\/p>\n\n\n\n<p>A continuaci\u00f3n se detallan (en orden alfab\u00e9tico) las aerol\u00edneas que han cancelado todos los vuelos a China continental.<\/p>\n\n\n\n<p>American Airlines &#8211; Extiende la suspensi\u00f3n de vuelos a China y Hong Kong hasta el 24 de abril.<\/p>\n\n\n\n<p>Air France &#8211; Dijo el 6 de febrero que suspender\u00eda los vuelos hacia y desde China continental durante gran parte de marzo.<\/p>\n\n\n\n<p>Air India &#8211; Suspende vuelos a Shanghai y Hong Kong hasta el 30 de junio.<\/p>\n\n\n\n<p>Air Seoul: La aerol\u00ednea de Corea del Sur suspendi\u00f3 los vuelos a China desde el 28 de enero hasta nuevo aviso.<\/p>\n\n\n\n<p>Air Tanzania: La aerol\u00ednea estatal de Tanzania, que hab\u00eda planeado comenzar vuelos charter a China en febrero, pospuso sus primeros vuelos.<\/p>\n\n\n\n<p>Air Mauritius &#8211; Suspendi\u00f3 todos los vuelos a China y Hong Kong.<\/p>\n\n\n\n<p>Austrian Airlines &#8211; Sin vuelos hasta finales de febrero.<\/p>\n\n\n\n<p>British Airways: Suspensi\u00f3n del 29 de enero al 31 de marzo.<\/p>\n\n\n\n<p>Delta Airlines &#8211; Del 2 de febrero al 30 de abril.<\/p>\n\n\n\n<p>Egyptair &#8211; Suspendi\u00f3 los vuelos el 1 de febrero, pero el 20 de febrero dijo que reanudar\u00eda algunos vuelos hacia y desde China a partir de la pr\u00f3xima semana.<\/p>\n\n\n\n<p>Numerosas aerol\u00edneas han suspendido sus vuelos a China debido al brote del coronavirus.<\/p>\n\n\n\n<p>El Al Israel Airlines &#8211; Dijo el 12 de febrero que suspender\u00eda sus vuelos a Hong Kong hasta el 20 de marzo y que reducir\u00eda sus vuelos diarios a Bangkok. Adem\u00e1s, suspendi\u00f3 vuelos a Beijing del 30 de enero al 25 de marzo siguiendo una directiva del ministerio de salud.<\/p>\n\n\n\n<p>Iberia &#8211; La aerol\u00ednea espa\u00f1ola extendi\u00f3 su suspensi\u00f3n de vuelos desde Madrid a Shanghai, su \u00fanica ruta, desde el 29 de febrero hasta finales de abril.<\/p>\n\n\n\n<p>JejuAir&nbsp;&#8211; Esta aerol\u00ednea coreana suspender\u00e1 todas las rutas de China a partir del 1 de marzo.<\/p>\n\n\n\n<p>Kenya Airways &#8211; Suspensi\u00f3n desde el 31 de enero hasta nuevo aviso.<\/p>\n\n\n\n<p>KLM &#8211; Extender\u00e1 su prohibici\u00f3n hasta el 28 de marzo.<\/p>\n\n\n\n<p>Lion Air &#8211; Todo febrero.<\/p>\n\n\n\n<p>LOTE &#8211; Extiendi\u00f3 la suspensi\u00f3n de&nbsp;vuelos hasta el 28 de marzo.<\/p>\n\n\n\n<p>Qatar Airways &#8211; Del 1 de febrero hasta nuevo aviso.<\/p>\n\n\n\n<p>Rwandair &#8211; Del 31 de enero hasta nuevo aviso.<br><br>\n<small>2020 voanoticias \u2013 salastampa.eu, afiliada a la red Broadcasting Board of Governors \u00a9 2020 BBG<\/small><\/p>\n","protected":false},"excerpt":{"rendered":"<p>Wuhan, 24.02.2020 &#8211; El anuncio de que la ciudad china de Wuhan relajar\u00eda algunas de sus restricciones de viaje y permitir\u00eda que algunas personas se fueran sin autorizaci\u00f3n expresa ha sido revocado, anunci\u00f3 el lunes el gobierno local.<\/p>\n","protected":false},"author":1,"featured_media":0,"comment_status":"closed","ping_status":"closed","sticky":false,"template":"","format":"standard","meta":{"footnotes":"","_links_to":"","_links_to_target":""},"categories":[70,16,20,78,25],"tags":[55],"class_list":["post-573","post","type-post","status-publish","format-standard","hentry","category-actualidad","category-asia","category-economia","category-sanidad","category-sociedad","tag-china","entry","double"],"yoast_head":"<!-- This site is optimized with the Yoast SEO plugin v27.5 - https:\/\/yoast.com\/product\/yoast-seo-wordpress\/ -->\n<title>China: Wuhan revoca su decisi\u00f3n de aliviar el bloqueo por el coronavirus - ElCanillita.Info<\/title>\n<meta name=\"robots\" content=\"index, follow, max-snippet:-1, max-image-preview:large, max-video-preview:-1\" \/>\n<link rel=\"canonical\" href=\"https:\/\/elcanillita.info\/press\/2020\/02\/24\/china-wuhan-revoca-decision-aliviar-bloqueo-coronavirus\/\" \/>\n<meta property=\"og:locale\" content=\"es_ES\" \/>\n<meta property=\"og:type\" content=\"article\" \/>\n<meta property=\"og:title\" content=\"China: Wuhan revoca su decisi\u00f3n de aliviar el bloqueo por el coronavirus - ElCanillita.Info\" \/>\n<meta property=\"og:description\" content=\"Wuhan, 24.02.2020 - El anuncio de que la ciudad china de Wuhan relajar\u00eda algunas de sus restricciones de viaje y permitir\u00eda que algunas personas se fueran sin autorizaci\u00f3n expresa ha sido revocado, anunci\u00f3 el lunes el gobierno local.\" \/>\n<meta property=\"og:url\" content=\"https:\/\/elcanillita.info\/press\/2020\/02\/24\/china-wuhan-revoca-decision-aliviar-bloqueo-coronavirus\/\" \/>\n<meta property=\"og:site_name\" content=\"ElCanillita.Info\" \/>\n<meta property=\"article:publisher\" content=\"https:\/\/ar-ar.facebook.com\/ElCanillitainfo-114249515285712\/\" \/>\n<meta property=\"article:published_time\" content=\"2020-02-24T19:12:35+00:00\" \/>\n<meta property=\"article:modified_time\" content=\"2020-02-24T19:12:38+00:00\" \/>\n<meta name=\"author\" content=\"SalaStampa.eu, world press service\" \/>\n<meta name=\"twitter:card\" content=\"summary_large_image\" \/>\n<meta name=\"twitter:label1\" content=\"Escrito por\" \/>\n\t<meta name=\"twitter:data1\" content=\"SalaStampa.eu, world press service\" \/>\n\t<meta name=\"twitter:label2\" content=\"Tiempo de lectura\" \/>\n\t<meta name=\"twitter:data2\" content=\"3 minutos\" \/>\n<script type=\"application\/ld+json\" class=\"yoast-schema-graph\">{\"@context\":\"https:\\\/\\\/schema.org\",\"@graph\":[{\"@type\":\"Article\",\"@id\":\"https:\\\/\\\/elcanillita.info\\\/press\\\/2020\\\/02\\\/24\\\/china-wuhan-revoca-decision-aliviar-bloqueo-coronavirus\\\/#article\",\"isPartOf\":{\"@id\":\"https:\\\/\\\/elcanillita.info\\\/press\\\/2020\\\/02\\\/24\\\/china-wuhan-revoca-decision-aliviar-bloqueo-coronavirus\\\/\"},\"author\":{\"name\":\"SalaStampa.eu, world press service\",\"@id\":\"https:\\\/\\\/elcanillita.info\\\/press\\\/#\\\/schema\\\/person\\\/7fcb79f38045700919f7da6d97e71ba0\"},\"headline\":\"China: Wuhan revoca su decisi\u00f3n de aliviar el bloqueo por el coronavirus\",\"datePublished\":\"2020-02-24T19:12:35+00:00\",\"dateModified\":\"2020-02-24T19:12:38+00:00\",\"mainEntityOfPage\":{\"@id\":\"https:\\\/\\\/elcanillita.info\\\/press\\\/2020\\\/02\\\/24\\\/china-wuhan-revoca-decision-aliviar-bloqueo-coronavirus\\\/\"},\"wordCount\":617,\"publisher\":{\"@id\":\"https:\\\/\\\/elcanillita.info\\\/press\\\/#organization\"},\"keywords\":[\"China\"],\"articleSection\":[\"Actualidad\",\"Asia\",\"Economia\",\"Sanidad\",\"Sociedad\"],\"inLanguage\":\"es-AR\"},{\"@type\":\"WebPage\",\"@id\":\"https:\\\/\\\/elcanillita.info\\\/press\\\/2020\\\/02\\\/24\\\/china-wuhan-revoca-decision-aliviar-bloqueo-coronavirus\\\/\",\"url\":\"https:\\\/\\\/elcanillita.info\\\/press\\\/2020\\\/02\\\/24\\\/china-wuhan-revoca-decision-aliviar-bloqueo-coronavirus\\\/\",\"name\":\"China: Wuhan revoca su decisi\u00f3n de aliviar el bloqueo por el coronavirus - ElCanillita.Info\",\"isPartOf\":{\"@id\":\"https:\\\/\\\/elcanillita.info\\\/press\\\/#website\"},\"datePublished\":\"2020-02-24T19:12:35+00:00\",\"dateModified\":\"2020-02-24T19:12:38+00:00\",\"inLanguage\":\"es-AR\",\"potentialAction\":[{\"@type\":\"ReadAction\",\"target\":[\"https:\\\/\\\/elcanillita.info\\\/press\\\/2020\\\/02\\\/24\\\/china-wuhan-revoca-decision-aliviar-bloqueo-coronavirus\\\/\"]}]},{\"@type\":\"WebSite\",\"@id\":\"https:\\\/\\\/elcanillita.info\\\/press\\\/#website\",\"url\":\"https:\\\/\\\/elcanillita.info\\\/press\\\/\",\"name\":\"ElCanillita.Info\",\"description\":\"desde los Apeninos a los Andes\",\"publisher\":{\"@id\":\"https:\\\/\\\/elcanillita.info\\\/press\\\/#organization\"},\"potentialAction\":[{\"@type\":\"SearchAction\",\"target\":{\"@type\":\"EntryPoint\",\"urlTemplate\":\"https:\\\/\\\/elcanillita.info\\\/press\\\/?s={search_term_string}\"},\"query-input\":{\"@type\":\"PropertyValueSpecification\",\"valueRequired\":true,\"valueName\":\"search_term_string\"}}],\"inLanguage\":\"es-AR\"},{\"@type\":\"Organization\",\"@id\":\"https:\\\/\\\/elcanillita.info\\\/press\\\/#organization\",\"name\":\"Guzzo Photos & Graphic Publications\",\"url\":\"https:\\\/\\\/elcanillita.info\\\/press\\\/\",\"logo\":{\"@type\":\"ImageObject\",\"inLanguage\":\"es-AR\",\"@id\":\"https:\\\/\\\/elcanillita.info\\\/press\\\/#\\\/schema\\\/logo\\\/image\\\/\",\"url\":\"https:\\\/\\\/elcanillita.info\\\/press\\\/images\\\/2020\\\/01\\\/cropped-cropped-cropped-elcanillitainfo.png\",\"contentUrl\":\"https:\\\/\\\/elcanillita.info\\\/press\\\/images\\\/2020\\\/01\\\/cropped-cropped-cropped-elcanillitainfo.png\",\"width\":460,\"height\":50,\"caption\":\"Guzzo Photos & Graphic Publications\"},\"image\":{\"@id\":\"https:\\\/\\\/elcanillita.info\\\/press\\\/#\\\/schema\\\/logo\\\/image\\\/\"},\"sameAs\":[\"https:\\\/\\\/ar-ar.facebook.com\\\/ElCanillitainfo-114249515285712\\\/\"]},{\"@type\":\"Person\",\"@id\":\"https:\\\/\\\/elcanillita.info\\\/press\\\/#\\\/schema\\\/person\\\/7fcb79f38045700919f7da6d97e71ba0\",\"name\":\"SalaStampa.eu, world press service\",\"image\":{\"@type\":\"ImageObject\",\"inLanguage\":\"es-AR\",\"@id\":\"https:\\\/\\\/secure.gravatar.com\\\/avatar\\\/c2f0e0d515a107624234994507816ca4724c7199cef73fc8bedebf6931d73888?s=96&d=mm&r=g\",\"url\":\"https:\\\/\\\/secure.gravatar.com\\\/avatar\\\/c2f0e0d515a107624234994507816ca4724c7199cef73fc8bedebf6931d73888?s=96&d=mm&r=g\",\"contentUrl\":\"https:\\\/\\\/secure.gravatar.com\\\/avatar\\\/c2f0e0d515a107624234994507816ca4724c7199cef73fc8bedebf6931d73888?s=96&d=mm&r=g\",\"caption\":\"SalaStampa.eu, world press service\"}}]}<\/script>\n<!-- \/ Yoast SEO plugin. -->","yoast_head_json":{"title":"China: Wuhan revoca su decisi\u00f3n de aliviar el bloqueo por el coronavirus - ElCanillita.Info","robots":{"index":"index","follow":"follow","max-snippet":"max-snippet:-1","max-image-preview":"max-image-preview:large","max-video-preview":"max-video-preview:-1"},"canonical":"https:\/\/elcanillita.info\/press\/2020\/02\/24\/china-wuhan-revoca-decision-aliviar-bloqueo-coronavirus\/","og_locale":"es_ES","og_type":"article","og_title":"China: Wuhan revoca su decisi\u00f3n de aliviar el bloqueo por el coronavirus - ElCanillita.Info","og_description":"Wuhan, 24.02.2020 - El anuncio de que la ciudad china de Wuhan relajar\u00eda algunas de sus restricciones de viaje y permitir\u00eda que algunas personas se fueran sin autorizaci\u00f3n expresa ha sido revocado, anunci\u00f3 el lunes el gobierno local.","og_url":"https:\/\/elcanillita.info\/press\/2020\/02\/24\/china-wuhan-revoca-decision-aliviar-bloqueo-coronavirus\/","og_site_name":"ElCanillita.Info","article_publisher":"https:\/\/ar-ar.facebook.com\/ElCanillitainfo-114249515285712\/","article_published_time":"2020-02-24T19:12:35+00:00","article_modified_time":"2020-02-24T19:12:38+00:00","author":"SalaStampa.eu, world press service","twitter_card":"summary_large_image","twitter_misc":{"Escrito por":"SalaStampa.eu, world press service","Tiempo de lectura":"3 minutos"},"schema":{"@context":"https:\/\/schema.org","@graph":[{"@type":"Article","@id":"https:\/\/elcanillita.info\/press\/2020\/02\/24\/china-wuhan-revoca-decision-aliviar-bloqueo-coronavirus\/#article","isPartOf":{"@id":"https:\/\/elcanillita.info\/press\/2020\/02\/24\/china-wuhan-revoca-decision-aliviar-bloqueo-coronavirus\/"},"author":{"name":"SalaStampa.eu, world press service","@id":"https:\/\/elcanillita.info\/press\/#\/schema\/person\/7fcb79f38045700919f7da6d97e71ba0"},"headline":"China: Wuhan revoca su decisi\u00f3n de aliviar el bloqueo por el coronavirus","datePublished":"2020-02-24T19:12:35+00:00","dateModified":"2020-02-24T19:12:38+00:00","mainEntityOfPage":{"@id":"https:\/\/elcanillita.info\/press\/2020\/02\/24\/china-wuhan-revoca-decision-aliviar-bloqueo-coronavirus\/"},"wordCount":617,"publisher":{"@id":"https:\/\/elcanillita.info\/press\/#organization"},"keywords":["China"],"articleSection":["Actualidad","Asia","Economia","Sanidad","Sociedad"],"inLanguage":"es-AR"},{"@type":"WebPage","@id":"https:\/\/elcanillita.info\/press\/2020\/02\/24\/china-wuhan-revoca-decision-aliviar-bloqueo-coronavirus\/","url":"https:\/\/elcanillita.info\/press\/2020\/02\/24\/china-wuhan-revoca-decision-aliviar-bloqueo-coronavirus\/","name":"China: Wuhan revoca su decisi\u00f3n de aliviar el bloqueo por el coronavirus - ElCanillita.Info","isPartOf":{"@id":"https:\/\/elcanillita.info\/press\/#website"},"datePublished":"2020-02-24T19:12:35+00:00","dateModified":"2020-02-24T19:12:38+00:00","inLanguage":"es-AR","potentialAction":[{"@type":"ReadAction","target":["https:\/\/elcanillita.info\/press\/2020\/02\/24\/china-wuhan-revoca-decision-aliviar-bloqueo-coronavirus\/"]}]},{"@type":"WebSite","@id":"https:\/\/elcanillita.info\/press\/#website","url":"https:\/\/elcanillita.info\/press\/","name":"ElCanillita.Info","description":"desde los Apeninos a los Andes","publisher":{"@id":"https:\/\/elcanillita.info\/press\/#organization"},"potentialAction":[{"@type":"SearchAction","target":{"@type":"EntryPoint","urlTemplate":"https:\/\/elcanillita.info\/press\/?s={search_term_string}"},"query-input":{"@type":"PropertyValueSpecification","valueRequired":true,"valueName":"search_term_string"}}],"inLanguage":"es-AR"},{"@type":"Organization","@id":"https:\/\/elcanillita.info\/press\/#organization","name":"Guzzo Photos & Graphic Publications","url":"https:\/\/elcanillita.info\/press\/","logo":{"@type":"ImageObject","inLanguage":"es-AR","@id":"https:\/\/elcanillita.info\/press\/#\/schema\/logo\/image\/","url":"https:\/\/elcanillita.info\/press\/images\/2020\/01\/cropped-cropped-cropped-elcanillitainfo.png","contentUrl":"https:\/\/elcanillita.info\/press\/images\/2020\/01\/cropped-cropped-cropped-elcanillitainfo.png","width":460,"height":50,"caption":"Guzzo Photos & Graphic Publications"},"image":{"@id":"https:\/\/elcanillita.info\/press\/#\/schema\/logo\/image\/"},"sameAs":["https:\/\/ar-ar.facebook.com\/ElCanillitainfo-114249515285712\/"]},{"@type":"Person","@id":"https:\/\/elcanillita.info\/press\/#\/schema\/person\/7fcb79f38045700919f7da6d97e71ba0","name":"SalaStampa.eu, world press service","image":{"@type":"ImageObject","inLanguage":"es-AR","@id":"https:\/\/secure.gravatar.com\/avatar\/c2f0e0d515a107624234994507816ca4724c7199cef73fc8bedebf6931d73888?s=96&d=mm&r=g","url":"https:\/\/secure.gravatar.com\/avatar\/c2f0e0d515a107624234994507816ca4724c7199cef73fc8bedebf6931d73888?s=96&d=mm&r=g","contentUrl":"https:\/\/secure.gravatar.com\/avatar\/c2f0e0d515a107624234994507816ca4724c7199cef73fc8bedebf6931d73888?s=96&d=mm&r=g","caption":"SalaStampa.eu, world press service"}}]}},"views":749,"_links":{"self":[{"href":"https:\/\/elcanillita.info\/press\/wp-json\/wp\/v2\/posts\/573","targetHints":{"allow":["GET"]}}],"collection":[{"href":"https:\/\/elcanillita.info\/press\/wp-json\/wp\/v2\/posts"}],"about":[{"href":"https:\/\/elcanillita.info\/press\/wp-json\/wp\/v2\/types\/post"}],"author":[{"embeddable":true,"href":"https:\/\/elcanillita.info\/press\/wp-json\/wp\/v2\/users\/1"}],"replies":[{"embeddable":true,"href":"https:\/\/elcanillita.info\/press\/wp-json\/wp\/v2\/comments?post=573"}],"version-history":[{"count":0,"href":"https:\/\/elcanillita.info\/press\/wp-json\/wp\/v2\/posts\/573\/revisions"}],"wp:attachment":[{"href":"https:\/\/elcanillita.info\/press\/wp-json\/wp\/v2\/media?parent=573"}],"wp:term":[{"taxonomy":"category","embeddable":true,"href":"https:\/\/elcanillita.info\/press\/wp-json\/wp\/v2\/categories?post=573"},{"taxonomy":"post_tag","embeddable":true,"href":"https:\/\/elcanillita.info\/press\/wp-json\/wp\/v2\/tags?post=573"}],"curies":[{"name":"wp","href":"https:\/\/api.w.org\/{rel}","templated":true}]}}