{"id":5729,"date":"2025-12-18T21:54:52","date_gmt":"2025-12-19T00:54:52","guid":{"rendered":"https:\/\/elcanillita.info\/press\/?p=5729"},"modified":"2025-12-19T13:02:07","modified_gmt":"2025-12-19T16:02:07","slug":"presupuesto","status":"publish","type":"post","link":"https:\/\/elcanillita.info\/press\/2025\/12\/18\/presupuesto\/","title":{"rendered":"Presupuesto 2026 y el R\u00e9gimen Penal Tributario"},"content":{"rendered":"\n<p>Argentina <\/p>\n\n\n\n<p class=\"p1\">El Senado entra este viernes en modo cinta transportadora. A las 9, R\u00e9gimen Penal Tributario; a las 10, Presupuesto 2026. Puntualidad suiza para una agenda que corre con apuro argentino: dictamen hoy, sesi\u00f3n el 26 de diciembre y ley antes de que se enfr\u00ede el pan dulce.<\/p>\n\n\n\n<p class=\"p1\">El oficialismo busca emitir dictamen sin tocar una coma del texto que lleg\u00f3 de Diputados. No por convicci\u00f3n, sino por cicatrices recientes: el intento de derogar las leyes de Universidades y Discapacidad naufrag\u00f3 y el famoso cap\u00edtulo 11 qued\u00f3 en el fondo del recinto. La aritm\u00e9tica mand\u00f3; la \u00e9pica, a la pausa.<\/p>\n\n\n\n<p class=\"p1\">En Casa Rosada hubo tentaci\u00f3n de revancha. Reintroducir lo ca\u00eddo \u2014CAMESA, zonas fr\u00edas, coparticipaci\u00f3n porte\u00f1a\u2014 son\u00f3 en los pasillos. Pero el c\u00e1lculo fue m\u00e1s fr\u00edo que el aire acondicionado del Senado: dictamen sin cambios, ley asegurada, y despu\u00e9s se ver\u00e1 c\u00f3mo se aplica lo que hoy no se financia.<\/p>\n\n\n\n<p class=\"p1\">As\u00ed, el Presupuesto avanzar\u00e1 con una paradoja conocida: aprobado por el Congreso, administrado por la discrecionalidad. La promesa es claridad; la pr\u00e1ctica, el \u201cluego definimos\u201d. Un cl\u00e1sico de fin de a\u00f1o con calendario apretado y margen pol\u00edtico estrecho.<\/p>\n\n\n\n<p class=\"p1\">En paralelo, la Ley de Glaciares vuelve al ring. Un plenario de comisiones dictamin\u00f3 su reforma, con fecha de debate para febrero. El discurso oficial habla de \u201cordenar el marco\u201d, \u201cfederalismo ambiental\u201d y \u201creglas claras\u201d. La traducci\u00f3n pol\u00edtica: menos interpretaci\u00f3n, m\u00e1s explotaci\u00f3n; menos veto t\u00e9cnico, m\u00e1s desarrollo.<\/p>\n\n\n\n<p class=\"p1\">El Gobierno asegura que se proteger\u00e1n los glaciares con funci\u00f3n h\u00eddrica efectiva y se fortalecer\u00e1n est\u00e1ndares ambientales. Tambi\u00e9n promete barrer la discrecionalidad \u201cideol\u00f3gica\u201d que \u2014dice\u2014 fren\u00f3 inversiones. El equilibrio entre hielo y negocio, otra vez, se juega en el reglamento.<\/p>\n\n\n\n<p class=\"p1\">A las 9, adem\u00e1s, se constituye Justicia y Asuntos Penales para dictaminar la reforma del R\u00e9gimen Penal Tributario bautizada \u201cInocencia Fiscal\u201d. El nombre es amable; el alcance, ambicioso: blanqueo de d\u00f3lares informales y bienes, con umbrales de punibilidad que saltan de 1,5 mill\u00f3n a 100 millones para evasi\u00f3n simple, y a 1.000 millones para la calificada.<\/p>\n\n\n\n<p class=\"p1\">El paquete se completa con un nuevo r\u00e9gimen de Ganancias para patrimonios de hasta 10.000 millones de pesos, blindando investigaciones sobre variaciones patrimoniales dentro de ese rango. La consigna es previsibilidad; la cr\u00edtica, indulgencia. En diciembre, el Senado decide si el cierre del a\u00f1o ser\u00e1 con cuentas claras o con fuegos artificiales contables.<\/p>\n\n\n\n<p><\/p>\n\n\n\n<p>&nbsp;\u270d\ufe0f \u00a9\ufe0f 2025 El Cu\u00f1ado Nacional &#8211; All Rights Reserved<\/p>\n\n\n\n<p><\/p>\n\n\n<hr style=\"\n    border: none;\n    height: 1px;\n    background: linear-gradient(to right, transparent, #ccc, transparent);\n    margin: 0;\n\" \/>\n<\/p>\n<p><small>\u00a9\ufe0f2025  Guzzo Photos  &#038; Graphic Publications \u2013 All Rights Reserved \u2013 Copyright \u00a9\ufe0f 2025 SalaStampa.eu, world press service \u2013 Guzzo Photos &#038; Graphic Publications \u2013 Registro Editori e Stampatori n. 1441 Turin, Italy<\/small><\/p>\n\n\n<p><\/p>\n","protected":false},"excerpt":{"rendered":"<p>Entre comisiones madrugadoras y dict\u00e1menes expr\u00e9s, el oficialismo acelera el tr\u00e1mite del Presupuesto 2026 y el R\u00e9gimen Penal Tributario, con la mira puesta en una sesi\u00f3n post-Navidad y un men\u00fa de reformas que mezcla pragmatismo fiscal, omisiones inc\u00f3modas y promesas de \u201corden\u201d con letra chica.<\/p>\n","protected":false},"author":14,"featured_media":0,"comment_status":"closed","ping_status":"","sticky":false,"template":"","format":"standard","meta":{"footnotes":"","_links_to":"","_links_to_target":""},"categories":[108,121,70,11,20,23],"tags":[29],"class_list":["post-5729","post","type-post","status-publish","format-standard","hentry","category-blogdiario","category-dc24","category-actualidad","category-america-del-sur","category-economia","category-politica","tag-argentina","entry","double"],"yoast_head":"<!-- This site is optimized with the Yoast SEO plugin v27.5 - https:\/\/yoast.com\/product\/yoast-seo-wordpress\/ -->\n<title>Presupuesto 2026 y el R\u00e9gimen Penal Tributario - ElCanillita.Info<\/title>\n<meta name=\"robots\" content=\"index, follow, max-snippet:-1, max-image-preview:large, max-video-preview:-1\" \/>\n<link rel=\"canonical\" href=\"https:\/\/elcanillita.info\/press\/2025\/12\/18\/presupuesto\/\" \/>\n<meta property=\"og:locale\" content=\"es_ES\" \/>\n<meta property=\"og:type\" content=\"article\" \/>\n<meta property=\"og:title\" content=\"Presupuesto 2026 y el R\u00e9gimen Penal Tributario - ElCanillita.Info\" \/>\n<meta property=\"og:description\" content=\"Entre comisiones madrugadoras y dict\u00e1menes expr\u00e9s, el oficialismo acelera el tr\u00e1mite del Presupuesto 2026 y el R\u00e9gimen Penal Tributario, con la mira puesta en una sesi\u00f3n post-Navidad y un men\u00fa de reformas que mezcla pragmatismo fiscal, omisiones inc\u00f3modas y promesas de \u201corden\u201d con letra chica.\" \/>\n<meta property=\"og:url\" content=\"https:\/\/elcanillita.info\/press\/2025\/12\/18\/presupuesto\/\" \/>\n<meta property=\"og:site_name\" content=\"ElCanillita.Info\" \/>\n<meta property=\"article:publisher\" content=\"https:\/\/ar-ar.facebook.com\/ElCanillitainfo-114249515285712\/\" \/>\n<meta property=\"article:published_time\" content=\"2025-12-19T00:54:52+00:00\" \/>\n<meta property=\"article:modified_time\" content=\"2025-12-19T16:02:07+00:00\" \/>\n<meta name=\"author\" content=\"ElCanillita.info Guzzo Photos &amp; Graphic Publications\" \/>\n<meta name=\"twitter:card\" content=\"summary_large_image\" \/>\n<meta name=\"twitter:label1\" content=\"Escrito por\" \/>\n\t<meta name=\"twitter:data1\" content=\"ElCanillita.info Guzzo Photos &amp; Graphic Publications\" \/>\n\t<meta name=\"twitter:label2\" content=\"Tiempo de lectura\" \/>\n\t<meta name=\"twitter:data2\" content=\"2 minutos\" \/>\n<script type=\"application\/ld+json\" class=\"yoast-schema-graph\">{\"@context\":\"https:\\\/\\\/schema.org\",\"@graph\":[{\"@type\":\"Article\",\"@id\":\"https:\\\/\\\/elcanillita.info\\\/press\\\/2025\\\/12\\\/18\\\/presupuesto\\\/#article\",\"isPartOf\":{\"@id\":\"https:\\\/\\\/elcanillita.info\\\/press\\\/2025\\\/12\\\/18\\\/presupuesto\\\/\"},\"author\":{\"name\":\"ElCanillita.info Guzzo Photos &amp; Graphic Publications\",\"@id\":\"https:\\\/\\\/elcanillita.info\\\/press\\\/#\\\/schema\\\/person\\\/e37a550cff8f5f3407ed112e4cc619cb\"},\"headline\":\"Presupuesto 2026 y el R\u00e9gimen Penal Tributario\",\"datePublished\":\"2025-12-19T00:54:52+00:00\",\"dateModified\":\"2025-12-19T16:02:07+00:00\",\"mainEntityOfPage\":{\"@id\":\"https:\\\/\\\/elcanillita.info\\\/press\\\/2025\\\/12\\\/18\\\/presupuesto\\\/\"},\"wordCount\":455,\"publisher\":{\"@id\":\"https:\\\/\\\/elcanillita.info\\\/press\\\/#organization\"},\"keywords\":[\"Argentina\"],\"articleSection\":[\".\",\".\",\"Actualidad\",\"Am\u00e9rica del Sur\",\"Economia\",\"Politica\"],\"inLanguage\":\"es-AR\"},{\"@type\":\"WebPage\",\"@id\":\"https:\\\/\\\/elcanillita.info\\\/press\\\/2025\\\/12\\\/18\\\/presupuesto\\\/\",\"url\":\"https:\\\/\\\/elcanillita.info\\\/press\\\/2025\\\/12\\\/18\\\/presupuesto\\\/\",\"name\":\"Presupuesto 2026 y el R\u00e9gimen Penal Tributario - ElCanillita.Info\",\"isPartOf\":{\"@id\":\"https:\\\/\\\/elcanillita.info\\\/press\\\/#website\"},\"datePublished\":\"2025-12-19T00:54:52+00:00\",\"dateModified\":\"2025-12-19T16:02:07+00:00\",\"inLanguage\":\"es-AR\",\"potentialAction\":[{\"@type\":\"ReadAction\",\"target\":[\"https:\\\/\\\/elcanillita.info\\\/press\\\/2025\\\/12\\\/18\\\/presupuesto\\\/\"]}]},{\"@type\":\"WebSite\",\"@id\":\"https:\\\/\\\/elcanillita.info\\\/press\\\/#website\",\"url\":\"https:\\\/\\\/elcanillita.info\\\/press\\\/\",\"name\":\"ElCanillita.Info\",\"description\":\"desde los Apeninos a los Andes\",\"publisher\":{\"@id\":\"https:\\\/\\\/elcanillita.info\\\/press\\\/#organization\"},\"potentialAction\":[{\"@type\":\"SearchAction\",\"target\":{\"@type\":\"EntryPoint\",\"urlTemplate\":\"https:\\\/\\\/elcanillita.info\\\/press\\\/?s={search_term_string}\"},\"query-input\":{\"@type\":\"PropertyValueSpecification\",\"valueRequired\":true,\"valueName\":\"search_term_string\"}}],\"inLanguage\":\"es-AR\"},{\"@type\":\"Organization\",\"@id\":\"https:\\\/\\\/elcanillita.info\\\/press\\\/#organization\",\"name\":\"Guzzo Photos & Graphic Publications\",\"url\":\"https:\\\/\\\/elcanillita.info\\\/press\\\/\",\"logo\":{\"@type\":\"ImageObject\",\"inLanguage\":\"es-AR\",\"@id\":\"https:\\\/\\\/elcanillita.info\\\/press\\\/#\\\/schema\\\/logo\\\/image\\\/\",\"url\":\"https:\\\/\\\/elcanillita.info\\\/press\\\/images\\\/2020\\\/01\\\/cropped-cropped-cropped-elcanillitainfo.png\",\"contentUrl\":\"https:\\\/\\\/elcanillita.info\\\/press\\\/images\\\/2020\\\/01\\\/cropped-cropped-cropped-elcanillitainfo.png\",\"width\":460,\"height\":50,\"caption\":\"Guzzo Photos & Graphic Publications\"},\"image\":{\"@id\":\"https:\\\/\\\/elcanillita.info\\\/press\\\/#\\\/schema\\\/logo\\\/image\\\/\"},\"sameAs\":[\"https:\\\/\\\/ar-ar.facebook.com\\\/ElCanillitainfo-114249515285712\\\/\"]},{\"@type\":\"Person\",\"@id\":\"https:\\\/\\\/elcanillita.info\\\/press\\\/#\\\/schema\\\/person\\\/e37a550cff8f5f3407ed112e4cc619cb\",\"name\":\"ElCanillita.info Guzzo Photos &amp; Graphic Publications\",\"image\":{\"@type\":\"ImageObject\",\"inLanguage\":\"es-AR\",\"@id\":\"https:\\\/\\\/secure.gravatar.com\\\/avatar\\\/8914fbe0ef09248907e331ab93dfa89c7f76decf6b51cd1b2f8444e6260db772?s=96&d=mm&r=g\",\"url\":\"https:\\\/\\\/secure.gravatar.com\\\/avatar\\\/8914fbe0ef09248907e331ab93dfa89c7f76decf6b51cd1b2f8444e6260db772?s=96&d=mm&r=g\",\"contentUrl\":\"https:\\\/\\\/secure.gravatar.com\\\/avatar\\\/8914fbe0ef09248907e331ab93dfa89c7f76decf6b51cd1b2f8444e6260db772?s=96&d=mm&r=g\",\"caption\":\"ElCanillita.info Guzzo Photos &amp; Graphic Publications\"},\"sameAs\":[\"http:\\\/\\\/guzzophotos.com\"]}]}<\/script>\n<!-- \/ Yoast SEO plugin. -->","yoast_head_json":{"title":"Presupuesto 2026 y el R\u00e9gimen Penal Tributario - ElCanillita.Info","robots":{"index":"index","follow":"follow","max-snippet":"max-snippet:-1","max-image-preview":"max-image-preview:large","max-video-preview":"max-video-preview:-1"},"canonical":"https:\/\/elcanillita.info\/press\/2025\/12\/18\/presupuesto\/","og_locale":"es_ES","og_type":"article","og_title":"Presupuesto 2026 y el R\u00e9gimen Penal Tributario - ElCanillita.Info","og_description":"Entre comisiones madrugadoras y dict\u00e1menes expr\u00e9s, el oficialismo acelera el tr\u00e1mite del Presupuesto 2026 y el R\u00e9gimen Penal Tributario, con la mira puesta en una sesi\u00f3n post-Navidad y un men\u00fa de reformas que mezcla pragmatismo fiscal, omisiones inc\u00f3modas y promesas de \u201corden\u201d con letra chica.","og_url":"https:\/\/elcanillita.info\/press\/2025\/12\/18\/presupuesto\/","og_site_name":"ElCanillita.Info","article_publisher":"https:\/\/ar-ar.facebook.com\/ElCanillitainfo-114249515285712\/","article_published_time":"2025-12-19T00:54:52+00:00","article_modified_time":"2025-12-19T16:02:07+00:00","author":"ElCanillita.info Guzzo Photos &amp; Graphic Publications","twitter_card":"summary_large_image","twitter_misc":{"Escrito por":"ElCanillita.info Guzzo Photos &amp; Graphic Publications","Tiempo de lectura":"2 minutos"},"schema":{"@context":"https:\/\/schema.org","@graph":[{"@type":"Article","@id":"https:\/\/elcanillita.info\/press\/2025\/12\/18\/presupuesto\/#article","isPartOf":{"@id":"https:\/\/elcanillita.info\/press\/2025\/12\/18\/presupuesto\/"},"author":{"name":"ElCanillita.info Guzzo Photos &amp; Graphic Publications","@id":"https:\/\/elcanillita.info\/press\/#\/schema\/person\/e37a550cff8f5f3407ed112e4cc619cb"},"headline":"Presupuesto 2026 y el R\u00e9gimen Penal Tributario","datePublished":"2025-12-19T00:54:52+00:00","dateModified":"2025-12-19T16:02:07+00:00","mainEntityOfPage":{"@id":"https:\/\/elcanillita.info\/press\/2025\/12\/18\/presupuesto\/"},"wordCount":455,"publisher":{"@id":"https:\/\/elcanillita.info\/press\/#organization"},"keywords":["Argentina"],"articleSection":[".",".","Actualidad","Am\u00e9rica del Sur","Economia","Politica"],"inLanguage":"es-AR"},{"@type":"WebPage","@id":"https:\/\/elcanillita.info\/press\/2025\/12\/18\/presupuesto\/","url":"https:\/\/elcanillita.info\/press\/2025\/12\/18\/presupuesto\/","name":"Presupuesto 2026 y el R\u00e9gimen Penal Tributario - ElCanillita.Info","isPartOf":{"@id":"https:\/\/elcanillita.info\/press\/#website"},"datePublished":"2025-12-19T00:54:52+00:00","dateModified":"2025-12-19T16:02:07+00:00","inLanguage":"es-AR","potentialAction":[{"@type":"ReadAction","target":["https:\/\/elcanillita.info\/press\/2025\/12\/18\/presupuesto\/"]}]},{"@type":"WebSite","@id":"https:\/\/elcanillita.info\/press\/#website","url":"https:\/\/elcanillita.info\/press\/","name":"ElCanillita.Info","description":"desde los Apeninos a los Andes","publisher":{"@id":"https:\/\/elcanillita.info\/press\/#organization"},"potentialAction":[{"@type":"SearchAction","target":{"@type":"EntryPoint","urlTemplate":"https:\/\/elcanillita.info\/press\/?s={search_term_string}"},"query-input":{"@type":"PropertyValueSpecification","valueRequired":true,"valueName":"search_term_string"}}],"inLanguage":"es-AR"},{"@type":"Organization","@id":"https:\/\/elcanillita.info\/press\/#organization","name":"Guzzo Photos & Graphic Publications","url":"https:\/\/elcanillita.info\/press\/","logo":{"@type":"ImageObject","inLanguage":"es-AR","@id":"https:\/\/elcanillita.info\/press\/#\/schema\/logo\/image\/","url":"https:\/\/elcanillita.info\/press\/images\/2020\/01\/cropped-cropped-cropped-elcanillitainfo.png","contentUrl":"https:\/\/elcanillita.info\/press\/images\/2020\/01\/cropped-cropped-cropped-elcanillitainfo.png","width":460,"height":50,"caption":"Guzzo Photos & Graphic Publications"},"image":{"@id":"https:\/\/elcanillita.info\/press\/#\/schema\/logo\/image\/"},"sameAs":["https:\/\/ar-ar.facebook.com\/ElCanillitainfo-114249515285712\/"]},{"@type":"Person","@id":"https:\/\/elcanillita.info\/press\/#\/schema\/person\/e37a550cff8f5f3407ed112e4cc619cb","name":"ElCanillita.info Guzzo Photos &amp; Graphic Publications","image":{"@type":"ImageObject","inLanguage":"es-AR","@id":"https:\/\/secure.gravatar.com\/avatar\/8914fbe0ef09248907e331ab93dfa89c7f76decf6b51cd1b2f8444e6260db772?s=96&d=mm&r=g","url":"https:\/\/secure.gravatar.com\/avatar\/8914fbe0ef09248907e331ab93dfa89c7f76decf6b51cd1b2f8444e6260db772?s=96&d=mm&r=g","contentUrl":"https:\/\/secure.gravatar.com\/avatar\/8914fbe0ef09248907e331ab93dfa89c7f76decf6b51cd1b2f8444e6260db772?s=96&d=mm&r=g","caption":"ElCanillita.info Guzzo Photos &amp; Graphic Publications"},"sameAs":["http:\/\/guzzophotos.com"]}]}},"views":135,"_links":{"self":[{"href":"https:\/\/elcanillita.info\/press\/wp-json\/wp\/v2\/posts\/5729","targetHints":{"allow":["GET"]}}],"collection":[{"href":"https:\/\/elcanillita.info\/press\/wp-json\/wp\/v2\/posts"}],"about":[{"href":"https:\/\/elcanillita.info\/press\/wp-json\/wp\/v2\/types\/post"}],"author":[{"embeddable":true,"href":"https:\/\/elcanillita.info\/press\/wp-json\/wp\/v2\/users\/14"}],"replies":[{"embeddable":true,"href":"https:\/\/elcanillita.info\/press\/wp-json\/wp\/v2\/comments?post=5729"}],"version-history":[{"count":0,"href":"https:\/\/elcanillita.info\/press\/wp-json\/wp\/v2\/posts\/5729\/revisions"}],"wp:attachment":[{"href":"https:\/\/elcanillita.info\/press\/wp-json\/wp\/v2\/media?parent=5729"}],"wp:term":[{"taxonomy":"category","embeddable":true,"href":"https:\/\/elcanillita.info\/press\/wp-json\/wp\/v2\/categories?post=5729"},{"taxonomy":"post_tag","embeddable":true,"href":"https:\/\/elcanillita.info\/press\/wp-json\/wp\/v2\/tags?post=5729"}],"curies":[{"name":"wp","href":"https:\/\/api.w.org\/{rel}","templated":true}]}}