{"id":5726,"date":"2025-12-18T07:45:37","date_gmt":"2025-12-18T10:45:37","guid":{"rendered":"https:\/\/elcanillita.info\/press\/?p=5726"},"modified":"2025-12-18T08:51:56","modified_gmt":"2025-12-18T11:51:56","slug":"bandas-cambiarias","status":"publish","type":"post","link":"https:\/\/elcanillita.info\/press\/2025\/12\/18\/bandas-cambiarias\/","title":{"rendered":"&#8220;Caput cinere conspersum&#8221;"},"content":{"rendered":"\n<figure class=\"wp-block-image size-large\"><img loading=\"lazy\" decoding=\"async\" width=\"600\" height=\"401\" src=\"https:\/\/elcanillita.info\/press\/images\/2025\/12\/img_1155.jpg\" alt=\"\" class=\"wp-image-5728\" srcset=\"https:\/\/elcanillita.info\/press\/images\/2025\/12\/img_1155.jpg 600w, https:\/\/elcanillita.info\/press\/images\/2025\/12\/img_1155-300x201.jpg 300w\" sizes=\"auto, (max-width: 600px) 100vw, 600px\" \/><\/figure>\n\n\n\n<p>Argentina<\/p>\n\n\n\n<p>Caputo celebra la \u201ccredibilidad\u201d de las bandas cambiarias y promete d\u00f3lares para 2026. Traducci\u00f3n al castellano llano: resistir, pagar, esperar\u2026 y confiar.<\/p>\n\n\n\n<p>El ministro de Econom\u00eda, Luis Caputo, sali\u00f3 a defender el esquema de bandas cambiarias con una frase de manual optimista: \u201cganaron credibilidad\u201d. Lo dijo despu\u00e9s de atravesar la tormenta financiera previa a las elecciones y lo present\u00f3 como una prueba de resistencia del plan. En criollo: el d\u00f3lar no explot\u00f3 y eso, para el Gobierno, ya es una victoria.<\/p>\n\n\n\n<p>En el streaming oficialista <em>Las tres anclas<\/em>, Caputo explic\u00f3 el programa como si fuera una coreograf\u00eda bien ensayada. Habl\u00f3 de secuencias, recalibraciones y \u00f3rdenes correctos. La idea central fue simple: no hab\u00eda margen para acumular d\u00f3lares porque primero hubo que pagar lo que otros dejaron vencido.<\/p>\n\n\n\n<p>Ah\u00ed apareci\u00f3 la distinci\u00f3n t\u00e9cnica que el ministro quiso subrayar: comprar d\u00f3lares no es lo mismo que acumular reservas. Seg\u00fan su relato, el Estado compr\u00f3 divisas, s\u00ed, pero tres de cada cuatro se fueron directo a pagar deudas. No era ahorro, era supervivencia.<\/p>\n\n\n\n<p>Caputo incluso puso n\u00fameros para darle peso al argumento: por cada d\u00f3lar comprado, el 75% se us\u00f3 para cumplir compromisos. Y remat\u00f3 con un dato de impacto: la deuda p\u00fablica se habr\u00eda reducido en unos 50.000 millones de d\u00f3lares durante la gesti\u00f3n Milei. Ajuste, motosierra y pagos al contado como carta de presentaci\u00f3n.<\/p>\n\n\n\n<p>El ministro sostuvo que las elecciones fueron el punto de quiebre. Antes, dijo, el mercado jugaba a una sola ficha: el d\u00f3lar. Salir antes del esquema de bandas, advirti\u00f3, habr\u00eda disparado el tipo de cambio a $3.000. El miedo funcion\u00f3 como ancla y la banda aguant\u00f3.<\/p>\n\n\n\n<p>La \u201cnueva etapa\u201d empieza ahora, seg\u00fan Caputo, porque vuelve el financiamiento. Traducido: ya no todo d\u00f3lar que entra se va por la canaleta de los vencimientos. \u201cVamos a poder acumular el d\u00f3lar entero\u201d, prometi\u00f3, como si se tratara de juntar monedas despu\u00e9s de meses pagando fiado.<\/p>\n\n\n\n<p>En ese nuevo esquema, el Tesoro dejar\u00e1 de comprar d\u00f3lares para pagar deudas y esa tarea pasar\u00e1 al Banco Central. No es magia, es calendario. Caputo lo resumi\u00f3 con una frase escolar: \u201cel orden de los factores altera el producto\u201d. Primero pagar, despu\u00e9s juntar.<\/p>\n\n\n\n<p>Sobre el ajuste de las bandas, el ministro neg\u00f3 una devaluaci\u00f3n encubierta. Dijo que el d\u00f3lar no cambi\u00f3, que lo \u00fanico que cambi\u00f3 fue el ritmo de actualizaci\u00f3n. Antes era fijo; ahora sigue a la inflaci\u00f3n. M\u00e1s flexible, m\u00e1s discrecional, m\u00e1s dependiente de que el ancla fiscal no se mueva.<\/p>\n\n\n\n<p>El cierre fue de manual: con disciplina fiscal, la inflaci\u00f3n bajar\u00e1 y el ajuste del d\u00f3lar ser\u00e1 cada vez menor. El plan, seg\u00fan Caputo, est\u00e1 funcionando. La pregunta que queda flotando no es t\u00e9cnica sino pol\u00edtica: \u00bfcu\u00e1nta credibilidad alcanza cuando la paciencia social sigue pagando en cuotas?<\/p>\n\n\n\n<p><\/p>\n\n\n\n<p>&nbsp;\u270d\ufe0f \u00a9 2025 Don Enchufe -All Rights Reserved&nbsp;<\/p>\n\n\n\n<p><\/p>\n\n\n<hr style=\"\n    border: none;\n    height: 1px;\n    background: linear-gradient(to right, transparent, #ccc, transparent);\n    margin: 0;\n\" \/>\n<\/p>\n<p><small>\u00a9\ufe0f2025  Guzzo Photos  &#038; Graphic Publications \u2013 All Rights Reserved \u2013 Copyright \u00a9\ufe0f 2025 SalaStampa.eu, world press service \u2013 Guzzo Photos &#038; Graphic Publications \u2013 Registro Editori e Stampatori n. 1441 Turin, Italy<\/small><\/p>\n\n\n<p><\/p>\n","protected":false},"excerpt":{"rendered":"<p>Cuando el ministro habla de credibilidad, no es arrepentimiento, es liturgia econ\u00f3mica: se reconoce el sacrificio, se bendice el ajuste y se promete salvaci\u00f3n m\u00e1s adelante. Am\u00e9n\u2026 y a esperar el pr\u00f3ximo dato.<\/p>\n","protected":false},"author":1,"featured_media":5728,"comment_status":"closed","ping_status":"closed","sticky":false,"template":"","format":"standard","meta":{"footnotes":"","_links_to":"","_links_to_target":""},"categories":[121,108,70,11,20,23,25],"tags":[29],"class_list":["post-5726","post","type-post","status-publish","format-standard","has-post-thumbnail","hentry","category-dc24","category-blogdiario","category-actualidad","category-america-del-sur","category-economia","category-politica","category-sociedad","tag-argentina","entry","double"],"yoast_head":"<!-- This site is optimized with the Yoast SEO plugin v27.5 - https:\/\/yoast.com\/product\/yoast-seo-wordpress\/ -->\n<title>&quot;Caput cinere conspersum&quot; - ElCanillita.Info<\/title>\n<meta name=\"robots\" content=\"index, follow, max-snippet:-1, max-image-preview:large, max-video-preview:-1\" \/>\n<link rel=\"canonical\" href=\"https:\/\/elcanillita.info\/press\/2025\/12\/18\/bandas-cambiarias\/\" \/>\n<meta property=\"og:locale\" content=\"es_ES\" \/>\n<meta property=\"og:type\" content=\"article\" \/>\n<meta property=\"og:title\" content=\"&quot;Caput cinere conspersum&quot; - ElCanillita.Info\" \/>\n<meta property=\"og:description\" content=\"Cuando el ministro habla de credibilidad, no es arrepentimiento, es liturgia econ\u00f3mica: se reconoce el sacrificio, se bendice el ajuste y se promete salvaci\u00f3n m\u00e1s adelante. Am\u00e9n\u2026 y a esperar el pr\u00f3ximo dato.\" \/>\n<meta property=\"og:url\" content=\"https:\/\/elcanillita.info\/press\/2025\/12\/18\/bandas-cambiarias\/\" \/>\n<meta property=\"og:site_name\" content=\"ElCanillita.Info\" \/>\n<meta property=\"article:publisher\" content=\"https:\/\/ar-ar.facebook.com\/ElCanillitainfo-114249515285712\/\" \/>\n<meta property=\"article:published_time\" content=\"2025-12-18T10:45:37+00:00\" \/>\n<meta property=\"article:modified_time\" content=\"2025-12-18T11:51:56+00:00\" \/>\n<meta property=\"og:image\" content=\"https:\/\/elcanillita.info\/press\/images\/2025\/12\/img_1155.jpg\" \/>\n\t<meta property=\"og:image:width\" content=\"600\" \/>\n\t<meta property=\"og:image:height\" content=\"401\" \/>\n\t<meta property=\"og:image:type\" content=\"image\/jpeg\" \/>\n<meta name=\"author\" content=\"SalaStampa.eu, world press service\" \/>\n<meta name=\"twitter:card\" content=\"summary_large_image\" \/>\n<meta name=\"twitter:label1\" content=\"Escrito por\" \/>\n\t<meta name=\"twitter:data1\" content=\"SalaStampa.eu, world press service\" \/>\n\t<meta name=\"twitter:label2\" content=\"Tiempo de lectura\" \/>\n\t<meta name=\"twitter:data2\" content=\"3 minutos\" \/>\n<script type=\"application\/ld+json\" class=\"yoast-schema-graph\">{\"@context\":\"https:\\\/\\\/schema.org\",\"@graph\":[{\"@type\":\"Article\",\"@id\":\"https:\\\/\\\/elcanillita.info\\\/press\\\/2025\\\/12\\\/18\\\/bandas-cambiarias\\\/#article\",\"isPartOf\":{\"@id\":\"https:\\\/\\\/elcanillita.info\\\/press\\\/2025\\\/12\\\/18\\\/bandas-cambiarias\\\/\"},\"author\":{\"name\":\"SalaStampa.eu, world press service\",\"@id\":\"https:\\\/\\\/elcanillita.info\\\/press\\\/#\\\/schema\\\/person\\\/7fcb79f38045700919f7da6d97e71ba0\"},\"headline\":\"&#8220;Caput cinere conspersum&#8221;\",\"datePublished\":\"2025-12-18T10:45:37+00:00\",\"dateModified\":\"2025-12-18T11:51:56+00:00\",\"mainEntityOfPage\":{\"@id\":\"https:\\\/\\\/elcanillita.info\\\/press\\\/2025\\\/12\\\/18\\\/bandas-cambiarias\\\/\"},\"wordCount\":527,\"publisher\":{\"@id\":\"https:\\\/\\\/elcanillita.info\\\/press\\\/#organization\"},\"image\":{\"@id\":\"https:\\\/\\\/elcanillita.info\\\/press\\\/2025\\\/12\\\/18\\\/bandas-cambiarias\\\/#primaryimage\"},\"thumbnailUrl\":\"https:\\\/\\\/elcanillita.info\\\/press\\\/images\\\/2025\\\/12\\\/img_1155.jpg\",\"keywords\":[\"Argentina\"],\"articleSection\":[\".\",\".\",\"Actualidad\",\"Am\u00e9rica del Sur\",\"Economia\",\"Politica\",\"Sociedad\"],\"inLanguage\":\"es-AR\"},{\"@type\":\"WebPage\",\"@id\":\"https:\\\/\\\/elcanillita.info\\\/press\\\/2025\\\/12\\\/18\\\/bandas-cambiarias\\\/\",\"url\":\"https:\\\/\\\/elcanillita.info\\\/press\\\/2025\\\/12\\\/18\\\/bandas-cambiarias\\\/\",\"name\":\"\\\"Caput cinere conspersum\\\" - ElCanillita.Info\",\"isPartOf\":{\"@id\":\"https:\\\/\\\/elcanillita.info\\\/press\\\/#website\"},\"primaryImageOfPage\":{\"@id\":\"https:\\\/\\\/elcanillita.info\\\/press\\\/2025\\\/12\\\/18\\\/bandas-cambiarias\\\/#primaryimage\"},\"image\":{\"@id\":\"https:\\\/\\\/elcanillita.info\\\/press\\\/2025\\\/12\\\/18\\\/bandas-cambiarias\\\/#primaryimage\"},\"thumbnailUrl\":\"https:\\\/\\\/elcanillita.info\\\/press\\\/images\\\/2025\\\/12\\\/img_1155.jpg\",\"datePublished\":\"2025-12-18T10:45:37+00:00\",\"dateModified\":\"2025-12-18T11:51:56+00:00\",\"inLanguage\":\"es-AR\",\"potentialAction\":[{\"@type\":\"ReadAction\",\"target\":[\"https:\\\/\\\/elcanillita.info\\\/press\\\/2025\\\/12\\\/18\\\/bandas-cambiarias\\\/\"]}]},{\"@type\":\"ImageObject\",\"inLanguage\":\"es-AR\",\"@id\":\"https:\\\/\\\/elcanillita.info\\\/press\\\/2025\\\/12\\\/18\\\/bandas-cambiarias\\\/#primaryimage\",\"url\":\"https:\\\/\\\/elcanillita.info\\\/press\\\/images\\\/2025\\\/12\\\/img_1155.jpg\",\"contentUrl\":\"https:\\\/\\\/elcanillita.info\\\/press\\\/images\\\/2025\\\/12\\\/img_1155.jpg\",\"width\":600,\"height\":401},{\"@type\":\"WebSite\",\"@id\":\"https:\\\/\\\/elcanillita.info\\\/press\\\/#website\",\"url\":\"https:\\\/\\\/elcanillita.info\\\/press\\\/\",\"name\":\"ElCanillita.Info\",\"description\":\"desde los Apeninos a los Andes\",\"publisher\":{\"@id\":\"https:\\\/\\\/elcanillita.info\\\/press\\\/#organization\"},\"potentialAction\":[{\"@type\":\"SearchAction\",\"target\":{\"@type\":\"EntryPoint\",\"urlTemplate\":\"https:\\\/\\\/elcanillita.info\\\/press\\\/?s={search_term_string}\"},\"query-input\":{\"@type\":\"PropertyValueSpecification\",\"valueRequired\":true,\"valueName\":\"search_term_string\"}}],\"inLanguage\":\"es-AR\"},{\"@type\":\"Organization\",\"@id\":\"https:\\\/\\\/elcanillita.info\\\/press\\\/#organization\",\"name\":\"Guzzo Photos & Graphic Publications\",\"url\":\"https:\\\/\\\/elcanillita.info\\\/press\\\/\",\"logo\":{\"@type\":\"ImageObject\",\"inLanguage\":\"es-AR\",\"@id\":\"https:\\\/\\\/elcanillita.info\\\/press\\\/#\\\/schema\\\/logo\\\/image\\\/\",\"url\":\"https:\\\/\\\/elcanillita.info\\\/press\\\/images\\\/2020\\\/01\\\/cropped-cropped-cropped-elcanillitainfo.png\",\"contentUrl\":\"https:\\\/\\\/elcanillita.info\\\/press\\\/images\\\/2020\\\/01\\\/cropped-cropped-cropped-elcanillitainfo.png\",\"width\":460,\"height\":50,\"caption\":\"Guzzo Photos & Graphic Publications\"},\"image\":{\"@id\":\"https:\\\/\\\/elcanillita.info\\\/press\\\/#\\\/schema\\\/logo\\\/image\\\/\"},\"sameAs\":[\"https:\\\/\\\/ar-ar.facebook.com\\\/ElCanillitainfo-114249515285712\\\/\"]},{\"@type\":\"Person\",\"@id\":\"https:\\\/\\\/elcanillita.info\\\/press\\\/#\\\/schema\\\/person\\\/7fcb79f38045700919f7da6d97e71ba0\",\"name\":\"SalaStampa.eu, world press service\",\"image\":{\"@type\":\"ImageObject\",\"inLanguage\":\"es-AR\",\"@id\":\"https:\\\/\\\/secure.gravatar.com\\\/avatar\\\/c2f0e0d515a107624234994507816ca4724c7199cef73fc8bedebf6931d73888?s=96&d=mm&r=g\",\"url\":\"https:\\\/\\\/secure.gravatar.com\\\/avatar\\\/c2f0e0d515a107624234994507816ca4724c7199cef73fc8bedebf6931d73888?s=96&d=mm&r=g\",\"contentUrl\":\"https:\\\/\\\/secure.gravatar.com\\\/avatar\\\/c2f0e0d515a107624234994507816ca4724c7199cef73fc8bedebf6931d73888?s=96&d=mm&r=g\",\"caption\":\"SalaStampa.eu, world press service\"}}]}<\/script>\n<!-- \/ Yoast SEO plugin. -->","yoast_head_json":{"title":"\"Caput cinere conspersum\" - ElCanillita.Info","robots":{"index":"index","follow":"follow","max-snippet":"max-snippet:-1","max-image-preview":"max-image-preview:large","max-video-preview":"max-video-preview:-1"},"canonical":"https:\/\/elcanillita.info\/press\/2025\/12\/18\/bandas-cambiarias\/","og_locale":"es_ES","og_type":"article","og_title":"\"Caput cinere conspersum\" - ElCanillita.Info","og_description":"Cuando el ministro habla de credibilidad, no es arrepentimiento, es liturgia econ\u00f3mica: se reconoce el sacrificio, se bendice el ajuste y se promete salvaci\u00f3n m\u00e1s adelante. Am\u00e9n\u2026 y a esperar el pr\u00f3ximo dato.","og_url":"https:\/\/elcanillita.info\/press\/2025\/12\/18\/bandas-cambiarias\/","og_site_name":"ElCanillita.Info","article_publisher":"https:\/\/ar-ar.facebook.com\/ElCanillitainfo-114249515285712\/","article_published_time":"2025-12-18T10:45:37+00:00","article_modified_time":"2025-12-18T11:51:56+00:00","og_image":[{"width":600,"height":401,"url":"https:\/\/elcanillita.info\/press\/images\/2025\/12\/img_1155.jpg","type":"image\/jpeg"}],"author":"SalaStampa.eu, world press service","twitter_card":"summary_large_image","twitter_misc":{"Escrito por":"SalaStampa.eu, world press service","Tiempo de lectura":"3 minutos"},"schema":{"@context":"https:\/\/schema.org","@graph":[{"@type":"Article","@id":"https:\/\/elcanillita.info\/press\/2025\/12\/18\/bandas-cambiarias\/#article","isPartOf":{"@id":"https:\/\/elcanillita.info\/press\/2025\/12\/18\/bandas-cambiarias\/"},"author":{"name":"SalaStampa.eu, world press service","@id":"https:\/\/elcanillita.info\/press\/#\/schema\/person\/7fcb79f38045700919f7da6d97e71ba0"},"headline":"&#8220;Caput cinere conspersum&#8221;","datePublished":"2025-12-18T10:45:37+00:00","dateModified":"2025-12-18T11:51:56+00:00","mainEntityOfPage":{"@id":"https:\/\/elcanillita.info\/press\/2025\/12\/18\/bandas-cambiarias\/"},"wordCount":527,"publisher":{"@id":"https:\/\/elcanillita.info\/press\/#organization"},"image":{"@id":"https:\/\/elcanillita.info\/press\/2025\/12\/18\/bandas-cambiarias\/#primaryimage"},"thumbnailUrl":"https:\/\/elcanillita.info\/press\/images\/2025\/12\/img_1155.jpg","keywords":["Argentina"],"articleSection":[".",".","Actualidad","Am\u00e9rica del Sur","Economia","Politica","Sociedad"],"inLanguage":"es-AR"},{"@type":"WebPage","@id":"https:\/\/elcanillita.info\/press\/2025\/12\/18\/bandas-cambiarias\/","url":"https:\/\/elcanillita.info\/press\/2025\/12\/18\/bandas-cambiarias\/","name":"\"Caput cinere conspersum\" - ElCanillita.Info","isPartOf":{"@id":"https:\/\/elcanillita.info\/press\/#website"},"primaryImageOfPage":{"@id":"https:\/\/elcanillita.info\/press\/2025\/12\/18\/bandas-cambiarias\/#primaryimage"},"image":{"@id":"https:\/\/elcanillita.info\/press\/2025\/12\/18\/bandas-cambiarias\/#primaryimage"},"thumbnailUrl":"https:\/\/elcanillita.info\/press\/images\/2025\/12\/img_1155.jpg","datePublished":"2025-12-18T10:45:37+00:00","dateModified":"2025-12-18T11:51:56+00:00","inLanguage":"es-AR","potentialAction":[{"@type":"ReadAction","target":["https:\/\/elcanillita.info\/press\/2025\/12\/18\/bandas-cambiarias\/"]}]},{"@type":"ImageObject","inLanguage":"es-AR","@id":"https:\/\/elcanillita.info\/press\/2025\/12\/18\/bandas-cambiarias\/#primaryimage","url":"https:\/\/elcanillita.info\/press\/images\/2025\/12\/img_1155.jpg","contentUrl":"https:\/\/elcanillita.info\/press\/images\/2025\/12\/img_1155.jpg","width":600,"height":401},{"@type":"WebSite","@id":"https:\/\/elcanillita.info\/press\/#website","url":"https:\/\/elcanillita.info\/press\/","name":"ElCanillita.Info","description":"desde los Apeninos a los Andes","publisher":{"@id":"https:\/\/elcanillita.info\/press\/#organization"},"potentialAction":[{"@type":"SearchAction","target":{"@type":"EntryPoint","urlTemplate":"https:\/\/elcanillita.info\/press\/?s={search_term_string}"},"query-input":{"@type":"PropertyValueSpecification","valueRequired":true,"valueName":"search_term_string"}}],"inLanguage":"es-AR"},{"@type":"Organization","@id":"https:\/\/elcanillita.info\/press\/#organization","name":"Guzzo Photos & Graphic Publications","url":"https:\/\/elcanillita.info\/press\/","logo":{"@type":"ImageObject","inLanguage":"es-AR","@id":"https:\/\/elcanillita.info\/press\/#\/schema\/logo\/image\/","url":"https:\/\/elcanillita.info\/press\/images\/2020\/01\/cropped-cropped-cropped-elcanillitainfo.png","contentUrl":"https:\/\/elcanillita.info\/press\/images\/2020\/01\/cropped-cropped-cropped-elcanillitainfo.png","width":460,"height":50,"caption":"Guzzo Photos & Graphic Publications"},"image":{"@id":"https:\/\/elcanillita.info\/press\/#\/schema\/logo\/image\/"},"sameAs":["https:\/\/ar-ar.facebook.com\/ElCanillitainfo-114249515285712\/"]},{"@type":"Person","@id":"https:\/\/elcanillita.info\/press\/#\/schema\/person\/7fcb79f38045700919f7da6d97e71ba0","name":"SalaStampa.eu, world press service","image":{"@type":"ImageObject","inLanguage":"es-AR","@id":"https:\/\/secure.gravatar.com\/avatar\/c2f0e0d515a107624234994507816ca4724c7199cef73fc8bedebf6931d73888?s=96&d=mm&r=g","url":"https:\/\/secure.gravatar.com\/avatar\/c2f0e0d515a107624234994507816ca4724c7199cef73fc8bedebf6931d73888?s=96&d=mm&r=g","contentUrl":"https:\/\/secure.gravatar.com\/avatar\/c2f0e0d515a107624234994507816ca4724c7199cef73fc8bedebf6931d73888?s=96&d=mm&r=g","caption":"SalaStampa.eu, world press service"}}]}},"views":145,"_links":{"self":[{"href":"https:\/\/elcanillita.info\/press\/wp-json\/wp\/v2\/posts\/5726","targetHints":{"allow":["GET"]}}],"collection":[{"href":"https:\/\/elcanillita.info\/press\/wp-json\/wp\/v2\/posts"}],"about":[{"href":"https:\/\/elcanillita.info\/press\/wp-json\/wp\/v2\/types\/post"}],"author":[{"embeddable":true,"href":"https:\/\/elcanillita.info\/press\/wp-json\/wp\/v2\/users\/1"}],"replies":[{"embeddable":true,"href":"https:\/\/elcanillita.info\/press\/wp-json\/wp\/v2\/comments?post=5726"}],"version-history":[{"count":0,"href":"https:\/\/elcanillita.info\/press\/wp-json\/wp\/v2\/posts\/5726\/revisions"}],"wp:featuredmedia":[{"embeddable":true,"href":"https:\/\/elcanillita.info\/press\/wp-json\/wp\/v2\/media\/5728"}],"wp:attachment":[{"href":"https:\/\/elcanillita.info\/press\/wp-json\/wp\/v2\/media?parent=5726"}],"wp:term":[{"taxonomy":"category","embeddable":true,"href":"https:\/\/elcanillita.info\/press\/wp-json\/wp\/v2\/categories?post=5726"},{"taxonomy":"post_tag","embeddable":true,"href":"https:\/\/elcanillita.info\/press\/wp-json\/wp\/v2\/tags?post=5726"}],"curies":[{"name":"wp","href":"https:\/\/api.w.org\/{rel}","templated":true}]}}